{"id":79303,"date":"2022-10-24T16:03:58","date_gmt":"2022-10-24T16:03:58","guid":{"rendered":"http:\/\/www.noticiasradioreflejos.com.ar\/2021\/?p=79303"},"modified":"2022-10-24T16:03:58","modified_gmt":"2022-10-24T16:03:58","slug":"desde-alertas-hasta-fenomenos-naturales-extremos-el-cambio-climatico-en-6-claves","status":"publish","type":"post","link":"https:\/\/www.noticiasradioreflejos.com.ar\/2021\/desde-alertas-hasta-fenomenos-naturales-extremos-el-cambio-climatico-en-6-claves\/","title":{"rendered":"Desde alertas hasta fen\u00f3menos naturales extremos: el cambio clim\u00e1tico en 6 claves"},"content":{"rendered":"<header class=\"article-header-wrapper\">\n<div class=\"article-header\">\n<p class=\"article-subheadline\">El calentamiento global es una realidad y las cifras l\u00edmite estimadas por los cient\u00edficos est\u00e1n cada vez m\u00e1s cerca. En el d\u00eda mundial sobre esta lucha, cu\u00e1l es el estado del planeta y qu\u00e9 dicen los expertos internacionales que analizan esta situaci\u00f3n<\/p>\n<div class=\"byline\">\n<div class=\"byline-text-wrapper\"><\/div>\n<\/div>\n<\/div>\n<\/header>\n<p><!--more--><\/p>\n<article class=\"article\">\n<div class=\"nd-body-article\">\n<div class=\"visual__image\"><img loading=\"lazy\" decoding=\"async\" class=\"\" src=\"https:\/\/cloudfront-us-east-1.images.arcpublishing.com\/infobae\/VQS4NWIAWRDB5POHLSJ2S24D5A.jpg\" sizes=\"auto, (min-width: 800px) 50vw, 90vw\" srcset=\"https:\/\/www.infobae.com\/new-resizer\/dlO-Iu0sitLP0Ir0gyP4Xq0F7HE=\/420x236\/filters:format(webp):quality(85)\/cloudfront-us-east-1.images.arcpublishing.com\/infobae\/VQS4NWIAWRDB5POHLSJ2S24D5A.jpg 420w,https:\/\/www.infobae.com\/new-resizer\/hfMMfBeFgrjiR4jOaRjjakmnLlE=\/768x432\/filters:format(webp):quality(85)\/cloudfront-us-east-1.images.arcpublishing.com\/infobae\/VQS4NWIAWRDB5POHLSJ2S24D5A.jpg 768w,https:\/\/www.infobae.com\/new-resizer\/gd-isLAJde2M_mRT22ElDPqlKiM=\/992x558\/filters:format(webp):quality(85)\/cloudfront-us-east-1.images.arcpublishing.com\/infobae\/VQS4NWIAWRDB5POHLSJ2S24D5A.jpg 992w,https:\/\/www.infobae.com\/new-resizer\/ZAkBw4J-TxSScFQ6QpOI8Yxo1bw=\/1200x675\/filters:format(webp):quality(85)\/cloudfront-us-east-1.images.arcpublishing.com\/infobae\/VQS4NWIAWRDB5POHLSJ2S24D5A.jpg 1200w,https:\/\/www.infobae.com\/new-resizer\/eyE8jm-x3trIM59JYjn9oKCQ4P4=\/1440x810\/filters:format(webp):quality(85)\/cloudfront-us-east-1.images.arcpublishing.com\/infobae\/VQS4NWIAWRDB5POHLSJ2S24D5A.jpg 1440w\" alt=\"Pese a que la pandemia pareci\u00f3 darle un respiro al planeta, las emisiones de los gases de efecto invernadero no solo recobraron los n\u00fameros previos al COVID sino que estar\u00edan creciendo \/ (iStock)\" width=\"1920\" height=\"1080\" \/>Pese a que la pandemia pareci\u00f3 darle un respiro al planeta, las emisiones de los gases de efecto invernadero no solo recobraron los n\u00fameros previos al COVID sino que estar\u00edan creciendo \/ (iStock)<\/div>\n<p class=\"paragraph\">Desde hace a\u00f1os que la sombra del<b>\u00a0calentamiento global<\/b>\u00a0crece. Aquello que, al principio, era una advertencia ahora comenz\u00f3 a mostrar su peor cara. Con\u00a0<b>sequ\u00edas\u00a0<\/b>cada vez m\u00e1s largas,\u00a0<b>temperaturas\u00a0<\/b>m\u00e1s altas,\u00a0<b>inundaciones\u00a0<\/b>que dejan regiones enteras bajo agua e\u00a0<b>incendios\u00a0<\/b>forestales, por nombrar solo algunos ejemplos, el planeta dej\u00f3 de dar avisos para concretar como realidad la situaci\u00f3n que lo aqueja. En el\u00a0<b>D\u00eda Internacional contra el Cambio Clim\u00e1tico<\/b>, las seis claves que alertan a los cient\u00edficos sobre el futuro de la\u00a0<b>Tierra.<\/b><\/p>\n<p class=\"paragraph\">El punto de partida para evaluar el aumento de la temperatura son las mediciones que se realizaron antes de la Revoluci\u00f3n Industrial. Desde ese momento hasta la actualidad, la temperatura media de la Tierra aument\u00f3 1,2 grados cent\u00edgrados. Asimismo, la\u00a0<a href=\"https:\/\/data.giss.nasa.gov\/gistemp\/\">NASA<\/a>\u00a0indic\u00f3 que en 1880 la temperatura media del planeta estaba posicionada entre -0,16\u00b0C, siendo que en el decenio de\u00a0<b>2006-2015\u00a0<\/b>la actividad humana provoc\u00f3 que la\u00a0<b>temperatura aumentara 0,87 \u00b0C<\/b>\u00a0(\u00b10,12 \u00b0C) en comparaci\u00f3n con la era preindustrial (1850-1900).<\/p>\n<p class=\"paragraph\">Ante este panorama, expertos de todo el mundo han realizado advertencias sobre el futuro sombr\u00edo que le espera al planeta. En agosto de 2021, un informe realizado por climat\u00f3logos internacionales que forman parte de la\u00a0<b>Organizaci\u00f3n Meteorol\u00f3gica Mundial (OMM)<\/b>, que depende de la\u00a0<b>Organizaci\u00f3n de las Naciones Unidas (ONU)<\/b>\u00a0inst\u00f3 a los Gobiernos a \u201cadoptar medidas inmediatas para reducir las emisiones de gases de efecto invernadero a la luz de un cambio clim\u00e1tico sin precedentes cada vez m\u00e1s acelerado\u201d.<\/p>\n<p class=\"paragraph\"><i>Te puede interesar:\u00a0<\/i><a href=\"https:\/\/www.infobae.com\/america\/ciencia-america\/2022\/04\/09\/6-claves-cientificas-para-frenar-el-cambio-climatico-de-energia-renovable-a-dietas-sustentables\/\" target=\"_blank\" rel=\"noopener\"><i>6 claves cient\u00edficas para frenar el cambio clim\u00e1tico: de energ\u00eda renovable a dietas sustentables<\/i><\/a><\/p>\n<p class=\"paragraph\">\u201cLa escala de los cambios experimentados recientemente no tiene precedentes en miles o incluso cientos de miles de a\u00f1os\u201d, alertaron. Incluso, advirtieron que \u201clos\u00a0<b>cambios<\/b>\u00a0debidos a las emisiones de gases de efecto invernadero pasadas y futuras ser\u00e1n\u00a0<b>irreversibles\u00a0<\/b>durante\u00a0<b>siglos\u00a0<\/b>o\u00a0<b>milenios<\/b>, en especial los cambios en los oc\u00e9anos, los mantos de hielo y el nivel del mar a escala mundial\u201d.<\/p>\n<div class=\"visual__image\"><img loading=\"lazy\" decoding=\"async\" class=\"\" src=\"https:\/\/cloudfront-us-east-1.images.arcpublishing.com\/infobae\/B3GGRWFRYFA7JIZYZWYS3GEXOY.jpg\" sizes=\"auto, (min-width: 800px) 50vw, 90vw\" srcset=\"https:\/\/www.infobae.com\/new-resizer\/l8PYhdSP4T82AqDmOIL310hZYDU=\/420x236\/filters:format(webp):quality(85)\/cloudfront-us-east-1.images.arcpublishing.com\/infobae\/B3GGRWFRYFA7JIZYZWYS3GEXOY.jpg 420w,https:\/\/www.infobae.com\/new-resizer\/1T2KfnvSR_WSoKTs1AHZHbH0oIM=\/768x432\/filters:format(webp):quality(85)\/cloudfront-us-east-1.images.arcpublishing.com\/infobae\/B3GGRWFRYFA7JIZYZWYS3GEXOY.jpg 768w,https:\/\/www.infobae.com\/new-resizer\/7gqpxJvgyCMShB89pAcebE1UE4Q=\/992x558\/filters:format(webp):quality(85)\/cloudfront-us-east-1.images.arcpublishing.com\/infobae\/B3GGRWFRYFA7JIZYZWYS3GEXOY.jpg 992w,https:\/\/www.infobae.com\/new-resizer\/_r_AnIET353Pd3gXMRKM9W1hFqU=\/1200x675\/filters:format(webp):quality(85)\/cloudfront-us-east-1.images.arcpublishing.com\/infobae\/B3GGRWFRYFA7JIZYZWYS3GEXOY.jpg 1200w,https:\/\/www.infobae.com\/new-resizer\/0VYknj-G-Pv97YM1JCCCIYo7F3A=\/1440x810\/filters:format(webp):quality(85)\/cloudfront-us-east-1.images.arcpublishing.com\/infobae\/B3GGRWFRYFA7JIZYZWYS3GEXOY.jpg 1440w\" alt=\"Las ciudades son unas de las principales responsables del aumento de la temperatura del planeta, pero tambi\u00e9n pueden ser parte de la soluci\u00f3n, seg\u00fan indican los expertos \/ (iStock)\" width=\"1920\" height=\"1079\" \/>Las ciudades son unas de las principales responsables del aumento de la temperatura del planeta, pero tambi\u00e9n pueden ser parte de la soluci\u00f3n, seg\u00fan indican los expertos \/ (iStock)<\/div>\n<p class=\"paragraph\">\u201cSeg\u00fan las proyecciones publicadas en el informe del\u00a0<b>IPCC<\/b>, en las pr\u00f3ximas d\u00e9cadas los\u00a0<b>cambios clim\u00e1ticos se incrementar\u00e1n en todas las regiones.<\/b>\u00a0Si el calentamiento global es de 1,5 \u00b0C, habr\u00e1 m\u00e1s olas de calor, se alargar\u00e1n las estaciones c\u00e1lidas y se acortar\u00e1n las fr\u00edas, y se alterar\u00e1 la distribuci\u00f3n de las precipitaciones, con las consiguientes repercusiones en las inundaciones y las sequ\u00edas. Con un calentamiento global de 2 \u00b0C, los episodios de calor extremo alcanzar\u00e1n con mayor frecuencia umbrales de tolerancia cr\u00edticos para la agricultura y la salud\u201d, alertaron hace un a\u00f1o.<\/p>\n<p class=\"paragraph\">Entre los puntos que m\u00e1s hacen hincapi\u00e9 los expertos, se encuentra el cambio de la matriz energ\u00e9tica. Es decir, que la humanidad debe abandonar los combustibles f\u00f3siles para buscar electricidad procedente de fuentes de energ\u00eda limpia. Seg\u00fan advirtieron hace escasos d\u00edas,\u00a0<b>la generaci\u00f3n verde \u201cdebe duplicarse en los pr\u00f3ximos ocho a\u00f1os para limitar el aumento de la temperatura mundial<\/b>\u201d. \u201cDe lo contrario, existe el riesgo de que el cambio clim\u00e1tico, el aumento de los fen\u00f3menos meteorol\u00f3gicos extremos y el estr\u00e9s h\u00eddrico socaven nuestra seguridad energ\u00e9tica e incluso pongan en peligro el suministro de energ\u00edas renovables\u201d, se\u00f1alaron desde la OMM en un informe interinstitucional.<\/p>\n<div class=\"rawHTML raw_html\"><img decoding=\"async\" class=\"responsive\" src=\"https:\/\/cloudfront-us-east-1.images.arcpublishing.com\/infobae\/R3GWZZMT2RDRXPJDRQ2M5B2OXY.jpg\" alt=\"infografia\" \/><\/div>\n<p class=\"paragraph\">\u201cDebemos responder urgentemente al creciente impacto del cambio clim\u00e1tico en los sistemas energ\u00e9ticos si queremos mantener la seguridad energ\u00e9tica mientras aceleramos la transici\u00f3n a las emisiones netas cero\u201d, afirm\u00f3 el doctor<b>\u00a0Fatih Birol<\/b>, Director Ejecutivo de la\u00a0<b>Agencia Internacional de Energ\u00eda<\/b>. Mientras que\u00a0<b>Francesco La Camera<\/b>, Director General de la\u00a0<b>Agencia Internacional de Energ\u00edas Renovables (IRENA)<\/b>, agreg\u00f3: \u201cAhora es el momento de acelerar la transici\u00f3n hacia un futuro de energ\u00edas renovables. Todo lo que no sea una acci\u00f3n radical e inmediata acabar\u00e1 haciendo desaparecer la posibilidad de mantenerse en la senda de los 1,5 \u00b0C\u201d.<\/p>\n<h2 class=\"header\">La pandemia y un confinamiento que no modific\u00f3 la realidad del cambio clim\u00e1tico<\/h2>\n<p class=\"paragraph\">En septiembre del pasado a\u00f1o y con las vacunas como principal herramienta ante la pandemia, la OMM asegur\u00f3 que \u201cla enfermedad por el coronavirus de 2019 (COVID\u201119) no retras\u00f3 el avance implacable del cambio clim\u00e1tico\u201d. \u201cLas emisiones de di\u00f3xido de carbono est\u00e1n aumentando de nuevo r\u00e1pidamente\u201d, indicaron y resaltaron que este horizonte \u201cno se acerca en absoluto a las metas de reducci\u00f3n\u201d, indicaron. \u201cA menos que las emisiones de\u00a0<b>gases de efecto invernadero se reduzcan de manera inmediata, r\u00e1pida y a gran escala<\/b>, limitar el calentamiento a 1,5 \u00b0C ser\u00e1 imposible\u201d, afirm\u00f3\u00a0<b>Antonio Guterres,<\/b>\u00a0titular de la ONU.<\/p>\n<p class=\"paragraph\"><i>Te puede interesar:\u00a0<\/i><a href=\"https:\/\/www.infobae.com\/america\/ciencia-america\/2022\/10\/22\/por-que-la-proxima-pandemia-podria-provenir-del-derretimiento-de-los-glaciares\/\"><i>Por qu\u00e9 la pr\u00f3xima pandemia podr\u00eda provenir del derretimiento de los glaciares<\/i><\/a><\/p>\n<p class=\"paragraph\">\u201cLa ciencia del clima no da lugar a dudas:\u00a0<b>estamos avanzando en la direcci\u00f3n equivocada<\/b>\u201d, afirmaron un a\u00f1o despu\u00e9s, en 2022. Es que un nuevo informe multiinstitucional alert\u00f3 que, \u201csi no se adoptan medidas mucho m\u00e1s ambiciosas\u201d las repercusiones f\u00edsicas \u201cser\u00e1n cada vez m\u00e1s devastadoras\u201d, ya que \u201clas concentraciones de gases de efecto invernadero siguen al alza y alcanzan nuevos m\u00e1ximos\u201d.<\/p>\n<div class=\"visual__image\"><img loading=\"lazy\" decoding=\"async\" class=\"\" src=\"https:\/\/cloudfront-us-east-1.images.arcpublishing.com\/infobae\/5BRMZMEAJ5E4HIGSI6L2KCMWEA.jpg\" sizes=\"auto, (min-width: 800px) 50vw, 90vw\" srcset=\"https:\/\/www.infobae.com\/new-resizer\/obPvopccuDVliTsqD3cSeDjD_r0=\/420x236\/filters:format(webp):quality(85)\/cloudfront-us-east-1.images.arcpublishing.com\/infobae\/5BRMZMEAJ5E4HIGSI6L2KCMWEA.jpg 420w,https:\/\/www.infobae.com\/new-resizer\/Hns5ZXpUoq1uq-4MCI8usSHWHXM=\/768x432\/filters:format(webp):quality(85)\/cloudfront-us-east-1.images.arcpublishing.com\/infobae\/5BRMZMEAJ5E4HIGSI6L2KCMWEA.jpg 768w,https:\/\/www.infobae.com\/new-resizer\/IDg2FILizMs43vGznh8JrSuU-ac=\/992x558\/filters:format(webp):quality(85)\/cloudfront-us-east-1.images.arcpublishing.com\/infobae\/5BRMZMEAJ5E4HIGSI6L2KCMWEA.jpg 992w,https:\/\/www.infobae.com\/new-resizer\/yy0ZRbcEeS5B_g532zXlogUQWRw=\/1200x675\/filters:format(webp):quality(85)\/cloudfront-us-east-1.images.arcpublishing.com\/infobae\/5BRMZMEAJ5E4HIGSI6L2KCMWEA.jpg 1200w,https:\/\/www.infobae.com\/new-resizer\/prn4_noowHsn7dFOi14slxEMtgw=\/1440x810\/filters:format(webp):quality(85)\/cloudfront-us-east-1.images.arcpublishing.com\/infobae\/5BRMZMEAJ5E4HIGSI6L2KCMWEA.jpg 1440w\" alt=\"Los expertos advirtieron que se deben abandonar los combustibles f\u00f3siles para la generaci\u00f3n de energ\u00eda, y hasta pusieron una fecha l\u00edmite: unos 8 a\u00f1os \/\" width=\"1920\" height=\"1080\" \/>Los expertos advirtieron que se deben abandonar los combustibles f\u00f3siles para la generaci\u00f3n de energ\u00eda, y hasta pusieron una fecha l\u00edmite: unos 8 a\u00f1os \/<\/div>\n<p class=\"paragraph\">En ese sentido, el Secretario General de la OMM, el profesor\u00a0<b>Petteri Taalas<\/b>, indic\u00f3: \u201cLa ambici\u00f3n de las promesas de\u00a0<b>reducci\u00f3n de emisiones para 2030 debe ser siete veces mayor<\/b>\u00a0para poder ajustarse al objetivo de limitar el calentamiento global a 1,5 \u00b0C fijado en el Acuerdo de Par\u00eds\u201d, por lo que se\u00f1alaron que \u201ca medida que el calentamiento global se intensifica, no se puede descartar que se alcancen puntos cr\u00edticos en el sistema clim\u00e1tico\u201d.<\/p>\n<p class=\"paragraph\">\u201cLas crecidas, las sequ\u00edas, las olas de calor, los temporales extremos y los incendios forestales van de mal en peor, superando r\u00e9cords con una frecuencia alarmante. Olas de calor en Europa. Graves crecidas en Pakist\u00e1n. Sequ\u00edas prolongadas e intensas en China, el Cuerno de \u00c1frica y Estados Unidos. La nueva magnitud de estos desastres nada tiene de natural. Son el precio que hay que pagar por la adicci\u00f3n de la humanidad a los combustibles f\u00f3siles\u201d, se\u00f1al\u00f3 Guterres; y agreg\u00f3: \u201c<b>Los impactos del cambio clim\u00e1tico se est\u00e1n adentrando en un territorio desconocido de destrucci\u00f3n\u201d.<\/b><\/p>\n<h2 class=\"header\">Aumento de la temperatura: de cifras transitorias a un alerta mundial<\/h2>\n<p class=\"paragraph\">En mayo de este a\u00f1o, la OMM advirti\u00f3 que \u201chay aproximadamente un<b>\u00a050 % de probabilidades<\/b>\u00a0de que, por lo menos en uno de los pr\u00f3ximos cinco a\u00f1os, la\u00a0<b>temperatura\u00a0<\/b>media anual del planeta\u00a0<b>supere\u00a0<\/b>transitoriamente en\u00a0<b>1,5 \u00b0C<\/b>\u00a0los niveles preindustriales. Y esas probabilidades aumentan con el paso del tiempo\u201d. Esta informaci\u00f3n fue difundida mediante la publicaci\u00f3n<a href=\"https:\/\/hadleyserver.metoffice.gov.uk\/wmolc\/\"><i>Global Annual to Decadal Climate Update<\/i><\/a>(Bolet\u00edn sobre el clima mundial anual a decenal). Asimismo, alertaron que \u201chay un 93 % de probabilidades de que al menos un a\u00f1o del per\u00edodo comprendido entre 2022 y 2026 se convierta en el m\u00e1s c\u00e1lido jam\u00e1s registrado, desbancando as\u00ed a 2016 del primer puesto\u201d.<\/p>\n<div class=\"rawHTML raw_html\"><img decoding=\"async\" class=\"responsive\" src=\"https:\/\/cloudfront-us-east-1.images.arcpublishing.com\/infobae\/3JM6SNI3OFAK3FQFYRHGAAWVN4.jpg\" alt=\"infografia\" \/><\/div>\n<p class=\"paragraph\">\u201cEl aumento de las temperaturas significa\u00a0<b>m\u00e1s deshielo, mayor nivel del mar y m\u00e1s olas de calor y fen\u00f3menos meteorol\u00f3gicos extremos<\/b>\u00a0de diversa \u00edndole, as\u00ed como mayores repercusiones en la seguridad alimentaria, la salud, el medioambiente y el desarrollo sostenible\u201d, afirm\u00f3 Taalas. Y agreg\u00f3: \u201cEste umbral de\u00a0<b>1,5 \u00b0C<\/b>\u00a0no es una cifra aleatoria, sino que indica el\u00a0<b>punto\u00a0<\/b>en el que los\u00a0<b>efectos\u00a0<\/b>del clima ser\u00e1n cada vez<b>\u00a0m\u00e1s perjudiciales<\/b>\u00a0no solo para las personas, sino para todo el planeta\u201d<\/p>\n<p class=\"paragraph\">\u201cMientras no cesen las emisiones de gases de efecto invernadero, las temperaturas seguir\u00e1n aumentando. En paralelo, los oc\u00e9anos seguir\u00e1n calent\u00e1ndose y volvi\u00e9ndose m\u00e1s \u00e1cidos, el hielo marino y los glaciares seguir\u00e1n derriti\u00e9ndose, el nivel del mar seguir\u00e1 subiendo y las condiciones meteorol\u00f3gicas ser\u00e1n cada vez m\u00e1s extremas. El calentamiento es desmesuradamente m\u00e1s acusado en el \u00c1rtico y lo que ocurre en esa regi\u00f3n nos afecta a todos\u201d, alert\u00f3 el experto. Siendo que, \u201cpara cada a\u00f1o comprendido\u00a0<b>entre 2022 y 2026<\/b>, se prev\u00e9 que la\u00a0<b>temperatura\u00a0<\/b>media anual en superficie del conjunto del planeta sea<b>\u00a0entre 1,1 \u00b0C y 1,7 \u00b0C\u00a0<\/b>superior a los niveles preindustriales\u201d.<\/p>\n<p class=\"paragraph\">Es por este motivo que, en el \u00faltimo comunicado emitido por la OMM, indicaron que \u201ces necesario reforzar las\u00a0<b>medidas de mitigaci\u00f3n<\/b>\u00a0para evitar que los objetivos del Acuerdo de Par\u00eds queden fuera de nuestro alcance\u201d y destacaron que existe un\u00a0<b>66% de probabilidad<\/b>\u00a0que, durante el siglo XXI, \u201cel\u00a0<b>calentamiento global\u00a0<\/b>equivaldr\u00e1 a\u00a0<b>2,8\u00b0C<\/b>\u00a0(oscilaci\u00f3n entre 2,3 \u00b0C y 3,3 \u00b0C), suponiendo que se mantengan las pol\u00edticas actuales, o a 2,5\u00b0C (oscilaci\u00f3n entre 2,1 \u00b0C y 3,0 \u00b0C) si se cumplen plenamente las promesas nuevas o actualizadas\u201d.<\/p>\n<div class=\"visual__image\"><img loading=\"lazy\" decoding=\"async\" class=\"\" src=\"https:\/\/cloudfront-us-east-1.images.arcpublishing.com\/infobae\/CD5ZT6C42JEBRER7IGQQKSXN5E.jpg\" sizes=\"auto, (min-width: 800px) 50vw, 90vw\" srcset=\"https:\/\/www.infobae.com\/new-resizer\/-WhUDQ9USS2ersyEx7XkuNCiZUk=\/992x606\/filters:format(webp):quality(85)\/cloudfront-us-east-1.images.arcpublishing.com\/infobae\/CD5ZT6C42JEBRER7IGQQKSXN5E.jpg 992w\" alt=\"Los expertos piden que se adopten medidas en el corto plazo para evitar el futuro que estiman: un aumento de la temperatura que supere (ampliamente) los 1,5\u00b0C establecidos en el acuerdo de Par\u00eds \/ EFE\/Fabio Motta\/Archivo\n\" width=\"4021\" height=\"2500\" \/>Los expertos piden que se adopten medidas en el corto plazo para evitar el futuro que estiman: un aumento de la temperatura que supere (ampliamente) los 1,5\u00b0C establecidos en el acuerdo de Par\u00eds \/ EFE\/Fabio Motta\/Archivo<\/div>\n<p class=\"paragraph\">Siendo que, en octubre de este a\u00f1o, hab\u00edan indicado que \u201ca pesar de estos riesgos, solo el<b>\u00a040%<\/b>\u00a0de los\u00a0<b>planes\u00a0<\/b>de acci\u00f3n clim\u00e1tica presentados por los\u00a0<b>gobiernos\u00a0<\/b>a la Convenci\u00f3n Marco de las Naciones Unidas sobre el Cambio Clim\u00e1tico (CMNUCC) dan\u00a0<b>prioridad\u00a0<\/b>a la adaptaci\u00f3n en el<b>\u00a0sector energ\u00e9tico,<\/b>\u00a0y la inversi\u00f3n es baja en una medida equivalente\u201d.<\/p>\n<h2 class=\"header\">Cu\u00e1les son los r\u00e9cords que alertan a los expertos<\/h2>\n<p class=\"paragraph\">Aunque los nombres propios se suceden continuamente sobre los riesgos de este rumbo, los\u00a0<b>r\u00e9cords\u00a0<\/b>que alertan al mundo no cesan. Seg\u00fan un informe emitido el 1 de julio de 2021, el primero de los seis que se difundieron entre ese a\u00f1o y el 2022, la temperatura marc\u00f3 un pico en el\u00a0<b>continente ant\u00e1rtico<\/b>\u00a0cuando alcanz\u00f3 los\u00a0<b>18,3 grados Celsius<\/b>\u00a0el 6 de febrero de 2020, en la estaci\u00f3n de Esperanza (Argentina). La anterior cifra m\u00e1xima registrada en la parte continental, incluidos el continente y las islas circundantes se hab\u00eda identificado el 24 de marzo de 2015, en la misma base argentina, con 17,5 \u00b0C (63,5 \u00b0F). Vale destacar que para el conjunto de la regi\u00f3n ant\u00e1rtica \u2014es decir, todo el hielo y tierra situados al sur del paralelo 60\u00b0 S\u2014 el r\u00e9cord es de 19,8 \u00b0C, valor registrado en la isla de Signy en enero de 1982.<\/p>\n<div class=\"visual__image\"><img loading=\"lazy\" decoding=\"async\" class=\"\" src=\"https:\/\/cloudfront-us-east-1.images.arcpublishing.com\/infobae\/WJCMZAERKJE77G5SZ3Y44XVO6A.jpg\" sizes=\"auto, (min-width: 800px) 50vw, 90vw\" srcset=\"https:\/\/www.infobae.com\/new-resizer\/_T0bJFeC1gzJ2x1aD6n6zVcd_Ko=\/420x236\/filters:format(webp):quality(85)\/cloudfront-us-east-1.images.arcpublishing.com\/infobae\/WJCMZAERKJE77G5SZ3Y44XVO6A.jpg 420w,https:\/\/www.infobae.com\/new-resizer\/UkZuW_8Frl5atlbVRagVDDOeyjQ=\/768x432\/filters:format(webp):quality(85)\/cloudfront-us-east-1.images.arcpublishing.com\/infobae\/WJCMZAERKJE77G5SZ3Y44XVO6A.jpg 768w,https:\/\/www.infobae.com\/new-resizer\/TMdviM3U3EFMqCFnaUSOueRlAGQ=\/992x558\/filters:format(webp):quality(85)\/cloudfront-us-east-1.images.arcpublishing.com\/infobae\/WJCMZAERKJE77G5SZ3Y44XVO6A.jpg 992w,https:\/\/www.infobae.com\/new-resizer\/_xh7Gk9bWXWaeldG7qREdYEU9w4=\/1200x675\/filters:format(webp):quality(85)\/cloudfront-us-east-1.images.arcpublishing.com\/infobae\/WJCMZAERKJE77G5SZ3Y44XVO6A.jpg 1200w,https:\/\/www.infobae.com\/new-resizer\/fLB0A8l78sWjJrdcd94XtL03DoQ=\/1440x810\/filters:format(webp):quality(85)\/cloudfront-us-east-1.images.arcpublishing.com\/infobae\/WJCMZAERKJE77G5SZ3Y44XVO6A.jpg 1440w\" alt=\"Ya sea en el polo Norte o en el Sur, el cambio clim\u00e1tico est\u00e1 generando serias secuelas para los ecosistemas \/ Getty\" width=\"1920\" height=\"1080\" \/>Ya sea en el polo Norte o en el Sur, el cambio clim\u00e1tico est\u00e1 generando serias secuelas para los ecosistemas \/ Getty<\/div>\n<p class=\"paragraph\">\u201cEs importante verificar ese r\u00e9cord de temperatura m\u00e1xima porque ayuda a formarnos una idea del tiempo y el clima en una de las fronteras m\u00e1s lejanas de la Tierra. La\u00a0<b>Ant\u00e1rtida<\/b>, en mayor medida que el\u00a0<b>\u00c1rtico<\/b>, carece de observaciones y pron\u00f3sticos meteorol\u00f3gicos y clim\u00e1ticos continuos y sostenidos suficientes, si bien ambas regiones condicionan en gran medida los patrones clim\u00e1ticos y oce\u00e1nicos y la subida del nivel del mar\u201d, asegur\u00f3 Taalas.<\/p>\n<p class=\"paragraph\">Mientras que en octubre de ese a\u00f1o, la OMM advirti\u00f3 otro\u00a0<b>r\u00e9cord\u00a0<\/b>que \u201cla\u00a0<b>abundancia de gases de efecto invernadero<\/b>\u00a0que retienen el calor en la atm\u00f3sfera volvi\u00f3 a alcanzar un nuevo r\u00e9cord el a\u00f1o pasado, y la tasa de aumento anual registrada fue superior a la media del per\u00edodo 2011-2020\u2033. \u201cLa concentraci\u00f3n de di\u00f3xido de carbono (CO2), el m\u00e1s abundante de los gases de efecto invernadero, alcanz\u00f3 en 2020 las 413,2 partes por mill\u00f3n (ppm) y se sit\u00faa en el 149 % de los niveles preindustriales\u201d, se\u00f1alaron. Adem\u00e1s, puntualizaron que \u201cen cuanto al metano (CH4) y al \u00f3xido nitroso (N2O), sus concentraciones equivalieron, respectivamente, al 262 % y al 123 % de los niveles de 1750, el a\u00f1o elegido para representar el momento en que la actividad humana empez\u00f3 a alterar el equilibrio natural de la Tierra\u201d.<\/p>\n<p class=\"paragraph\">Durante el \u00faltimo mes del pasado a\u00f1o, la OMM reconoci\u00f3 como nuevo\u00a0<b>r\u00e9cord\u00a0<\/b>de\u00a0<b>temperatura\u00a0<\/b>en el\u00a0<b>\u00c1rtico\u00a0<\/b>el valor de 38 \u00b0C (100,4 \u00b0F) registrado en la localidad rusa de Verkhoyansk el 20 de junio de 2020. \u201cEste nuevo r\u00e9cord de temperatura en el \u00c1rtico forma parte de una serie de observaciones comunicadas al Archivo de la OMM de Fen\u00f3menos Meteorol\u00f3gicos y Clim\u00e1ticos Extremos que constituyen un mensaje de alarma con respecto a nuestro clima cambiante\u201d, declar\u00f3 el titular del organismo internacional.<\/p>\n<div class=\"rawHTML raw_html\"><img decoding=\"async\" class=\"responsive\" src=\"https:\/\/cloudfront-us-east-1.images.arcpublishing.com\/infobae\/A4QNEJYUYBBILLOLFT2BONZMYA.jpg\" alt=\"infografia\" \/><\/div>\n<p class=\"paragraph\">Aquello que fueron advirtiendo en distintos documentos, a mediados de este a\u00f1o se confirmaron. Es por eso que indicaron que \u201c<b>cuatro indicadores\u00a0<\/b>clave del cambio clim\u00e1tico\u00a0<b>registraron valores sin precedentes en 2021<\/b>\u2033, estos son concentraciones de\u00a0<b>gases de efecto invernadero, subida del nivel del mar, contenido calor\u00edfico de los oc\u00e9anos y acidificaci\u00f3n de los oc\u00e9anos<\/b>; siendo que el pasado a\u00f1o \u201cla temperatura media mundial super\u00f3 en aproximadamente 1,11 \u00b1 0,13 \u00b0C los niveles preindustriales\u201d.<\/p>\n<h2 class=\"header\">Por qu\u00e9 los expertos advierten sobre la crisis del agua<\/h2>\n<p class=\"paragraph\">En un comunicado emitido en julio de 2021, la OMM advirti\u00f3 que \u201clos\u00a0<b>fen\u00f3menos peligrosos<\/b>\u00a0relacionados con el\u00a0<b>agua\u00a0<\/b>encabezan la lista de\u00a0<b>desastres\u00a0<\/b>en t\u00e9rminos de\u00a0<b>p\u00e9rdidas\u00a0<\/b>tanto\u00a0<b>humanas\u00a0<\/b>como\u00a0<b>econ\u00f3micas\u00a0<\/b>en los \u00faltimos 50 a\u00f1os\u201d. \u201cAquellos que han supuesto las m\u00e1s grandes p\u00e9rdidas humanas durante ese per\u00edodo son las\u00a0<b>sequ\u00edas\u00a0<\/b>(650 000 muertos), las\u00a0<b>tormentas\u00a0<\/b>(577 232 muertos), las\u00a0<b>inundaciones\u00a0<\/b>(58 700 muertos) y las\u00a0<b>temperaturas extremas<\/b>\u00a0(55 736 muertos)\u201d, seg\u00fan el Atlas de la OMM sobre mortalidad y p\u00e9rdidas econ\u00f3micas debidas a fen\u00f3menos meteorol\u00f3gicos, clim\u00e1ticos e hidrol\u00f3gicos extremos (1970-2019).<\/p>\n<p class=\"paragraph\"><i>Te puede interesar:\u00a0<\/i><a href=\"https:\/\/www.infobae.com\/america\/medio-ambiente\/2022\/10\/18\/la-poblacion-mundial-de-animales-silvestres-disminuyo-casi-70-en-los-ultimos-50-anos\/\"><i>La poblaci\u00f3n mundial de animales silvestres disminuy\u00f3 casi 70% en los \u00faltimos 50 a\u00f1os<\/i><\/a><\/p>\n<p class=\"paragraph\">En lo que se refiere a p\u00e9rdidas econ\u00f3micas, los peores desastres naturales representaron 521 000 millones de d\u00f3lares, cuando se trat\u00f3 de\u00a0<b>tormentas<\/b>, y 115 000 millones de d\u00f3lares por\u00a0<b>inundaciones<\/b>, las cuales \u201cinfligieron las mayores p\u00e9rdidas econ\u00f3micas que se registraron en Europa durante los \u00faltimos 50 a\u00f1os, cifradas en 377 500 millones de d\u00f3lares\u201d, indicaron. \u201cLos fen\u00f3menos meteorol\u00f3gicos, clim\u00e1ticos e hidrol\u00f3gicos representaron el 50 % de todos los desastres ocurridos, provocaron el 45 % de todas las muertes notificadas y el 74 % de todas las p\u00e9rdidas econ\u00f3micas registradas a nivel mundial\u201d, agregaron.<\/p>\n<div class=\"visual__image\"><img loading=\"lazy\" decoding=\"async\" class=\"\" src=\"https:\/\/cloudfront-us-east-1.images.arcpublishing.com\/infobae\/PQ4RKEO5TCXSAZ22AB5QRC3CGE.jpg\" sizes=\"auto, (min-width: 800px) 50vw, 90vw\" srcset=\"https:\/\/www.infobae.com\/new-resizer\/u4hJGfLdoxmX4yhO09bvAaWSA8Q=\/420x236\/filters:format(webp):quality(85)\/cloudfront-us-east-1.images.arcpublishing.com\/infobae\/PQ4RKEO5TCXSAZ22AB5QRC3CGE.jpg 420w,https:\/\/www.infobae.com\/new-resizer\/XIAKUzeK9e2yCJOCHEH7D77yP6k=\/768x432\/filters:format(webp):quality(85)\/cloudfront-us-east-1.images.arcpublishing.com\/infobae\/PQ4RKEO5TCXSAZ22AB5QRC3CGE.jpg 768w,https:\/\/www.infobae.com\/new-resizer\/wrVQp9Q8IXQFz6KQBBNpGn2ngQE=\/992x558\/filters:format(webp):quality(85)\/cloudfront-us-east-1.images.arcpublishing.com\/infobae\/PQ4RKEO5TCXSAZ22AB5QRC3CGE.jpg 992w,https:\/\/www.infobae.com\/new-resizer\/S2PuFRexpPYY3nhmdp7KDILOEbw=\/1200x675\/filters:format(webp):quality(85)\/cloudfront-us-east-1.images.arcpublishing.com\/infobae\/PQ4RKEO5TCXSAZ22AB5QRC3CGE.jpg 1200w,https:\/\/www.infobae.com\/new-resizer\/B3Vyaqyfz6iS0DcR5PUbwg3DpLo=\/1440x810\/filters:format(webp):quality(85)\/cloudfront-us-east-1.images.arcpublishing.com\/infobae\/PQ4RKEO5TCXSAZ22AB5QRC3CGE.jpg 1440w\" alt=\"El cambio clim\u00e1tico aument\u00f3 durante el pasado verano (boreal) la probabilidad de sequ\u00eda en el hemisferio norte &quot;al menos 20 veces&quot;, aunque las estimaciones se modifican a\u00f1o a a\u00f1o\" width=\"1920\" height=\"1080\" \/>El cambio clim\u00e1tico aument\u00f3 durante el pasado verano (boreal) la probabilidad de sequ\u00eda en el hemisferio norte \u00abal menos 20 veces\u00bb, aunque las estimaciones se modifican a\u00f1o a a\u00f1o<\/div>\n<p class=\"paragraph\">Octubre de 2021 fue el momento en que los expertos alertaron que \u201clos peligros relacionados con el agua, como las crecidas y las sequ\u00edas, se han intensificado a causa del cambio clim\u00e1tico. Se prev\u00e9 que el n\u00famero de personas afectadas por el estr\u00e9s h\u00eddrico se elevar\u00e1 considerablemente\u201d. Es por eso que instaron, nuevamente, a que se adopten \u201cmedidas urgentes\u201d, siendo que en ese momento indicaron que \u201c<b>3 600 millones de personas tuvieron un acceso inadecuado al agua<\/b>, como m\u00ednimo, un mes al a\u00f1o en 2018. Se prev\u00e9 que esta cifra superar\u00e1 los 5 000 millones de aqu\u00ed a 2050\u2033.<\/p>\n<h2 class=\"header\">Fen\u00f3menos clim\u00e1ticos extremos<\/h2>\n<p class=\"paragraph\">En julio de 2021, un comunicado de prensa de la OMM afirm\u00f3 que \u201c<a href=\"https:\/\/public.wmo.int\/en\/media\/news\/summer-of-extremes-floods-heat-and-fire\">los peligros relacionados con el tiempo, el clima y el agua son cada vez m\u00e1s frecuentes e intensos como consecuencia del cambio clim\u00e1tico<\/a>\u201d. \u201cNing\u00fan pa\u00eds \u2014desarrollado o en desarrollo\u2014 es inmune a este fen\u00f3meno. El cambio clim\u00e1tico ya est\u00e1 aqu\u00ed. Debemos imperiosamente invertir m\u00e1s en la adaptaci\u00f3n al cambio clim\u00e1tico, y una forma de hacerlo es r<b>eforzando los sistemas de alerta temprana multirriesgos<\/b>\u201d, alert\u00f3 Taalas.<\/p>\n<p class=\"paragraph\">Seg\u00fan indicaron, \u201ca pesar de la tragedias que se producen como consecuencia de fen\u00f3menos meteorol\u00f3gicos, el n\u00famero de v\u00edctimas mortales que provocan est\u00e1 disminuyendo en general gracias a la mejora de las alertas tempranas y la gesti\u00f3n de los desastres. El elevado n\u00famero de muertes por olas de calor en Europa en 2003 y 2010 dieron paso a nuevos planes de acci\u00f3n sanitaria contra el calor y a alertas tempranas a los que se atribuye haber salvado muchas vidas en la \u00faltima d\u00e9cada\u201d.<\/p>\n<div class=\"rawHTML raw_html\"><img decoding=\"async\" class=\"responsive\" src=\"https:\/\/cloudfront-us-east-1.images.arcpublishing.com\/infobae\/GBM3RU4FFRDYVLQLXYFA3ZW5GQ.jpg\" alt=\"infografia\" \/><\/div>\n<p class=\"paragraph\">\u201cSer\u00e1 fundamental profundizar la investigaci\u00f3n sobre los puntos cr\u00edticos para ayudar a la sociedad a comprender mejor los costos, los beneficios y las posibles limitaciones de la mitigaci\u00f3n del cambio clim\u00e1tico y la adaptaci\u00f3n al clima en el futuro\u201d, indicaron desde la OMM en su m\u00e1s reciente comunicaci\u00f3n y a\u00f1adieron: \u201cLa\u00a0<b>fusi\u00f3n del manto de hielo polar de Groenlandia y la Ant\u00e1rtida<\/b>\u00a0tambi\u00e9n se considera un importante punto cr\u00edtico y tendr\u00eda<b>\u00a0consecuencias mundiales<\/b>\u00a0debido al considerable aumento adicional del nivel del mar durante cientos o miles de a\u00f1os\u201d.<\/p>\n<p class=\"paragraph\">Es por ese motivo alertaron que \u201c<b>las ciudades, que albergan el 55% de la poblaci\u00f3n mundial y generan hasta el 70% de las emisiones causadas por el hombre<\/b>\u00a0son muy vulnerables a los efectos del cambio clim\u00e1tico, como el aumento de las precipitaciones intensas, la elevaci\u00f3n acelerada del nivel del mar, las crecidas costeras agudas y cr\u00f3nicas y el calor extremo, entre otros riesgos importantes. Estos efectos agravan los retos socioecon\u00f3micos y las desigualdades\u201d. Incluso, indicaron que \u201cen la d\u00e9cada de 2050, m\u00e1s de 1 600 millones de personas de m\u00e1s de 970 ciudades de todo el mundo estar\u00e1n expuestas regularmente a temperaturas medias de per\u00edodos de tres meses que alcanzar\u00e1n como m\u00ednimo los 35 \u00b0C (95 \u00b0F)\u201d.<\/p>\n<p class=\"paragraph\">\u201cLa cantidad de desastres relacionados con el tiempo, el clima y el agua se ha multiplicado por cinco en los \u00faltimos 50 a\u00f1os y ha ocasionado p\u00e9rdidas diarias por valor de 202 millones de d\u00f3lares de los Estados Unidos\u201d, resaltaron en el documento emitido en septiembre de este a\u00f1o y agregaron: \u201c<b>Las olas de calor que azotan en verano suponen un riesgo importante para la salud humana, especialmente para los ancianos y los enfermos<\/b>. Otros factores, como las condiciones socioecon\u00f3micas, la urbanizaci\u00f3n (la isla de calor urbana) y los niveles de preparaci\u00f3n, tambi\u00e9n pueden exacerbar la vulnerabilidad\u201d.<\/p>\n<div class=\"visual__image\"><img loading=\"lazy\" decoding=\"async\" class=\"\" src=\"https:\/\/cloudfront-us-east-1.images.arcpublishing.com\/infobae\/RVF66OFRYFE3TJN5DBVFTO64YY.jpg\" sizes=\"auto, (min-width: 800px) 50vw, 90vw\" srcset=\"https:\/\/www.infobae.com\/new-resizer\/FkStYoTj74O4XRP_ZH5XG4v5pkk=\/420x236\/filters:format(webp):quality(85)\/cloudfront-us-east-1.images.arcpublishing.com\/infobae\/RVF66OFRYFE3TJN5DBVFTO64YY.jpg 420w,https:\/\/www.infobae.com\/new-resizer\/kReHCvQX_21L9t3-O8Hs_EpBhJ8=\/768x432\/filters:format(webp):quality(85)\/cloudfront-us-east-1.images.arcpublishing.com\/infobae\/RVF66OFRYFE3TJN5DBVFTO64YY.jpg 768w,https:\/\/www.infobae.com\/new-resizer\/THV16bbRVVooQm47IY-_8yBGJKs=\/992x558\/filters:format(webp):quality(85)\/cloudfront-us-east-1.images.arcpublishing.com\/infobae\/RVF66OFRYFE3TJN5DBVFTO64YY.jpg 992w,https:\/\/www.infobae.com\/new-resizer\/yVpz1vY7N7KOI0r-VG6MjoATG94=\/1200x675\/filters:format(webp):quality(85)\/cloudfront-us-east-1.images.arcpublishing.com\/infobae\/RVF66OFRYFE3TJN5DBVFTO64YY.jpg 1200w,https:\/\/www.infobae.com\/new-resizer\/N0EDmR4VHmIG7xzN3D1WsMrI4T4=\/1440x810\/filters:format(webp):quality(85)\/cloudfront-us-east-1.images.arcpublishing.com\/infobae\/RVF66OFRYFE3TJN5DBVFTO64YY.jpg 1440w\" alt=\"Las emisiones de gases de efecto invernadero son las principales responsables del calentamiento global, por eso es necesario realizar un ajuste en el corto plazo, instaron los cient\u00edficos en distintos informes cient\u00edficos \" width=\"1920\" height=\"1080\" \/>Las emisiones de gases de efecto invernadero son las principales responsables del calentamiento global, por eso es necesario realizar un ajuste en el corto plazo, instaron los cient\u00edficos en distintos informes cient\u00edficos<\/div>\n<h2 class=\"header\">Cu\u00e1l es la situaci\u00f3n en Am\u00e9rica Latina y el Caribe<\/h2>\n<p class=\"paragraph\">Pese a que podr\u00eda no considerarse una clave, lo cierto es que en julio de este a\u00f1o la OMM advirti\u00f3 que \u201clos\u00a0<b>fen\u00f3menos meteorol\u00f3gicos extremos<\/b>\u00a0y los impactos del cambio clim\u00e1tico, como la megasequ\u00eda, las precipitaciones extremas, las olas de calor terrestres y marinas y el deshielo de los glaciares, est\u00e1n\u00a0<b>afectando\u00a0<\/b>a la regi\u00f3n de\u00a0<b>Am\u00e9rica Latina<\/b>\u00a0y el\u00a0<b>Caribe<\/b>, desde la Amazonia hasta los Andes y desde las aguas de los oc\u00e9anos Pac\u00edfico y Atl\u00e1ntico hasta las zonas m\u00e1s rec\u00f3nditas de la Patagonia cubiertas de nieve\u201d.<\/p>\n<p class=\"paragraph\">\u201c<b>Las tasas de deforestaci\u00f3n fueron las m\u00e1s elevadas desde 2009<\/b>, y ello no solo perjudic\u00f3 al medioambiente, sino que adem\u00e1s socav\u00f3 las iniciativas de mitigaci\u00f3n del cambio clim\u00e1tico. Los glaciares andinos han perdido m\u00e1s del 30 % de su superficie en menos de 50 a\u00f1os\u201d, puntualizaron. \u201cSe prev\u00e9 que la creciente subida del nivel del mar y el continuo calentamiento de los oc\u00e9anos sigan afectando a los medios de subsistencia, el turismo, la salud, la alimentaci\u00f3n, la energ\u00eda y la seguridad h\u00eddrica en las zonas costeras, en particular en las islas peque\u00f1as y los pa\u00edses de\u00a0<b>Am\u00e9rica Central<\/b>\u201d, dijo Taalas.<\/p>\n<p class=\"paragraph\">Al tiempo que alert\u00f3 que \u201cpara muchas ciudades andinas, el deshielo de los glaciares representa la p\u00e9rdida de una importante fuente de agua dulce que actualmente se destina a uso dom\u00e9stico, riego y generaci\u00f3n de energ\u00eda hidroel\u00e9ctrica. En\u00a0<b>Am\u00e9rica del Sur<\/b>, la continua degradaci\u00f3n de la pluviselva amaz\u00f3nica sigue siendo uno de los principales motivos de preocupaci\u00f3n tanto para la regi\u00f3n como para el clima a escala mundial, habida cuenta de la funci\u00f3n que desempe\u00f1a ese tipo de bosque en el ciclo del carbono\u201d. Es que cada\u00a0<b>actividad\u00a0<\/b>realizada por los\u00a0<b>humanos\u00a0<\/b>tiene un correspondiente\u00a0<b>huella de carbono<\/b>.<\/p>\n<div class=\"rawHTML raw_html\"><img decoding=\"async\" class=\"responsive\" src=\"https:\/\/cloudfront-us-east-1.images.arcpublishing.com\/infobae\/TF4RTYNWYBDHXNHWNCV74HX4UY.jpg\" alt=\"infografia\" \/><\/div>\n<p class=\"paragraph\">En tanto, el doctor\u00a0<b>Mario Cimoli<\/b>, de la\u00a0<b>Comisi\u00f3n Econ\u00f3mica para Am\u00e9rica Latina y el Caribe (CEPAL)<\/b>, asegur\u00f3 que \u201cel agravamiento del cambio clim\u00e1tico y los efectos combinados de la pandemia de COVID-19 no solo han afectado a la biodiversidad de la regi\u00f3n, sino que tambi\u00e9n han estancado d\u00e9cadas de progreso contra la pobreza, la inseguridad alimentaria y la reducci\u00f3n de las desigualdades en la regi\u00f3n\u201d.<\/p>\n<p class=\"paragraph\">Los principales puntos del cambio clim\u00e1tico en la zona:<\/p>\n<p class=\"paragraph\">&#8211; La\u00a0<b>temperatura\u00a0<\/b>registra una tendencia en aumento en Am\u00e9rica Latina y el Caribe, siendo que la tasa media fue de aproximadamente 0,2 \u00b0C por d\u00e9cada entre 1991 y 2021, frente a los 0,1 \u00b0C por d\u00e9cada registrados entre 1961 y 1990.<\/p>\n<p class=\"paragraph\">&#8211; Los\u00a0<b>glaciares de los Andes tropicales<\/b>\u00a0han perdido, al menos, un 30 % de su superficie desde la d\u00e9cada de 1980, y presentan una tendencia negativa en cuanto a su balance de masas de \u22120,97 m de equivalente en agua al a\u00f1o durante el per\u00edodo de monitoreo (1990-2020).<\/p>\n<p class=\"paragraph\">&#8211; El\u00a0<b>nivel del mar\u00a0<\/b>sigue en aumento, en especial en la costa atl\u00e1ntica de Am\u00e9rica del Sur al sur del ecuador (3,52 \u00b1 0,0 mm por a\u00f1o, de 1993 a 2021) y en el Atl\u00e1ntico norte subtropical y el golfo de M\u00e9xico (3,48 \u00b1 0,1 mm por a\u00f1o, de 1993 a 1991).<\/p>\n<p class=\"paragraph\">&#8211; \u201cEn la cuenca del Paran\u00e1-Plata, los da\u00f1os a la agricultura causados por la sequ\u00eda redujeron las cosechas, en especial las de soja y ma\u00edz, y ello afect\u00f3 a los mercados agr\u00edcolas mundiales. En el conjunto de Am\u00e9rica del Sur, las condiciones de sequ\u00eda provocaron un descenso del 2,6 % en la cosecha de cereales de 2020\/2021 con respecto a la temporada anterior\u201d, indicaron en el documento.<\/p>\n<\/div>\n<\/article>\n<p>&nbsp;<\/p>\n<p>&nbsp;<\/p>\n<p>Fuente Infobae<\/p>\n","protected":false},"excerpt":{"rendered":"<p>El calentamiento global es una realidad y las cifras l\u00edmite estimadas por los cient\u00edficos est\u00e1n cada vez m\u00e1s cerca. En el d\u00eda mundial sobre esta lucha, cu\u00e1l es el estado del planeta y qu\u00e9 dicen los expertos internacionales que analizan esta situaci\u00f3n<\/p>\n","protected":false},"author":3,"featured_media":70256,"comment_status":"closed","ping_status":"closed","sticky":false,"template":"","format":"standard","meta":{"footnotes":""},"categories":[46],"tags":[],"class_list":["post-79303","post","type-post","status-publish","format-standard","has-post-thumbnail","hentry","category-ciencia-y-tecnologia"],"yoast_head":"<!-- This site is optimized with the Yoast SEO plugin v25.9 - https:\/\/yoast.com\/wordpress\/plugins\/seo\/ -->\n<title>Desde alertas hasta fen\u00f3menos naturales extremos: el cambio clim\u00e1tico en 6 claves - Noticias Radio Reflejos<\/title>\n<meta name=\"robots\" content=\"index, follow, max-snippet:-1, max-image-preview:large, max-video-preview:-1\" \/>\n<link rel=\"canonical\" href=\"https:\/\/www.noticiasradioreflejos.com.ar\/2021\/desde-alertas-hasta-fenomenos-naturales-extremos-el-cambio-climatico-en-6-claves\/\" \/>\n<meta property=\"og:locale\" content=\"es_ES\" \/>\n<meta property=\"og:type\" content=\"article\" \/>\n<meta property=\"og:title\" content=\"Desde alertas hasta fen\u00f3menos naturales extremos: el cambio clim\u00e1tico en 6 claves - Noticias Radio Reflejos\" \/>\n<meta property=\"og:description\" content=\"El calentamiento global es una realidad y las cifras l\u00edmite estimadas por los cient\u00edficos est\u00e1n cada vez m\u00e1s cerca. En el d\u00eda mundial sobre esta lucha, cu\u00e1l es el estado del planeta y qu\u00e9 dicen los expertos internacionales que analizan esta situaci\u00f3n\" \/>\n<meta property=\"og:url\" content=\"https:\/\/www.noticiasradioreflejos.com.ar\/2021\/desde-alertas-hasta-fenomenos-naturales-extremos-el-cambio-climatico-en-6-claves\/\" \/>\n<meta property=\"og:site_name\" content=\"Noticias Radio Reflejos\" \/>\n<meta property=\"article:published_time\" content=\"2022-10-24T16:03:58+00:00\" \/>\n<meta property=\"og:image\" content=\"https:\/\/www.noticiasradioreflejos.com.ar\/2021\/wp-content\/uploads\/2022\/04\/cambio-climatico.jpeg\" \/>\n\t<meta property=\"og:image:width\" content=\"960\" \/>\n\t<meta property=\"og:image:height\" content=\"640\" \/>\n\t<meta property=\"og:image:type\" content=\"image\/jpeg\" \/>\n<meta name=\"author\" content=\"Arnaldo Botto\" \/>\n<meta name=\"twitter:card\" content=\"summary_large_image\" \/>\n<script type=\"application\/ld+json\" class=\"yoast-schema-graph\">{\"@context\":\"https:\/\/schema.org\",\"@graph\":[{\"@type\":\"WebPage\",\"@id\":\"https:\/\/www.noticiasradioreflejos.com.ar\/2021\/desde-alertas-hasta-fenomenos-naturales-extremos-el-cambio-climatico-en-6-claves\/\",\"url\":\"https:\/\/www.noticiasradioreflejos.com.ar\/2021\/desde-alertas-hasta-fenomenos-naturales-extremos-el-cambio-climatico-en-6-claves\/\",\"name\":\"Desde alertas hasta fen\u00f3menos naturales extremos: el cambio clim\u00e1tico en 6 claves - Noticias Radio Reflejos\",\"isPartOf\":{\"@id\":\"https:\/\/www.noticiasradioreflejos.com.ar\/2021\/#website\"},\"primaryImageOfPage\":{\"@id\":\"https:\/\/www.noticiasradioreflejos.com.ar\/2021\/desde-alertas-hasta-fenomenos-naturales-extremos-el-cambio-climatico-en-6-claves\/#primaryimage\"},\"image\":{\"@id\":\"https:\/\/www.noticiasradioreflejos.com.ar\/2021\/desde-alertas-hasta-fenomenos-naturales-extremos-el-cambio-climatico-en-6-claves\/#primaryimage\"},\"thumbnailUrl\":\"https:\/\/www.noticiasradioreflejos.com.ar\/2021\/wp-content\/uploads\/2022\/04\/cambio-climatico.jpeg\",\"datePublished\":\"2022-10-24T16:03:58+00:00\",\"author\":{\"@id\":\"https:\/\/www.noticiasradioreflejos.com.ar\/2021\/#\/schema\/person\/ad82545263dcc5ec0996818884fd5fb1\"},\"breadcrumb\":{\"@id\":\"https:\/\/www.noticiasradioreflejos.com.ar\/2021\/desde-alertas-hasta-fenomenos-naturales-extremos-el-cambio-climatico-en-6-claves\/#breadcrumb\"},\"inLanguage\":\"es\",\"potentialAction\":[{\"@type\":\"ReadAction\",\"target\":[\"https:\/\/www.noticiasradioreflejos.com.ar\/2021\/desde-alertas-hasta-fenomenos-naturales-extremos-el-cambio-climatico-en-6-claves\/\"]}]},{\"@type\":\"ImageObject\",\"inLanguage\":\"es\",\"@id\":\"https:\/\/www.noticiasradioreflejos.com.ar\/2021\/desde-alertas-hasta-fenomenos-naturales-extremos-el-cambio-climatico-en-6-claves\/#primaryimage\",\"url\":\"https:\/\/www.noticiasradioreflejos.com.ar\/2021\/wp-content\/uploads\/2022\/04\/cambio-climatico.jpeg\",\"contentUrl\":\"https:\/\/www.noticiasradioreflejos.com.ar\/2021\/wp-content\/uploads\/2022\/04\/cambio-climatico.jpeg\",\"width\":960,\"height\":640},{\"@type\":\"BreadcrumbList\",\"@id\":\"https:\/\/www.noticiasradioreflejos.com.ar\/2021\/desde-alertas-hasta-fenomenos-naturales-extremos-el-cambio-climatico-en-6-claves\/#breadcrumb\",\"itemListElement\":[{\"@type\":\"ListItem\",\"position\":1,\"name\":\"Portada\",\"item\":\"https:\/\/www.noticiasradioreflejos.com.ar\/2021\/\"},{\"@type\":\"ListItem\",\"position\":2,\"name\":\"Desde alertas hasta fen\u00f3menos naturales extremos: el cambio clim\u00e1tico en 6 claves\"}]},{\"@type\":\"WebSite\",\"@id\":\"https:\/\/www.noticiasradioreflejos.com.ar\/2021\/#website\",\"url\":\"https:\/\/www.noticiasradioreflejos.com.ar\/2021\/\",\"name\":\"Noticias Radio Reflejos\",\"description\":\"Las noticias de mi comarca\",\"potentialAction\":[{\"@type\":\"SearchAction\",\"target\":{\"@type\":\"EntryPoint\",\"urlTemplate\":\"https:\/\/www.noticiasradioreflejos.com.ar\/2021\/?s={search_term_string}\"},\"query-input\":{\"@type\":\"PropertyValueSpecification\",\"valueRequired\":true,\"valueName\":\"search_term_string\"}}],\"inLanguage\":\"es\"},{\"@type\":\"Person\",\"@id\":\"https:\/\/www.noticiasradioreflejos.com.ar\/2021\/#\/schema\/person\/ad82545263dcc5ec0996818884fd5fb1\",\"name\":\"Arnaldo Botto\",\"image\":{\"@type\":\"ImageObject\",\"inLanguage\":\"es\",\"@id\":\"https:\/\/www.noticiasradioreflejos.com.ar\/2021\/#\/schema\/person\/image\/\",\"url\":\"https:\/\/secure.gravatar.com\/avatar\/55cb5e37c1efa326397366e6974cb338056df65cb50e7d64d1cf314e87504837?s=96&d=mm&r=g\",\"contentUrl\":\"https:\/\/secure.gravatar.com\/avatar\/55cb5e37c1efa326397366e6974cb338056df65cb50e7d64d1cf314e87504837?s=96&d=mm&r=g\",\"caption\":\"Arnaldo Botto\"},\"url\":\"https:\/\/www.noticiasradioreflejos.com.ar\/2021\/author\/arnaldo\/\"}]}<\/script>\n<!-- \/ Yoast SEO plugin. -->","yoast_head_json":{"title":"Desde alertas hasta fen\u00f3menos naturales extremos: el cambio clim\u00e1tico en 6 claves - Noticias Radio Reflejos","robots":{"index":"index","follow":"follow","max-snippet":"max-snippet:-1","max-image-preview":"max-image-preview:large","max-video-preview":"max-video-preview:-1"},"canonical":"https:\/\/www.noticiasradioreflejos.com.ar\/2021\/desde-alertas-hasta-fenomenos-naturales-extremos-el-cambio-climatico-en-6-claves\/","og_locale":"es_ES","og_type":"article","og_title":"Desde alertas hasta fen\u00f3menos naturales extremos: el cambio clim\u00e1tico en 6 claves - Noticias Radio Reflejos","og_description":"El calentamiento global es una realidad y las cifras l\u00edmite estimadas por los cient\u00edficos est\u00e1n cada vez m\u00e1s cerca. En el d\u00eda mundial sobre esta lucha, cu\u00e1l es el estado del planeta y qu\u00e9 dicen los expertos internacionales que analizan esta situaci\u00f3n","og_url":"https:\/\/www.noticiasradioreflejos.com.ar\/2021\/desde-alertas-hasta-fenomenos-naturales-extremos-el-cambio-climatico-en-6-claves\/","og_site_name":"Noticias Radio Reflejos","article_published_time":"2022-10-24T16:03:58+00:00","og_image":[{"width":960,"height":640,"url":"https:\/\/www.noticiasradioreflejos.com.ar\/2021\/wp-content\/uploads\/2022\/04\/cambio-climatico.jpeg","type":"image\/jpeg"}],"author":"Arnaldo Botto","twitter_card":"summary_large_image","schema":{"@context":"https:\/\/schema.org","@graph":[{"@type":"WebPage","@id":"https:\/\/www.noticiasradioreflejos.com.ar\/2021\/desde-alertas-hasta-fenomenos-naturales-extremos-el-cambio-climatico-en-6-claves\/","url":"https:\/\/www.noticiasradioreflejos.com.ar\/2021\/desde-alertas-hasta-fenomenos-naturales-extremos-el-cambio-climatico-en-6-claves\/","name":"Desde alertas hasta fen\u00f3menos naturales extremos: el cambio clim\u00e1tico en 6 claves - Noticias Radio Reflejos","isPartOf":{"@id":"https:\/\/www.noticiasradioreflejos.com.ar\/2021\/#website"},"primaryImageOfPage":{"@id":"https:\/\/www.noticiasradioreflejos.com.ar\/2021\/desde-alertas-hasta-fenomenos-naturales-extremos-el-cambio-climatico-en-6-claves\/#primaryimage"},"image":{"@id":"https:\/\/www.noticiasradioreflejos.com.ar\/2021\/desde-alertas-hasta-fenomenos-naturales-extremos-el-cambio-climatico-en-6-claves\/#primaryimage"},"thumbnailUrl":"https:\/\/www.noticiasradioreflejos.com.ar\/2021\/wp-content\/uploads\/2022\/04\/cambio-climatico.jpeg","datePublished":"2022-10-24T16:03:58+00:00","author":{"@id":"https:\/\/www.noticiasradioreflejos.com.ar\/2021\/#\/schema\/person\/ad82545263dcc5ec0996818884fd5fb1"},"breadcrumb":{"@id":"https:\/\/www.noticiasradioreflejos.com.ar\/2021\/desde-alertas-hasta-fenomenos-naturales-extremos-el-cambio-climatico-en-6-claves\/#breadcrumb"},"inLanguage":"es","potentialAction":[{"@type":"ReadAction","target":["https:\/\/www.noticiasradioreflejos.com.ar\/2021\/desde-alertas-hasta-fenomenos-naturales-extremos-el-cambio-climatico-en-6-claves\/"]}]},{"@type":"ImageObject","inLanguage":"es","@id":"https:\/\/www.noticiasradioreflejos.com.ar\/2021\/desde-alertas-hasta-fenomenos-naturales-extremos-el-cambio-climatico-en-6-claves\/#primaryimage","url":"https:\/\/www.noticiasradioreflejos.com.ar\/2021\/wp-content\/uploads\/2022\/04\/cambio-climatico.jpeg","contentUrl":"https:\/\/www.noticiasradioreflejos.com.ar\/2021\/wp-content\/uploads\/2022\/04\/cambio-climatico.jpeg","width":960,"height":640},{"@type":"BreadcrumbList","@id":"https:\/\/www.noticiasradioreflejos.com.ar\/2021\/desde-alertas-hasta-fenomenos-naturales-extremos-el-cambio-climatico-en-6-claves\/#breadcrumb","itemListElement":[{"@type":"ListItem","position":1,"name":"Portada","item":"https:\/\/www.noticiasradioreflejos.com.ar\/2021\/"},{"@type":"ListItem","position":2,"name":"Desde alertas hasta fen\u00f3menos naturales extremos: el cambio clim\u00e1tico en 6 claves"}]},{"@type":"WebSite","@id":"https:\/\/www.noticiasradioreflejos.com.ar\/2021\/#website","url":"https:\/\/www.noticiasradioreflejos.com.ar\/2021\/","name":"Noticias Radio Reflejos","description":"Las noticias de mi comarca","potentialAction":[{"@type":"SearchAction","target":{"@type":"EntryPoint","urlTemplate":"https:\/\/www.noticiasradioreflejos.com.ar\/2021\/?s={search_term_string}"},"query-input":{"@type":"PropertyValueSpecification","valueRequired":true,"valueName":"search_term_string"}}],"inLanguage":"es"},{"@type":"Person","@id":"https:\/\/www.noticiasradioreflejos.com.ar\/2021\/#\/schema\/person\/ad82545263dcc5ec0996818884fd5fb1","name":"Arnaldo Botto","image":{"@type":"ImageObject","inLanguage":"es","@id":"https:\/\/www.noticiasradioreflejos.com.ar\/2021\/#\/schema\/person\/image\/","url":"https:\/\/secure.gravatar.com\/avatar\/55cb5e37c1efa326397366e6974cb338056df65cb50e7d64d1cf314e87504837?s=96&d=mm&r=g","contentUrl":"https:\/\/secure.gravatar.com\/avatar\/55cb5e37c1efa326397366e6974cb338056df65cb50e7d64d1cf314e87504837?s=96&d=mm&r=g","caption":"Arnaldo Botto"},"url":"https:\/\/www.noticiasradioreflejos.com.ar\/2021\/author\/arnaldo\/"}]}},"_links":{"self":[{"href":"https:\/\/www.noticiasradioreflejos.com.ar\/2021\/wp-json\/wp\/v2\/posts\/79303","targetHints":{"allow":["GET"]}}],"collection":[{"href":"https:\/\/www.noticiasradioreflejos.com.ar\/2021\/wp-json\/wp\/v2\/posts"}],"about":[{"href":"https:\/\/www.noticiasradioreflejos.com.ar\/2021\/wp-json\/wp\/v2\/types\/post"}],"author":[{"embeddable":true,"href":"https:\/\/www.noticiasradioreflejos.com.ar\/2021\/wp-json\/wp\/v2\/users\/3"}],"replies":[{"embeddable":true,"href":"https:\/\/www.noticiasradioreflejos.com.ar\/2021\/wp-json\/wp\/v2\/comments?post=79303"}],"version-history":[{"count":1,"href":"https:\/\/www.noticiasradioreflejos.com.ar\/2021\/wp-json\/wp\/v2\/posts\/79303\/revisions"}],"predecessor-version":[{"id":79304,"href":"https:\/\/www.noticiasradioreflejos.com.ar\/2021\/wp-json\/wp\/v2\/posts\/79303\/revisions\/79304"}],"wp:featuredmedia":[{"embeddable":true,"href":"https:\/\/www.noticiasradioreflejos.com.ar\/2021\/wp-json\/wp\/v2\/media\/70256"}],"wp:attachment":[{"href":"https:\/\/www.noticiasradioreflejos.com.ar\/2021\/wp-json\/wp\/v2\/media?parent=79303"}],"wp:term":[{"taxonomy":"category","embeddable":true,"href":"https:\/\/www.noticiasradioreflejos.com.ar\/2021\/wp-json\/wp\/v2\/categories?post=79303"},{"taxonomy":"post_tag","embeddable":true,"href":"https:\/\/www.noticiasradioreflejos.com.ar\/2021\/wp-json\/wp\/v2\/tags?post=79303"}],"curies":[{"name":"wp","href":"https:\/\/api.w.org\/{rel}","templated":true}]}}