{"id":79293,"date":"2022-10-24T11:07:29","date_gmt":"2022-10-24T11:07:29","guid":{"rendered":"http:\/\/www.noticiasradioreflejos.com.ar\/2021\/?p=79293"},"modified":"2022-10-24T11:07:29","modified_gmt":"2022-10-24T11:07:29","slug":"ahora-30-estara-entre-propuestas-del-evento-de-descuentos-cybermonday-2022","status":"publish","type":"post","link":"https:\/\/www.noticiasradioreflejos.com.ar\/2021\/ahora-30-estara-entre-propuestas-del-evento-de-descuentos-cybermonday-2022\/","title":{"rendered":"Ahora 30 estar\u00e1 entre propuestas del evento de descuentos Cybermonday 2022"},"content":{"rendered":"<p>\u00abPara algunos productos de tecnolog\u00eda y de electro se podr\u00e1 incorporar este nuevo plan de cuotas\u00bb, dijo a T\u00e9lam el director de Institucionales de la C\u00e1mara Argentina de Comercio Electr\u00f3nico (CACE), Gustavo Sambucetti.&lt;<!--more--><\/p>\n<figure class=\"mb-3\"><img decoding=\"async\" src=\"https:\/\/www.telam.com.ar\/thumbs\/bluesteel\/advf\/imagenes\/2022\/10\/63554e514c89a_1200.jpg\" alt=\"Telam SE\" width=\"100%\" height=\"100%\" \/><\/p>\n<div class=\"media-icons\"><\/div><figcaption><\/figcaption><\/figure>\n<p>El programa de consumo Ahora 30 estar\u00e1 presente entre las propuestas de descuentos especiales para compras electr\u00f3nicas del Cybermonday 2022, que organiza la C\u00e1mara Argentina de Comercio Electr\u00f3nico (CACE), que comenzar\u00e1 el lunes 31 de octubre y finalizar\u00e1 el 2 de noviembre.<\/p>\n<p>\u00abPara algunos productos de tecnolog\u00eda y de electro se podr\u00e1 incorporar este nuevo plan de cuotas\u00bb, dijo a T\u00e9lam el director de Institucionales de la CACE, Gustavo Sambucetti, al ser consultado sobre la implementaci\u00f3n del Ahora 30.<\/p>\n<p><strong>La financiaci\u00f3n es una de las claves del comercio electr\u00f3nico y la reincorporaci\u00f3n de los celulares a los programas \u00abAhora\u00bb fue la buena noticia para las marcas que participan del Cybermonday.<\/strong><\/p>\n<p>En esta d\u00e9cima edici\u00f3n del Cybermonday<strong>\u00a0est\u00e1 prevista la participaci\u00f3n de \u00abm\u00e1s de 1.050 marcas\u00bb<\/strong>, en un contexto de consolidaci\u00f3n del comercio electr\u00f3nico como una modalidad de compras en la sociedad argentina.<\/p>\n<p>Un a\u00f1o atr\u00e1s, en la edici\u00f3n 2021, participaron 1.023 marcas, que atendieron los pedidos de 3,3 millones de usuarios que concretaron compras por un monto total de $ 38.000 millones.<\/p>\n<p><strong>En el primer semestre de este a\u00f1o, la facturaci\u00f3n del comercio electr\u00f3nico verific\u00f3 un incremento del 73%<\/strong>, al superar el bill\u00f3n de pesos ($1.090.488 millones), respecto del mismo per\u00edodo del a\u00f1o pasado, seg\u00fan datos de la CACE.<\/p>\n<p>Los datos de la primera mitad del a\u00f1o reflejaron que \u00absigue creciendo la base de nuevos compradores alcanzando un incremento del 5%, ampli\u00e1ndose en nivel socioecon\u00f3mico y edad\u00bb.<\/p>\n<p>El incremento en cantidad de \u00f3rdenes de compra entre el primer semestre de este a\u00f1o y el mismo per\u00edodo del 2021, fue del 14%, al llegar a 91,2 millones de \u00f3rdenes.<\/p>\n<p>\u00abEn este contexto, hablar de un crecimiento de 14% real es importante\u00bb; sostuvo Sambucetti quien remarc\u00f3 la incorporaci\u00f3n de la compra en l\u00ednea tanto para bienes durables como para categor\u00edas de compra recurrente, como alimentos y bebidas, productos de farmacia y de comida en l\u00ednea.<\/p>\n<p>La cantidad de productos vendidos, en el primer semestre del 2022 marc\u00f3 una suba interanual del 11%, al sumar 133,8 millones de unidades, con un ticket promedio de $11.946.<\/p>\n<p>Los datos del semestre arrojaron que el 74% del tr\u00e1fico en sitios de venta en l\u00ednea provienen de dispositivos m\u00f3viles y el 58% de las ventas se concretan desde conexiones establecidas desde estos mismos equipos.<\/p>\n<p>En cuanto a los medios de pago, no se registraron grandes diferencias respecto al a\u00f1o pasado, por lo cual<strong>\u00a0la tarjeta de cr\u00e9dito mantiene un liderazgo con el 74% de las operaciones, seguida por la tarjeta de d\u00e9bito con el 10%<\/strong>.<\/p>\n","protected":false},"excerpt":{"rendered":"<p>\u00abPara algunos productos de tecnolog\u00eda y de electro se podr\u00e1 incorporar este nuevo plan de cuotas\u00bb, dijo a T\u00e9lam el director de Institucionales de la C\u00e1mara Argentina de Comercio Electr\u00f3nico (CACE), Gustavo Sambucetti.&lt;<\/p>\n","protected":false},"author":3,"featured_media":0,"comment_status":"closed","ping_status":"closed","sticky":false,"template":"","format":"standard","meta":{"footnotes":""},"categories":[36],"tags":[],"class_list":["post-79293","post","type-post","status-publish","format-standard","hentry","category-economia"],"yoast_head":"<!-- This site is optimized with the Yoast SEO plugin v25.9 - https:\/\/yoast.com\/wordpress\/plugins\/seo\/ -->\n<title>Ahora 30 estar\u00e1 entre propuestas del evento de descuentos Cybermonday 2022 - Noticias Radio Reflejos<\/title>\n<meta name=\"robots\" content=\"index, follow, max-snippet:-1, max-image-preview:large, max-video-preview:-1\" \/>\n<link rel=\"canonical\" href=\"https:\/\/www.noticiasradioreflejos.com.ar\/2021\/ahora-30-estara-entre-propuestas-del-evento-de-descuentos-cybermonday-2022\/\" \/>\n<meta property=\"og:locale\" content=\"es_ES\" \/>\n<meta property=\"og:type\" content=\"article\" \/>\n<meta property=\"og:title\" content=\"Ahora 30 estar\u00e1 entre propuestas del evento de descuentos Cybermonday 2022 - Noticias Radio Reflejos\" \/>\n<meta property=\"og:description\" content=\"\u00abPara algunos productos de tecnolog\u00eda y de electro se podr\u00e1 incorporar este nuevo plan de cuotas\u00bb, dijo a T\u00e9lam el director de Institucionales de la C\u00e1mara Argentina de Comercio Electr\u00f3nico (CACE), Gustavo Sambucetti.&lt;\" \/>\n<meta property=\"og:url\" content=\"https:\/\/www.noticiasradioreflejos.com.ar\/2021\/ahora-30-estara-entre-propuestas-del-evento-de-descuentos-cybermonday-2022\/\" \/>\n<meta property=\"og:site_name\" content=\"Noticias Radio Reflejos\" \/>\n<meta property=\"article:published_time\" content=\"2022-10-24T11:07:29+00:00\" \/>\n<meta property=\"og:image\" content=\"https:\/\/www.telam.com.ar\/thumbs\/bluesteel\/advf\/imagenes\/2022\/10\/63554e514c89a_1200.jpg\" \/>\n<meta name=\"author\" content=\"Arnaldo Botto\" \/>\n<meta name=\"twitter:card\" content=\"summary_large_image\" \/>\n<script type=\"application\/ld+json\" class=\"yoast-schema-graph\">{\"@context\":\"https:\/\/schema.org\",\"@graph\":[{\"@type\":\"WebPage\",\"@id\":\"https:\/\/www.noticiasradioreflejos.com.ar\/2021\/ahora-30-estara-entre-propuestas-del-evento-de-descuentos-cybermonday-2022\/\",\"url\":\"https:\/\/www.noticiasradioreflejos.com.ar\/2021\/ahora-30-estara-entre-propuestas-del-evento-de-descuentos-cybermonday-2022\/\",\"name\":\"Ahora 30 estar\u00e1 entre propuestas del evento de descuentos Cybermonday 2022 - Noticias Radio Reflejos\",\"isPartOf\":{\"@id\":\"https:\/\/www.noticiasradioreflejos.com.ar\/2021\/#website\"},\"primaryImageOfPage\":{\"@id\":\"https:\/\/www.noticiasradioreflejos.com.ar\/2021\/ahora-30-estara-entre-propuestas-del-evento-de-descuentos-cybermonday-2022\/#primaryimage\"},\"image\":{\"@id\":\"https:\/\/www.noticiasradioreflejos.com.ar\/2021\/ahora-30-estara-entre-propuestas-del-evento-de-descuentos-cybermonday-2022\/#primaryimage\"},\"thumbnailUrl\":\"https:\/\/www.telam.com.ar\/thumbs\/bluesteel\/advf\/imagenes\/2022\/10\/63554e514c89a_1200.jpg\",\"datePublished\":\"2022-10-24T11:07:29+00:00\",\"author\":{\"@id\":\"https:\/\/www.noticiasradioreflejos.com.ar\/2021\/#\/schema\/person\/ad82545263dcc5ec0996818884fd5fb1\"},\"breadcrumb\":{\"@id\":\"https:\/\/www.noticiasradioreflejos.com.ar\/2021\/ahora-30-estara-entre-propuestas-del-evento-de-descuentos-cybermonday-2022\/#breadcrumb\"},\"inLanguage\":\"es\",\"potentialAction\":[{\"@type\":\"ReadAction\",\"target\":[\"https:\/\/www.noticiasradioreflejos.com.ar\/2021\/ahora-30-estara-entre-propuestas-del-evento-de-descuentos-cybermonday-2022\/\"]}]},{\"@type\":\"ImageObject\",\"inLanguage\":\"es\",\"@id\":\"https:\/\/www.noticiasradioreflejos.com.ar\/2021\/ahora-30-estara-entre-propuestas-del-evento-de-descuentos-cybermonday-2022\/#primaryimage\",\"url\":\"https:\/\/www.telam.com.ar\/thumbs\/bluesteel\/advf\/imagenes\/2022\/10\/63554e514c89a_1200.jpg\",\"contentUrl\":\"https:\/\/www.telam.com.ar\/thumbs\/bluesteel\/advf\/imagenes\/2022\/10\/63554e514c89a_1200.jpg\"},{\"@type\":\"BreadcrumbList\",\"@id\":\"https:\/\/www.noticiasradioreflejos.com.ar\/2021\/ahora-30-estara-entre-propuestas-del-evento-de-descuentos-cybermonday-2022\/#breadcrumb\",\"itemListElement\":[{\"@type\":\"ListItem\",\"position\":1,\"name\":\"Portada\",\"item\":\"https:\/\/www.noticiasradioreflejos.com.ar\/2021\/\"},{\"@type\":\"ListItem\",\"position\":2,\"name\":\"Ahora 30 estar\u00e1 entre propuestas del evento de descuentos Cybermonday 2022\"}]},{\"@type\":\"WebSite\",\"@id\":\"https:\/\/www.noticiasradioreflejos.com.ar\/2021\/#website\",\"url\":\"https:\/\/www.noticiasradioreflejos.com.ar\/2021\/\",\"name\":\"Noticias Radio Reflejos\",\"description\":\"Las noticias de mi comarca\",\"potentialAction\":[{\"@type\":\"SearchAction\",\"target\":{\"@type\":\"EntryPoint\",\"urlTemplate\":\"https:\/\/www.noticiasradioreflejos.com.ar\/2021\/?s={search_term_string}\"},\"query-input\":{\"@type\":\"PropertyValueSpecification\",\"valueRequired\":true,\"valueName\":\"search_term_string\"}}],\"inLanguage\":\"es\"},{\"@type\":\"Person\",\"@id\":\"https:\/\/www.noticiasradioreflejos.com.ar\/2021\/#\/schema\/person\/ad82545263dcc5ec0996818884fd5fb1\",\"name\":\"Arnaldo Botto\",\"image\":{\"@type\":\"ImageObject\",\"inLanguage\":\"es\",\"@id\":\"https:\/\/www.noticiasradioreflejos.com.ar\/2021\/#\/schema\/person\/image\/\",\"url\":\"https:\/\/secure.gravatar.com\/avatar\/55cb5e37c1efa326397366e6974cb338056df65cb50e7d64d1cf314e87504837?s=96&d=mm&r=g\",\"contentUrl\":\"https:\/\/secure.gravatar.com\/avatar\/55cb5e37c1efa326397366e6974cb338056df65cb50e7d64d1cf314e87504837?s=96&d=mm&r=g\",\"caption\":\"Arnaldo Botto\"},\"url\":\"https:\/\/www.noticiasradioreflejos.com.ar\/2021\/author\/arnaldo\/\"}]}<\/script>\n<!-- \/ Yoast SEO plugin. -->","yoast_head_json":{"title":"Ahora 30 estar\u00e1 entre propuestas del evento de descuentos Cybermonday 2022 - Noticias Radio Reflejos","robots":{"index":"index","follow":"follow","max-snippet":"max-snippet:-1","max-image-preview":"max-image-preview:large","max-video-preview":"max-video-preview:-1"},"canonical":"https:\/\/www.noticiasradioreflejos.com.ar\/2021\/ahora-30-estara-entre-propuestas-del-evento-de-descuentos-cybermonday-2022\/","og_locale":"es_ES","og_type":"article","og_title":"Ahora 30 estar\u00e1 entre propuestas del evento de descuentos Cybermonday 2022 - Noticias Radio Reflejos","og_description":"\u00abPara algunos productos de tecnolog\u00eda y de electro se podr\u00e1 incorporar este nuevo plan de cuotas\u00bb, dijo a T\u00e9lam el director de Institucionales de la C\u00e1mara Argentina de Comercio Electr\u00f3nico (CACE), Gustavo Sambucetti.&lt;","og_url":"https:\/\/www.noticiasradioreflejos.com.ar\/2021\/ahora-30-estara-entre-propuestas-del-evento-de-descuentos-cybermonday-2022\/","og_site_name":"Noticias Radio Reflejos","article_published_time":"2022-10-24T11:07:29+00:00","og_image":[{"url":"https:\/\/www.telam.com.ar\/thumbs\/bluesteel\/advf\/imagenes\/2022\/10\/63554e514c89a_1200.jpg","type":"","width":"","height":""}],"author":"Arnaldo Botto","twitter_card":"summary_large_image","schema":{"@context":"https:\/\/schema.org","@graph":[{"@type":"WebPage","@id":"https:\/\/www.noticiasradioreflejos.com.ar\/2021\/ahora-30-estara-entre-propuestas-del-evento-de-descuentos-cybermonday-2022\/","url":"https:\/\/www.noticiasradioreflejos.com.ar\/2021\/ahora-30-estara-entre-propuestas-del-evento-de-descuentos-cybermonday-2022\/","name":"Ahora 30 estar\u00e1 entre propuestas del evento de descuentos Cybermonday 2022 - Noticias Radio Reflejos","isPartOf":{"@id":"https:\/\/www.noticiasradioreflejos.com.ar\/2021\/#website"},"primaryImageOfPage":{"@id":"https:\/\/www.noticiasradioreflejos.com.ar\/2021\/ahora-30-estara-entre-propuestas-del-evento-de-descuentos-cybermonday-2022\/#primaryimage"},"image":{"@id":"https:\/\/www.noticiasradioreflejos.com.ar\/2021\/ahora-30-estara-entre-propuestas-del-evento-de-descuentos-cybermonday-2022\/#primaryimage"},"thumbnailUrl":"https:\/\/www.telam.com.ar\/thumbs\/bluesteel\/advf\/imagenes\/2022\/10\/63554e514c89a_1200.jpg","datePublished":"2022-10-24T11:07:29+00:00","author":{"@id":"https:\/\/www.noticiasradioreflejos.com.ar\/2021\/#\/schema\/person\/ad82545263dcc5ec0996818884fd5fb1"},"breadcrumb":{"@id":"https:\/\/www.noticiasradioreflejos.com.ar\/2021\/ahora-30-estara-entre-propuestas-del-evento-de-descuentos-cybermonday-2022\/#breadcrumb"},"inLanguage":"es","potentialAction":[{"@type":"ReadAction","target":["https:\/\/www.noticiasradioreflejos.com.ar\/2021\/ahora-30-estara-entre-propuestas-del-evento-de-descuentos-cybermonday-2022\/"]}]},{"@type":"ImageObject","inLanguage":"es","@id":"https:\/\/www.noticiasradioreflejos.com.ar\/2021\/ahora-30-estara-entre-propuestas-del-evento-de-descuentos-cybermonday-2022\/#primaryimage","url":"https:\/\/www.telam.com.ar\/thumbs\/bluesteel\/advf\/imagenes\/2022\/10\/63554e514c89a_1200.jpg","contentUrl":"https:\/\/www.telam.com.ar\/thumbs\/bluesteel\/advf\/imagenes\/2022\/10\/63554e514c89a_1200.jpg"},{"@type":"BreadcrumbList","@id":"https:\/\/www.noticiasradioreflejos.com.ar\/2021\/ahora-30-estara-entre-propuestas-del-evento-de-descuentos-cybermonday-2022\/#breadcrumb","itemListElement":[{"@type":"ListItem","position":1,"name":"Portada","item":"https:\/\/www.noticiasradioreflejos.com.ar\/2021\/"},{"@type":"ListItem","position":2,"name":"Ahora 30 estar\u00e1 entre propuestas del evento de descuentos Cybermonday 2022"}]},{"@type":"WebSite","@id":"https:\/\/www.noticiasradioreflejos.com.ar\/2021\/#website","url":"https:\/\/www.noticiasradioreflejos.com.ar\/2021\/","name":"Noticias Radio Reflejos","description":"Las noticias de mi comarca","potentialAction":[{"@type":"SearchAction","target":{"@type":"EntryPoint","urlTemplate":"https:\/\/www.noticiasradioreflejos.com.ar\/2021\/?s={search_term_string}"},"query-input":{"@type":"PropertyValueSpecification","valueRequired":true,"valueName":"search_term_string"}}],"inLanguage":"es"},{"@type":"Person","@id":"https:\/\/www.noticiasradioreflejos.com.ar\/2021\/#\/schema\/person\/ad82545263dcc5ec0996818884fd5fb1","name":"Arnaldo Botto","image":{"@type":"ImageObject","inLanguage":"es","@id":"https:\/\/www.noticiasradioreflejos.com.ar\/2021\/#\/schema\/person\/image\/","url":"https:\/\/secure.gravatar.com\/avatar\/55cb5e37c1efa326397366e6974cb338056df65cb50e7d64d1cf314e87504837?s=96&d=mm&r=g","contentUrl":"https:\/\/secure.gravatar.com\/avatar\/55cb5e37c1efa326397366e6974cb338056df65cb50e7d64d1cf314e87504837?s=96&d=mm&r=g","caption":"Arnaldo Botto"},"url":"https:\/\/www.noticiasradioreflejos.com.ar\/2021\/author\/arnaldo\/"}]}},"_links":{"self":[{"href":"https:\/\/www.noticiasradioreflejos.com.ar\/2021\/wp-json\/wp\/v2\/posts\/79293","targetHints":{"allow":["GET"]}}],"collection":[{"href":"https:\/\/www.noticiasradioreflejos.com.ar\/2021\/wp-json\/wp\/v2\/posts"}],"about":[{"href":"https:\/\/www.noticiasradioreflejos.com.ar\/2021\/wp-json\/wp\/v2\/types\/post"}],"author":[{"embeddable":true,"href":"https:\/\/www.noticiasradioreflejos.com.ar\/2021\/wp-json\/wp\/v2\/users\/3"}],"replies":[{"embeddable":true,"href":"https:\/\/www.noticiasradioreflejos.com.ar\/2021\/wp-json\/wp\/v2\/comments?post=79293"}],"version-history":[{"count":1,"href":"https:\/\/www.noticiasradioreflejos.com.ar\/2021\/wp-json\/wp\/v2\/posts\/79293\/revisions"}],"predecessor-version":[{"id":79295,"href":"https:\/\/www.noticiasradioreflejos.com.ar\/2021\/wp-json\/wp\/v2\/posts\/79293\/revisions\/79295"}],"wp:attachment":[{"href":"https:\/\/www.noticiasradioreflejos.com.ar\/2021\/wp-json\/wp\/v2\/media?parent=79293"}],"wp:term":[{"taxonomy":"category","embeddable":true,"href":"https:\/\/www.noticiasradioreflejos.com.ar\/2021\/wp-json\/wp\/v2\/categories?post=79293"},{"taxonomy":"post_tag","embeddable":true,"href":"https:\/\/www.noticiasradioreflejos.com.ar\/2021\/wp-json\/wp\/v2\/tags?post=79293"}],"curies":[{"name":"wp","href":"https:\/\/api.w.org\/{rel}","templated":true}]}}