{"id":79270,"date":"2022-10-22T16:23:14","date_gmt":"2022-10-22T16:23:14","guid":{"rendered":"http:\/\/www.noticiasradioreflejos.com.ar\/2021\/?p=79270"},"modified":"2022-10-22T16:23:14","modified_gmt":"2022-10-22T16:23:14","slug":"la-provincia-de-buenos-aires-participa-del-mercado-de-productos-y-productores-de-todo-el-pais-con-vidriera-en-la-ciudad-de-buenos-aires","status":"publish","type":"post","link":"https:\/\/www.noticiasradioreflejos.com.ar\/2021\/la-provincia-de-buenos-aires-participa-del-mercado-de-productos-y-productores-de-todo-el-pais-con-vidriera-en-la-ciudad-de-buenos-aires\/","title":{"rendered":"La provincia de Buenos Aires participa del Mercado de Productos y Productores de todo el pa\u00eds, con vidriera en la Ciudad de Buenos Aires"},"content":{"rendered":"<div dir=\"ltr\">La provincia de Buenos Aires participa de la primera edici\u00f3n del Mercado Argentino de Productos y Productores Agroalimentarios (MAPPA), que se desarrolla en el barrio de colegiales de la Ciudad de Buenos Aires, del 21 al 23 de octubre.<\/div>\n<p><!--more--><\/p>\n<div dir=\"ltr\">Fincas el Para\u00edso, de Trenque Lauquen; Aloja Kombucha, de Pilar; Las Quinas, de General Las Heras; Quesos Juan Grande, de Lincoln; La Obere\u00f1a, de Mercedes; La Choza L\u00e1cteos Agroecol\u00f3gicos, de General Rodr\u00edguez; y Granja La Piedra, de Mar del Plata, entre muchos otros, est\u00e1n presentes en este evento que re\u00fane a 25La provincia de Buenos Aires participa del Mercado de Productos y Productores de todo el pa\u00eds, con vidriera en la Ciudad de Buenos Aires0 productores de todo el pa\u00eds. Adem\u00e1s, cuenta con un patio gastron\u00f3mico federal con propuestas accesibles y charlas sobre la producci\u00f3n de alimentos en Argentina.<\/div>\n<div dir=\"ltr\">El jefe de Gobierno de la Ciudad de Buenos Aires encabez\u00f3 ayer la apertura de la feria y se\u00f1al\u00f3: \u201cEn esta primera edici\u00f3n de MAPPA reunimos a productores y gastron\u00f3micos de todo el pa\u00eds para potenciar su trabajo conjunto, y a la vez ofrecer a todos los que viven y nos visitan en la Ciudad la oportunidad de disfrutar de lo mejor de nuestra gastronom\u00eda nacional\u201d.<br \/>\n\u201cLa gastronom\u00eda genera trabajo, por eso, vamos a seguir acompa\u00f1ando al sector gastron\u00f3mico y a los productores de alimentos, impulsando nuevas iniciativas y espacios de calidad para que puedan crecer y ofrecer sus productos a cada vez m\u00e1s argentinos\u201d, afirm\u00f3.<br \/>\nMAPPA es una acci\u00f3n gratuita impulsada por el Gobierno de la Ciudad de Buenos Aires, a trav\u00e9s del Ministerio de Desarrollo Econ\u00f3mico y Producci\u00f3n, con el objetivo de potenciar la actividad econ\u00f3mica a trav\u00e9s del desarrollo gastron\u00f3mico porte\u00f1o.<br \/>\nLa iniciativa permite que vecinos, vecinas y turistas disfruten y conozcan sobre el origen de los alimentos que se producen en Argentina, sus caracter\u00edsticas y valor cultural. Asimismo, apunta a unir a los peque\u00f1os, medianos y grandes productores de alimentos del pa\u00eds con toda la industria gastron\u00f3mica para fomentar relaciones comerciales y la promoci\u00f3n del empleo.<br \/>\nAdem\u00e1s del Mercado hay puestos gastron\u00f3micos de chefs reconocidos con propuestas \u00fanicas y exclusivas para el evento. En el patio gastron\u00f3mico federal est\u00e1n: Germ\u00e1n Martitegui; Christophe; Pedro Bargero (Chila); Roberto Petersen; Dolli Irigoyen, Enrique Pi\u00f1eyro (Anchoita); Mart\u00edn Molteni (Puratierra); Mar\u00eda Florencia Rodr\u00edguez (Restaurante El Nuevo Progreso- Jujuy); Jorge Mon\u00f3poli (Kalma Restaurante \/ Tierra del Fuego); Gabriel Oggero (Crizia); Patricio Negro (Sarasa Negro &#8211; Mar del Plata); Juan Gaffuri (Elena-Four Seasons); Mariano Ram\u00f3n (Gran Dabbang); Gisela Medina (Red de Cocineros del Iber\u00e1); Pablo Buzzo; Julio B\u00e1ez (Julia Restaurante); Daniel Ur\u00eda (Ur\u00eda Raclette); Pedro Pe\u00f1a y Germ\u00e1n Sitz (La Carnicer\u00eda, Ni\u00f1o Gordo); Alejandro Feraud (Alo\u2019s Cocina de Ra\u00edz); Vanina Chimeno; Maxi Rossi (Picar\u00f3n); Natalia Insaurralde, Mart\u00edn M\u00e9ndez, Paolo Rossi y Marcelo Taborda (Cocineros miembro del Foro de Gastronom\u00eda Chaque\u00f1a); Miguel Avalle y Carlos Avalle (Refiner\u00eda \/ Rosario); y Mart\u00edn Bouquet (Bon Bouquet Creperie).<br \/>\nTambi\u00e9n, un Bar de Quesos para degustar de una amplia selecci\u00f3n de toda la Argentina, y un sector de Degustaci\u00f3n de Vinos, para conocer y aprender sobre nuestra industria vitivin\u00edcola, con la presencia de bodegas de diferentes puntos del pa\u00eds: Passionate Wine (Tupungato, Mendoza); Cara Sur Vinos de Monta\u00f1a (Barreal, San Juan); Inculto (Cafayate, Salta); Escala Humana (Valle de Uco, Mendoza); Alpamanta (Ugarteche, Mendoza); La<\/p>\n<p>Imaginaci\u00f3n al poder (Luj\u00e1n de Cuyo, Mendoza); Familia Morcos (San Mart\u00edn, Mendoza); Cha\u00f1armuyo (Valle de Cha\u00f1armuyo, La Rioja); Bodega Veralma (Tinogasta, Catamarca); Otronia (Sarmiento, Chubut); Bodega El Bayeh (Maimar\u00e1, Jujuy); Finca La Matilde (San Javier, C\u00f3rdoba); Finca Mar\u00eda del Pilar (Beltr\u00e1n, Santiago del Estero); Familia Schroeder (San Patricio del Cha\u00f1ar, Neuqu\u00e9n); Bodega Del Desierto (25 de Mayo, La Pampa); Costa y Pampa (Chapadmalal, Buenos Aires); Bodegas &amp; Vi\u00f1edos Agrestis (General Roca, Rio Negro); Mastrantonio Wines (Valle de Uco, Mendoza).<br \/>\nA su vez, se brindan charlas de reconocidas figuras de la gastronom\u00eda como Gast\u00f3n Acurio, Malena Martinez, Dolli Irigoyen, Roberto Petersen, Germ\u00e1n Martitegui, Christophe Krywonis, Vanina Chimeno, entre otros.<br \/>\nQuienes visiten MAPPA podr\u00e1n votar por su productor favorito de las categor\u00edas Dulce de Leche, Miel, Quesos y Aceite de Oliva. El domingo a las 18 se anunciar\u00e1 el ganador de cada categor\u00eda, que recibir\u00e1 una distinci\u00f3n oficial.<br \/>\nMAPPA cuenta con los servicios de Andreani para que los productores puedan llegar a todo el pa\u00eds con sus ventas.<\/p><\/div>\n<div dir=\"ltr\">Toda la informaci\u00f3n de la iniciativa se puede consultar a trav\u00e9s de Boti, el WhatsApp de la Ciudad, al 11-5050-0147.<\/div>\n","protected":false},"excerpt":{"rendered":"<p>La provincia de Buenos Aires participa de la primera edici\u00f3n del Mercado Argentino de Productos y Productores Agroalimentarios (MAPPA), que se desarrolla en el barrio de colegiales de la Ciudad de Buenos Aires, del 21 al 23 de octubre.<\/p>\n","protected":false},"author":3,"featured_media":0,"comment_status":"closed","ping_status":"closed","sticky":false,"template":"","format":"standard","meta":{"footnotes":""},"categories":[36,24,33],"tags":[],"class_list":["post-79270","post","type-post","status-publish","format-standard","hentry","category-economia","category-politica","category-turismo"],"yoast_head":"<!-- This site is optimized with the Yoast SEO plugin v25.9 - https:\/\/yoast.com\/wordpress\/plugins\/seo\/ -->\n<title>La provincia de Buenos Aires participa del Mercado de Productos y Productores de todo el pa\u00eds, con vidriera en la Ciudad de Buenos Aires - Noticias Radio Reflejos<\/title>\n<meta name=\"robots\" content=\"index, follow, max-snippet:-1, max-image-preview:large, max-video-preview:-1\" \/>\n<link rel=\"canonical\" href=\"https:\/\/www.noticiasradioreflejos.com.ar\/2021\/la-provincia-de-buenos-aires-participa-del-mercado-de-productos-y-productores-de-todo-el-pais-con-vidriera-en-la-ciudad-de-buenos-aires\/\" \/>\n<meta property=\"og:locale\" content=\"es_ES\" \/>\n<meta property=\"og:type\" content=\"article\" \/>\n<meta property=\"og:title\" content=\"La provincia de Buenos Aires participa del Mercado de Productos y Productores de todo el pa\u00eds, con vidriera en la Ciudad de Buenos Aires - Noticias Radio Reflejos\" \/>\n<meta property=\"og:description\" content=\"La provincia de Buenos Aires participa de la primera edici\u00f3n del Mercado Argentino de Productos y Productores Agroalimentarios (MAPPA), que se desarrolla en el barrio de colegiales de la Ciudad de Buenos Aires, del 21 al 23 de octubre.\" \/>\n<meta property=\"og:url\" content=\"https:\/\/www.noticiasradioreflejos.com.ar\/2021\/la-provincia-de-buenos-aires-participa-del-mercado-de-productos-y-productores-de-todo-el-pais-con-vidriera-en-la-ciudad-de-buenos-aires\/\" \/>\n<meta property=\"og:site_name\" content=\"Noticias Radio Reflejos\" \/>\n<meta property=\"article:published_time\" content=\"2022-10-22T16:23:14+00:00\" \/>\n<meta property=\"og:image\" content=\"https:\/\/www.noticiasradioreflejos.com.ar\/2021\/wp-content\/uploads\/2021\/07\/logosol300x200.png\" \/>\n\t<meta property=\"og:image:width\" content=\"300\" \/>\n\t<meta property=\"og:image:height\" content=\"200\" \/>\n\t<meta property=\"og:image:type\" content=\"image\/png\" \/>\n<meta name=\"author\" content=\"Arnaldo Botto\" \/>\n<meta name=\"twitter:card\" content=\"summary_large_image\" \/>\n<script type=\"application\/ld+json\" class=\"yoast-schema-graph\">{\"@context\":\"https:\/\/schema.org\",\"@graph\":[{\"@type\":\"WebPage\",\"@id\":\"https:\/\/www.noticiasradioreflejos.com.ar\/2021\/la-provincia-de-buenos-aires-participa-del-mercado-de-productos-y-productores-de-todo-el-pais-con-vidriera-en-la-ciudad-de-buenos-aires\/\",\"url\":\"https:\/\/www.noticiasradioreflejos.com.ar\/2021\/la-provincia-de-buenos-aires-participa-del-mercado-de-productos-y-productores-de-todo-el-pais-con-vidriera-en-la-ciudad-de-buenos-aires\/\",\"name\":\"La provincia de Buenos Aires participa del Mercado de Productos y Productores de todo el pa\u00eds, con vidriera en la Ciudad de Buenos Aires - Noticias Radio Reflejos\",\"isPartOf\":{\"@id\":\"https:\/\/www.noticiasradioreflejos.com.ar\/2021\/#website\"},\"datePublished\":\"2022-10-22T16:23:14+00:00\",\"author\":{\"@id\":\"https:\/\/www.noticiasradioreflejos.com.ar\/2021\/#\/schema\/person\/ad82545263dcc5ec0996818884fd5fb1\"},\"breadcrumb\":{\"@id\":\"https:\/\/www.noticiasradioreflejos.com.ar\/2021\/la-provincia-de-buenos-aires-participa-del-mercado-de-productos-y-productores-de-todo-el-pais-con-vidriera-en-la-ciudad-de-buenos-aires\/#breadcrumb\"},\"inLanguage\":\"es\",\"potentialAction\":[{\"@type\":\"ReadAction\",\"target\":[\"https:\/\/www.noticiasradioreflejos.com.ar\/2021\/la-provincia-de-buenos-aires-participa-del-mercado-de-productos-y-productores-de-todo-el-pais-con-vidriera-en-la-ciudad-de-buenos-aires\/\"]}]},{\"@type\":\"BreadcrumbList\",\"@id\":\"https:\/\/www.noticiasradioreflejos.com.ar\/2021\/la-provincia-de-buenos-aires-participa-del-mercado-de-productos-y-productores-de-todo-el-pais-con-vidriera-en-la-ciudad-de-buenos-aires\/#breadcrumb\",\"itemListElement\":[{\"@type\":\"ListItem\",\"position\":1,\"name\":\"Portada\",\"item\":\"https:\/\/www.noticiasradioreflejos.com.ar\/2021\/\"},{\"@type\":\"ListItem\",\"position\":2,\"name\":\"La provincia de Buenos Aires participa del Mercado de Productos y Productores de todo el pa\u00eds, con vidriera en la Ciudad de Buenos Aires\"}]},{\"@type\":\"WebSite\",\"@id\":\"https:\/\/www.noticiasradioreflejos.com.ar\/2021\/#website\",\"url\":\"https:\/\/www.noticiasradioreflejos.com.ar\/2021\/\",\"name\":\"Noticias Radio Reflejos\",\"description\":\"Las noticias de mi comarca\",\"potentialAction\":[{\"@type\":\"SearchAction\",\"target\":{\"@type\":\"EntryPoint\",\"urlTemplate\":\"https:\/\/www.noticiasradioreflejos.com.ar\/2021\/?s={search_term_string}\"},\"query-input\":{\"@type\":\"PropertyValueSpecification\",\"valueRequired\":true,\"valueName\":\"search_term_string\"}}],\"inLanguage\":\"es\"},{\"@type\":\"Person\",\"@id\":\"https:\/\/www.noticiasradioreflejos.com.ar\/2021\/#\/schema\/person\/ad82545263dcc5ec0996818884fd5fb1\",\"name\":\"Arnaldo Botto\",\"image\":{\"@type\":\"ImageObject\",\"inLanguage\":\"es\",\"@id\":\"https:\/\/www.noticiasradioreflejos.com.ar\/2021\/#\/schema\/person\/image\/\",\"url\":\"https:\/\/secure.gravatar.com\/avatar\/55cb5e37c1efa326397366e6974cb338056df65cb50e7d64d1cf314e87504837?s=96&d=mm&r=g\",\"contentUrl\":\"https:\/\/secure.gravatar.com\/avatar\/55cb5e37c1efa326397366e6974cb338056df65cb50e7d64d1cf314e87504837?s=96&d=mm&r=g\",\"caption\":\"Arnaldo Botto\"},\"url\":\"https:\/\/www.noticiasradioreflejos.com.ar\/2021\/author\/arnaldo\/\"}]}<\/script>\n<!-- \/ Yoast SEO plugin. -->","yoast_head_json":{"title":"La provincia de Buenos Aires participa del Mercado de Productos y Productores de todo el pa\u00eds, con vidriera en la Ciudad de Buenos Aires - Noticias Radio Reflejos","robots":{"index":"index","follow":"follow","max-snippet":"max-snippet:-1","max-image-preview":"max-image-preview:large","max-video-preview":"max-video-preview:-1"},"canonical":"https:\/\/www.noticiasradioreflejos.com.ar\/2021\/la-provincia-de-buenos-aires-participa-del-mercado-de-productos-y-productores-de-todo-el-pais-con-vidriera-en-la-ciudad-de-buenos-aires\/","og_locale":"es_ES","og_type":"article","og_title":"La provincia de Buenos Aires participa del Mercado de Productos y Productores de todo el pa\u00eds, con vidriera en la Ciudad de Buenos Aires - Noticias Radio Reflejos","og_description":"La provincia de Buenos Aires participa de la primera edici\u00f3n del Mercado Argentino de Productos y Productores Agroalimentarios (MAPPA), que se desarrolla en el barrio de colegiales de la Ciudad de Buenos Aires, del 21 al 23 de octubre.","og_url":"https:\/\/www.noticiasradioreflejos.com.ar\/2021\/la-provincia-de-buenos-aires-participa-del-mercado-de-productos-y-productores-de-todo-el-pais-con-vidriera-en-la-ciudad-de-buenos-aires\/","og_site_name":"Noticias Radio Reflejos","article_published_time":"2022-10-22T16:23:14+00:00","og_image":[{"width":300,"height":200,"url":"https:\/\/www.noticiasradioreflejos.com.ar\/2021\/wp-content\/uploads\/2021\/07\/logosol300x200.png","type":"image\/png"}],"author":"Arnaldo Botto","twitter_card":"summary_large_image","schema":{"@context":"https:\/\/schema.org","@graph":[{"@type":"WebPage","@id":"https:\/\/www.noticiasradioreflejos.com.ar\/2021\/la-provincia-de-buenos-aires-participa-del-mercado-de-productos-y-productores-de-todo-el-pais-con-vidriera-en-la-ciudad-de-buenos-aires\/","url":"https:\/\/www.noticiasradioreflejos.com.ar\/2021\/la-provincia-de-buenos-aires-participa-del-mercado-de-productos-y-productores-de-todo-el-pais-con-vidriera-en-la-ciudad-de-buenos-aires\/","name":"La provincia de Buenos Aires participa del Mercado de Productos y Productores de todo el pa\u00eds, con vidriera en la Ciudad de Buenos Aires - Noticias Radio Reflejos","isPartOf":{"@id":"https:\/\/www.noticiasradioreflejos.com.ar\/2021\/#website"},"datePublished":"2022-10-22T16:23:14+00:00","author":{"@id":"https:\/\/www.noticiasradioreflejos.com.ar\/2021\/#\/schema\/person\/ad82545263dcc5ec0996818884fd5fb1"},"breadcrumb":{"@id":"https:\/\/www.noticiasradioreflejos.com.ar\/2021\/la-provincia-de-buenos-aires-participa-del-mercado-de-productos-y-productores-de-todo-el-pais-con-vidriera-en-la-ciudad-de-buenos-aires\/#breadcrumb"},"inLanguage":"es","potentialAction":[{"@type":"ReadAction","target":["https:\/\/www.noticiasradioreflejos.com.ar\/2021\/la-provincia-de-buenos-aires-participa-del-mercado-de-productos-y-productores-de-todo-el-pais-con-vidriera-en-la-ciudad-de-buenos-aires\/"]}]},{"@type":"BreadcrumbList","@id":"https:\/\/www.noticiasradioreflejos.com.ar\/2021\/la-provincia-de-buenos-aires-participa-del-mercado-de-productos-y-productores-de-todo-el-pais-con-vidriera-en-la-ciudad-de-buenos-aires\/#breadcrumb","itemListElement":[{"@type":"ListItem","position":1,"name":"Portada","item":"https:\/\/www.noticiasradioreflejos.com.ar\/2021\/"},{"@type":"ListItem","position":2,"name":"La provincia de Buenos Aires participa del Mercado de Productos y Productores de todo el pa\u00eds, con vidriera en la Ciudad de Buenos Aires"}]},{"@type":"WebSite","@id":"https:\/\/www.noticiasradioreflejos.com.ar\/2021\/#website","url":"https:\/\/www.noticiasradioreflejos.com.ar\/2021\/","name":"Noticias Radio Reflejos","description":"Las noticias de mi comarca","potentialAction":[{"@type":"SearchAction","target":{"@type":"EntryPoint","urlTemplate":"https:\/\/www.noticiasradioreflejos.com.ar\/2021\/?s={search_term_string}"},"query-input":{"@type":"PropertyValueSpecification","valueRequired":true,"valueName":"search_term_string"}}],"inLanguage":"es"},{"@type":"Person","@id":"https:\/\/www.noticiasradioreflejos.com.ar\/2021\/#\/schema\/person\/ad82545263dcc5ec0996818884fd5fb1","name":"Arnaldo Botto","image":{"@type":"ImageObject","inLanguage":"es","@id":"https:\/\/www.noticiasradioreflejos.com.ar\/2021\/#\/schema\/person\/image\/","url":"https:\/\/secure.gravatar.com\/avatar\/55cb5e37c1efa326397366e6974cb338056df65cb50e7d64d1cf314e87504837?s=96&d=mm&r=g","contentUrl":"https:\/\/secure.gravatar.com\/avatar\/55cb5e37c1efa326397366e6974cb338056df65cb50e7d64d1cf314e87504837?s=96&d=mm&r=g","caption":"Arnaldo Botto"},"url":"https:\/\/www.noticiasradioreflejos.com.ar\/2021\/author\/arnaldo\/"}]}},"_links":{"self":[{"href":"https:\/\/www.noticiasradioreflejos.com.ar\/2021\/wp-json\/wp\/v2\/posts\/79270","targetHints":{"allow":["GET"]}}],"collection":[{"href":"https:\/\/www.noticiasradioreflejos.com.ar\/2021\/wp-json\/wp\/v2\/posts"}],"about":[{"href":"https:\/\/www.noticiasradioreflejos.com.ar\/2021\/wp-json\/wp\/v2\/types\/post"}],"author":[{"embeddable":true,"href":"https:\/\/www.noticiasradioreflejos.com.ar\/2021\/wp-json\/wp\/v2\/users\/3"}],"replies":[{"embeddable":true,"href":"https:\/\/www.noticiasradioreflejos.com.ar\/2021\/wp-json\/wp\/v2\/comments?post=79270"}],"version-history":[{"count":2,"href":"https:\/\/www.noticiasradioreflejos.com.ar\/2021\/wp-json\/wp\/v2\/posts\/79270\/revisions"}],"predecessor-version":[{"id":79273,"href":"https:\/\/www.noticiasradioreflejos.com.ar\/2021\/wp-json\/wp\/v2\/posts\/79270\/revisions\/79273"}],"wp:attachment":[{"href":"https:\/\/www.noticiasradioreflejos.com.ar\/2021\/wp-json\/wp\/v2\/media?parent=79270"}],"wp:term":[{"taxonomy":"category","embeddable":true,"href":"https:\/\/www.noticiasradioreflejos.com.ar\/2021\/wp-json\/wp\/v2\/categories?post=79270"},{"taxonomy":"post_tag","embeddable":true,"href":"https:\/\/www.noticiasradioreflejos.com.ar\/2021\/wp-json\/wp\/v2\/tags?post=79270"}],"curies":[{"name":"wp","href":"https:\/\/api.w.org\/{rel}","templated":true}]}}