{"id":79248,"date":"2022-10-21T20:34:36","date_gmt":"2022-10-21T20:34:36","guid":{"rendered":"http:\/\/www.noticiasradioreflejos.com.ar\/2021\/?p=79248"},"modified":"2022-10-21T20:50:08","modified_gmt":"2022-10-21T20:50:08","slug":"chicos-de-automoto-emprenden-un-sonado-viaje-a-buenos-aires","status":"publish","type":"post","link":"https:\/\/www.noticiasradioreflejos.com.ar\/2021\/chicos-de-automoto-emprenden-un-sonado-viaje-a-buenos-aires\/","title":{"rendered":"Chicos de Automoto emprenden un so\u00f1ado viaje a Buenos Aires"},"content":{"rendered":"<p>Tres categor\u00edas de f\u00fatbol del Automoto Club Deportivo viajar\u00e1n este domingo a Buenos Aires para cumplir con una semana \u00fanica, so\u00f1ada e inolvidable, que incluir\u00e1 la visita a estadios, partidos amistosos y muchas sorpresas.<!--more--><\/p>\n<p>La delegaci\u00f3n estar\u00e1 integrada por 39 jugadores de las categor\u00edas 2009, 2010 y 2011, quienes estar\u00e1n acompa\u00f1ados por el coordinador de la Escuelita Azulgrana, Gonzalo Andrada; el coordinador de las divisiones inferiores, Juan Salazar; y los profesores Juan Vigil y Ger\u00f3nimo Rodr\u00edguez.<\/p>\n<p>Los chicos del Rojo, que arribar\u00e1n el lunes a la capital del pa\u00eds y estar\u00e1n hasta \u00faltima hora del jueves, se alojar\u00e1n en el complejo Ce.Re.Na, ubicado a metros del predio de entrenamiento de la AFA.<\/p>\n<p>Entre las actividades programadas, se destacan las visitas al Monumental y La Bombonera, y a los predios deportivos de Independiente, Hurac\u00e1n, Estudiantes de La Plata y Banfield, donde adem\u00e1s se jugar\u00e1n partidos amistosos.<\/p>\n<p>Sin dudas ser\u00e1 una hermosa experiencia para cada uno de los integrantes de la delegaci\u00f3n azulgrana.<\/p>\n<p>&nbsp;<\/p>\n<p>Departamento de Prensa \u2013 Automoto Club Deportivo<\/p>\n<p>Facebook: \/automototornquist<\/p>\n<p>Twitter: @ClubAutomoto<\/p>\n","protected":false},"excerpt":{"rendered":"<p>Tres categor\u00edas de f\u00fatbol del Automoto Club Deportivo viajar\u00e1n este domingo a Buenos Aires para cumplir con una semana \u00fanica, so\u00f1ada e inolvidable, que incluir\u00e1 la visita a estadios, partidos amistosos y muchas sorpresas.<\/p>\n","protected":false},"author":3,"featured_media":0,"comment_status":"closed","ping_status":"closed","sticky":false,"template":"","format":"standard","meta":{"footnotes":""},"categories":[27],"tags":[],"class_list":["post-79248","post","type-post","status-publish","format-standard","hentry","category-deportes"],"yoast_head":"<!-- This site is optimized with the Yoast SEO plugin v25.9 - https:\/\/yoast.com\/wordpress\/plugins\/seo\/ -->\n<title>Chicos de Automoto emprenden un so\u00f1ado viaje a Buenos Aires - Noticias Radio Reflejos<\/title>\n<meta name=\"robots\" content=\"index, follow, max-snippet:-1, max-image-preview:large, max-video-preview:-1\" \/>\n<link rel=\"canonical\" href=\"https:\/\/www.noticiasradioreflejos.com.ar\/2021\/chicos-de-automoto-emprenden-un-sonado-viaje-a-buenos-aires\/\" \/>\n<meta property=\"og:locale\" content=\"es_ES\" \/>\n<meta property=\"og:type\" content=\"article\" \/>\n<meta property=\"og:title\" content=\"Chicos de Automoto emprenden un so\u00f1ado viaje a Buenos Aires - Noticias Radio Reflejos\" \/>\n<meta property=\"og:description\" content=\"Tres categor\u00edas de f\u00fatbol del Automoto Club Deportivo viajar\u00e1n este domingo a Buenos Aires para cumplir con una semana \u00fanica, so\u00f1ada e inolvidable, que incluir\u00e1 la visita a estadios, partidos amistosos y muchas sorpresas.\" \/>\n<meta property=\"og:url\" content=\"https:\/\/www.noticiasradioreflejos.com.ar\/2021\/chicos-de-automoto-emprenden-un-sonado-viaje-a-buenos-aires\/\" \/>\n<meta property=\"og:site_name\" content=\"Noticias Radio Reflejos\" \/>\n<meta property=\"article:published_time\" content=\"2022-10-21T20:34:36+00:00\" \/>\n<meta property=\"article:modified_time\" content=\"2022-10-21T20:50:08+00:00\" \/>\n<meta property=\"og:image\" content=\"https:\/\/www.noticiasradioreflejos.com.ar\/2021\/wp-content\/uploads\/2021\/07\/logosol300x200.png\" \/>\n\t<meta property=\"og:image:width\" content=\"300\" \/>\n\t<meta property=\"og:image:height\" content=\"200\" \/>\n\t<meta property=\"og:image:type\" content=\"image\/png\" \/>\n<meta name=\"author\" content=\"Arnaldo Botto\" \/>\n<meta name=\"twitter:card\" content=\"summary_large_image\" \/>\n<script type=\"application\/ld+json\" class=\"yoast-schema-graph\">{\"@context\":\"https:\/\/schema.org\",\"@graph\":[{\"@type\":\"WebPage\",\"@id\":\"https:\/\/www.noticiasradioreflejos.com.ar\/2021\/chicos-de-automoto-emprenden-un-sonado-viaje-a-buenos-aires\/\",\"url\":\"https:\/\/www.noticiasradioreflejos.com.ar\/2021\/chicos-de-automoto-emprenden-un-sonado-viaje-a-buenos-aires\/\",\"name\":\"Chicos de Automoto emprenden un so\u00f1ado viaje a Buenos Aires - Noticias Radio Reflejos\",\"isPartOf\":{\"@id\":\"https:\/\/www.noticiasradioreflejos.com.ar\/2021\/#website\"},\"datePublished\":\"2022-10-21T20:34:36+00:00\",\"dateModified\":\"2022-10-21T20:50:08+00:00\",\"author\":{\"@id\":\"https:\/\/www.noticiasradioreflejos.com.ar\/2021\/#\/schema\/person\/ad82545263dcc5ec0996818884fd5fb1\"},\"breadcrumb\":{\"@id\":\"https:\/\/www.noticiasradioreflejos.com.ar\/2021\/chicos-de-automoto-emprenden-un-sonado-viaje-a-buenos-aires\/#breadcrumb\"},\"inLanguage\":\"es\",\"potentialAction\":[{\"@type\":\"ReadAction\",\"target\":[\"https:\/\/www.noticiasradioreflejos.com.ar\/2021\/chicos-de-automoto-emprenden-un-sonado-viaje-a-buenos-aires\/\"]}]},{\"@type\":\"BreadcrumbList\",\"@id\":\"https:\/\/www.noticiasradioreflejos.com.ar\/2021\/chicos-de-automoto-emprenden-un-sonado-viaje-a-buenos-aires\/#breadcrumb\",\"itemListElement\":[{\"@type\":\"ListItem\",\"position\":1,\"name\":\"Portada\",\"item\":\"https:\/\/www.noticiasradioreflejos.com.ar\/2021\/\"},{\"@type\":\"ListItem\",\"position\":2,\"name\":\"Chicos de Automoto emprenden un so\u00f1ado viaje a Buenos Aires\"}]},{\"@type\":\"WebSite\",\"@id\":\"https:\/\/www.noticiasradioreflejos.com.ar\/2021\/#website\",\"url\":\"https:\/\/www.noticiasradioreflejos.com.ar\/2021\/\",\"name\":\"Noticias Radio Reflejos\",\"description\":\"Las noticias de mi comarca\",\"potentialAction\":[{\"@type\":\"SearchAction\",\"target\":{\"@type\":\"EntryPoint\",\"urlTemplate\":\"https:\/\/www.noticiasradioreflejos.com.ar\/2021\/?s={search_term_string}\"},\"query-input\":{\"@type\":\"PropertyValueSpecification\",\"valueRequired\":true,\"valueName\":\"search_term_string\"}}],\"inLanguage\":\"es\"},{\"@type\":\"Person\",\"@id\":\"https:\/\/www.noticiasradioreflejos.com.ar\/2021\/#\/schema\/person\/ad82545263dcc5ec0996818884fd5fb1\",\"name\":\"Arnaldo Botto\",\"image\":{\"@type\":\"ImageObject\",\"inLanguage\":\"es\",\"@id\":\"https:\/\/www.noticiasradioreflejos.com.ar\/2021\/#\/schema\/person\/image\/\",\"url\":\"https:\/\/secure.gravatar.com\/avatar\/55cb5e37c1efa326397366e6974cb338056df65cb50e7d64d1cf314e87504837?s=96&d=mm&r=g\",\"contentUrl\":\"https:\/\/secure.gravatar.com\/avatar\/55cb5e37c1efa326397366e6974cb338056df65cb50e7d64d1cf314e87504837?s=96&d=mm&r=g\",\"caption\":\"Arnaldo Botto\"},\"url\":\"https:\/\/www.noticiasradioreflejos.com.ar\/2021\/author\/arnaldo\/\"}]}<\/script>\n<!-- \/ Yoast SEO plugin. -->","yoast_head_json":{"title":"Chicos de Automoto emprenden un so\u00f1ado viaje a Buenos Aires - Noticias Radio Reflejos","robots":{"index":"index","follow":"follow","max-snippet":"max-snippet:-1","max-image-preview":"max-image-preview:large","max-video-preview":"max-video-preview:-1"},"canonical":"https:\/\/www.noticiasradioreflejos.com.ar\/2021\/chicos-de-automoto-emprenden-un-sonado-viaje-a-buenos-aires\/","og_locale":"es_ES","og_type":"article","og_title":"Chicos de Automoto emprenden un so\u00f1ado viaje a Buenos Aires - Noticias Radio Reflejos","og_description":"Tres categor\u00edas de f\u00fatbol del Automoto Club Deportivo viajar\u00e1n este domingo a Buenos Aires para cumplir con una semana \u00fanica, so\u00f1ada e inolvidable, que incluir\u00e1 la visita a estadios, partidos amistosos y muchas sorpresas.","og_url":"https:\/\/www.noticiasradioreflejos.com.ar\/2021\/chicos-de-automoto-emprenden-un-sonado-viaje-a-buenos-aires\/","og_site_name":"Noticias Radio Reflejos","article_published_time":"2022-10-21T20:34:36+00:00","article_modified_time":"2022-10-21T20:50:08+00:00","og_image":[{"width":300,"height":200,"url":"https:\/\/www.noticiasradioreflejos.com.ar\/2021\/wp-content\/uploads\/2021\/07\/logosol300x200.png","type":"image\/png"}],"author":"Arnaldo Botto","twitter_card":"summary_large_image","schema":{"@context":"https:\/\/schema.org","@graph":[{"@type":"WebPage","@id":"https:\/\/www.noticiasradioreflejos.com.ar\/2021\/chicos-de-automoto-emprenden-un-sonado-viaje-a-buenos-aires\/","url":"https:\/\/www.noticiasradioreflejos.com.ar\/2021\/chicos-de-automoto-emprenden-un-sonado-viaje-a-buenos-aires\/","name":"Chicos de Automoto emprenden un so\u00f1ado viaje a Buenos Aires - Noticias Radio Reflejos","isPartOf":{"@id":"https:\/\/www.noticiasradioreflejos.com.ar\/2021\/#website"},"datePublished":"2022-10-21T20:34:36+00:00","dateModified":"2022-10-21T20:50:08+00:00","author":{"@id":"https:\/\/www.noticiasradioreflejos.com.ar\/2021\/#\/schema\/person\/ad82545263dcc5ec0996818884fd5fb1"},"breadcrumb":{"@id":"https:\/\/www.noticiasradioreflejos.com.ar\/2021\/chicos-de-automoto-emprenden-un-sonado-viaje-a-buenos-aires\/#breadcrumb"},"inLanguage":"es","potentialAction":[{"@type":"ReadAction","target":["https:\/\/www.noticiasradioreflejos.com.ar\/2021\/chicos-de-automoto-emprenden-un-sonado-viaje-a-buenos-aires\/"]}]},{"@type":"BreadcrumbList","@id":"https:\/\/www.noticiasradioreflejos.com.ar\/2021\/chicos-de-automoto-emprenden-un-sonado-viaje-a-buenos-aires\/#breadcrumb","itemListElement":[{"@type":"ListItem","position":1,"name":"Portada","item":"https:\/\/www.noticiasradioreflejos.com.ar\/2021\/"},{"@type":"ListItem","position":2,"name":"Chicos de Automoto emprenden un so\u00f1ado viaje a Buenos Aires"}]},{"@type":"WebSite","@id":"https:\/\/www.noticiasradioreflejos.com.ar\/2021\/#website","url":"https:\/\/www.noticiasradioreflejos.com.ar\/2021\/","name":"Noticias Radio Reflejos","description":"Las noticias de mi comarca","potentialAction":[{"@type":"SearchAction","target":{"@type":"EntryPoint","urlTemplate":"https:\/\/www.noticiasradioreflejos.com.ar\/2021\/?s={search_term_string}"},"query-input":{"@type":"PropertyValueSpecification","valueRequired":true,"valueName":"search_term_string"}}],"inLanguage":"es"},{"@type":"Person","@id":"https:\/\/www.noticiasradioreflejos.com.ar\/2021\/#\/schema\/person\/ad82545263dcc5ec0996818884fd5fb1","name":"Arnaldo Botto","image":{"@type":"ImageObject","inLanguage":"es","@id":"https:\/\/www.noticiasradioreflejos.com.ar\/2021\/#\/schema\/person\/image\/","url":"https:\/\/secure.gravatar.com\/avatar\/55cb5e37c1efa326397366e6974cb338056df65cb50e7d64d1cf314e87504837?s=96&d=mm&r=g","contentUrl":"https:\/\/secure.gravatar.com\/avatar\/55cb5e37c1efa326397366e6974cb338056df65cb50e7d64d1cf314e87504837?s=96&d=mm&r=g","caption":"Arnaldo Botto"},"url":"https:\/\/www.noticiasradioreflejos.com.ar\/2021\/author\/arnaldo\/"}]}},"_links":{"self":[{"href":"https:\/\/www.noticiasradioreflejos.com.ar\/2021\/wp-json\/wp\/v2\/posts\/79248","targetHints":{"allow":["GET"]}}],"collection":[{"href":"https:\/\/www.noticiasradioreflejos.com.ar\/2021\/wp-json\/wp\/v2\/posts"}],"about":[{"href":"https:\/\/www.noticiasradioreflejos.com.ar\/2021\/wp-json\/wp\/v2\/types\/post"}],"author":[{"embeddable":true,"href":"https:\/\/www.noticiasradioreflejos.com.ar\/2021\/wp-json\/wp\/v2\/users\/3"}],"replies":[{"embeddable":true,"href":"https:\/\/www.noticiasradioreflejos.com.ar\/2021\/wp-json\/wp\/v2\/comments?post=79248"}],"version-history":[{"count":1,"href":"https:\/\/www.noticiasradioreflejos.com.ar\/2021\/wp-json\/wp\/v2\/posts\/79248\/revisions"}],"predecessor-version":[{"id":79250,"href":"https:\/\/www.noticiasradioreflejos.com.ar\/2021\/wp-json\/wp\/v2\/posts\/79248\/revisions\/79250"}],"wp:attachment":[{"href":"https:\/\/www.noticiasradioreflejos.com.ar\/2021\/wp-json\/wp\/v2\/media?parent=79248"}],"wp:term":[{"taxonomy":"category","embeddable":true,"href":"https:\/\/www.noticiasradioreflejos.com.ar\/2021\/wp-json\/wp\/v2\/categories?post=79248"},{"taxonomy":"post_tag","embeddable":true,"href":"https:\/\/www.noticiasradioreflejos.com.ar\/2021\/wp-json\/wp\/v2\/tags?post=79248"}],"curies":[{"name":"wp","href":"https:\/\/api.w.org\/{rel}","templated":true}]}}