{"id":79227,"date":"2022-10-21T16:35:10","date_gmt":"2022-10-21T16:35:10","guid":{"rendered":"http:\/\/www.noticiasradioreflejos.com.ar\/2021\/?p=79227"},"modified":"2022-10-21T16:35:10","modified_gmt":"2022-10-21T16:35:10","slug":"se-realizo-un-torneo-distrital-de-ajedrez-en-sierra-de-la-ventana","status":"publish","type":"post","link":"https:\/\/www.noticiasradioreflejos.com.ar\/2021\/se-realizo-un-torneo-distrital-de-ajedrez-en-sierra-de-la-ventana\/","title":{"rendered":"Se realiz\u00f3 un torneo distrital de ajedrez en Sierra de la Ventana"},"content":{"rendered":"<p>El \u00faltimo s\u00e1bado en Sierra de la Ventana, se realiz\u00f3 un torneo de ajedrez organizado por la Subsecretar\u00eda de Deportes de Tornquist Municipio y la Biblioteca Popular \u2018Mariano Moreno\u2019.<!--more--><\/p>\n<p>La jornada tuvo lugar en instalaciones de la Escuela Secundaria N\u00b0 2 y cont\u00f3 con 40 participantes, entre alumnos de los talleres municipales de ajedrez que se dictan en la localidad cabecera, Sierra y Villa Ventana (todos a cargo del Prof. Boris Bonifacich), concurrentes del Programa Envi\u00f3n Saldungaray y adeptos a la disciplina.<br \/>\nRESULTADOS<br \/>\nSub-11<br \/>\n1\u00b0 Mateo Rosas (Villa Ventana)<br \/>\n2\u00b0 Gregorio Mart\u00ednez Moroncini (Tornquist)<br \/>\n3\u00b0 Danto Carluccio (Villa Ventana)<br \/>\nCATEGORIA SUB 15<br \/>\nSub-15<br \/>\nGeneral<br \/>\n1\u00b0 M\u00e1ximo Cachiarelli (Villa Arcadia)<br \/>\n2\u00b0 Yasmin Brites (Sierra de la Ventana)<br \/>\n3\u00b0 Agustin Camor (Villa Ventana)<br \/>\nDamas<br \/>\n1\u00b0 Yasmin Brites (Sierra de la Ventana)<br \/>\n2\u00b0 Indiana Palavecino (Tornquist)<br \/>\n3\u00b0 Pilar Mazzola Del Rio (Saldungaray)<br \/>\nMayores<br \/>\nGeneral<br \/>\n1\u00b0 Gast\u00f3n Cabrera (Tornquist)<br \/>\n2\u00b0 Jerem\u00edas P\u00e9rez (Tornquist)<br \/>\n3\u00b0 Adriana Sartore (Tornquist)<br \/>\nDamas<br \/>\n1\u00b0 Sof\u00eda Poblet (Tornquist)<br \/>\n2\u00b0 Oriana Morales (Villa Ventana)<br \/>\nDeportes felicita a todos los participantes y agradece a la biblioteca \u2018Mariano Moreno\u2019 por brindar las instalaciones y la atenci\u00f3n.<\/p>\n","protected":false},"excerpt":{"rendered":"<p>El \u00faltimo s\u00e1bado en Sierra de la Ventana, se realiz\u00f3 un torneo de ajedrez organizado por la Subsecretar\u00eda de Deportes de Tornquist Municipio y la Biblioteca Popular \u2018Mariano Moreno\u2019.<\/p>\n","protected":false},"author":3,"featured_media":0,"comment_status":"closed","ping_status":"closed","sticky":false,"template":"","format":"standard","meta":{"footnotes":""},"categories":[27],"tags":[],"class_list":["post-79227","post","type-post","status-publish","format-standard","hentry","category-deportes"],"yoast_head":"<!-- This site is optimized with the Yoast SEO plugin v25.9 - https:\/\/yoast.com\/wordpress\/plugins\/seo\/ -->\n<title>Se realiz\u00f3 un torneo distrital de ajedrez en Sierra de la Ventana - Noticias Radio Reflejos<\/title>\n<meta name=\"robots\" content=\"index, follow, max-snippet:-1, max-image-preview:large, max-video-preview:-1\" \/>\n<link rel=\"canonical\" href=\"https:\/\/www.noticiasradioreflejos.com.ar\/2021\/se-realizo-un-torneo-distrital-de-ajedrez-en-sierra-de-la-ventana\/\" \/>\n<meta property=\"og:locale\" content=\"es_ES\" \/>\n<meta property=\"og:type\" content=\"article\" \/>\n<meta property=\"og:title\" content=\"Se realiz\u00f3 un torneo distrital de ajedrez en Sierra de la Ventana - Noticias Radio Reflejos\" \/>\n<meta property=\"og:description\" content=\"El \u00faltimo s\u00e1bado en Sierra de la Ventana, se realiz\u00f3 un torneo de ajedrez organizado por la Subsecretar\u00eda de Deportes de Tornquist Municipio y la Biblioteca Popular \u2018Mariano Moreno\u2019.\" \/>\n<meta property=\"og:url\" content=\"https:\/\/www.noticiasradioreflejos.com.ar\/2021\/se-realizo-un-torneo-distrital-de-ajedrez-en-sierra-de-la-ventana\/\" \/>\n<meta property=\"og:site_name\" content=\"Noticias Radio Reflejos\" \/>\n<meta property=\"article:published_time\" content=\"2022-10-21T16:35:10+00:00\" \/>\n<meta property=\"og:image\" content=\"https:\/\/www.noticiasradioreflejos.com.ar\/2021\/wp-content\/uploads\/2021\/07\/logosol300x200.png\" \/>\n\t<meta property=\"og:image:width\" content=\"300\" \/>\n\t<meta property=\"og:image:height\" content=\"200\" \/>\n\t<meta property=\"og:image:type\" content=\"image\/png\" \/>\n<meta name=\"author\" content=\"Arnaldo Botto\" \/>\n<meta name=\"twitter:card\" content=\"summary_large_image\" \/>\n<script type=\"application\/ld+json\" class=\"yoast-schema-graph\">{\"@context\":\"https:\/\/schema.org\",\"@graph\":[{\"@type\":\"WebPage\",\"@id\":\"https:\/\/www.noticiasradioreflejos.com.ar\/2021\/se-realizo-un-torneo-distrital-de-ajedrez-en-sierra-de-la-ventana\/\",\"url\":\"https:\/\/www.noticiasradioreflejos.com.ar\/2021\/se-realizo-un-torneo-distrital-de-ajedrez-en-sierra-de-la-ventana\/\",\"name\":\"Se realiz\u00f3 un torneo distrital de ajedrez en Sierra de la Ventana - Noticias Radio Reflejos\",\"isPartOf\":{\"@id\":\"https:\/\/www.noticiasradioreflejos.com.ar\/2021\/#website\"},\"datePublished\":\"2022-10-21T16:35:10+00:00\",\"author\":{\"@id\":\"https:\/\/www.noticiasradioreflejos.com.ar\/2021\/#\/schema\/person\/ad82545263dcc5ec0996818884fd5fb1\"},\"breadcrumb\":{\"@id\":\"https:\/\/www.noticiasradioreflejos.com.ar\/2021\/se-realizo-un-torneo-distrital-de-ajedrez-en-sierra-de-la-ventana\/#breadcrumb\"},\"inLanguage\":\"es\",\"potentialAction\":[{\"@type\":\"ReadAction\",\"target\":[\"https:\/\/www.noticiasradioreflejos.com.ar\/2021\/se-realizo-un-torneo-distrital-de-ajedrez-en-sierra-de-la-ventana\/\"]}]},{\"@type\":\"BreadcrumbList\",\"@id\":\"https:\/\/www.noticiasradioreflejos.com.ar\/2021\/se-realizo-un-torneo-distrital-de-ajedrez-en-sierra-de-la-ventana\/#breadcrumb\",\"itemListElement\":[{\"@type\":\"ListItem\",\"position\":1,\"name\":\"Portada\",\"item\":\"https:\/\/www.noticiasradioreflejos.com.ar\/2021\/\"},{\"@type\":\"ListItem\",\"position\":2,\"name\":\"Se realiz\u00f3 un torneo distrital de ajedrez en Sierra de la Ventana\"}]},{\"@type\":\"WebSite\",\"@id\":\"https:\/\/www.noticiasradioreflejos.com.ar\/2021\/#website\",\"url\":\"https:\/\/www.noticiasradioreflejos.com.ar\/2021\/\",\"name\":\"Noticias Radio Reflejos\",\"description\":\"Las noticias de mi comarca\",\"potentialAction\":[{\"@type\":\"SearchAction\",\"target\":{\"@type\":\"EntryPoint\",\"urlTemplate\":\"https:\/\/www.noticiasradioreflejos.com.ar\/2021\/?s={search_term_string}\"},\"query-input\":{\"@type\":\"PropertyValueSpecification\",\"valueRequired\":true,\"valueName\":\"search_term_string\"}}],\"inLanguage\":\"es\"},{\"@type\":\"Person\",\"@id\":\"https:\/\/www.noticiasradioreflejos.com.ar\/2021\/#\/schema\/person\/ad82545263dcc5ec0996818884fd5fb1\",\"name\":\"Arnaldo Botto\",\"image\":{\"@type\":\"ImageObject\",\"inLanguage\":\"es\",\"@id\":\"https:\/\/www.noticiasradioreflejos.com.ar\/2021\/#\/schema\/person\/image\/\",\"url\":\"https:\/\/secure.gravatar.com\/avatar\/55cb5e37c1efa326397366e6974cb338056df65cb50e7d64d1cf314e87504837?s=96&d=mm&r=g\",\"contentUrl\":\"https:\/\/secure.gravatar.com\/avatar\/55cb5e37c1efa326397366e6974cb338056df65cb50e7d64d1cf314e87504837?s=96&d=mm&r=g\",\"caption\":\"Arnaldo Botto\"},\"url\":\"https:\/\/www.noticiasradioreflejos.com.ar\/2021\/author\/arnaldo\/\"}]}<\/script>\n<!-- \/ Yoast SEO plugin. -->","yoast_head_json":{"title":"Se realiz\u00f3 un torneo distrital de ajedrez en Sierra de la Ventana - Noticias Radio Reflejos","robots":{"index":"index","follow":"follow","max-snippet":"max-snippet:-1","max-image-preview":"max-image-preview:large","max-video-preview":"max-video-preview:-1"},"canonical":"https:\/\/www.noticiasradioreflejos.com.ar\/2021\/se-realizo-un-torneo-distrital-de-ajedrez-en-sierra-de-la-ventana\/","og_locale":"es_ES","og_type":"article","og_title":"Se realiz\u00f3 un torneo distrital de ajedrez en Sierra de la Ventana - Noticias Radio Reflejos","og_description":"El \u00faltimo s\u00e1bado en Sierra de la Ventana, se realiz\u00f3 un torneo de ajedrez organizado por la Subsecretar\u00eda de Deportes de Tornquist Municipio y la Biblioteca Popular \u2018Mariano Moreno\u2019.","og_url":"https:\/\/www.noticiasradioreflejos.com.ar\/2021\/se-realizo-un-torneo-distrital-de-ajedrez-en-sierra-de-la-ventana\/","og_site_name":"Noticias Radio Reflejos","article_published_time":"2022-10-21T16:35:10+00:00","og_image":[{"width":300,"height":200,"url":"https:\/\/www.noticiasradioreflejos.com.ar\/2021\/wp-content\/uploads\/2021\/07\/logosol300x200.png","type":"image\/png"}],"author":"Arnaldo Botto","twitter_card":"summary_large_image","schema":{"@context":"https:\/\/schema.org","@graph":[{"@type":"WebPage","@id":"https:\/\/www.noticiasradioreflejos.com.ar\/2021\/se-realizo-un-torneo-distrital-de-ajedrez-en-sierra-de-la-ventana\/","url":"https:\/\/www.noticiasradioreflejos.com.ar\/2021\/se-realizo-un-torneo-distrital-de-ajedrez-en-sierra-de-la-ventana\/","name":"Se realiz\u00f3 un torneo distrital de ajedrez en Sierra de la Ventana - Noticias Radio Reflejos","isPartOf":{"@id":"https:\/\/www.noticiasradioreflejos.com.ar\/2021\/#website"},"datePublished":"2022-10-21T16:35:10+00:00","author":{"@id":"https:\/\/www.noticiasradioreflejos.com.ar\/2021\/#\/schema\/person\/ad82545263dcc5ec0996818884fd5fb1"},"breadcrumb":{"@id":"https:\/\/www.noticiasradioreflejos.com.ar\/2021\/se-realizo-un-torneo-distrital-de-ajedrez-en-sierra-de-la-ventana\/#breadcrumb"},"inLanguage":"es","potentialAction":[{"@type":"ReadAction","target":["https:\/\/www.noticiasradioreflejos.com.ar\/2021\/se-realizo-un-torneo-distrital-de-ajedrez-en-sierra-de-la-ventana\/"]}]},{"@type":"BreadcrumbList","@id":"https:\/\/www.noticiasradioreflejos.com.ar\/2021\/se-realizo-un-torneo-distrital-de-ajedrez-en-sierra-de-la-ventana\/#breadcrumb","itemListElement":[{"@type":"ListItem","position":1,"name":"Portada","item":"https:\/\/www.noticiasradioreflejos.com.ar\/2021\/"},{"@type":"ListItem","position":2,"name":"Se realiz\u00f3 un torneo distrital de ajedrez en Sierra de la Ventana"}]},{"@type":"WebSite","@id":"https:\/\/www.noticiasradioreflejos.com.ar\/2021\/#website","url":"https:\/\/www.noticiasradioreflejos.com.ar\/2021\/","name":"Noticias Radio Reflejos","description":"Las noticias de mi comarca","potentialAction":[{"@type":"SearchAction","target":{"@type":"EntryPoint","urlTemplate":"https:\/\/www.noticiasradioreflejos.com.ar\/2021\/?s={search_term_string}"},"query-input":{"@type":"PropertyValueSpecification","valueRequired":true,"valueName":"search_term_string"}}],"inLanguage":"es"},{"@type":"Person","@id":"https:\/\/www.noticiasradioreflejos.com.ar\/2021\/#\/schema\/person\/ad82545263dcc5ec0996818884fd5fb1","name":"Arnaldo Botto","image":{"@type":"ImageObject","inLanguage":"es","@id":"https:\/\/www.noticiasradioreflejos.com.ar\/2021\/#\/schema\/person\/image\/","url":"https:\/\/secure.gravatar.com\/avatar\/55cb5e37c1efa326397366e6974cb338056df65cb50e7d64d1cf314e87504837?s=96&d=mm&r=g","contentUrl":"https:\/\/secure.gravatar.com\/avatar\/55cb5e37c1efa326397366e6974cb338056df65cb50e7d64d1cf314e87504837?s=96&d=mm&r=g","caption":"Arnaldo Botto"},"url":"https:\/\/www.noticiasradioreflejos.com.ar\/2021\/author\/arnaldo\/"}]}},"_links":{"self":[{"href":"https:\/\/www.noticiasradioreflejos.com.ar\/2021\/wp-json\/wp\/v2\/posts\/79227","targetHints":{"allow":["GET"]}}],"collection":[{"href":"https:\/\/www.noticiasradioreflejos.com.ar\/2021\/wp-json\/wp\/v2\/posts"}],"about":[{"href":"https:\/\/www.noticiasradioreflejos.com.ar\/2021\/wp-json\/wp\/v2\/types\/post"}],"author":[{"embeddable":true,"href":"https:\/\/www.noticiasradioreflejos.com.ar\/2021\/wp-json\/wp\/v2\/users\/3"}],"replies":[{"embeddable":true,"href":"https:\/\/www.noticiasradioreflejos.com.ar\/2021\/wp-json\/wp\/v2\/comments?post=79227"}],"version-history":[{"count":1,"href":"https:\/\/www.noticiasradioreflejos.com.ar\/2021\/wp-json\/wp\/v2\/posts\/79227\/revisions"}],"predecessor-version":[{"id":79229,"href":"https:\/\/www.noticiasradioreflejos.com.ar\/2021\/wp-json\/wp\/v2\/posts\/79227\/revisions\/79229"}],"wp:attachment":[{"href":"https:\/\/www.noticiasradioreflejos.com.ar\/2021\/wp-json\/wp\/v2\/media?parent=79227"}],"wp:term":[{"taxonomy":"category","embeddable":true,"href":"https:\/\/www.noticiasradioreflejos.com.ar\/2021\/wp-json\/wp\/v2\/categories?post=79227"},{"taxonomy":"post_tag","embeddable":true,"href":"https:\/\/www.noticiasradioreflejos.com.ar\/2021\/wp-json\/wp\/v2\/tags?post=79227"}],"curies":[{"name":"wp","href":"https:\/\/api.w.org\/{rel}","templated":true}]}}