{"id":79216,"date":"2022-10-21T21:05:24","date_gmt":"2022-10-21T21:05:24","guid":{"rendered":"http:\/\/www.noticiasradioreflejos.com.ar\/2021\/?p=79216"},"modified":"2022-10-24T11:01:00","modified_gmt":"2022-10-24T11:01:00","slug":"con-ritondo-y-vidal-sebastian-bassi-arranco-su-carrera-a-la-intendencia","status":"publish","type":"post","link":"https:\/\/www.noticiasradioreflejos.com.ar\/2021\/con-ritondo-y-vidal-sebastian-bassi-arranco-su-carrera-a-la-intendencia\/","title":{"rendered":"Con Ritondo y Vidal, Sebasti\u00e1n Bassi arranc\u00f3 su carrera a la intendencia."},"content":{"rendered":"<p>El candidato a intendente por el PRO, inaugur\u00f3 su local con la visita de los diputados Mar\u00eda Eugenia Vidal y Cristian Ritondo, los cuales encabezar\u00edan su boleta en 2023. De todas formas explic\u00f3 que \u201cme han dicho que hay que esperar un mes m\u00e1s para saber si bajan las PASO o no\u201d.<!--more--><\/p>\n<p><a title=\"Bassi PRO (3)\" href=\"https:\/\/www.flickr.com\/photos\/182279889@N02\/52443776492\/in\/dateposted-public\/\" data-flickr-embed=\"true\"><img loading=\"lazy\" decoding=\"async\" src=\"https:\/\/live.staticflickr.com\/65535\/52443776492_5ae6fee30a_c.jpg\" alt=\"Bassi PRO (3)\" width=\"600\" height=\"800\" \/><\/a><script async src=\"\/\/embedr.flickr.com\/assets\/client-code.js\" charset=\"utf-8\"><\/script><\/p>\n<p>Esta ma\u00f1ana, en la primera cuadra de calle Mitre dentro de Tornquist, una de las vertientes del PRO inaugur\u00f3 su local de campa\u00f1a.<\/p>\n<p>Con Sebasti\u00e1n Bassi como figura rutilante para pelear la intendencia, y recibiendo la visita a modo de respaldo de los diputados Mar\u00eda Eugenia Vidal y Cristian Ritondo, el actual concejal por Juntos se mostr\u00f3 feliz por el paso dado.<\/p>\n<p>En esa l\u00ednea expres\u00f3 que \u201cmis intenciones, como siempre manifest\u00e9, est\u00e1n firmes. Del resto, lo que me entero o escucho, es por la calle y los medios. Ac\u00e1 hay que prepararse para seguir desarrollando al distrito, y si soy elegido, estar a la altura de las circunstancias, sabiendo que el margen de improvisaci\u00f3n es nulo\u201d.<\/p>\n<p>De igual forma anticip\u00f3 que \u201cposiblemente vayamos a unas PASO. Lo venimos conversando en los mejores t\u00e9rminos. El di\u00e1logo es muy bueno con el radicalismo a nivel local. De igual forma a m\u00ed me han dicho que hay que esperar un mes m\u00e1s para saber si bajan las PASO o no. Se definir\u00eda en un mes. Para la ciudadan\u00eda y para nuestro espacio ser\u00eda un problem\u00f3n\u201d.<\/p>\n<p><a title=\"Bassi PRO (4)\" href=\"https:\/\/www.flickr.com\/photos\/182279889@N02\/52444567509\/in\/dateposted-public\/\" data-flickr-embed=\"true\"><img loading=\"lazy\" decoding=\"async\" class=\"aligncenter\" src=\"https:\/\/live.staticflickr.com\/65535\/52444567509_c205f147eb_c.jpg\" alt=\"Bassi PRO (4)\" width=\"669\" height=\"800\" \/><\/a><\/p>\n<p>Y ante esa posibilidad de que las den de baja, Bassi mencion\u00f3 que \u201ccada cual analiza o especula\u2026 para m\u00ed, sin dudas, quieren complicarle la vida a la oposici\u00f3n. Del otro lado son m\u00e1s verticalistas\u201d.<\/p>\n<p>Sobre sus planteamientos de campa\u00f1a, enfatiz\u00f3 en que principalmente \u201chay dos problem\u00e1ticas a abordar. La primera es el d\u00e9ficit habitacional que existe en todo el distrito. Sabemos que tenemos que ir a gestionar a naci\u00f3n y provincia. Es un problema cr\u00edtico que te plantea el vecino. Y el otro tema inmediato es la erradicaci\u00f3n de los basurales a cielo abierto\u201d.<\/p>\n<p>Siguiendo en esa l\u00ednea mencion\u00f3 que \u201ccuando tengamos el proyecto definitivo en el Concejo Deliberante es eso\u2026 para algunos ser\u00eda un beneficio, pero para otros, como los vecinos de Tornquist, no lo s\u00e9\u2026 tendr\u00edan ac\u00e1 el relleno sanitario\u2026 hoy generan menos de 6 toneladas diarias de basura y pasar\u00edan a recibir diariamente alrededor de 90 toneladas. Ese proyecto debe ser muy prolijo, para que ese relleno, adem\u00e1s de funcionar, se pueda sostener en el tiempo. Ah\u00ed est\u00e1n nuestras mayores dudas\u201d.<\/p>\n<p>Por \u00faltimo, d\u00e1ndole un cierre al tema, apunt\u00f3 que \u201cnuestro objetivo debe ser erradicar los basurales a cielo abierto, el tema son las formas, y entre otras cosas, se habla de una plata important\u00edsima, correspondiente a cuatro presupuestos municipales, y a\u00fan no sabemos c\u00f3mo se har\u00e1n esos desembolsos\u201d.<\/p>\n<p>&nbsp;<\/p>\n<p><iframe loading=\"lazy\" src=\"https:\/\/w.soundcloud.com\/player\/?url=https%3A\/\/api.soundcloud.com\/tracks\/1367559241&amp;color=%23ff5500&amp;auto_play=false&amp;hide_related=false&amp;show_comments=true&amp;show_user=true&amp;show_reposts=false&amp;show_teaser=true\" width=\"100%\" height=\"166\" frameborder=\"no\" scrolling=\"no\"><\/iframe><\/p>\n<div style=\"font-size: 10px; color: #cccccc; line-break: anywhere; word-break: normal; overflow: hidden; white-space: nowrap; text-overflow: ellipsis; font-family: Interstate,Lucida Grande,Lucida Sans Unicode,Lucida Sans,Garuda,Verdana,Tahoma,sans-serif; font-weight: 100;\"><a style=\"color: #cccccc; text-decoration: none;\" title=\"fmreflejos 103.7\" href=\"https:\/\/soundcloud.com\/fmreflejos-103-7\" target=\"_blank\" rel=\"noopener\">fmreflejos 103.7<\/a> \u00b7 <a style=\"color: #cccccc; text-decoration: none;\" title=\"Sebastian Bassi\" href=\"https:\/\/soundcloud.com\/fmreflejos-103-7\/sebastian-bassi-302657447\" target=\"_blank\" rel=\"noopener\">Sebastian Bassi<\/a><\/div>\n<p><a title=\"Bassi PRO (2)\" href=\"https:\/\/www.flickr.com\/photos\/182279889@N02\/52444733240\/in\/dateposted-public\/\" data-flickr-embed=\"true\"><img loading=\"lazy\" decoding=\"async\" class=\"aligncenter\" src=\"https:\/\/live.staticflickr.com\/65535\/52444733240_51e3f7e71a_z.jpg\" alt=\"Bassi PRO (2)\" width=\"589\" height=\"528\" \/><\/a><\/p>\n<p>&nbsp;<\/p>\n<p><a title=\"WhatsApp Image 2022-10-21 at 18.39.59\" href=\"https:\/\/www.flickr.com\/photos\/182279889@N02\/52444813718\/in\/dateposted-public\/\" data-flickr-embed=\"true\"><img loading=\"lazy\" decoding=\"async\" class=\"aligncenter\" src=\"https:\/\/live.staticflickr.com\/65535\/52444813718_5db84d7f6e_z.jpg\" alt=\"WhatsApp Image 2022-10-21 at 18.39.59\" width=\"640\" height=\"480\" \/><\/a><\/p>\n","protected":false},"excerpt":{"rendered":"<p>El candidato a intendente por el PRO, inaugur\u00f3 su local con la visita de los diputados Mar\u00eda Eugenia Vidal y Cristian Ritondo, los cuales encabezar\u00edan su boleta en 2023. De todas formas explic\u00f3 que \u201cme han dicho que hay que esperar un mes m\u00e1s para saber si bajan las PASO o no\u201d.<\/p>\n","protected":false},"author":3,"featured_media":0,"comment_status":"closed","ping_status":"closed","sticky":false,"template":"","format":"standard","meta":{"footnotes":""},"categories":[24],"tags":[],"class_list":["post-79216","post","type-post","status-publish","format-standard","hentry","category-politica"],"yoast_head":"<!-- This site is optimized with the Yoast SEO plugin v25.9 - https:\/\/yoast.com\/wordpress\/plugins\/seo\/ -->\n<title>Con Ritondo y Vidal, Sebasti\u00e1n Bassi arranc\u00f3 su carrera a la intendencia. - Noticias Radio Reflejos<\/title>\n<meta name=\"robots\" content=\"index, follow, max-snippet:-1, max-image-preview:large, max-video-preview:-1\" \/>\n<link rel=\"canonical\" href=\"https:\/\/www.noticiasradioreflejos.com.ar\/2021\/con-ritondo-y-vidal-sebastian-bassi-arranco-su-carrera-a-la-intendencia\/\" \/>\n<meta property=\"og:locale\" content=\"es_ES\" \/>\n<meta property=\"og:type\" content=\"article\" \/>\n<meta property=\"og:title\" content=\"Con Ritondo y Vidal, Sebasti\u00e1n Bassi arranc\u00f3 su carrera a la intendencia. - Noticias Radio Reflejos\" \/>\n<meta property=\"og:description\" content=\"El candidato a intendente por el PRO, inaugur\u00f3 su local con la visita de los diputados Mar\u00eda Eugenia Vidal y Cristian Ritondo, los cuales encabezar\u00edan su boleta en 2023. De todas formas explic\u00f3 que \u201cme han dicho que hay que esperar un mes m\u00e1s para saber si bajan las PASO o no\u201d.\" \/>\n<meta property=\"og:url\" content=\"https:\/\/www.noticiasradioreflejos.com.ar\/2021\/con-ritondo-y-vidal-sebastian-bassi-arranco-su-carrera-a-la-intendencia\/\" \/>\n<meta property=\"og:site_name\" content=\"Noticias Radio Reflejos\" \/>\n<meta property=\"article:published_time\" content=\"2022-10-21T21:05:24+00:00\" \/>\n<meta property=\"article:modified_time\" content=\"2022-10-24T11:01:00+00:00\" \/>\n<meta property=\"og:image\" content=\"https:\/\/live.staticflickr.com\/65535\/52443776492_5ae6fee30a_c.jpg\" \/>\n<meta name=\"author\" content=\"Arnaldo Botto\" \/>\n<meta name=\"twitter:card\" content=\"summary_large_image\" \/>\n<script type=\"application\/ld+json\" class=\"yoast-schema-graph\">{\"@context\":\"https:\/\/schema.org\",\"@graph\":[{\"@type\":\"WebPage\",\"@id\":\"https:\/\/www.noticiasradioreflejos.com.ar\/2021\/con-ritondo-y-vidal-sebastian-bassi-arranco-su-carrera-a-la-intendencia\/\",\"url\":\"https:\/\/www.noticiasradioreflejos.com.ar\/2021\/con-ritondo-y-vidal-sebastian-bassi-arranco-su-carrera-a-la-intendencia\/\",\"name\":\"Con Ritondo y Vidal, Sebasti\u00e1n Bassi arranc\u00f3 su carrera a la intendencia. - Noticias Radio Reflejos\",\"isPartOf\":{\"@id\":\"https:\/\/www.noticiasradioreflejos.com.ar\/2021\/#website\"},\"primaryImageOfPage\":{\"@id\":\"https:\/\/www.noticiasradioreflejos.com.ar\/2021\/con-ritondo-y-vidal-sebastian-bassi-arranco-su-carrera-a-la-intendencia\/#primaryimage\"},\"image\":{\"@id\":\"https:\/\/www.noticiasradioreflejos.com.ar\/2021\/con-ritondo-y-vidal-sebastian-bassi-arranco-su-carrera-a-la-intendencia\/#primaryimage\"},\"thumbnailUrl\":\"https:\/\/live.staticflickr.com\/65535\/52443776492_5ae6fee30a_c.jpg\",\"datePublished\":\"2022-10-21T21:05:24+00:00\",\"dateModified\":\"2022-10-24T11:01:00+00:00\",\"author\":{\"@id\":\"https:\/\/www.noticiasradioreflejos.com.ar\/2021\/#\/schema\/person\/ad82545263dcc5ec0996818884fd5fb1\"},\"breadcrumb\":{\"@id\":\"https:\/\/www.noticiasradioreflejos.com.ar\/2021\/con-ritondo-y-vidal-sebastian-bassi-arranco-su-carrera-a-la-intendencia\/#breadcrumb\"},\"inLanguage\":\"es\",\"potentialAction\":[{\"@type\":\"ReadAction\",\"target\":[\"https:\/\/www.noticiasradioreflejos.com.ar\/2021\/con-ritondo-y-vidal-sebastian-bassi-arranco-su-carrera-a-la-intendencia\/\"]}]},{\"@type\":\"ImageObject\",\"inLanguage\":\"es\",\"@id\":\"https:\/\/www.noticiasradioreflejos.com.ar\/2021\/con-ritondo-y-vidal-sebastian-bassi-arranco-su-carrera-a-la-intendencia\/#primaryimage\",\"url\":\"https:\/\/live.staticflickr.com\/65535\/52443776492_5ae6fee30a_c.jpg\",\"contentUrl\":\"https:\/\/live.staticflickr.com\/65535\/52443776492_5ae6fee30a_c.jpg\"},{\"@type\":\"BreadcrumbList\",\"@id\":\"https:\/\/www.noticiasradioreflejos.com.ar\/2021\/con-ritondo-y-vidal-sebastian-bassi-arranco-su-carrera-a-la-intendencia\/#breadcrumb\",\"itemListElement\":[{\"@type\":\"ListItem\",\"position\":1,\"name\":\"Portada\",\"item\":\"https:\/\/www.noticiasradioreflejos.com.ar\/2021\/\"},{\"@type\":\"ListItem\",\"position\":2,\"name\":\"Con Ritondo y Vidal, Sebasti\u00e1n Bassi arranc\u00f3 su carrera a la intendencia.\"}]},{\"@type\":\"WebSite\",\"@id\":\"https:\/\/www.noticiasradioreflejos.com.ar\/2021\/#website\",\"url\":\"https:\/\/www.noticiasradioreflejos.com.ar\/2021\/\",\"name\":\"Noticias Radio Reflejos\",\"description\":\"Las noticias de mi comarca\",\"potentialAction\":[{\"@type\":\"SearchAction\",\"target\":{\"@type\":\"EntryPoint\",\"urlTemplate\":\"https:\/\/www.noticiasradioreflejos.com.ar\/2021\/?s={search_term_string}\"},\"query-input\":{\"@type\":\"PropertyValueSpecification\",\"valueRequired\":true,\"valueName\":\"search_term_string\"}}],\"inLanguage\":\"es\"},{\"@type\":\"Person\",\"@id\":\"https:\/\/www.noticiasradioreflejos.com.ar\/2021\/#\/schema\/person\/ad82545263dcc5ec0996818884fd5fb1\",\"name\":\"Arnaldo Botto\",\"image\":{\"@type\":\"ImageObject\",\"inLanguage\":\"es\",\"@id\":\"https:\/\/www.noticiasradioreflejos.com.ar\/2021\/#\/schema\/person\/image\/\",\"url\":\"https:\/\/secure.gravatar.com\/avatar\/55cb5e37c1efa326397366e6974cb338056df65cb50e7d64d1cf314e87504837?s=96&d=mm&r=g\",\"contentUrl\":\"https:\/\/secure.gravatar.com\/avatar\/55cb5e37c1efa326397366e6974cb338056df65cb50e7d64d1cf314e87504837?s=96&d=mm&r=g\",\"caption\":\"Arnaldo Botto\"},\"url\":\"https:\/\/www.noticiasradioreflejos.com.ar\/2021\/author\/arnaldo\/\"}]}<\/script>\n<!-- \/ Yoast SEO plugin. -->","yoast_head_json":{"title":"Con Ritondo y Vidal, Sebasti\u00e1n Bassi arranc\u00f3 su carrera a la intendencia. - Noticias Radio Reflejos","robots":{"index":"index","follow":"follow","max-snippet":"max-snippet:-1","max-image-preview":"max-image-preview:large","max-video-preview":"max-video-preview:-1"},"canonical":"https:\/\/www.noticiasradioreflejos.com.ar\/2021\/con-ritondo-y-vidal-sebastian-bassi-arranco-su-carrera-a-la-intendencia\/","og_locale":"es_ES","og_type":"article","og_title":"Con Ritondo y Vidal, Sebasti\u00e1n Bassi arranc\u00f3 su carrera a la intendencia. - Noticias Radio Reflejos","og_description":"El candidato a intendente por el PRO, inaugur\u00f3 su local con la visita de los diputados Mar\u00eda Eugenia Vidal y Cristian Ritondo, los cuales encabezar\u00edan su boleta en 2023. De todas formas explic\u00f3 que \u201cme han dicho que hay que esperar un mes m\u00e1s para saber si bajan las PASO o no\u201d.","og_url":"https:\/\/www.noticiasradioreflejos.com.ar\/2021\/con-ritondo-y-vidal-sebastian-bassi-arranco-su-carrera-a-la-intendencia\/","og_site_name":"Noticias Radio Reflejos","article_published_time":"2022-10-21T21:05:24+00:00","article_modified_time":"2022-10-24T11:01:00+00:00","og_image":[{"url":"https:\/\/live.staticflickr.com\/65535\/52443776492_5ae6fee30a_c.jpg","type":"","width":"","height":""}],"author":"Arnaldo Botto","twitter_card":"summary_large_image","schema":{"@context":"https:\/\/schema.org","@graph":[{"@type":"WebPage","@id":"https:\/\/www.noticiasradioreflejos.com.ar\/2021\/con-ritondo-y-vidal-sebastian-bassi-arranco-su-carrera-a-la-intendencia\/","url":"https:\/\/www.noticiasradioreflejos.com.ar\/2021\/con-ritondo-y-vidal-sebastian-bassi-arranco-su-carrera-a-la-intendencia\/","name":"Con Ritondo y Vidal, Sebasti\u00e1n Bassi arranc\u00f3 su carrera a la intendencia. - Noticias Radio Reflejos","isPartOf":{"@id":"https:\/\/www.noticiasradioreflejos.com.ar\/2021\/#website"},"primaryImageOfPage":{"@id":"https:\/\/www.noticiasradioreflejos.com.ar\/2021\/con-ritondo-y-vidal-sebastian-bassi-arranco-su-carrera-a-la-intendencia\/#primaryimage"},"image":{"@id":"https:\/\/www.noticiasradioreflejos.com.ar\/2021\/con-ritondo-y-vidal-sebastian-bassi-arranco-su-carrera-a-la-intendencia\/#primaryimage"},"thumbnailUrl":"https:\/\/live.staticflickr.com\/65535\/52443776492_5ae6fee30a_c.jpg","datePublished":"2022-10-21T21:05:24+00:00","dateModified":"2022-10-24T11:01:00+00:00","author":{"@id":"https:\/\/www.noticiasradioreflejos.com.ar\/2021\/#\/schema\/person\/ad82545263dcc5ec0996818884fd5fb1"},"breadcrumb":{"@id":"https:\/\/www.noticiasradioreflejos.com.ar\/2021\/con-ritondo-y-vidal-sebastian-bassi-arranco-su-carrera-a-la-intendencia\/#breadcrumb"},"inLanguage":"es","potentialAction":[{"@type":"ReadAction","target":["https:\/\/www.noticiasradioreflejos.com.ar\/2021\/con-ritondo-y-vidal-sebastian-bassi-arranco-su-carrera-a-la-intendencia\/"]}]},{"@type":"ImageObject","inLanguage":"es","@id":"https:\/\/www.noticiasradioreflejos.com.ar\/2021\/con-ritondo-y-vidal-sebastian-bassi-arranco-su-carrera-a-la-intendencia\/#primaryimage","url":"https:\/\/live.staticflickr.com\/65535\/52443776492_5ae6fee30a_c.jpg","contentUrl":"https:\/\/live.staticflickr.com\/65535\/52443776492_5ae6fee30a_c.jpg"},{"@type":"BreadcrumbList","@id":"https:\/\/www.noticiasradioreflejos.com.ar\/2021\/con-ritondo-y-vidal-sebastian-bassi-arranco-su-carrera-a-la-intendencia\/#breadcrumb","itemListElement":[{"@type":"ListItem","position":1,"name":"Portada","item":"https:\/\/www.noticiasradioreflejos.com.ar\/2021\/"},{"@type":"ListItem","position":2,"name":"Con Ritondo y Vidal, Sebasti\u00e1n Bassi arranc\u00f3 su carrera a la intendencia."}]},{"@type":"WebSite","@id":"https:\/\/www.noticiasradioreflejos.com.ar\/2021\/#website","url":"https:\/\/www.noticiasradioreflejos.com.ar\/2021\/","name":"Noticias Radio Reflejos","description":"Las noticias de mi comarca","potentialAction":[{"@type":"SearchAction","target":{"@type":"EntryPoint","urlTemplate":"https:\/\/www.noticiasradioreflejos.com.ar\/2021\/?s={search_term_string}"},"query-input":{"@type":"PropertyValueSpecification","valueRequired":true,"valueName":"search_term_string"}}],"inLanguage":"es"},{"@type":"Person","@id":"https:\/\/www.noticiasradioreflejos.com.ar\/2021\/#\/schema\/person\/ad82545263dcc5ec0996818884fd5fb1","name":"Arnaldo Botto","image":{"@type":"ImageObject","inLanguage":"es","@id":"https:\/\/www.noticiasradioreflejos.com.ar\/2021\/#\/schema\/person\/image\/","url":"https:\/\/secure.gravatar.com\/avatar\/55cb5e37c1efa326397366e6974cb338056df65cb50e7d64d1cf314e87504837?s=96&d=mm&r=g","contentUrl":"https:\/\/secure.gravatar.com\/avatar\/55cb5e37c1efa326397366e6974cb338056df65cb50e7d64d1cf314e87504837?s=96&d=mm&r=g","caption":"Arnaldo Botto"},"url":"https:\/\/www.noticiasradioreflejos.com.ar\/2021\/author\/arnaldo\/"}]}},"_links":{"self":[{"href":"https:\/\/www.noticiasradioreflejos.com.ar\/2021\/wp-json\/wp\/v2\/posts\/79216","targetHints":{"allow":["GET"]}}],"collection":[{"href":"https:\/\/www.noticiasradioreflejos.com.ar\/2021\/wp-json\/wp\/v2\/posts"}],"about":[{"href":"https:\/\/www.noticiasradioreflejos.com.ar\/2021\/wp-json\/wp\/v2\/types\/post"}],"author":[{"embeddable":true,"href":"https:\/\/www.noticiasradioreflejos.com.ar\/2021\/wp-json\/wp\/v2\/users\/3"}],"replies":[{"embeddable":true,"href":"https:\/\/www.noticiasradioreflejos.com.ar\/2021\/wp-json\/wp\/v2\/comments?post=79216"}],"version-history":[{"count":5,"href":"https:\/\/www.noticiasradioreflejos.com.ar\/2021\/wp-json\/wp\/v2\/posts\/79216\/revisions"}],"predecessor-version":[{"id":79258,"href":"https:\/\/www.noticiasradioreflejos.com.ar\/2021\/wp-json\/wp\/v2\/posts\/79216\/revisions\/79258"}],"wp:attachment":[{"href":"https:\/\/www.noticiasradioreflejos.com.ar\/2021\/wp-json\/wp\/v2\/media?parent=79216"}],"wp:term":[{"taxonomy":"category","embeddable":true,"href":"https:\/\/www.noticiasradioreflejos.com.ar\/2021\/wp-json\/wp\/v2\/categories?post=79216"},{"taxonomy":"post_tag","embeddable":true,"href":"https:\/\/www.noticiasradioreflejos.com.ar\/2021\/wp-json\/wp\/v2\/tags?post=79216"}],"curies":[{"name":"wp","href":"https:\/\/api.w.org\/{rel}","templated":true}]}}