{"id":79211,"date":"2022-10-21T17:10:44","date_gmt":"2022-10-21T17:10:44","guid":{"rendered":"http:\/\/www.noticiasradioreflejos.com.ar\/2021\/?p=79211"},"modified":"2022-10-21T17:11:04","modified_gmt":"2022-10-21T17:11:04","slug":"la-justicia-le-dio-el-ok-al-municipio-para-retirar-los-alambrados-del-ex-club-hotel","status":"publish","type":"post","link":"https:\/\/www.noticiasradioreflejos.com.ar\/2021\/la-justicia-le-dio-el-ok-al-municipio-para-retirar-los-alambrados-del-ex-club-hotel\/","title":{"rendered":"La justicia le dio el OK al municipio para retirar los alambrados del ex Club Hotel"},"content":{"rendered":"<p>As\u00ed lo asegur\u00f3 el Secretario de Gobierno Ezequiel Gabella. \u201cEs un fallo que sienta precedente. El municipio puede retirar los alambrados y el ocupante ileg\u00edtimo debe correr con los gastos\u201d cont\u00f3.<!--more--><\/p>\n<p><a title=\"Acta Club Hotel (2)\" href=\"https:\/\/www.flickr.com\/photos\/182279889@N02\/52443939670\/in\/dateposted-public\/\" data-flickr-embed=\"true\"><img loading=\"lazy\" decoding=\"async\" src=\"https:\/\/live.staticflickr.com\/65535\/52443939670_4f007e5aea_c.jpg\" alt=\"Acta Club Hotel (2)\" width=\"800\" height=\"583\" \/><\/a><script async src=\"\/\/embedr.flickr.com\/assets\/client-code.js\" charset=\"utf-8\"><\/script><\/p>\n<p>Una historia judicial de m\u00e1s de una d\u00e9cada parece estar ingresando a su recta final. La ocupaci\u00f3n indebida de las tierras del ex Club Hotel ya cuenta con fallo en primera instancia, y el mismo, le da la derecha al municipio de Tornquist.<\/p>\n<p>As\u00ed lo confirm\u00f3 el Secretario de Gobierno Ezequiel Gabella, el cual enfatiz\u00f3 en que \u201ceste mi\u00e9rcoles venci\u00f3 el plazo para que el ocupante ileg\u00edtimo del predio coloc\u00f3 en los alrededores de las ruinas del Club Hotel. Incluso uno de esos alambrados imped\u00eda un paso clave hasta la cantina\u201d.<\/p>\n<p>Del mismo modo reconoci\u00f3 que \u201clos amigos de La Trochita han puesto plata hasta de su bolsillo para mejorar esa edificaci\u00f3n, que hoy incluso hasta tiene vidrios y tienen proyectos de seguir creciendo; y por culpa de ese alambrado no pod\u00edan llegar hasta ah\u00ed\u201d.<\/p>\n<p>Sobre lo vivido, Gabella se sincer\u00f3 al remarcar que \u201crealmente no entiendo muy bien que funci\u00f3n cumple ese alambrado. En su momento nos apersonamos con el asesor legal, una escribana y personal policial, donde hicimos una constataci\u00f3n de la existencia de estos cercos. Qued\u00f3 dentro del expediente. Le pedimos al juez que tome cartas en el asunto\u201d.<\/p>\n<p>Como respuesta \u201cel de primera instancia se expidi\u00f3, obligando al ocupante ileg\u00edtimo a que los remueva, o en caso de no cumplir, multarlo diariamente con 20 mil pesos, sino que adem\u00e1s la municipalidad tambi\u00e9n puede quitarlos, haciendo que el ocupante pague los gastos\u201d.<\/p>\n<p>Al mismo tiempo \u201cqued\u00f3 constatado que la hacienda de esta persona anda por todo el predio y no dentro del radio que le permiti\u00f3 la justicia hasta tanto la sanci\u00f3n quede firme. Son cuatro hect\u00e1reas alrededor de la casa\u201d.<\/p>\n<p>Por \u00faltimo, y a modo de reflexi\u00f3n el funcionario afirm\u00f3 que \u201cel municipio no se puede dar el lujo de tomar medidas apresuradas o inconsultas, ya que podr\u00eda tirar por tierra todo lo conseguido hasta ac\u00e1. Esta persona, que desde el inicio est\u00e1 haciendo mal las cosas, hace lo que quiere. Muchas veces nos enojamos con la justicia. El camino de hacer las cosas bien es m\u00e1s largo, pero firme\u201d.<\/p>\n<p><iframe loading=\"lazy\" src=\"https:\/\/w.soundcloud.com\/player\/?url=https%3A\/\/api.soundcloud.com\/tracks\/1367637310&amp;color=%23ff5500&amp;auto_play=false&amp;hide_related=false&amp;show_comments=true&amp;show_user=true&amp;show_reposts=false&amp;show_teaser=true\" width=\"100%\" height=\"166\" frameborder=\"no\" scrolling=\"no\"><\/iframe><\/p>\n<div style=\"font-size: 10px; color: #cccccc; line-break: anywhere; word-break: normal; overflow: hidden; white-space: nowrap; text-overflow: ellipsis; font-family: Interstate,Lucida Grande,Lucida Sans Unicode,Lucida Sans,Garuda,Verdana,Tahoma,sans-serif; font-weight: 100;\"><a style=\"color: #cccccc; text-decoration: none;\" title=\"fmreflejos 103.7\" href=\"https:\/\/soundcloud.com\/fmreflejos-103-7\" target=\"_blank\" rel=\"noopener\">fmreflejos 103.7<\/a> \u00b7 <a style=\"color: #cccccc; text-decoration: none;\" title=\"Gabella - Ex Club Hotel\" href=\"https:\/\/soundcloud.com\/fmreflejos-103-7\/gabella-ex-club-hotel\" target=\"_blank\" rel=\"noopener\">Gabella &#8211; Ex Club Hotel<\/a><\/div>\n<p>&nbsp;<\/p>\n<p><a title=\"Acta Club Hotel (1)\" href=\"https:\/\/www.flickr.com\/photos\/182279889@N02\/52443939530\/in\/dateposted-public\/\" data-flickr-embed=\"true\"><img loading=\"lazy\" decoding=\"async\" src=\"https:\/\/live.staticflickr.com\/65535\/52443939530_2324f504b2_c.jpg\" alt=\"Acta Club Hotel (1)\" width=\"581\" height=\"800\" \/><\/a><script async src=\"\/\/embedr.flickr.com\/assets\/client-code.js\" charset=\"utf-8\"><\/script><\/p>\n","protected":false},"excerpt":{"rendered":"<p>As\u00ed lo asegur\u00f3 el Secretario de Gobierno Ezequiel Gabella. \u201cEs un fallo que sienta precedente. El municipio puede retirar los alambrados y el ocupante ileg\u00edtimo debe correr con los gastos\u201d cont\u00f3.<\/p>\n","protected":false},"author":3,"featured_media":79241,"comment_status":"closed","ping_status":"closed","sticky":false,"template":"","format":"standard","meta":{"footnotes":""},"categories":[57,28,24],"tags":[48],"class_list":["post-79211","post","type-post","status-publish","format-standard","has-post-thumbnail","hentry","category-judiciales","category-municipales","category-politica","tag-destacada"],"yoast_head":"<!-- This site is optimized with the Yoast SEO plugin v25.9 - https:\/\/yoast.com\/wordpress\/plugins\/seo\/ -->\n<title>La justicia le dio el OK al municipio para retirar los alambrados del ex Club Hotel - Noticias Radio Reflejos<\/title>\n<meta name=\"robots\" content=\"index, follow, max-snippet:-1, max-image-preview:large, max-video-preview:-1\" \/>\n<link rel=\"canonical\" href=\"https:\/\/www.noticiasradioreflejos.com.ar\/2021\/la-justicia-le-dio-el-ok-al-municipio-para-retirar-los-alambrados-del-ex-club-hotel\/\" \/>\n<meta property=\"og:locale\" content=\"es_ES\" \/>\n<meta property=\"og:type\" content=\"article\" \/>\n<meta property=\"og:title\" content=\"La justicia le dio el OK al municipio para retirar los alambrados del ex Club Hotel - Noticias Radio Reflejos\" \/>\n<meta property=\"og:description\" content=\"As\u00ed lo asegur\u00f3 el Secretario de Gobierno Ezequiel Gabella. \u201cEs un fallo que sienta precedente. El municipio puede retirar los alambrados y el ocupante ileg\u00edtimo debe correr con los gastos\u201d cont\u00f3.\" \/>\n<meta property=\"og:url\" content=\"https:\/\/www.noticiasradioreflejos.com.ar\/2021\/la-justicia-le-dio-el-ok-al-municipio-para-retirar-los-alambrados-del-ex-club-hotel\/\" \/>\n<meta property=\"og:site_name\" content=\"Noticias Radio Reflejos\" \/>\n<meta property=\"article:published_time\" content=\"2022-10-21T17:10:44+00:00\" \/>\n<meta property=\"article:modified_time\" content=\"2022-10-21T17:11:04+00:00\" \/>\n<meta property=\"og:image\" content=\"https:\/\/www.noticiasradioreflejos.com.ar\/2021\/wp-content\/uploads\/2022\/10\/Ex-Club-Hotel.jpg\" \/>\n\t<meta property=\"og:image:width\" content=\"700\" \/>\n\t<meta property=\"og:image:height\" content=\"353\" \/>\n\t<meta property=\"og:image:type\" content=\"image\/jpeg\" \/>\n<meta name=\"author\" content=\"Arnaldo Botto\" \/>\n<meta name=\"twitter:card\" content=\"summary_large_image\" \/>\n<script type=\"application\/ld+json\" class=\"yoast-schema-graph\">{\"@context\":\"https:\/\/schema.org\",\"@graph\":[{\"@type\":\"WebPage\",\"@id\":\"https:\/\/www.noticiasradioreflejos.com.ar\/2021\/la-justicia-le-dio-el-ok-al-municipio-para-retirar-los-alambrados-del-ex-club-hotel\/\",\"url\":\"https:\/\/www.noticiasradioreflejos.com.ar\/2021\/la-justicia-le-dio-el-ok-al-municipio-para-retirar-los-alambrados-del-ex-club-hotel\/\",\"name\":\"La justicia le dio el OK al municipio para retirar los alambrados del ex Club Hotel - Noticias Radio Reflejos\",\"isPartOf\":{\"@id\":\"https:\/\/www.noticiasradioreflejos.com.ar\/2021\/#website\"},\"primaryImageOfPage\":{\"@id\":\"https:\/\/www.noticiasradioreflejos.com.ar\/2021\/la-justicia-le-dio-el-ok-al-municipio-para-retirar-los-alambrados-del-ex-club-hotel\/#primaryimage\"},\"image\":{\"@id\":\"https:\/\/www.noticiasradioreflejos.com.ar\/2021\/la-justicia-le-dio-el-ok-al-municipio-para-retirar-los-alambrados-del-ex-club-hotel\/#primaryimage\"},\"thumbnailUrl\":\"https:\/\/www.noticiasradioreflejos.com.ar\/2021\/wp-content\/uploads\/2022\/10\/Ex-Club-Hotel.jpg\",\"datePublished\":\"2022-10-21T17:10:44+00:00\",\"dateModified\":\"2022-10-21T17:11:04+00:00\",\"author\":{\"@id\":\"https:\/\/www.noticiasradioreflejos.com.ar\/2021\/#\/schema\/person\/ad82545263dcc5ec0996818884fd5fb1\"},\"breadcrumb\":{\"@id\":\"https:\/\/www.noticiasradioreflejos.com.ar\/2021\/la-justicia-le-dio-el-ok-al-municipio-para-retirar-los-alambrados-del-ex-club-hotel\/#breadcrumb\"},\"inLanguage\":\"es\",\"potentialAction\":[{\"@type\":\"ReadAction\",\"target\":[\"https:\/\/www.noticiasradioreflejos.com.ar\/2021\/la-justicia-le-dio-el-ok-al-municipio-para-retirar-los-alambrados-del-ex-club-hotel\/\"]}]},{\"@type\":\"ImageObject\",\"inLanguage\":\"es\",\"@id\":\"https:\/\/www.noticiasradioreflejos.com.ar\/2021\/la-justicia-le-dio-el-ok-al-municipio-para-retirar-los-alambrados-del-ex-club-hotel\/#primaryimage\",\"url\":\"https:\/\/www.noticiasradioreflejos.com.ar\/2021\/wp-content\/uploads\/2022\/10\/Ex-Club-Hotel.jpg\",\"contentUrl\":\"https:\/\/www.noticiasradioreflejos.com.ar\/2021\/wp-content\/uploads\/2022\/10\/Ex-Club-Hotel.jpg\",\"width\":700,\"height\":353,\"caption\":\"SONY DSC\"},{\"@type\":\"BreadcrumbList\",\"@id\":\"https:\/\/www.noticiasradioreflejos.com.ar\/2021\/la-justicia-le-dio-el-ok-al-municipio-para-retirar-los-alambrados-del-ex-club-hotel\/#breadcrumb\",\"itemListElement\":[{\"@type\":\"ListItem\",\"position\":1,\"name\":\"Portada\",\"item\":\"https:\/\/www.noticiasradioreflejos.com.ar\/2021\/\"},{\"@type\":\"ListItem\",\"position\":2,\"name\":\"La justicia le dio el OK al municipio para retirar los alambrados del ex Club Hotel\"}]},{\"@type\":\"WebSite\",\"@id\":\"https:\/\/www.noticiasradioreflejos.com.ar\/2021\/#website\",\"url\":\"https:\/\/www.noticiasradioreflejos.com.ar\/2021\/\",\"name\":\"Noticias Radio Reflejos\",\"description\":\"Las noticias de mi comarca\",\"potentialAction\":[{\"@type\":\"SearchAction\",\"target\":{\"@type\":\"EntryPoint\",\"urlTemplate\":\"https:\/\/www.noticiasradioreflejos.com.ar\/2021\/?s={search_term_string}\"},\"query-input\":{\"@type\":\"PropertyValueSpecification\",\"valueRequired\":true,\"valueName\":\"search_term_string\"}}],\"inLanguage\":\"es\"},{\"@type\":\"Person\",\"@id\":\"https:\/\/www.noticiasradioreflejos.com.ar\/2021\/#\/schema\/person\/ad82545263dcc5ec0996818884fd5fb1\",\"name\":\"Arnaldo Botto\",\"image\":{\"@type\":\"ImageObject\",\"inLanguage\":\"es\",\"@id\":\"https:\/\/www.noticiasradioreflejos.com.ar\/2021\/#\/schema\/person\/image\/\",\"url\":\"https:\/\/secure.gravatar.com\/avatar\/55cb5e37c1efa326397366e6974cb338056df65cb50e7d64d1cf314e87504837?s=96&d=mm&r=g\",\"contentUrl\":\"https:\/\/secure.gravatar.com\/avatar\/55cb5e37c1efa326397366e6974cb338056df65cb50e7d64d1cf314e87504837?s=96&d=mm&r=g\",\"caption\":\"Arnaldo Botto\"},\"url\":\"https:\/\/www.noticiasradioreflejos.com.ar\/2021\/author\/arnaldo\/\"}]}<\/script>\n<!-- \/ Yoast SEO plugin. -->","yoast_head_json":{"title":"La justicia le dio el OK al municipio para retirar los alambrados del ex Club Hotel - Noticias Radio Reflejos","robots":{"index":"index","follow":"follow","max-snippet":"max-snippet:-1","max-image-preview":"max-image-preview:large","max-video-preview":"max-video-preview:-1"},"canonical":"https:\/\/www.noticiasradioreflejos.com.ar\/2021\/la-justicia-le-dio-el-ok-al-municipio-para-retirar-los-alambrados-del-ex-club-hotel\/","og_locale":"es_ES","og_type":"article","og_title":"La justicia le dio el OK al municipio para retirar los alambrados del ex Club Hotel - Noticias Radio Reflejos","og_description":"As\u00ed lo asegur\u00f3 el Secretario de Gobierno Ezequiel Gabella. \u201cEs un fallo que sienta precedente. El municipio puede retirar los alambrados y el ocupante ileg\u00edtimo debe correr con los gastos\u201d cont\u00f3.","og_url":"https:\/\/www.noticiasradioreflejos.com.ar\/2021\/la-justicia-le-dio-el-ok-al-municipio-para-retirar-los-alambrados-del-ex-club-hotel\/","og_site_name":"Noticias Radio Reflejos","article_published_time":"2022-10-21T17:10:44+00:00","article_modified_time":"2022-10-21T17:11:04+00:00","og_image":[{"width":700,"height":353,"url":"https:\/\/www.noticiasradioreflejos.com.ar\/2021\/wp-content\/uploads\/2022\/10\/Ex-Club-Hotel.jpg","type":"image\/jpeg"}],"author":"Arnaldo Botto","twitter_card":"summary_large_image","schema":{"@context":"https:\/\/schema.org","@graph":[{"@type":"WebPage","@id":"https:\/\/www.noticiasradioreflejos.com.ar\/2021\/la-justicia-le-dio-el-ok-al-municipio-para-retirar-los-alambrados-del-ex-club-hotel\/","url":"https:\/\/www.noticiasradioreflejos.com.ar\/2021\/la-justicia-le-dio-el-ok-al-municipio-para-retirar-los-alambrados-del-ex-club-hotel\/","name":"La justicia le dio el OK al municipio para retirar los alambrados del ex Club Hotel - Noticias Radio Reflejos","isPartOf":{"@id":"https:\/\/www.noticiasradioreflejos.com.ar\/2021\/#website"},"primaryImageOfPage":{"@id":"https:\/\/www.noticiasradioreflejos.com.ar\/2021\/la-justicia-le-dio-el-ok-al-municipio-para-retirar-los-alambrados-del-ex-club-hotel\/#primaryimage"},"image":{"@id":"https:\/\/www.noticiasradioreflejos.com.ar\/2021\/la-justicia-le-dio-el-ok-al-municipio-para-retirar-los-alambrados-del-ex-club-hotel\/#primaryimage"},"thumbnailUrl":"https:\/\/www.noticiasradioreflejos.com.ar\/2021\/wp-content\/uploads\/2022\/10\/Ex-Club-Hotel.jpg","datePublished":"2022-10-21T17:10:44+00:00","dateModified":"2022-10-21T17:11:04+00:00","author":{"@id":"https:\/\/www.noticiasradioreflejos.com.ar\/2021\/#\/schema\/person\/ad82545263dcc5ec0996818884fd5fb1"},"breadcrumb":{"@id":"https:\/\/www.noticiasradioreflejos.com.ar\/2021\/la-justicia-le-dio-el-ok-al-municipio-para-retirar-los-alambrados-del-ex-club-hotel\/#breadcrumb"},"inLanguage":"es","potentialAction":[{"@type":"ReadAction","target":["https:\/\/www.noticiasradioreflejos.com.ar\/2021\/la-justicia-le-dio-el-ok-al-municipio-para-retirar-los-alambrados-del-ex-club-hotel\/"]}]},{"@type":"ImageObject","inLanguage":"es","@id":"https:\/\/www.noticiasradioreflejos.com.ar\/2021\/la-justicia-le-dio-el-ok-al-municipio-para-retirar-los-alambrados-del-ex-club-hotel\/#primaryimage","url":"https:\/\/www.noticiasradioreflejos.com.ar\/2021\/wp-content\/uploads\/2022\/10\/Ex-Club-Hotel.jpg","contentUrl":"https:\/\/www.noticiasradioreflejos.com.ar\/2021\/wp-content\/uploads\/2022\/10\/Ex-Club-Hotel.jpg","width":700,"height":353,"caption":"SONY DSC"},{"@type":"BreadcrumbList","@id":"https:\/\/www.noticiasradioreflejos.com.ar\/2021\/la-justicia-le-dio-el-ok-al-municipio-para-retirar-los-alambrados-del-ex-club-hotel\/#breadcrumb","itemListElement":[{"@type":"ListItem","position":1,"name":"Portada","item":"https:\/\/www.noticiasradioreflejos.com.ar\/2021\/"},{"@type":"ListItem","position":2,"name":"La justicia le dio el OK al municipio para retirar los alambrados del ex Club Hotel"}]},{"@type":"WebSite","@id":"https:\/\/www.noticiasradioreflejos.com.ar\/2021\/#website","url":"https:\/\/www.noticiasradioreflejos.com.ar\/2021\/","name":"Noticias Radio Reflejos","description":"Las noticias de mi comarca","potentialAction":[{"@type":"SearchAction","target":{"@type":"EntryPoint","urlTemplate":"https:\/\/www.noticiasradioreflejos.com.ar\/2021\/?s={search_term_string}"},"query-input":{"@type":"PropertyValueSpecification","valueRequired":true,"valueName":"search_term_string"}}],"inLanguage":"es"},{"@type":"Person","@id":"https:\/\/www.noticiasradioreflejos.com.ar\/2021\/#\/schema\/person\/ad82545263dcc5ec0996818884fd5fb1","name":"Arnaldo Botto","image":{"@type":"ImageObject","inLanguage":"es","@id":"https:\/\/www.noticiasradioreflejos.com.ar\/2021\/#\/schema\/person\/image\/","url":"https:\/\/secure.gravatar.com\/avatar\/55cb5e37c1efa326397366e6974cb338056df65cb50e7d64d1cf314e87504837?s=96&d=mm&r=g","contentUrl":"https:\/\/secure.gravatar.com\/avatar\/55cb5e37c1efa326397366e6974cb338056df65cb50e7d64d1cf314e87504837?s=96&d=mm&r=g","caption":"Arnaldo Botto"},"url":"https:\/\/www.noticiasradioreflejos.com.ar\/2021\/author\/arnaldo\/"}]}},"_links":{"self":[{"href":"https:\/\/www.noticiasradioreflejos.com.ar\/2021\/wp-json\/wp\/v2\/posts\/79211","targetHints":{"allow":["GET"]}}],"collection":[{"href":"https:\/\/www.noticiasradioreflejos.com.ar\/2021\/wp-json\/wp\/v2\/posts"}],"about":[{"href":"https:\/\/www.noticiasradioreflejos.com.ar\/2021\/wp-json\/wp\/v2\/types\/post"}],"author":[{"embeddable":true,"href":"https:\/\/www.noticiasradioreflejos.com.ar\/2021\/wp-json\/wp\/v2\/users\/3"}],"replies":[{"embeddable":true,"href":"https:\/\/www.noticiasradioreflejos.com.ar\/2021\/wp-json\/wp\/v2\/comments?post=79211"}],"version-history":[{"count":2,"href":"https:\/\/www.noticiasradioreflejos.com.ar\/2021\/wp-json\/wp\/v2\/posts\/79211\/revisions"}],"predecessor-version":[{"id":79242,"href":"https:\/\/www.noticiasradioreflejos.com.ar\/2021\/wp-json\/wp\/v2\/posts\/79211\/revisions\/79242"}],"wp:featuredmedia":[{"embeddable":true,"href":"https:\/\/www.noticiasradioreflejos.com.ar\/2021\/wp-json\/wp\/v2\/media\/79241"}],"wp:attachment":[{"href":"https:\/\/www.noticiasradioreflejos.com.ar\/2021\/wp-json\/wp\/v2\/media?parent=79211"}],"wp:term":[{"taxonomy":"category","embeddable":true,"href":"https:\/\/www.noticiasradioreflejos.com.ar\/2021\/wp-json\/wp\/v2\/categories?post=79211"},{"taxonomy":"post_tag","embeddable":true,"href":"https:\/\/www.noticiasradioreflejos.com.ar\/2021\/wp-json\/wp\/v2\/tags?post=79211"}],"curies":[{"name":"wp","href":"https:\/\/api.w.org\/{rel}","templated":true}]}}