{"id":79209,"date":"2022-10-21T16:37:26","date_gmt":"2022-10-21T16:37:26","guid":{"rendered":"http:\/\/www.noticiasradioreflejos.com.ar\/2021\/?p=79209"},"modified":"2022-10-21T16:38:37","modified_gmt":"2022-10-21T16:38:37","slug":"se-instala-en-la-comarca-una-plaza-de-turismo-vitivinicola-de-alcance-internacional","status":"publish","type":"post","link":"https:\/\/www.noticiasradioreflejos.com.ar\/2021\/se-instala-en-la-comarca-una-plaza-de-turismo-vitivinicola-de-alcance-internacional\/","title":{"rendered":"Se instala en la comarca una plaza de turismo vitivin\u00edcola de alcance internacional."},"content":{"rendered":"<p>As\u00ed lo confirm\u00f3 el Secretario de Gobierno,<strong> Ezequiel Gabella<\/strong>. Estar\u00e1 camino a Funke, a dos mil metros de la ruta 76. En los pr\u00f3ximos d\u00edas iniciar\u00e1n el sembrado de las vides.<!--more--><\/p>\n<p>El Secretario de Gobierno, Ezequiel Gabella, confirm\u00f3 que un emprendimiento tur\u00edstico sumamente ambicioso comenzar\u00e1 a tomar vida en los pr\u00f3ximos d\u00edas dentro de la comarca.<\/p>\n<p>Al respecto el funcionario asegur\u00f3 que el mismo estar\u00e1 emplazado \u201centre Villa Serrana La Gruta y Tornquist. Es en el camino de tierra que va a Funke. Est\u00e1n instaladas las estacas y en estos d\u00edas estar\u00e1n implantadas las primeras vides. Son dos hect\u00e1reas, que a nivel vi\u00f1edos es mucho. Con una tendencia que lleg\u00f3 para quedarse, como lo es el turismo vitivin\u00edcola. No solo producir\u00e1 vinos, sino explotar\u00e1 tur\u00edsticamente el lugar. En el mismo predio pondr\u00e1 un hotel y un complejo de caba\u00f1as. Est\u00e1 a 2000 metros de la ruta 76\u201d.<\/p>\n<p>Buscando dar m\u00e1s detalles, explic\u00f3 que \u201ceste emprendedor consolidar\u00e1 el camino para que los turistas lleguen bien. El municipio coloc\u00f3 alcantarillas para apuntalar esta gesti\u00f3n entre lo p\u00fablico y lo privado. Esta persona nos hablaba que necesitar\u00e1 unas 25 personas de manera permanente, m\u00e1s empleados temporarios. Esta persona nos cont\u00f3 en el lugar c\u00f3mo ser\u00e1 el proyecto. Ah\u00ed estuvimos con el intendente\u201d.<\/p>\n<p>De igual forma sostuvo que \u201ces un camino vecinal, no es considerado de acceso a ruta. Pero ya tuvimos di\u00e1logos con este inversor para hacer algo de manera asociada. La idea es que \u00e9l consiga los materiales. Le vamos a encontrar la vuelta. Queremos que el privado crezca, y es por eso que le tendemos una mano\u201d.<\/p>\n<p>Por \u00faltimo, afirm\u00f3 que \u201ctodo el proyecto en s\u00ed est\u00e1 pensando en futuras ampliaciones. Arrancan con 50 plazas hoteleras y seis caba\u00f1as. Y al mismo tiempo estar\u00e1n al lado de un vi\u00f1edo que tendr\u00e1 toda la producci\u00f3n \u00edntegra\u201d.<\/p>\n<p>&nbsp;<\/p>\n<p><iframe loading=\"lazy\" src=\"https:\/\/w.soundcloud.com\/player\/?url=https%3A\/\/api.soundcloud.com\/tracks\/1367631286&amp;color=%23ff5500&amp;auto_play=false&amp;hide_related=false&amp;show_comments=true&amp;show_user=true&amp;show_reposts=false&amp;show_teaser=true\" width=\"100%\" height=\"166\" frameborder=\"no\" scrolling=\"no\"><\/iframe><\/p>\n<div style=\"font-size: 10px; color: #cccccc; line-break: anywhere; word-break: normal; overflow: hidden; white-space: nowrap; text-overflow: ellipsis; font-family: Interstate,Lucida Grande,Lucida Sans Unicode,Lucida Sans,Garuda,Verdana,Tahoma,sans-serif; font-weight: 100;\"><a style=\"color: #cccccc; text-decoration: none;\" title=\"fmreflejos 103.7\" href=\"https:\/\/soundcloud.com\/fmreflejos-103-7\" target=\"_blank\" rel=\"noopener\">fmreflejos 103.7<\/a> \u00b7 <a style=\"color: #cccccc; text-decoration: none;\" title=\"Ezequiel Gabella Nuevo Vi\u00f1edo Y Emprendimiento Tur\u00edstico\" href=\"https:\/\/soundcloud.com\/fmreflejos-103-7\/ezequiel-gabella-nuevo-vinedo-y-emprendimiento-turistico\" target=\"_blank\" rel=\"noopener\">Ezequiel Gabella Nuevo Vi\u00f1edo Y Emprendimiento Tur\u00edstico<\/a><\/div>\n<p><strong>Foto de archivo<\/strong><\/p>\n","protected":false},"excerpt":{"rendered":"<p>As\u00ed lo confirm\u00f3 el Secretario de Gobierno, Ezequiel Gabella. Estar\u00e1 camino a Funke, a dos mil metros de la ruta 76. En los pr\u00f3ximos d\u00edas iniciar\u00e1n el sembrado de las vides.<\/p>\n","protected":false},"author":3,"featured_media":0,"comment_status":"closed","ping_status":"closed","sticky":false,"template":"","format":"standard","meta":{"footnotes":""},"categories":[26,33],"tags":[48],"class_list":["post-79209","post","type-post","status-publish","format-standard","hentry","category-sociedad","category-turismo","tag-destacada"],"yoast_head":"<!-- This site is optimized with the Yoast SEO plugin v25.9 - https:\/\/yoast.com\/wordpress\/plugins\/seo\/ -->\n<title>Se instala en la comarca una plaza de turismo vitivin\u00edcola de alcance internacional. - Noticias Radio Reflejos<\/title>\n<meta name=\"robots\" content=\"index, follow, max-snippet:-1, max-image-preview:large, max-video-preview:-1\" \/>\n<link rel=\"canonical\" href=\"https:\/\/www.noticiasradioreflejos.com.ar\/2021\/se-instala-en-la-comarca-una-plaza-de-turismo-vitivinicola-de-alcance-internacional\/\" \/>\n<meta property=\"og:locale\" content=\"es_ES\" \/>\n<meta property=\"og:type\" content=\"article\" \/>\n<meta property=\"og:title\" content=\"Se instala en la comarca una plaza de turismo vitivin\u00edcola de alcance internacional. - Noticias Radio Reflejos\" \/>\n<meta property=\"og:description\" content=\"As\u00ed lo confirm\u00f3 el Secretario de Gobierno, Ezequiel Gabella. Estar\u00e1 camino a Funke, a dos mil metros de la ruta 76. En los pr\u00f3ximos d\u00edas iniciar\u00e1n el sembrado de las vides.\" \/>\n<meta property=\"og:url\" content=\"https:\/\/www.noticiasradioreflejos.com.ar\/2021\/se-instala-en-la-comarca-una-plaza-de-turismo-vitivinicola-de-alcance-internacional\/\" \/>\n<meta property=\"og:site_name\" content=\"Noticias Radio Reflejos\" \/>\n<meta property=\"article:published_time\" content=\"2022-10-21T16:37:26+00:00\" \/>\n<meta property=\"article:modified_time\" content=\"2022-10-21T16:38:37+00:00\" \/>\n<meta property=\"og:image\" content=\"https:\/\/www.noticiasradioreflejos.com.ar\/2021\/wp-content\/uploads\/2021\/07\/logosol300x200.png\" \/>\n\t<meta property=\"og:image:width\" content=\"300\" \/>\n\t<meta property=\"og:image:height\" content=\"200\" \/>\n\t<meta property=\"og:image:type\" content=\"image\/png\" \/>\n<meta name=\"author\" content=\"Arnaldo Botto\" \/>\n<meta name=\"twitter:card\" content=\"summary_large_image\" \/>\n<script type=\"application\/ld+json\" class=\"yoast-schema-graph\">{\"@context\":\"https:\/\/schema.org\",\"@graph\":[{\"@type\":\"WebPage\",\"@id\":\"https:\/\/www.noticiasradioreflejos.com.ar\/2021\/se-instala-en-la-comarca-una-plaza-de-turismo-vitivinicola-de-alcance-internacional\/\",\"url\":\"https:\/\/www.noticiasradioreflejos.com.ar\/2021\/se-instala-en-la-comarca-una-plaza-de-turismo-vitivinicola-de-alcance-internacional\/\",\"name\":\"Se instala en la comarca una plaza de turismo vitivin\u00edcola de alcance internacional. - Noticias Radio Reflejos\",\"isPartOf\":{\"@id\":\"https:\/\/www.noticiasradioreflejos.com.ar\/2021\/#website\"},\"datePublished\":\"2022-10-21T16:37:26+00:00\",\"dateModified\":\"2022-10-21T16:38:37+00:00\",\"author\":{\"@id\":\"https:\/\/www.noticiasradioreflejos.com.ar\/2021\/#\/schema\/person\/ad82545263dcc5ec0996818884fd5fb1\"},\"breadcrumb\":{\"@id\":\"https:\/\/www.noticiasradioreflejos.com.ar\/2021\/se-instala-en-la-comarca-una-plaza-de-turismo-vitivinicola-de-alcance-internacional\/#breadcrumb\"},\"inLanguage\":\"es\",\"potentialAction\":[{\"@type\":\"ReadAction\",\"target\":[\"https:\/\/www.noticiasradioreflejos.com.ar\/2021\/se-instala-en-la-comarca-una-plaza-de-turismo-vitivinicola-de-alcance-internacional\/\"]}]},{\"@type\":\"BreadcrumbList\",\"@id\":\"https:\/\/www.noticiasradioreflejos.com.ar\/2021\/se-instala-en-la-comarca-una-plaza-de-turismo-vitivinicola-de-alcance-internacional\/#breadcrumb\",\"itemListElement\":[{\"@type\":\"ListItem\",\"position\":1,\"name\":\"Portada\",\"item\":\"https:\/\/www.noticiasradioreflejos.com.ar\/2021\/\"},{\"@type\":\"ListItem\",\"position\":2,\"name\":\"Se instala en la comarca una plaza de turismo vitivin\u00edcola de alcance internacional.\"}]},{\"@type\":\"WebSite\",\"@id\":\"https:\/\/www.noticiasradioreflejos.com.ar\/2021\/#website\",\"url\":\"https:\/\/www.noticiasradioreflejos.com.ar\/2021\/\",\"name\":\"Noticias Radio Reflejos\",\"description\":\"Las noticias de mi comarca\",\"potentialAction\":[{\"@type\":\"SearchAction\",\"target\":{\"@type\":\"EntryPoint\",\"urlTemplate\":\"https:\/\/www.noticiasradioreflejos.com.ar\/2021\/?s={search_term_string}\"},\"query-input\":{\"@type\":\"PropertyValueSpecification\",\"valueRequired\":true,\"valueName\":\"search_term_string\"}}],\"inLanguage\":\"es\"},{\"@type\":\"Person\",\"@id\":\"https:\/\/www.noticiasradioreflejos.com.ar\/2021\/#\/schema\/person\/ad82545263dcc5ec0996818884fd5fb1\",\"name\":\"Arnaldo Botto\",\"image\":{\"@type\":\"ImageObject\",\"inLanguage\":\"es\",\"@id\":\"https:\/\/www.noticiasradioreflejos.com.ar\/2021\/#\/schema\/person\/image\/\",\"url\":\"https:\/\/secure.gravatar.com\/avatar\/55cb5e37c1efa326397366e6974cb338056df65cb50e7d64d1cf314e87504837?s=96&d=mm&r=g\",\"contentUrl\":\"https:\/\/secure.gravatar.com\/avatar\/55cb5e37c1efa326397366e6974cb338056df65cb50e7d64d1cf314e87504837?s=96&d=mm&r=g\",\"caption\":\"Arnaldo Botto\"},\"url\":\"https:\/\/www.noticiasradioreflejos.com.ar\/2021\/author\/arnaldo\/\"}]}<\/script>\n<!-- \/ Yoast SEO plugin. -->","yoast_head_json":{"title":"Se instala en la comarca una plaza de turismo vitivin\u00edcola de alcance internacional. - Noticias Radio Reflejos","robots":{"index":"index","follow":"follow","max-snippet":"max-snippet:-1","max-image-preview":"max-image-preview:large","max-video-preview":"max-video-preview:-1"},"canonical":"https:\/\/www.noticiasradioreflejos.com.ar\/2021\/se-instala-en-la-comarca-una-plaza-de-turismo-vitivinicola-de-alcance-internacional\/","og_locale":"es_ES","og_type":"article","og_title":"Se instala en la comarca una plaza de turismo vitivin\u00edcola de alcance internacional. - Noticias Radio Reflejos","og_description":"As\u00ed lo confirm\u00f3 el Secretario de Gobierno, Ezequiel Gabella. Estar\u00e1 camino a Funke, a dos mil metros de la ruta 76. En los pr\u00f3ximos d\u00edas iniciar\u00e1n el sembrado de las vides.","og_url":"https:\/\/www.noticiasradioreflejos.com.ar\/2021\/se-instala-en-la-comarca-una-plaza-de-turismo-vitivinicola-de-alcance-internacional\/","og_site_name":"Noticias Radio Reflejos","article_published_time":"2022-10-21T16:37:26+00:00","article_modified_time":"2022-10-21T16:38:37+00:00","og_image":[{"width":300,"height":200,"url":"https:\/\/www.noticiasradioreflejos.com.ar\/2021\/wp-content\/uploads\/2021\/07\/logosol300x200.png","type":"image\/png"}],"author":"Arnaldo Botto","twitter_card":"summary_large_image","schema":{"@context":"https:\/\/schema.org","@graph":[{"@type":"WebPage","@id":"https:\/\/www.noticiasradioreflejos.com.ar\/2021\/se-instala-en-la-comarca-una-plaza-de-turismo-vitivinicola-de-alcance-internacional\/","url":"https:\/\/www.noticiasradioreflejos.com.ar\/2021\/se-instala-en-la-comarca-una-plaza-de-turismo-vitivinicola-de-alcance-internacional\/","name":"Se instala en la comarca una plaza de turismo vitivin\u00edcola de alcance internacional. - Noticias Radio Reflejos","isPartOf":{"@id":"https:\/\/www.noticiasradioreflejos.com.ar\/2021\/#website"},"datePublished":"2022-10-21T16:37:26+00:00","dateModified":"2022-10-21T16:38:37+00:00","author":{"@id":"https:\/\/www.noticiasradioreflejos.com.ar\/2021\/#\/schema\/person\/ad82545263dcc5ec0996818884fd5fb1"},"breadcrumb":{"@id":"https:\/\/www.noticiasradioreflejos.com.ar\/2021\/se-instala-en-la-comarca-una-plaza-de-turismo-vitivinicola-de-alcance-internacional\/#breadcrumb"},"inLanguage":"es","potentialAction":[{"@type":"ReadAction","target":["https:\/\/www.noticiasradioreflejos.com.ar\/2021\/se-instala-en-la-comarca-una-plaza-de-turismo-vitivinicola-de-alcance-internacional\/"]}]},{"@type":"BreadcrumbList","@id":"https:\/\/www.noticiasradioreflejos.com.ar\/2021\/se-instala-en-la-comarca-una-plaza-de-turismo-vitivinicola-de-alcance-internacional\/#breadcrumb","itemListElement":[{"@type":"ListItem","position":1,"name":"Portada","item":"https:\/\/www.noticiasradioreflejos.com.ar\/2021\/"},{"@type":"ListItem","position":2,"name":"Se instala en la comarca una plaza de turismo vitivin\u00edcola de alcance internacional."}]},{"@type":"WebSite","@id":"https:\/\/www.noticiasradioreflejos.com.ar\/2021\/#website","url":"https:\/\/www.noticiasradioreflejos.com.ar\/2021\/","name":"Noticias Radio Reflejos","description":"Las noticias de mi comarca","potentialAction":[{"@type":"SearchAction","target":{"@type":"EntryPoint","urlTemplate":"https:\/\/www.noticiasradioreflejos.com.ar\/2021\/?s={search_term_string}"},"query-input":{"@type":"PropertyValueSpecification","valueRequired":true,"valueName":"search_term_string"}}],"inLanguage":"es"},{"@type":"Person","@id":"https:\/\/www.noticiasradioreflejos.com.ar\/2021\/#\/schema\/person\/ad82545263dcc5ec0996818884fd5fb1","name":"Arnaldo Botto","image":{"@type":"ImageObject","inLanguage":"es","@id":"https:\/\/www.noticiasradioreflejos.com.ar\/2021\/#\/schema\/person\/image\/","url":"https:\/\/secure.gravatar.com\/avatar\/55cb5e37c1efa326397366e6974cb338056df65cb50e7d64d1cf314e87504837?s=96&d=mm&r=g","contentUrl":"https:\/\/secure.gravatar.com\/avatar\/55cb5e37c1efa326397366e6974cb338056df65cb50e7d64d1cf314e87504837?s=96&d=mm&r=g","caption":"Arnaldo Botto"},"url":"https:\/\/www.noticiasradioreflejos.com.ar\/2021\/author\/arnaldo\/"}]}},"_links":{"self":[{"href":"https:\/\/www.noticiasradioreflejos.com.ar\/2021\/wp-json\/wp\/v2\/posts\/79209","targetHints":{"allow":["GET"]}}],"collection":[{"href":"https:\/\/www.noticiasradioreflejos.com.ar\/2021\/wp-json\/wp\/v2\/posts"}],"about":[{"href":"https:\/\/www.noticiasradioreflejos.com.ar\/2021\/wp-json\/wp\/v2\/types\/post"}],"author":[{"embeddable":true,"href":"https:\/\/www.noticiasradioreflejos.com.ar\/2021\/wp-json\/wp\/v2\/users\/3"}],"replies":[{"embeddable":true,"href":"https:\/\/www.noticiasradioreflejos.com.ar\/2021\/wp-json\/wp\/v2\/comments?post=79209"}],"version-history":[{"count":3,"href":"https:\/\/www.noticiasradioreflejos.com.ar\/2021\/wp-json\/wp\/v2\/posts\/79209\/revisions"}],"predecessor-version":[{"id":79239,"href":"https:\/\/www.noticiasradioreflejos.com.ar\/2021\/wp-json\/wp\/v2\/posts\/79209\/revisions\/79239"}],"wp:attachment":[{"href":"https:\/\/www.noticiasradioreflejos.com.ar\/2021\/wp-json\/wp\/v2\/media?parent=79209"}],"wp:term":[{"taxonomy":"category","embeddable":true,"href":"https:\/\/www.noticiasradioreflejos.com.ar\/2021\/wp-json\/wp\/v2\/categories?post=79209"},{"taxonomy":"post_tag","embeddable":true,"href":"https:\/\/www.noticiasradioreflejos.com.ar\/2021\/wp-json\/wp\/v2\/tags?post=79209"}],"curies":[{"name":"wp","href":"https:\/\/api.w.org\/{rel}","templated":true}]}}