{"id":79204,"date":"2022-10-21T14:28:16","date_gmt":"2022-10-21T14:28:16","guid":{"rendered":"http:\/\/www.noticiasradioreflejos.com.ar\/2021\/?p=79204"},"modified":"2022-10-21T14:28:16","modified_gmt":"2022-10-21T14:28:16","slug":"reclamo-por-el-mantenimiento-del-camino-a-sierras-grandes","status":"publish","type":"post","link":"https:\/\/www.noticiasradioreflejos.com.ar\/2021\/reclamo-por-el-mantenimiento-del-camino-a-sierras-grandes\/","title":{"rendered":"Reclamo por el mantenimiento del camino a Sierras Grandes."},"content":{"rendered":"<p>Reserva Natural Privada Sierras Grandes, Sierra de la Ventana, Octubre 2022<\/p>\n<p>\u00a1Este fin de semana largo de octubre nos sorprendi\u00f3!<!--more--><br \/>\n<a title=\"WhatsApp Image 2022-10-21 at 09.24.35\" href=\"https:\/\/www.flickr.com\/photos\/182279889@N02\/52442980997\/in\/dateposted-public\/\" data-flickr-embed=\"true\"><img loading=\"lazy\" decoding=\"async\" class=\"aligncenter\" src=\"https:\/\/live.staticflickr.com\/65535\/52442980997_cb6bcce095.jpg\" alt=\"WhatsApp Image 2022-10-21 at 09.24.35\" width=\"772\" height=\"434\" \/><\/a><\/p>\n<p>En la Reserva Natural Sierras Grandes, podemos ver que a\u00f1o tras a\u00f1o aumenta significativamente el inter\u00e9s y el n\u00famero de visitantes que vienen a conocer y realizar las excursiones guiadas que aqu\u00ed ofrecemos.<br \/>\nEn especial, el d\u00eda domingo 9 de octubre, a pesar del mal tiempo, con lluvia y ca\u00edda de nieve, nos sorprendi\u00f3 de manera positiva el inter\u00e9s e ingreso de familias y grupos de amigos a estos arroyos y ca\u00f1adones majestuosos. Consideramos, que dado que el Cerro de la Ventana no estaba habilitado (principal atractivo tur\u00edstico de la comarca) parte de los visitantes se acercaron a conocer Sierras Grandes. Esta complementaci\u00f3n era uno de los objetivos por los cuales junto a la Municipalidad de Tornquist y el OPDS acordamos dar inicio a este hermoso proyecto de conservaci\u00f3n y desarrollo tur\u00edstico.<\/p>\n<p>&nbsp;<\/p>\n<p><a title=\"WhatsApp Image 2022-10-21 at 09.27.39\" href=\"https:\/\/www.flickr.com\/photos\/182279889@N02\/52443935800\/in\/dateposted-public\/\" data-flickr-embed=\"true\"><img loading=\"lazy\" decoding=\"async\" src=\"https:\/\/live.staticflickr.com\/65535\/52443935800_fbed58cfa2_c.jpg\" alt=\"WhatsApp Image 2022-10-21 at 09.27.39\" width=\"800\" height=\"600\" \/><\/a><\/p>\n<p>&nbsp;<\/p>\n<p>Este \u00faltimo fin de semana extra largo, nuestra Comarca de Sierras de la Ventana convoc\u00f3 a gran cantidad de turistas. Ello produjo una importante cantidad de consultas. Lamentablemente y a pesar del esfuerzo que hicimos no pudimos resolver el ingreso de todas ellas, principalmente el de las personas que vinieron desde lejos, algunos en combi, colectivos o tren y otros en veh\u00edculos chicos que no se animaron a ingresar por el mal estado de los 9 km camino de tierra, a lo que se le sum\u00f3 el desmejoramiento adicional producto de las lluvias.<br \/>\nAl margen de ello quedamos muy conformes por haber podido realizar todas las excursiones, cabalgatas, rappel y tirolesa y responder a esos pedidos urgentes que nos surgieron ese finde. Adem\u00e1s tuvimos gente de la ciudad de La Plata que vino hacer escalada en Paredes Rosas, lo que requiri\u00f3 de un traslado 4&#215;4.<br \/>\nPor lo tanto damos gracias a los gu\u00edas y guardaparques por el cuidado y la atenci\u00f3n con los turistas que se retiraron muy conformes y sin inconvenientes<br \/>\nEsforz\u00e1ndonos por continuar mejorando el servicio que desde aqu\u00ed brindamos, para el cual es fundamental contar con el apoyo provincial y municipal y buscando colaborar con el desarrollo econ\u00f3mico de nuestra amada comarca nos despedimos afectuosamente.<\/p>\n<p><strong>Familia Dorasio<\/strong><\/p>\n<p><a title=\"Sierras Grandes (3)\" href=\"https:\/\/www.flickr.com\/photos\/182279889@N02\/52444018168\/in\/dateposted-public\/\" data-flickr-embed=\"true\"><img loading=\"lazy\" decoding=\"async\" class=\"aligncenter\" src=\"https:\/\/live.staticflickr.com\/65535\/52444018168_e91a109720_c.jpg\" alt=\"Sierras Grandes (3)\" width=\"600\" height=\"800\" \/><\/a><\/p>\n","protected":false},"excerpt":{"rendered":"<p>Reserva Natural Privada Sierras Grandes, Sierra de la Ventana, Octubre 2022 \u00a1Este fin de semana largo de octubre nos sorprendi\u00f3!<\/p>\n","protected":false},"author":3,"featured_media":0,"comment_status":"closed","ping_status":"closed","sticky":false,"template":"","format":"standard","meta":{"footnotes":""},"categories":[26,33],"tags":[],"class_list":["post-79204","post","type-post","status-publish","format-standard","hentry","category-sociedad","category-turismo"],"yoast_head":"<!-- This site is optimized with the Yoast SEO plugin v25.9 - https:\/\/yoast.com\/wordpress\/plugins\/seo\/ -->\n<title>Reclamo por el mantenimiento del camino a Sierras Grandes. - Noticias Radio Reflejos<\/title>\n<meta name=\"robots\" content=\"index, follow, max-snippet:-1, max-image-preview:large, max-video-preview:-1\" \/>\n<link rel=\"canonical\" href=\"https:\/\/www.noticiasradioreflejos.com.ar\/2021\/reclamo-por-el-mantenimiento-del-camino-a-sierras-grandes\/\" \/>\n<meta property=\"og:locale\" content=\"es_ES\" \/>\n<meta property=\"og:type\" content=\"article\" \/>\n<meta property=\"og:title\" content=\"Reclamo por el mantenimiento del camino a Sierras Grandes. - Noticias Radio Reflejos\" \/>\n<meta property=\"og:description\" content=\"Reserva Natural Privada Sierras Grandes, Sierra de la Ventana, Octubre 2022 \u00a1Este fin de semana largo de octubre nos sorprendi\u00f3!\" \/>\n<meta property=\"og:url\" content=\"https:\/\/www.noticiasradioreflejos.com.ar\/2021\/reclamo-por-el-mantenimiento-del-camino-a-sierras-grandes\/\" \/>\n<meta property=\"og:site_name\" content=\"Noticias Radio Reflejos\" \/>\n<meta property=\"article:published_time\" content=\"2022-10-21T14:28:16+00:00\" \/>\n<meta property=\"og:image\" content=\"https:\/\/live.staticflickr.com\/65535\/52442980997_cb6bcce095.jpg\" \/>\n<meta name=\"author\" content=\"Arnaldo Botto\" \/>\n<meta name=\"twitter:card\" content=\"summary_large_image\" \/>\n<script type=\"application\/ld+json\" class=\"yoast-schema-graph\">{\"@context\":\"https:\/\/schema.org\",\"@graph\":[{\"@type\":\"WebPage\",\"@id\":\"https:\/\/www.noticiasradioreflejos.com.ar\/2021\/reclamo-por-el-mantenimiento-del-camino-a-sierras-grandes\/\",\"url\":\"https:\/\/www.noticiasradioreflejos.com.ar\/2021\/reclamo-por-el-mantenimiento-del-camino-a-sierras-grandes\/\",\"name\":\"Reclamo por el mantenimiento del camino a Sierras Grandes. - Noticias Radio Reflejos\",\"isPartOf\":{\"@id\":\"https:\/\/www.noticiasradioreflejos.com.ar\/2021\/#website\"},\"primaryImageOfPage\":{\"@id\":\"https:\/\/www.noticiasradioreflejos.com.ar\/2021\/reclamo-por-el-mantenimiento-del-camino-a-sierras-grandes\/#primaryimage\"},\"image\":{\"@id\":\"https:\/\/www.noticiasradioreflejos.com.ar\/2021\/reclamo-por-el-mantenimiento-del-camino-a-sierras-grandes\/#primaryimage\"},\"thumbnailUrl\":\"https:\/\/live.staticflickr.com\/65535\/52442980997_cb6bcce095.jpg\",\"datePublished\":\"2022-10-21T14:28:16+00:00\",\"author\":{\"@id\":\"https:\/\/www.noticiasradioreflejos.com.ar\/2021\/#\/schema\/person\/ad82545263dcc5ec0996818884fd5fb1\"},\"breadcrumb\":{\"@id\":\"https:\/\/www.noticiasradioreflejos.com.ar\/2021\/reclamo-por-el-mantenimiento-del-camino-a-sierras-grandes\/#breadcrumb\"},\"inLanguage\":\"es\",\"potentialAction\":[{\"@type\":\"ReadAction\",\"target\":[\"https:\/\/www.noticiasradioreflejos.com.ar\/2021\/reclamo-por-el-mantenimiento-del-camino-a-sierras-grandes\/\"]}]},{\"@type\":\"ImageObject\",\"inLanguage\":\"es\",\"@id\":\"https:\/\/www.noticiasradioreflejos.com.ar\/2021\/reclamo-por-el-mantenimiento-del-camino-a-sierras-grandes\/#primaryimage\",\"url\":\"https:\/\/live.staticflickr.com\/65535\/52442980997_cb6bcce095.jpg\",\"contentUrl\":\"https:\/\/live.staticflickr.com\/65535\/52442980997_cb6bcce095.jpg\"},{\"@type\":\"BreadcrumbList\",\"@id\":\"https:\/\/www.noticiasradioreflejos.com.ar\/2021\/reclamo-por-el-mantenimiento-del-camino-a-sierras-grandes\/#breadcrumb\",\"itemListElement\":[{\"@type\":\"ListItem\",\"position\":1,\"name\":\"Portada\",\"item\":\"https:\/\/www.noticiasradioreflejos.com.ar\/2021\/\"},{\"@type\":\"ListItem\",\"position\":2,\"name\":\"Reclamo por el mantenimiento del camino a Sierras Grandes.\"}]},{\"@type\":\"WebSite\",\"@id\":\"https:\/\/www.noticiasradioreflejos.com.ar\/2021\/#website\",\"url\":\"https:\/\/www.noticiasradioreflejos.com.ar\/2021\/\",\"name\":\"Noticias Radio Reflejos\",\"description\":\"Las noticias de mi comarca\",\"potentialAction\":[{\"@type\":\"SearchAction\",\"target\":{\"@type\":\"EntryPoint\",\"urlTemplate\":\"https:\/\/www.noticiasradioreflejos.com.ar\/2021\/?s={search_term_string}\"},\"query-input\":{\"@type\":\"PropertyValueSpecification\",\"valueRequired\":true,\"valueName\":\"search_term_string\"}}],\"inLanguage\":\"es\"},{\"@type\":\"Person\",\"@id\":\"https:\/\/www.noticiasradioreflejos.com.ar\/2021\/#\/schema\/person\/ad82545263dcc5ec0996818884fd5fb1\",\"name\":\"Arnaldo Botto\",\"image\":{\"@type\":\"ImageObject\",\"inLanguage\":\"es\",\"@id\":\"https:\/\/www.noticiasradioreflejos.com.ar\/2021\/#\/schema\/person\/image\/\",\"url\":\"https:\/\/secure.gravatar.com\/avatar\/55cb5e37c1efa326397366e6974cb338056df65cb50e7d64d1cf314e87504837?s=96&d=mm&r=g\",\"contentUrl\":\"https:\/\/secure.gravatar.com\/avatar\/55cb5e37c1efa326397366e6974cb338056df65cb50e7d64d1cf314e87504837?s=96&d=mm&r=g\",\"caption\":\"Arnaldo Botto\"},\"url\":\"https:\/\/www.noticiasradioreflejos.com.ar\/2021\/author\/arnaldo\/\"}]}<\/script>\n<!-- \/ Yoast SEO plugin. -->","yoast_head_json":{"title":"Reclamo por el mantenimiento del camino a Sierras Grandes. - Noticias Radio Reflejos","robots":{"index":"index","follow":"follow","max-snippet":"max-snippet:-1","max-image-preview":"max-image-preview:large","max-video-preview":"max-video-preview:-1"},"canonical":"https:\/\/www.noticiasradioreflejos.com.ar\/2021\/reclamo-por-el-mantenimiento-del-camino-a-sierras-grandes\/","og_locale":"es_ES","og_type":"article","og_title":"Reclamo por el mantenimiento del camino a Sierras Grandes. - Noticias Radio Reflejos","og_description":"Reserva Natural Privada Sierras Grandes, Sierra de la Ventana, Octubre 2022 \u00a1Este fin de semana largo de octubre nos sorprendi\u00f3!","og_url":"https:\/\/www.noticiasradioreflejos.com.ar\/2021\/reclamo-por-el-mantenimiento-del-camino-a-sierras-grandes\/","og_site_name":"Noticias Radio Reflejos","article_published_time":"2022-10-21T14:28:16+00:00","og_image":[{"url":"https:\/\/live.staticflickr.com\/65535\/52442980997_cb6bcce095.jpg","type":"","width":"","height":""}],"author":"Arnaldo Botto","twitter_card":"summary_large_image","schema":{"@context":"https:\/\/schema.org","@graph":[{"@type":"WebPage","@id":"https:\/\/www.noticiasradioreflejos.com.ar\/2021\/reclamo-por-el-mantenimiento-del-camino-a-sierras-grandes\/","url":"https:\/\/www.noticiasradioreflejos.com.ar\/2021\/reclamo-por-el-mantenimiento-del-camino-a-sierras-grandes\/","name":"Reclamo por el mantenimiento del camino a Sierras Grandes. - Noticias Radio Reflejos","isPartOf":{"@id":"https:\/\/www.noticiasradioreflejos.com.ar\/2021\/#website"},"primaryImageOfPage":{"@id":"https:\/\/www.noticiasradioreflejos.com.ar\/2021\/reclamo-por-el-mantenimiento-del-camino-a-sierras-grandes\/#primaryimage"},"image":{"@id":"https:\/\/www.noticiasradioreflejos.com.ar\/2021\/reclamo-por-el-mantenimiento-del-camino-a-sierras-grandes\/#primaryimage"},"thumbnailUrl":"https:\/\/live.staticflickr.com\/65535\/52442980997_cb6bcce095.jpg","datePublished":"2022-10-21T14:28:16+00:00","author":{"@id":"https:\/\/www.noticiasradioreflejos.com.ar\/2021\/#\/schema\/person\/ad82545263dcc5ec0996818884fd5fb1"},"breadcrumb":{"@id":"https:\/\/www.noticiasradioreflejos.com.ar\/2021\/reclamo-por-el-mantenimiento-del-camino-a-sierras-grandes\/#breadcrumb"},"inLanguage":"es","potentialAction":[{"@type":"ReadAction","target":["https:\/\/www.noticiasradioreflejos.com.ar\/2021\/reclamo-por-el-mantenimiento-del-camino-a-sierras-grandes\/"]}]},{"@type":"ImageObject","inLanguage":"es","@id":"https:\/\/www.noticiasradioreflejos.com.ar\/2021\/reclamo-por-el-mantenimiento-del-camino-a-sierras-grandes\/#primaryimage","url":"https:\/\/live.staticflickr.com\/65535\/52442980997_cb6bcce095.jpg","contentUrl":"https:\/\/live.staticflickr.com\/65535\/52442980997_cb6bcce095.jpg"},{"@type":"BreadcrumbList","@id":"https:\/\/www.noticiasradioreflejos.com.ar\/2021\/reclamo-por-el-mantenimiento-del-camino-a-sierras-grandes\/#breadcrumb","itemListElement":[{"@type":"ListItem","position":1,"name":"Portada","item":"https:\/\/www.noticiasradioreflejos.com.ar\/2021\/"},{"@type":"ListItem","position":2,"name":"Reclamo por el mantenimiento del camino a Sierras Grandes."}]},{"@type":"WebSite","@id":"https:\/\/www.noticiasradioreflejos.com.ar\/2021\/#website","url":"https:\/\/www.noticiasradioreflejos.com.ar\/2021\/","name":"Noticias Radio Reflejos","description":"Las noticias de mi comarca","potentialAction":[{"@type":"SearchAction","target":{"@type":"EntryPoint","urlTemplate":"https:\/\/www.noticiasradioreflejos.com.ar\/2021\/?s={search_term_string}"},"query-input":{"@type":"PropertyValueSpecification","valueRequired":true,"valueName":"search_term_string"}}],"inLanguage":"es"},{"@type":"Person","@id":"https:\/\/www.noticiasradioreflejos.com.ar\/2021\/#\/schema\/person\/ad82545263dcc5ec0996818884fd5fb1","name":"Arnaldo Botto","image":{"@type":"ImageObject","inLanguage":"es","@id":"https:\/\/www.noticiasradioreflejos.com.ar\/2021\/#\/schema\/person\/image\/","url":"https:\/\/secure.gravatar.com\/avatar\/55cb5e37c1efa326397366e6974cb338056df65cb50e7d64d1cf314e87504837?s=96&d=mm&r=g","contentUrl":"https:\/\/secure.gravatar.com\/avatar\/55cb5e37c1efa326397366e6974cb338056df65cb50e7d64d1cf314e87504837?s=96&d=mm&r=g","caption":"Arnaldo Botto"},"url":"https:\/\/www.noticiasradioreflejos.com.ar\/2021\/author\/arnaldo\/"}]}},"_links":{"self":[{"href":"https:\/\/www.noticiasradioreflejos.com.ar\/2021\/wp-json\/wp\/v2\/posts\/79204","targetHints":{"allow":["GET"]}}],"collection":[{"href":"https:\/\/www.noticiasradioreflejos.com.ar\/2021\/wp-json\/wp\/v2\/posts"}],"about":[{"href":"https:\/\/www.noticiasradioreflejos.com.ar\/2021\/wp-json\/wp\/v2\/types\/post"}],"author":[{"embeddable":true,"href":"https:\/\/www.noticiasradioreflejos.com.ar\/2021\/wp-json\/wp\/v2\/users\/3"}],"replies":[{"embeddable":true,"href":"https:\/\/www.noticiasradioreflejos.com.ar\/2021\/wp-json\/wp\/v2\/comments?post=79204"}],"version-history":[{"count":1,"href":"https:\/\/www.noticiasradioreflejos.com.ar\/2021\/wp-json\/wp\/v2\/posts\/79204\/revisions"}],"predecessor-version":[{"id":79206,"href":"https:\/\/www.noticiasradioreflejos.com.ar\/2021\/wp-json\/wp\/v2\/posts\/79204\/revisions\/79206"}],"wp:attachment":[{"href":"https:\/\/www.noticiasradioreflejos.com.ar\/2021\/wp-json\/wp\/v2\/media?parent=79204"}],"wp:term":[{"taxonomy":"category","embeddable":true,"href":"https:\/\/www.noticiasradioreflejos.com.ar\/2021\/wp-json\/wp\/v2\/categories?post=79204"},{"taxonomy":"post_tag","embeddable":true,"href":"https:\/\/www.noticiasradioreflejos.com.ar\/2021\/wp-json\/wp\/v2\/tags?post=79204"}],"curies":[{"name":"wp","href":"https:\/\/api.w.org\/{rel}","templated":true}]}}