{"id":79201,"date":"2022-10-21T13:35:31","date_gmt":"2022-10-21T13:35:31","guid":{"rendered":"http:\/\/www.noticiasradioreflejos.com.ar\/2021\/?p=79201"},"modified":"2022-10-21T13:35:31","modified_gmt":"2022-10-21T13:35:31","slug":"paises-bajos-sacrifico-300-000-pollos-por-un-brote-de-gripe-aviar-altamente-contagiosa","status":"publish","type":"post","link":"https:\/\/www.noticiasradioreflejos.com.ar\/2021\/paises-bajos-sacrifico-300-000-pollos-por-un-brote-de-gripe-aviar-altamente-contagiosa\/","title":{"rendered":"Pa\u00edses Bajos sacrific\u00f3 300.000 pollos por un brote de gripe aviar altamente contagiosa"},"content":{"rendered":"<p>La autoridad sanitaria neerlandesa ya mat\u00f3 5,8 millones de aves en 98 lugares del pa\u00eds desde que se detect\u00f3 por primera vez la epidemia de la nueva cepa del virus en octubre del a\u00f1o pasado.<!--more--><\/p>\n<figure class=\"mb-3\"><img decoding=\"async\" src=\"https:\/\/www.telam.com.ar\/thumbs\/bluesteel\/advf\/imagenes\/2018\/04\/5adde45016748_1200.jpg\" alt=\"Las autoridades sanitarias de Pases Bajos controlan las granjas y prohibieron el trnsito de productos avcolas por la gripe aviar Foto AFP\" width=\"100%\" height=\"100%\" \/><\/p>\n<div class=\"media-icons\"><\/div><figcaption>Las autoridades sanitarias de Pa\u00edses Bajos controlan las granjas y prohibieron el tr\u00e1nsito de productos av\u00edcolas por la gripe aviar \/ Foto: AFP<\/figcaption><\/figure>\n<p>Las autoridades sanitarias de Pa\u00edses Bajos\u00a0<strong>sacrificaron este jueves unos 300.000 pollo<\/strong>s tras el mayor brote de gripe aviar altamente contagiosa de este a\u00f1o e informaron que la epidemia en curso mat\u00f3 hasta ahora a casi seis millones de aves.<\/p>\n<p>La Autoridad Holandesa de Seguridad de Alimentos y Productos de Consumo (NVWA) precis\u00f3 que el \u00faltimo brote de la cepa H5 del virus\u00a0<strong>afect\u00f3 a una granja de pollos en Heythuysen, en la provincia de Limburgo.<\/strong><\/p>\n<p><strong>\u00abHemos prohibido inmediatamente el transporte\u00bb de todos los productos av\u00edcolas<\/strong>, indic\u00f3 la NVWA, y especific\u00f3 que la decisi\u00f3n inclu\u00eda los huevos, la carne de ave y el esti\u00e9rcol.<\/p>\n<p>En tanto, a trav\u00e9s de un comunicado, el organismo se\u00f1al\u00f3 que\u00a0<strong>cinco granjas av\u00edcolas en un radio de cinco kil\u00f3metros \u00abest\u00e1n siendo examinadas y ser\u00e1n vigiladas<\/strong>\u00a0para detectar la gripe aviar durante las pr\u00f3ximas dos semanas\u00bb, seg\u00fan consign\u00f3 la agencia de noticias AFP.<\/p>\n<p>Las autoridades neerlandesas indicaron este jueves<strong>\u00a0haber sacrificado unos 5,8 millones de aves, entre ellas pollos, pavos y aves acu\u00e1ticas, en 98 lugares del pa\u00eds<\/strong>\u00a0desde que se detect\u00f3 por primera vez el brote de la nueva cepa de gripe aviar en octubre del a\u00f1o pasado.<\/p>\n<p>Por su parte,\u00a0<strong>el ministro neerland\u00e9s de Agricultura, Piet Adema<\/strong>, declar\u00f3 la semana pasada en una carta al Parlamento que \u00abesta situaci\u00f3n no es sostenible\u00bb.<\/p>\n<p>\u00abNi para los animales, ni para los avicultores, ni para la sociedad, por lo tanto\u00a0<strong>debemos intensificar nuestro enfoque de la gripe aviar\u00bb<\/strong>, destac\u00f3.<\/p>\n<p>El pa\u00eds europeo ha ordenado que\u00a0<strong>todas las aves de corral se mantengan bajo techo desde el 5 de octubre<\/strong>\u00a0en un intento de frenar el virus.<\/p>\n","protected":false},"excerpt":{"rendered":"<p>La autoridad sanitaria neerlandesa ya mat\u00f3 5,8 millones de aves en 98 lugares del pa\u00eds desde que se detect\u00f3 por primera vez la epidemia de la nueva cepa del virus en octubre del a\u00f1o pasado.<\/p>\n","protected":false},"author":3,"featured_media":0,"comment_status":"closed","ping_status":"closed","sticky":false,"template":"","format":"standard","meta":{"footnotes":""},"categories":[30],"tags":[],"class_list":["post-79201","post","type-post","status-publish","format-standard","hentry","category-salud"],"yoast_head":"<!-- This site is optimized with the Yoast SEO plugin v25.9 - https:\/\/yoast.com\/wordpress\/plugins\/seo\/ -->\n<title>Pa\u00edses Bajos sacrific\u00f3 300.000 pollos por un brote de gripe aviar altamente contagiosa - Noticias Radio Reflejos<\/title>\n<meta name=\"robots\" content=\"index, follow, max-snippet:-1, max-image-preview:large, max-video-preview:-1\" \/>\n<link rel=\"canonical\" href=\"https:\/\/www.noticiasradioreflejos.com.ar\/2021\/paises-bajos-sacrifico-300-000-pollos-por-un-brote-de-gripe-aviar-altamente-contagiosa\/\" \/>\n<meta property=\"og:locale\" content=\"es_ES\" \/>\n<meta property=\"og:type\" content=\"article\" \/>\n<meta property=\"og:title\" content=\"Pa\u00edses Bajos sacrific\u00f3 300.000 pollos por un brote de gripe aviar altamente contagiosa - Noticias Radio Reflejos\" \/>\n<meta property=\"og:description\" content=\"La autoridad sanitaria neerlandesa ya mat\u00f3 5,8 millones de aves en 98 lugares del pa\u00eds desde que se detect\u00f3 por primera vez la epidemia de la nueva cepa del virus en octubre del a\u00f1o pasado.\" \/>\n<meta property=\"og:url\" content=\"https:\/\/www.noticiasradioreflejos.com.ar\/2021\/paises-bajos-sacrifico-300-000-pollos-por-un-brote-de-gripe-aviar-altamente-contagiosa\/\" \/>\n<meta property=\"og:site_name\" content=\"Noticias Radio Reflejos\" \/>\n<meta property=\"article:published_time\" content=\"2022-10-21T13:35:31+00:00\" \/>\n<meta property=\"og:image\" content=\"https:\/\/www.telam.com.ar\/thumbs\/bluesteel\/advf\/imagenes\/2018\/04\/5adde45016748_1200.jpg\" \/>\n<meta name=\"author\" content=\"Arnaldo Botto\" \/>\n<meta name=\"twitter:card\" content=\"summary_large_image\" \/>\n<script type=\"application\/ld+json\" class=\"yoast-schema-graph\">{\"@context\":\"https:\/\/schema.org\",\"@graph\":[{\"@type\":\"WebPage\",\"@id\":\"https:\/\/www.noticiasradioreflejos.com.ar\/2021\/paises-bajos-sacrifico-300-000-pollos-por-un-brote-de-gripe-aviar-altamente-contagiosa\/\",\"url\":\"https:\/\/www.noticiasradioreflejos.com.ar\/2021\/paises-bajos-sacrifico-300-000-pollos-por-un-brote-de-gripe-aviar-altamente-contagiosa\/\",\"name\":\"Pa\u00edses Bajos sacrific\u00f3 300.000 pollos por un brote de gripe aviar altamente contagiosa - Noticias Radio Reflejos\",\"isPartOf\":{\"@id\":\"https:\/\/www.noticiasradioreflejos.com.ar\/2021\/#website\"},\"primaryImageOfPage\":{\"@id\":\"https:\/\/www.noticiasradioreflejos.com.ar\/2021\/paises-bajos-sacrifico-300-000-pollos-por-un-brote-de-gripe-aviar-altamente-contagiosa\/#primaryimage\"},\"image\":{\"@id\":\"https:\/\/www.noticiasradioreflejos.com.ar\/2021\/paises-bajos-sacrifico-300-000-pollos-por-un-brote-de-gripe-aviar-altamente-contagiosa\/#primaryimage\"},\"thumbnailUrl\":\"https:\/\/www.telam.com.ar\/thumbs\/bluesteel\/advf\/imagenes\/2018\/04\/5adde45016748_1200.jpg\",\"datePublished\":\"2022-10-21T13:35:31+00:00\",\"author\":{\"@id\":\"https:\/\/www.noticiasradioreflejos.com.ar\/2021\/#\/schema\/person\/ad82545263dcc5ec0996818884fd5fb1\"},\"breadcrumb\":{\"@id\":\"https:\/\/www.noticiasradioreflejos.com.ar\/2021\/paises-bajos-sacrifico-300-000-pollos-por-un-brote-de-gripe-aviar-altamente-contagiosa\/#breadcrumb\"},\"inLanguage\":\"es\",\"potentialAction\":[{\"@type\":\"ReadAction\",\"target\":[\"https:\/\/www.noticiasradioreflejos.com.ar\/2021\/paises-bajos-sacrifico-300-000-pollos-por-un-brote-de-gripe-aviar-altamente-contagiosa\/\"]}]},{\"@type\":\"ImageObject\",\"inLanguage\":\"es\",\"@id\":\"https:\/\/www.noticiasradioreflejos.com.ar\/2021\/paises-bajos-sacrifico-300-000-pollos-por-un-brote-de-gripe-aviar-altamente-contagiosa\/#primaryimage\",\"url\":\"https:\/\/www.telam.com.ar\/thumbs\/bluesteel\/advf\/imagenes\/2018\/04\/5adde45016748_1200.jpg\",\"contentUrl\":\"https:\/\/www.telam.com.ar\/thumbs\/bluesteel\/advf\/imagenes\/2018\/04\/5adde45016748_1200.jpg\"},{\"@type\":\"BreadcrumbList\",\"@id\":\"https:\/\/www.noticiasradioreflejos.com.ar\/2021\/paises-bajos-sacrifico-300-000-pollos-por-un-brote-de-gripe-aviar-altamente-contagiosa\/#breadcrumb\",\"itemListElement\":[{\"@type\":\"ListItem\",\"position\":1,\"name\":\"Portada\",\"item\":\"https:\/\/www.noticiasradioreflejos.com.ar\/2021\/\"},{\"@type\":\"ListItem\",\"position\":2,\"name\":\"Pa\u00edses Bajos sacrific\u00f3 300.000 pollos por un brote de gripe aviar altamente contagiosa\"}]},{\"@type\":\"WebSite\",\"@id\":\"https:\/\/www.noticiasradioreflejos.com.ar\/2021\/#website\",\"url\":\"https:\/\/www.noticiasradioreflejos.com.ar\/2021\/\",\"name\":\"Noticias Radio Reflejos\",\"description\":\"Las noticias de mi comarca\",\"potentialAction\":[{\"@type\":\"SearchAction\",\"target\":{\"@type\":\"EntryPoint\",\"urlTemplate\":\"https:\/\/www.noticiasradioreflejos.com.ar\/2021\/?s={search_term_string}\"},\"query-input\":{\"@type\":\"PropertyValueSpecification\",\"valueRequired\":true,\"valueName\":\"search_term_string\"}}],\"inLanguage\":\"es\"},{\"@type\":\"Person\",\"@id\":\"https:\/\/www.noticiasradioreflejos.com.ar\/2021\/#\/schema\/person\/ad82545263dcc5ec0996818884fd5fb1\",\"name\":\"Arnaldo Botto\",\"image\":{\"@type\":\"ImageObject\",\"inLanguage\":\"es\",\"@id\":\"https:\/\/www.noticiasradioreflejos.com.ar\/2021\/#\/schema\/person\/image\/\",\"url\":\"https:\/\/secure.gravatar.com\/avatar\/55cb5e37c1efa326397366e6974cb338056df65cb50e7d64d1cf314e87504837?s=96&d=mm&r=g\",\"contentUrl\":\"https:\/\/secure.gravatar.com\/avatar\/55cb5e37c1efa326397366e6974cb338056df65cb50e7d64d1cf314e87504837?s=96&d=mm&r=g\",\"caption\":\"Arnaldo Botto\"},\"url\":\"https:\/\/www.noticiasradioreflejos.com.ar\/2021\/author\/arnaldo\/\"}]}<\/script>\n<!-- \/ Yoast SEO plugin. -->","yoast_head_json":{"title":"Pa\u00edses Bajos sacrific\u00f3 300.000 pollos por un brote de gripe aviar altamente contagiosa - Noticias Radio Reflejos","robots":{"index":"index","follow":"follow","max-snippet":"max-snippet:-1","max-image-preview":"max-image-preview:large","max-video-preview":"max-video-preview:-1"},"canonical":"https:\/\/www.noticiasradioreflejos.com.ar\/2021\/paises-bajos-sacrifico-300-000-pollos-por-un-brote-de-gripe-aviar-altamente-contagiosa\/","og_locale":"es_ES","og_type":"article","og_title":"Pa\u00edses Bajos sacrific\u00f3 300.000 pollos por un brote de gripe aviar altamente contagiosa - Noticias Radio Reflejos","og_description":"La autoridad sanitaria neerlandesa ya mat\u00f3 5,8 millones de aves en 98 lugares del pa\u00eds desde que se detect\u00f3 por primera vez la epidemia de la nueva cepa del virus en octubre del a\u00f1o pasado.","og_url":"https:\/\/www.noticiasradioreflejos.com.ar\/2021\/paises-bajos-sacrifico-300-000-pollos-por-un-brote-de-gripe-aviar-altamente-contagiosa\/","og_site_name":"Noticias Radio Reflejos","article_published_time":"2022-10-21T13:35:31+00:00","og_image":[{"url":"https:\/\/www.telam.com.ar\/thumbs\/bluesteel\/advf\/imagenes\/2018\/04\/5adde45016748_1200.jpg","type":"","width":"","height":""}],"author":"Arnaldo Botto","twitter_card":"summary_large_image","schema":{"@context":"https:\/\/schema.org","@graph":[{"@type":"WebPage","@id":"https:\/\/www.noticiasradioreflejos.com.ar\/2021\/paises-bajos-sacrifico-300-000-pollos-por-un-brote-de-gripe-aviar-altamente-contagiosa\/","url":"https:\/\/www.noticiasradioreflejos.com.ar\/2021\/paises-bajos-sacrifico-300-000-pollos-por-un-brote-de-gripe-aviar-altamente-contagiosa\/","name":"Pa\u00edses Bajos sacrific\u00f3 300.000 pollos por un brote de gripe aviar altamente contagiosa - Noticias Radio Reflejos","isPartOf":{"@id":"https:\/\/www.noticiasradioreflejos.com.ar\/2021\/#website"},"primaryImageOfPage":{"@id":"https:\/\/www.noticiasradioreflejos.com.ar\/2021\/paises-bajos-sacrifico-300-000-pollos-por-un-brote-de-gripe-aviar-altamente-contagiosa\/#primaryimage"},"image":{"@id":"https:\/\/www.noticiasradioreflejos.com.ar\/2021\/paises-bajos-sacrifico-300-000-pollos-por-un-brote-de-gripe-aviar-altamente-contagiosa\/#primaryimage"},"thumbnailUrl":"https:\/\/www.telam.com.ar\/thumbs\/bluesteel\/advf\/imagenes\/2018\/04\/5adde45016748_1200.jpg","datePublished":"2022-10-21T13:35:31+00:00","author":{"@id":"https:\/\/www.noticiasradioreflejos.com.ar\/2021\/#\/schema\/person\/ad82545263dcc5ec0996818884fd5fb1"},"breadcrumb":{"@id":"https:\/\/www.noticiasradioreflejos.com.ar\/2021\/paises-bajos-sacrifico-300-000-pollos-por-un-brote-de-gripe-aviar-altamente-contagiosa\/#breadcrumb"},"inLanguage":"es","potentialAction":[{"@type":"ReadAction","target":["https:\/\/www.noticiasradioreflejos.com.ar\/2021\/paises-bajos-sacrifico-300-000-pollos-por-un-brote-de-gripe-aviar-altamente-contagiosa\/"]}]},{"@type":"ImageObject","inLanguage":"es","@id":"https:\/\/www.noticiasradioreflejos.com.ar\/2021\/paises-bajos-sacrifico-300-000-pollos-por-un-brote-de-gripe-aviar-altamente-contagiosa\/#primaryimage","url":"https:\/\/www.telam.com.ar\/thumbs\/bluesteel\/advf\/imagenes\/2018\/04\/5adde45016748_1200.jpg","contentUrl":"https:\/\/www.telam.com.ar\/thumbs\/bluesteel\/advf\/imagenes\/2018\/04\/5adde45016748_1200.jpg"},{"@type":"BreadcrumbList","@id":"https:\/\/www.noticiasradioreflejos.com.ar\/2021\/paises-bajos-sacrifico-300-000-pollos-por-un-brote-de-gripe-aviar-altamente-contagiosa\/#breadcrumb","itemListElement":[{"@type":"ListItem","position":1,"name":"Portada","item":"https:\/\/www.noticiasradioreflejos.com.ar\/2021\/"},{"@type":"ListItem","position":2,"name":"Pa\u00edses Bajos sacrific\u00f3 300.000 pollos por un brote de gripe aviar altamente contagiosa"}]},{"@type":"WebSite","@id":"https:\/\/www.noticiasradioreflejos.com.ar\/2021\/#website","url":"https:\/\/www.noticiasradioreflejos.com.ar\/2021\/","name":"Noticias Radio Reflejos","description":"Las noticias de mi comarca","potentialAction":[{"@type":"SearchAction","target":{"@type":"EntryPoint","urlTemplate":"https:\/\/www.noticiasradioreflejos.com.ar\/2021\/?s={search_term_string}"},"query-input":{"@type":"PropertyValueSpecification","valueRequired":true,"valueName":"search_term_string"}}],"inLanguage":"es"},{"@type":"Person","@id":"https:\/\/www.noticiasradioreflejos.com.ar\/2021\/#\/schema\/person\/ad82545263dcc5ec0996818884fd5fb1","name":"Arnaldo Botto","image":{"@type":"ImageObject","inLanguage":"es","@id":"https:\/\/www.noticiasradioreflejos.com.ar\/2021\/#\/schema\/person\/image\/","url":"https:\/\/secure.gravatar.com\/avatar\/55cb5e37c1efa326397366e6974cb338056df65cb50e7d64d1cf314e87504837?s=96&d=mm&r=g","contentUrl":"https:\/\/secure.gravatar.com\/avatar\/55cb5e37c1efa326397366e6974cb338056df65cb50e7d64d1cf314e87504837?s=96&d=mm&r=g","caption":"Arnaldo Botto"},"url":"https:\/\/www.noticiasradioreflejos.com.ar\/2021\/author\/arnaldo\/"}]}},"_links":{"self":[{"href":"https:\/\/www.noticiasradioreflejos.com.ar\/2021\/wp-json\/wp\/v2\/posts\/79201","targetHints":{"allow":["GET"]}}],"collection":[{"href":"https:\/\/www.noticiasradioreflejos.com.ar\/2021\/wp-json\/wp\/v2\/posts"}],"about":[{"href":"https:\/\/www.noticiasradioreflejos.com.ar\/2021\/wp-json\/wp\/v2\/types\/post"}],"author":[{"embeddable":true,"href":"https:\/\/www.noticiasradioreflejos.com.ar\/2021\/wp-json\/wp\/v2\/users\/3"}],"replies":[{"embeddable":true,"href":"https:\/\/www.noticiasradioreflejos.com.ar\/2021\/wp-json\/wp\/v2\/comments?post=79201"}],"version-history":[{"count":1,"href":"https:\/\/www.noticiasradioreflejos.com.ar\/2021\/wp-json\/wp\/v2\/posts\/79201\/revisions"}],"predecessor-version":[{"id":79203,"href":"https:\/\/www.noticiasradioreflejos.com.ar\/2021\/wp-json\/wp\/v2\/posts\/79201\/revisions\/79203"}],"wp:attachment":[{"href":"https:\/\/www.noticiasradioreflejos.com.ar\/2021\/wp-json\/wp\/v2\/media?parent=79201"}],"wp:term":[{"taxonomy":"category","embeddable":true,"href":"https:\/\/www.noticiasradioreflejos.com.ar\/2021\/wp-json\/wp\/v2\/categories?post=79201"},{"taxonomy":"post_tag","embeddable":true,"href":"https:\/\/www.noticiasradioreflejos.com.ar\/2021\/wp-json\/wp\/v2\/tags?post=79201"}],"curies":[{"name":"wp","href":"https:\/\/api.w.org\/{rel}","templated":true}]}}