{"id":79145,"date":"2022-10-20T11:07:07","date_gmt":"2022-10-20T11:07:07","guid":{"rendered":"http:\/\/www.noticiasradioreflejos.com.ar\/2021\/?p=79145"},"modified":"2022-10-20T11:07:07","modified_gmt":"2022-10-20T11:07:07","slug":"vialidad-nacional-ejecuto-trabajos-de-pintura-horizontal-en-la-rn-3-norte","status":"publish","type":"post","link":"https:\/\/www.noticiasradioreflejos.com.ar\/2021\/vialidad-nacional-ejecuto-trabajos-de-pintura-horizontal-en-la-rn-3-norte\/","title":{"rendered":"Vialidad Nacional ejecut\u00f3 trabajos de pintura horizontal en la RN 3 Norte"},"content":{"rendered":"<p><strong>Se ejecutaron trabajos de demarcaci\u00f3n horizontal de la calzada en la Ruta Nacional 3, entre el Km 486 y el Km 550<\/strong>.<!--more--><br \/>\n<a title=\"Pintura en la ruta 3 N (1)\" href=\"https:\/\/www.flickr.com\/photos\/182279889@N02\/52441178046\/in\/dateposted-public\/\" data-flickr-embed=\"true\"><img loading=\"lazy\" decoding=\"async\" src=\"https:\/\/live.staticflickr.com\/65535\/52441178046_c4cd6696dc_c.jpg\" alt=\"Pintura en la ruta 3 N (1)\" width=\"800\" height=\"423\" \/><\/a><\/p>\n<p>Las tareas consistieron en la <strong>ejecuci\u00f3n de ejes y bordes entre el acceso a Barrow y la localidad de Aparicio<\/strong>, a partir del sistema de extrusi\u00f3n con material termopl\u00e1stico de spray de 1,5 mm de espesor.<\/p>\n<p>Los trabajos se ejecutaron con <strong>pintura retrorreflectiva en caliente, que asegura una mayor vida \u00fatil a la misma<\/strong>. La empresa responsable de las tareas es Equimac S.A. bajo la supervisi\u00f3n de la Secci\u00f3n Se\u00f1alamiento del distrito Bah\u00eda Blanca de Vialidad Nacional.<\/p>\n<p>&nbsp;<\/p>\n<p>Se recuerda a las personas usuarias que <strong>las marcas viales o demarcaci\u00f3n horizontal son tambi\u00e9n se\u00f1ales de tr\u00e1nsito <\/strong>que, en lugar de estar puestas en postes o p\u00f3rticos, se encuentran demarcadas en la calzada, pero su finalidad es la misma: regular el tr\u00e1nsito, transmitir \u00f3rdenes, advertir sobre determinadas circunstancias, encauzar la circulaci\u00f3n o bien indicar zonas prohibidas. Cabe destacar que la demarcaci\u00f3n horizontal aumenta los niveles de seguridad y eficacia de la circulaci\u00f3n.<\/p>\n<p><a data-flickr-embed=\"true\" href=\"https:\/\/www.flickr.com\/photos\/182279889@N02\/52441625635\/in\/dateposted-public\/\" title=\"Pintura en la ruta 3 N (2)\"><img loading=\"lazy\" decoding=\"async\" src=\"https:\/\/live.staticflickr.com\/65535\/52441625635_c1805119b2_c.jpg\" width=\"800\" height=\"470\" alt=\"Pintura en la ruta 3 N (2)\"><\/a><script async src=\"\/\/embedr.flickr.com\/assets\/client-code.js\" charset=\"utf-8\"><\/script><\/p>\n<p>En las rutas, la se\u00f1alizaci\u00f3n horizontal alcanza su m\u00e1xima importancia en\u00a0 condiciones de m\u00ednima visibilidad- a la noche; con lluvia, niebla, polvo en suspensi\u00f3n o humo, entre otros-, constituyendo en esas circunstancias la mejor ayuda para quienes conducen. Para ello se utiliza un sistema de retroreflectividad preparado para que sea visible en la oscuridad. Esto se logra mediante el sembrado de peque\u00f1as microesferas de vidrio a\u00f1adidas al producto, que al recibir la luz la reflejan paralelamente al rayo incidente y con muy peque\u00f1a separaci\u00f3n, lo cual garantiza una perfecta visibilidad nocturna.<\/p>\n<p>&nbsp;<\/p>\n<p>Los se\u00f1alamientos horizontales dan respuesta a determinadas situaciones de la carretera y operan como complemento de los sistemas de se\u00f1alizaci\u00f3n vertical, luminoso y sonoro instalados en la v\u00eda, reforzando la relaci\u00f3n y comunicaci\u00f3n que debe existir con las y los usuarios.<\/p>\n<p>&nbsp;<\/p>\n<p>Se solicita respetar las velocidades m\u00e1ximas, los carteles verticales, colocarse el cintur\u00f3n de seguridad y llevar las luces bajas encendidas.<\/p>\n","protected":false},"excerpt":{"rendered":"<p>Se ejecutaron trabajos de demarcaci\u00f3n horizontal de la calzada en la Ruta Nacional 3, entre el Km 486 y el Km 550.<\/p>\n","protected":false},"author":3,"featured_media":0,"comment_status":"closed","ping_status":"closed","sticky":false,"template":"","format":"standard","meta":{"footnotes":""},"categories":[24,26],"tags":[],"class_list":["post-79145","post","type-post","status-publish","format-standard","hentry","category-politica","category-sociedad"],"yoast_head":"<!-- This site is optimized with the Yoast SEO plugin v25.9 - https:\/\/yoast.com\/wordpress\/plugins\/seo\/ -->\n<title>Vialidad Nacional ejecut\u00f3 trabajos de pintura horizontal en la RN 3 Norte - Noticias Radio Reflejos<\/title>\n<meta name=\"robots\" content=\"index, follow, max-snippet:-1, max-image-preview:large, max-video-preview:-1\" \/>\n<link rel=\"canonical\" href=\"https:\/\/www.noticiasradioreflejos.com.ar\/2021\/vialidad-nacional-ejecuto-trabajos-de-pintura-horizontal-en-la-rn-3-norte\/\" \/>\n<meta property=\"og:locale\" content=\"es_ES\" \/>\n<meta property=\"og:type\" content=\"article\" \/>\n<meta property=\"og:title\" content=\"Vialidad Nacional ejecut\u00f3 trabajos de pintura horizontal en la RN 3 Norte - Noticias Radio Reflejos\" \/>\n<meta property=\"og:description\" content=\"Se ejecutaron trabajos de demarcaci\u00f3n horizontal de la calzada en la Ruta Nacional 3, entre el Km 486 y el Km 550.\" \/>\n<meta property=\"og:url\" content=\"https:\/\/www.noticiasradioreflejos.com.ar\/2021\/vialidad-nacional-ejecuto-trabajos-de-pintura-horizontal-en-la-rn-3-norte\/\" \/>\n<meta property=\"og:site_name\" content=\"Noticias Radio Reflejos\" \/>\n<meta property=\"article:published_time\" content=\"2022-10-20T11:07:07+00:00\" \/>\n<meta property=\"og:image\" content=\"https:\/\/live.staticflickr.com\/65535\/52441178046_c4cd6696dc_c.jpg\" \/>\n<meta name=\"author\" content=\"Arnaldo Botto\" \/>\n<meta name=\"twitter:card\" content=\"summary_large_image\" \/>\n<script type=\"application\/ld+json\" class=\"yoast-schema-graph\">{\"@context\":\"https:\/\/schema.org\",\"@graph\":[{\"@type\":\"WebPage\",\"@id\":\"https:\/\/www.noticiasradioreflejos.com.ar\/2021\/vialidad-nacional-ejecuto-trabajos-de-pintura-horizontal-en-la-rn-3-norte\/\",\"url\":\"https:\/\/www.noticiasradioreflejos.com.ar\/2021\/vialidad-nacional-ejecuto-trabajos-de-pintura-horizontal-en-la-rn-3-norte\/\",\"name\":\"Vialidad Nacional ejecut\u00f3 trabajos de pintura horizontal en la RN 3 Norte - Noticias Radio Reflejos\",\"isPartOf\":{\"@id\":\"https:\/\/www.noticiasradioreflejos.com.ar\/2021\/#website\"},\"primaryImageOfPage\":{\"@id\":\"https:\/\/www.noticiasradioreflejos.com.ar\/2021\/vialidad-nacional-ejecuto-trabajos-de-pintura-horizontal-en-la-rn-3-norte\/#primaryimage\"},\"image\":{\"@id\":\"https:\/\/www.noticiasradioreflejos.com.ar\/2021\/vialidad-nacional-ejecuto-trabajos-de-pintura-horizontal-en-la-rn-3-norte\/#primaryimage\"},\"thumbnailUrl\":\"https:\/\/live.staticflickr.com\/65535\/52441178046_c4cd6696dc_c.jpg\",\"datePublished\":\"2022-10-20T11:07:07+00:00\",\"author\":{\"@id\":\"https:\/\/www.noticiasradioreflejos.com.ar\/2021\/#\/schema\/person\/ad82545263dcc5ec0996818884fd5fb1\"},\"breadcrumb\":{\"@id\":\"https:\/\/www.noticiasradioreflejos.com.ar\/2021\/vialidad-nacional-ejecuto-trabajos-de-pintura-horizontal-en-la-rn-3-norte\/#breadcrumb\"},\"inLanguage\":\"es\",\"potentialAction\":[{\"@type\":\"ReadAction\",\"target\":[\"https:\/\/www.noticiasradioreflejos.com.ar\/2021\/vialidad-nacional-ejecuto-trabajos-de-pintura-horizontal-en-la-rn-3-norte\/\"]}]},{\"@type\":\"ImageObject\",\"inLanguage\":\"es\",\"@id\":\"https:\/\/www.noticiasradioreflejos.com.ar\/2021\/vialidad-nacional-ejecuto-trabajos-de-pintura-horizontal-en-la-rn-3-norte\/#primaryimage\",\"url\":\"https:\/\/live.staticflickr.com\/65535\/52441178046_c4cd6696dc_c.jpg\",\"contentUrl\":\"https:\/\/live.staticflickr.com\/65535\/52441178046_c4cd6696dc_c.jpg\"},{\"@type\":\"BreadcrumbList\",\"@id\":\"https:\/\/www.noticiasradioreflejos.com.ar\/2021\/vialidad-nacional-ejecuto-trabajos-de-pintura-horizontal-en-la-rn-3-norte\/#breadcrumb\",\"itemListElement\":[{\"@type\":\"ListItem\",\"position\":1,\"name\":\"Portada\",\"item\":\"https:\/\/www.noticiasradioreflejos.com.ar\/2021\/\"},{\"@type\":\"ListItem\",\"position\":2,\"name\":\"Vialidad Nacional ejecut\u00f3 trabajos de pintura horizontal en la RN 3 Norte\"}]},{\"@type\":\"WebSite\",\"@id\":\"https:\/\/www.noticiasradioreflejos.com.ar\/2021\/#website\",\"url\":\"https:\/\/www.noticiasradioreflejos.com.ar\/2021\/\",\"name\":\"Noticias Radio Reflejos\",\"description\":\"Las noticias de mi comarca\",\"potentialAction\":[{\"@type\":\"SearchAction\",\"target\":{\"@type\":\"EntryPoint\",\"urlTemplate\":\"https:\/\/www.noticiasradioreflejos.com.ar\/2021\/?s={search_term_string}\"},\"query-input\":{\"@type\":\"PropertyValueSpecification\",\"valueRequired\":true,\"valueName\":\"search_term_string\"}}],\"inLanguage\":\"es\"},{\"@type\":\"Person\",\"@id\":\"https:\/\/www.noticiasradioreflejos.com.ar\/2021\/#\/schema\/person\/ad82545263dcc5ec0996818884fd5fb1\",\"name\":\"Arnaldo Botto\",\"image\":{\"@type\":\"ImageObject\",\"inLanguage\":\"es\",\"@id\":\"https:\/\/www.noticiasradioreflejos.com.ar\/2021\/#\/schema\/person\/image\/\",\"url\":\"https:\/\/secure.gravatar.com\/avatar\/55cb5e37c1efa326397366e6974cb338056df65cb50e7d64d1cf314e87504837?s=96&d=mm&r=g\",\"contentUrl\":\"https:\/\/secure.gravatar.com\/avatar\/55cb5e37c1efa326397366e6974cb338056df65cb50e7d64d1cf314e87504837?s=96&d=mm&r=g\",\"caption\":\"Arnaldo Botto\"},\"url\":\"https:\/\/www.noticiasradioreflejos.com.ar\/2021\/author\/arnaldo\/\"}]}<\/script>\n<!-- \/ Yoast SEO plugin. -->","yoast_head_json":{"title":"Vialidad Nacional ejecut\u00f3 trabajos de pintura horizontal en la RN 3 Norte - Noticias Radio Reflejos","robots":{"index":"index","follow":"follow","max-snippet":"max-snippet:-1","max-image-preview":"max-image-preview:large","max-video-preview":"max-video-preview:-1"},"canonical":"https:\/\/www.noticiasradioreflejos.com.ar\/2021\/vialidad-nacional-ejecuto-trabajos-de-pintura-horizontal-en-la-rn-3-norte\/","og_locale":"es_ES","og_type":"article","og_title":"Vialidad Nacional ejecut\u00f3 trabajos de pintura horizontal en la RN 3 Norte - Noticias Radio Reflejos","og_description":"Se ejecutaron trabajos de demarcaci\u00f3n horizontal de la calzada en la Ruta Nacional 3, entre el Km 486 y el Km 550.","og_url":"https:\/\/www.noticiasradioreflejos.com.ar\/2021\/vialidad-nacional-ejecuto-trabajos-de-pintura-horizontal-en-la-rn-3-norte\/","og_site_name":"Noticias Radio Reflejos","article_published_time":"2022-10-20T11:07:07+00:00","og_image":[{"url":"https:\/\/live.staticflickr.com\/65535\/52441178046_c4cd6696dc_c.jpg","type":"","width":"","height":""}],"author":"Arnaldo Botto","twitter_card":"summary_large_image","schema":{"@context":"https:\/\/schema.org","@graph":[{"@type":"WebPage","@id":"https:\/\/www.noticiasradioreflejos.com.ar\/2021\/vialidad-nacional-ejecuto-trabajos-de-pintura-horizontal-en-la-rn-3-norte\/","url":"https:\/\/www.noticiasradioreflejos.com.ar\/2021\/vialidad-nacional-ejecuto-trabajos-de-pintura-horizontal-en-la-rn-3-norte\/","name":"Vialidad Nacional ejecut\u00f3 trabajos de pintura horizontal en la RN 3 Norte - Noticias Radio Reflejos","isPartOf":{"@id":"https:\/\/www.noticiasradioreflejos.com.ar\/2021\/#website"},"primaryImageOfPage":{"@id":"https:\/\/www.noticiasradioreflejos.com.ar\/2021\/vialidad-nacional-ejecuto-trabajos-de-pintura-horizontal-en-la-rn-3-norte\/#primaryimage"},"image":{"@id":"https:\/\/www.noticiasradioreflejos.com.ar\/2021\/vialidad-nacional-ejecuto-trabajos-de-pintura-horizontal-en-la-rn-3-norte\/#primaryimage"},"thumbnailUrl":"https:\/\/live.staticflickr.com\/65535\/52441178046_c4cd6696dc_c.jpg","datePublished":"2022-10-20T11:07:07+00:00","author":{"@id":"https:\/\/www.noticiasradioreflejos.com.ar\/2021\/#\/schema\/person\/ad82545263dcc5ec0996818884fd5fb1"},"breadcrumb":{"@id":"https:\/\/www.noticiasradioreflejos.com.ar\/2021\/vialidad-nacional-ejecuto-trabajos-de-pintura-horizontal-en-la-rn-3-norte\/#breadcrumb"},"inLanguage":"es","potentialAction":[{"@type":"ReadAction","target":["https:\/\/www.noticiasradioreflejos.com.ar\/2021\/vialidad-nacional-ejecuto-trabajos-de-pintura-horizontal-en-la-rn-3-norte\/"]}]},{"@type":"ImageObject","inLanguage":"es","@id":"https:\/\/www.noticiasradioreflejos.com.ar\/2021\/vialidad-nacional-ejecuto-trabajos-de-pintura-horizontal-en-la-rn-3-norte\/#primaryimage","url":"https:\/\/live.staticflickr.com\/65535\/52441178046_c4cd6696dc_c.jpg","contentUrl":"https:\/\/live.staticflickr.com\/65535\/52441178046_c4cd6696dc_c.jpg"},{"@type":"BreadcrumbList","@id":"https:\/\/www.noticiasradioreflejos.com.ar\/2021\/vialidad-nacional-ejecuto-trabajos-de-pintura-horizontal-en-la-rn-3-norte\/#breadcrumb","itemListElement":[{"@type":"ListItem","position":1,"name":"Portada","item":"https:\/\/www.noticiasradioreflejos.com.ar\/2021\/"},{"@type":"ListItem","position":2,"name":"Vialidad Nacional ejecut\u00f3 trabajos de pintura horizontal en la RN 3 Norte"}]},{"@type":"WebSite","@id":"https:\/\/www.noticiasradioreflejos.com.ar\/2021\/#website","url":"https:\/\/www.noticiasradioreflejos.com.ar\/2021\/","name":"Noticias Radio Reflejos","description":"Las noticias de mi comarca","potentialAction":[{"@type":"SearchAction","target":{"@type":"EntryPoint","urlTemplate":"https:\/\/www.noticiasradioreflejos.com.ar\/2021\/?s={search_term_string}"},"query-input":{"@type":"PropertyValueSpecification","valueRequired":true,"valueName":"search_term_string"}}],"inLanguage":"es"},{"@type":"Person","@id":"https:\/\/www.noticiasradioreflejos.com.ar\/2021\/#\/schema\/person\/ad82545263dcc5ec0996818884fd5fb1","name":"Arnaldo Botto","image":{"@type":"ImageObject","inLanguage":"es","@id":"https:\/\/www.noticiasradioreflejos.com.ar\/2021\/#\/schema\/person\/image\/","url":"https:\/\/secure.gravatar.com\/avatar\/55cb5e37c1efa326397366e6974cb338056df65cb50e7d64d1cf314e87504837?s=96&d=mm&r=g","contentUrl":"https:\/\/secure.gravatar.com\/avatar\/55cb5e37c1efa326397366e6974cb338056df65cb50e7d64d1cf314e87504837?s=96&d=mm&r=g","caption":"Arnaldo Botto"},"url":"https:\/\/www.noticiasradioreflejos.com.ar\/2021\/author\/arnaldo\/"}]}},"_links":{"self":[{"href":"https:\/\/www.noticiasradioreflejos.com.ar\/2021\/wp-json\/wp\/v2\/posts\/79145","targetHints":{"allow":["GET"]}}],"collection":[{"href":"https:\/\/www.noticiasradioreflejos.com.ar\/2021\/wp-json\/wp\/v2\/posts"}],"about":[{"href":"https:\/\/www.noticiasradioreflejos.com.ar\/2021\/wp-json\/wp\/v2\/types\/post"}],"author":[{"embeddable":true,"href":"https:\/\/www.noticiasradioreflejos.com.ar\/2021\/wp-json\/wp\/v2\/users\/3"}],"replies":[{"embeddable":true,"href":"https:\/\/www.noticiasradioreflejos.com.ar\/2021\/wp-json\/wp\/v2\/comments?post=79145"}],"version-history":[{"count":1,"href":"https:\/\/www.noticiasradioreflejos.com.ar\/2021\/wp-json\/wp\/v2\/posts\/79145\/revisions"}],"predecessor-version":[{"id":79148,"href":"https:\/\/www.noticiasradioreflejos.com.ar\/2021\/wp-json\/wp\/v2\/posts\/79145\/revisions\/79148"}],"wp:attachment":[{"href":"https:\/\/www.noticiasradioreflejos.com.ar\/2021\/wp-json\/wp\/v2\/media?parent=79145"}],"wp:term":[{"taxonomy":"category","embeddable":true,"href":"https:\/\/www.noticiasradioreflejos.com.ar\/2021\/wp-json\/wp\/v2\/categories?post=79145"},{"taxonomy":"post_tag","embeddable":true,"href":"https:\/\/www.noticiasradioreflejos.com.ar\/2021\/wp-json\/wp\/v2\/tags?post=79145"}],"curies":[{"name":"wp","href":"https:\/\/api.w.org\/{rel}","templated":true}]}}