{"id":79139,"date":"2022-10-20T10:20:17","date_gmt":"2022-10-20T10:20:17","guid":{"rendered":"http:\/\/www.noticiasradioreflejos.com.ar\/2021\/?p=79139"},"modified":"2022-10-20T10:20:25","modified_gmt":"2022-10-20T10:20:25","slug":"una-escuela-argentina-fue-elegida-entre-las-10-mejores-del-mundo","status":"publish","type":"post","link":"https:\/\/www.noticiasradioreflejos.com.ar\/2021\/una-escuela-argentina-fue-elegida-entre-las-10-mejores-del-mundo\/","title":{"rendered":"Una escuela argentina fue elegida entre las 10 mejores del mundo"},"content":{"rendered":"<p>Se trata de un colegio p\u00fablico de la Ciudad de Buenos Aires, que fue destacado por su labor medioambiental. Una instituci\u00f3n chilena result\u00f3 ganadora por su innovaci\u00f3n.<!--more--><br \/>\nPor<\/p>\n<div class=\"authors-name-txt-ctn\"><a class=\"author-name\" href=\"https:\/\/www.infobae.com\/autor\/maximiliano-fernandez\" aria-label=\"Maximiliano Fern\u00e1ndez\">Maximiliano Fern\u00e1ndez<\/a><\/div>\n<div class=\"nd-buttons-container\">\n<div class=\"Sms social-share\"><\/div>\n<\/div>\n<article class=\"article\">\n<div class=\"nd-body-article\">\n<div class=\"visual__image\"><img loading=\"lazy\" decoding=\"async\" class=\"\" src=\"https:\/\/cloudfront-us-east-1.images.arcpublishing.com\/infobae\/DD6DJ6RDOFDFJMNJSBVT3INNQ4.jpg\" sizes=\"auto, (min-width: 800px) 50vw, 90vw\" srcset=\"https:\/\/www.infobae.com\/new-resizer\/rXhWxleZsP8BLu0hMp2UI4OY4o8=\/420x315\/filters:format(webp):quality(85)\/cloudfront-us-east-1.images.arcpublishing.com\/infobae\/DD6DJ6RDOFDFJMNJSBVT3INNQ4.jpg 420w,https:\/\/www.infobae.com\/new-resizer\/5encaaArcxVdK8OmaDrYXb2gFps=\/768x576\/filters:format(webp):quality(85)\/cloudfront-us-east-1.images.arcpublishing.com\/infobae\/DD6DJ6RDOFDFJMNJSBVT3INNQ4.jpg 768w,https:\/\/www.infobae.com\/new-resizer\/kIcFjjF2iLqUuz8LFKtZoVw535A=\/992x744\/filters:format(webp):quality(85)\/cloudfront-us-east-1.images.arcpublishing.com\/infobae\/DD6DJ6RDOFDFJMNJSBVT3INNQ4.jpg 992w,https:\/\/www.infobae.com\/new-resizer\/-RsgjvEQGfzHDWe9ZwtsqFaX8qc=\/1200x900\/filters:format(webp):quality(85)\/cloudfront-us-east-1.images.arcpublishing.com\/infobae\/DD6DJ6RDOFDFJMNJSBVT3INNQ4.jpg 1200w,https:\/\/www.infobae.com\/new-resizer\/N-voHQLBu2wVKMZF23velrS7Wfw=\/1440x1080\/filters:format(webp):quality(85)\/cloudfront-us-east-1.images.arcpublishing.com\/infobae\/DD6DJ6RDOFDFJMNJSBVT3INNQ4.jpg 1440w\" alt=\"La Escuela Te\u0301cnica N\u00b0 8 Paula Albarraci\u0301n de Sarmiento, ubicada en Floresta\" width=\"4128\" height=\"3096\" \/>La Escuela Te\u0301cnica N\u00b0 8 Paula Albarraci\u0301n de Sarmiento, ubicada en Floresta<\/div>\n<p class=\"paragraph\">Un colegio argentino qued\u00f3 seleccionado entre los diez finalistas al World\u2019s Best School, que reconoce a \u201cla mejor escuela del mundo\u201d. Se trata de la\u00a0<b>Escuela Te\u0301cnica N\u00b0 8 Paula Albarraci\u0301n de Sarmiento<\/b>, ubicada en el barrio porte\u00f1o de Floresta. El reconocimiento se lo debe a un proyecto ambiental que guarda un v\u00ednculo estrecho con la historia argentina.<\/p>\n<p class=\"paragraph\">A solo tres cuadras de la escuela est\u00e1 \u201cOlimpo\u201d, un centro clandestino de detenci\u00f3n, tortura y exterminio que funcion\u00f3 durante cinco meses, entre agosto de 1978 y enero de 1979, en la \u00faltima dictadura militar. All\u00ed se calcula que cerca de 500 personas fueron secuestradas. La mayor\u00eda de ellas a\u00fan siguen desaparecidas.<\/p>\n<p class=\"paragraph\">En ese espacio la Escuela T\u00e9cnica N\u00b0 8 lleva adelante el proyecto\u00a0<b>\u201cAcuaponia, sustentando la memoria\u201d<\/b>. Estudiantes de primer y segundo a\u00f1o participan de una huerta org\u00e1nica junto a una primaria de la zona. La iniciativa fue creciendo: comenz\u00f3 como un proyecto modesto de cultivo que fue premiado en una feria de ciencias que organiza el ministerio de Educaci\u00f3n porte\u00f1o. El jurado le propuso escalar el proyecto e intervenir el centro clandestino de detenci\u00f3n.<\/p>\n<div class=\"visual__image\"><img loading=\"lazy\" decoding=\"async\" class=\"\" src=\"https:\/\/cloudfront-us-east-1.images.arcpublishing.com\/infobae\/HW4FLPW6B5GVXCULQJLEKVJFCA.jpeg\" sizes=\"auto, (min-width: 800px) 50vw, 90vw\" srcset=\"https:\/\/www.infobae.com\/new-resizer\/PWaVKp5GHMvjzE8ojS6PdNCsH-U=\/420x315\/filters:format(webp):quality(85)\/cloudfront-us-east-1.images.arcpublishing.com\/infobae\/HW4FLPW6B5GVXCULQJLEKVJFCA.jpeg 420w,https:\/\/www.infobae.com\/new-resizer\/LewbouwqAGIKtFXN5bymDX-eBk8=\/768x576\/filters:format(webp):quality(85)\/cloudfront-us-east-1.images.arcpublishing.com\/infobae\/HW4FLPW6B5GVXCULQJLEKVJFCA.jpeg 768w,https:\/\/www.infobae.com\/new-resizer\/2wii71YM0Bd1BQirCQ1ePXzmmYo=\/992x744\/filters:format(webp):quality(85)\/cloudfront-us-east-1.images.arcpublishing.com\/infobae\/HW4FLPW6B5GVXCULQJLEKVJFCA.jpeg 992w,https:\/\/www.infobae.com\/new-resizer\/fws-2uHOTEUUU5nPcpliF-X-nhA=\/1200x900\/filters:format(webp):quality(85)\/cloudfront-us-east-1.images.arcpublishing.com\/infobae\/HW4FLPW6B5GVXCULQJLEKVJFCA.jpeg 1200w,https:\/\/www.infobae.com\/new-resizer\/qLDr5m-jgxhSwierwSJWic_D8as=\/1440x1080\/filters:format(webp):quality(85)\/cloudfront-us-east-1.images.arcpublishing.com\/infobae\/HW4FLPW6B5GVXCULQJLEKVJFCA.jpeg 1440w\" alt=\"La escuela fue una de las 10 nominadas por su labor medioambiental\" width=\"1600\" height=\"1200\" \/>La escuela fue una de las 10 nominadas por su labor medioambiental<\/div>\n<p class=\"paragraph\">\u201cEn un principio, hac\u00eda agroponia, que son cultivos en espacios reducidos. Ahora con la acuaponia buscamos generar nutrientes a partir de estanques de peces nativos. Los desechos de los peces son nutrientes, liberan el agua de toxinas, y luego se llevan a cultivos en tierra.\u00a0<b>La idea es generar un circuito\u201d<\/b>, explic\u00f3 M\u00f3nica Arbiter, rectora de la escuela desde 2018, en di\u00e1logo con\u00a0<b>Infobae<\/b>.<\/p>\n<p class=\"paragraph\">La escuela t\u00e9cnica tiene especialidad en Qu\u00edmica, pero tambi\u00e9n dispone de un anexo donde funciona el bachiller orientado en Ciencias Sociales. El proyecto invita a las dos modalidades a participar.\u00a0<b>Muchos de los estudiantes de la escuela vienen de hogares vulnerables<\/b>, incluso viven en asentamientos sin agua potable o gas.. La experiencia, dice la directora, los transforma. Es una instancia de aprendizaje, que a la vez contagia inter\u00e9s por el medioambiente y por el momento hist\u00f3rico m\u00e1s oscuro de la Argentina.<\/p>\n<p class=\"paragraph\"><b>\u201cLa escuela f\u00e1brica los nutrientes madres para otras cincuenta instituciones<\/b>, muchas de ellas escuelas p\u00fablicas o privadas de la Ciudad de Buenos Aires. Cada escuela se lleva un poco y en sus establecimientos lo reproducen. De cada kilo se pueden hacer casi 50 kilos. Por lo que el proyecto se replica\u201d, se\u00f1al\u00f3 Arbiter.<\/p>\n<div class=\"visual__image\"><img loading=\"lazy\" decoding=\"async\" class=\"\" src=\"https:\/\/cloudfront-us-east-1.images.arcpublishing.com\/infobae\/ONRSQFNKEVCYDJS3DX6J5IJMLQ.jpg\" sizes=\"auto, (min-width: 800px) 50vw, 90vw\" srcset=\"https:\/\/www.infobae.com\/new-resizer\/IqEkJo7D4xcN2aE6jF0LOkmDAyQ=\/420x236\/filters:format(webp):quality(85)\/cloudfront-us-east-1.images.arcpublishing.com\/infobae\/ONRSQFNKEVCYDJS3DX6J5IJMLQ.jpg 420w,https:\/\/www.infobae.com\/new-resizer\/4VRk0xnh614c5f0h0FMQCP-1Y5k=\/768x432\/filters:format(webp):quality(85)\/cloudfront-us-east-1.images.arcpublishing.com\/infobae\/ONRSQFNKEVCYDJS3DX6J5IJMLQ.jpg 768w,https:\/\/www.infobae.com\/new-resizer\/Dt8ciOpLG8r--7Oseg6o9luINDU=\/992x558\/filters:format(webp):quality(85)\/cloudfront-us-east-1.images.arcpublishing.com\/infobae\/ONRSQFNKEVCYDJS3DX6J5IJMLQ.jpg 992w,https:\/\/www.infobae.com\/new-resizer\/Can47uJgaXbk5nJmRONxR2w2BC0=\/1200x675\/filters:format(webp):quality(85)\/cloudfront-us-east-1.images.arcpublishing.com\/infobae\/ONRSQFNKEVCYDJS3DX6J5IJMLQ.jpg 1200w,https:\/\/www.infobae.com\/new-resizer\/dtHTiZDRyYv31Zsin1BMokBGfnw=\/1440x810\/filters:format(webp):quality(85)\/cloudfront-us-east-1.images.arcpublishing.com\/infobae\/ONRSQFNKEVCYDJS3DX6J5IJMLQ.jpg 1440w\" alt=\"Los chicos trabajan en una huerta en el centro clandestino de detenci\u00f3n &quot;Olimpo&quot;\" width=\"3164\" height=\"1748\" \/>Los chicos trabajan en una huerta en el centro clandestino de detenci\u00f3n \u00abOlimpo\u00bb<\/div>\n<p class=\"paragraph\">Ese proyecto, sumado al componente hist\u00f3rico y a la cooperaci\u00f3n entre escuelas del barrio, llam\u00f3 la atenci\u00f3n del jurado del World\u2019s Best School, que<b>\u00a0la nominaron entre las 10 candidatas en la categor\u00eda ambiental<\/b>. Si bien el premio se lo llev\u00f3 ayer una escuela filipina, la Bonuan Buquig National High School, el colegio de Floresta mantiene el orgullo por la distinci\u00f3n.<\/p>\n<p class=\"paragraph\">\u201cEs un orgullo para nosotros. Somos una escuela p\u00fablica, que como toda escuela p\u00fablica est\u00e1 abierta a la comunidad. Recibimos a nuestros estudiantes y los formamos con t\u00edtulo profesional, ya listos para trabajar en distintas industrias como la farmac\u00e9utica, la perfumer\u00eda o la medicinal. Trabajamos con lo que tenemos y logramos cosas maravillosas\u201d, dijo su rectora.<\/p>\n<p class=\"paragraph\"><b>Una escuela chilena, la gran ganadora<\/b><\/p>\n<div class=\"visual__image\"><img loading=\"lazy\" decoding=\"async\" class=\"\" src=\"https:\/\/cloudfront-us-east-1.images.arcpublishing.com\/infobae\/BWSHERDGU5D7FDMDUJAD3E77IY.jpg\" sizes=\"auto, (min-width: 800px) 50vw, 90vw\" srcset=\"https:\/\/www.infobae.com\/new-resizer\/WF22LhX9w5cP7XsKQGMvz6KlkvE=\/420x236\/filters:format(webp):quality(85)\/cloudfront-us-east-1.images.arcpublishing.com\/infobae\/BWSHERDGU5D7FDMDUJAD3E77IY.jpg 420w,https:\/\/www.infobae.com\/new-resizer\/qsAh-UAxZnZR9jgLU0lN36TpjMw=\/768x432\/filters:format(webp):quality(85)\/cloudfront-us-east-1.images.arcpublishing.com\/infobae\/BWSHERDGU5D7FDMDUJAD3E77IY.jpg 768w,https:\/\/www.infobae.com\/new-resizer\/ICzgvemqMHkmJtTNzMZZJYWpxHw=\/992x558\/filters:format(webp):quality(85)\/cloudfront-us-east-1.images.arcpublishing.com\/infobae\/BWSHERDGU5D7FDMDUJAD3E77IY.jpg 992w,https:\/\/www.infobae.com\/new-resizer\/VX1SSeHi3aLXqDQRiqFIoUdfwUQ=\/1200x675\/filters:format(webp):quality(85)\/cloudfront-us-east-1.images.arcpublishing.com\/infobae\/BWSHERDGU5D7FDMDUJAD3E77IY.jpg 1200w,https:\/\/www.infobae.com\/new-resizer\/il9gkMcHuNpXaSi_fPIKqTLetH8=\/1440x810\/filters:format(webp):quality(85)\/cloudfront-us-east-1.images.arcpublishing.com\/infobae\/BWSHERDGU5D7FDMDUJAD3E77IY.jpg 1440w\" alt=\"La Escuela Emilia Lascar, el colegio chileno que gan\u00f3 el premio mayor\" width=\"1280\" height=\"720\" \/>La Escuela Emilia Lascar, el colegio chileno que gan\u00f3 el premio mayor<\/div>\n<p class=\"paragraph\">La edici\u00f3n 2022 fue la primera entrega del World\u2019s Best School, un premio creados por T4 Education en colaboraci\u00f3n con la Fundaci\u00f3n Lemann, Accenture y American Express. En total, reconocen escuelas de todo el mundo en cinco categor\u00edas:\u00a0<b>medioambiente, superaci\u00f3n de la adversidad, vida sana, colaboraci\u00f3n con la comunidad e innovaci\u00f3n. Cada ganadora recibe 50 mil d\u00f3lares.<\/b><\/p>\n<p class=\"paragraph\">Entre las ganadores hubo una escuela latinoamericana, m\u00e1s precisamente de Chile: la<b>\u00a0Escuela Emilia Lascar de Pe\u00f1aflor,<\/b>\u00a0que puso en marcha su propio canal de televisi\u00f3n para mantener a los estudiantes comprometidos durante la pandemia. El colegio obtuvo el primer puesto en innovaci\u00f3n tras ser elegida por un grupo de jueces compuesto por l\u00edderes de distintos sectores: acad\u00e9micos, educadores, ONGs, empresarios sociales, gobierno, sociedad civil y sector privado.<\/p>\n<p class=\"paragraph\">La Emilia Lascar es una escuela p\u00fablica que recibe a m\u00e1s de mil chicos de jard\u00edn y primaria.\u00a0<b>En un 91% los ni\u00f1os pertenecen a sectores pobres.<\/b>\u00a0El trastorno causado por el cierre escolar durante pandemia oblig\u00f3 al colegio a reevaluar c\u00f3mo mantener el mismo nivel de atenci\u00f3n y educaci\u00f3n. Debido a la escala y a los problemas t\u00e9cnicos que podr\u00eda crear el aprendizaje en l\u00ednea, utilizaron la potencia de la pantallas. Lanzaron\u00a0<b>\u201cEmilia TV\u201d\u00a0<\/b>en abril de 2020.<\/p>\n<p class=\"paragraph\">El programa se emit\u00eda en directo cada semana, primero a trav\u00e9s de Facebook y luego en su propio canal de YouTube. Los temas eran variados, pero buscaron introducir nuevos aprendizajes pese a la distancia, como la identidad de g\u00e9nero y la salud mental. El contenido creado y publicado fue resultado de la colaboraci\u00f3n de la comunidad educativa: alumnos, profesores, padres y equipos de apoyo formados para ayudar en el proyecto. El canal result\u00f3 tan \u00fatil para sortear la pandemia que ahora lo usan otras escuelas y fue reconocido con dos premios nacionales.<\/p>\n<\/div>\n<\/article>\n","protected":false},"excerpt":{"rendered":"<p>Se trata de un colegio p\u00fablico de la Ciudad de Buenos Aires, que fue destacado por su labor medioambiental. Una instituci\u00f3n chilena result\u00f3 ganadora por su innovaci\u00f3n.<\/p>\n","protected":false},"author":3,"featured_media":0,"comment_status":"closed","ping_status":"closed","sticky":false,"template":"","format":"standard","meta":{"footnotes":""},"categories":[34],"tags":[],"class_list":["post-79139","post","type-post","status-publish","format-standard","hentry","category-educacion"],"yoast_head":"<!-- This site is optimized with the Yoast SEO plugin v25.9 - https:\/\/yoast.com\/wordpress\/plugins\/seo\/ -->\n<title>Una escuela argentina fue elegida entre las 10 mejores del mundo - Noticias Radio Reflejos<\/title>\n<meta name=\"robots\" content=\"index, follow, max-snippet:-1, max-image-preview:large, max-video-preview:-1\" \/>\n<link rel=\"canonical\" href=\"https:\/\/www.noticiasradioreflejos.com.ar\/2021\/una-escuela-argentina-fue-elegida-entre-las-10-mejores-del-mundo\/\" \/>\n<meta property=\"og:locale\" content=\"es_ES\" \/>\n<meta property=\"og:type\" content=\"article\" \/>\n<meta property=\"og:title\" content=\"Una escuela argentina fue elegida entre las 10 mejores del mundo - Noticias Radio Reflejos\" \/>\n<meta property=\"og:description\" content=\"Se trata de un colegio p\u00fablico de la Ciudad de Buenos Aires, que fue destacado por su labor medioambiental. Una instituci\u00f3n chilena result\u00f3 ganadora por su innovaci\u00f3n.\" \/>\n<meta property=\"og:url\" content=\"https:\/\/www.noticiasradioreflejos.com.ar\/2021\/una-escuela-argentina-fue-elegida-entre-las-10-mejores-del-mundo\/\" \/>\n<meta property=\"og:site_name\" content=\"Noticias Radio Reflejos\" \/>\n<meta property=\"article:published_time\" content=\"2022-10-20T10:20:17+00:00\" \/>\n<meta property=\"article:modified_time\" content=\"2022-10-20T10:20:25+00:00\" \/>\n<meta property=\"og:image\" content=\"https:\/\/cloudfront-us-east-1.images.arcpublishing.com\/infobae\/DD6DJ6RDOFDFJMNJSBVT3INNQ4.jpg\" \/>\n<meta name=\"author\" content=\"Arnaldo Botto\" \/>\n<meta name=\"twitter:card\" content=\"summary_large_image\" \/>\n<script type=\"application\/ld+json\" class=\"yoast-schema-graph\">{\"@context\":\"https:\/\/schema.org\",\"@graph\":[{\"@type\":\"WebPage\",\"@id\":\"https:\/\/www.noticiasradioreflejos.com.ar\/2021\/una-escuela-argentina-fue-elegida-entre-las-10-mejores-del-mundo\/\",\"url\":\"https:\/\/www.noticiasradioreflejos.com.ar\/2021\/una-escuela-argentina-fue-elegida-entre-las-10-mejores-del-mundo\/\",\"name\":\"Una escuela argentina fue elegida entre las 10 mejores del mundo - Noticias Radio Reflejos\",\"isPartOf\":{\"@id\":\"https:\/\/www.noticiasradioreflejos.com.ar\/2021\/#website\"},\"primaryImageOfPage\":{\"@id\":\"https:\/\/www.noticiasradioreflejos.com.ar\/2021\/una-escuela-argentina-fue-elegida-entre-las-10-mejores-del-mundo\/#primaryimage\"},\"image\":{\"@id\":\"https:\/\/www.noticiasradioreflejos.com.ar\/2021\/una-escuela-argentina-fue-elegida-entre-las-10-mejores-del-mundo\/#primaryimage\"},\"thumbnailUrl\":\"https:\/\/cloudfront-us-east-1.images.arcpublishing.com\/infobae\/DD6DJ6RDOFDFJMNJSBVT3INNQ4.jpg\",\"datePublished\":\"2022-10-20T10:20:17+00:00\",\"dateModified\":\"2022-10-20T10:20:25+00:00\",\"author\":{\"@id\":\"https:\/\/www.noticiasradioreflejos.com.ar\/2021\/#\/schema\/person\/ad82545263dcc5ec0996818884fd5fb1\"},\"breadcrumb\":{\"@id\":\"https:\/\/www.noticiasradioreflejos.com.ar\/2021\/una-escuela-argentina-fue-elegida-entre-las-10-mejores-del-mundo\/#breadcrumb\"},\"inLanguage\":\"es\",\"potentialAction\":[{\"@type\":\"ReadAction\",\"target\":[\"https:\/\/www.noticiasradioreflejos.com.ar\/2021\/una-escuela-argentina-fue-elegida-entre-las-10-mejores-del-mundo\/\"]}]},{\"@type\":\"ImageObject\",\"inLanguage\":\"es\",\"@id\":\"https:\/\/www.noticiasradioreflejos.com.ar\/2021\/una-escuela-argentina-fue-elegida-entre-las-10-mejores-del-mundo\/#primaryimage\",\"url\":\"https:\/\/cloudfront-us-east-1.images.arcpublishing.com\/infobae\/DD6DJ6RDOFDFJMNJSBVT3INNQ4.jpg\",\"contentUrl\":\"https:\/\/cloudfront-us-east-1.images.arcpublishing.com\/infobae\/DD6DJ6RDOFDFJMNJSBVT3INNQ4.jpg\"},{\"@type\":\"BreadcrumbList\",\"@id\":\"https:\/\/www.noticiasradioreflejos.com.ar\/2021\/una-escuela-argentina-fue-elegida-entre-las-10-mejores-del-mundo\/#breadcrumb\",\"itemListElement\":[{\"@type\":\"ListItem\",\"position\":1,\"name\":\"Portada\",\"item\":\"https:\/\/www.noticiasradioreflejos.com.ar\/2021\/\"},{\"@type\":\"ListItem\",\"position\":2,\"name\":\"Una escuela argentina fue elegida entre las 10 mejores del mundo\"}]},{\"@type\":\"WebSite\",\"@id\":\"https:\/\/www.noticiasradioreflejos.com.ar\/2021\/#website\",\"url\":\"https:\/\/www.noticiasradioreflejos.com.ar\/2021\/\",\"name\":\"Noticias Radio Reflejos\",\"description\":\"Las noticias de mi comarca\",\"potentialAction\":[{\"@type\":\"SearchAction\",\"target\":{\"@type\":\"EntryPoint\",\"urlTemplate\":\"https:\/\/www.noticiasradioreflejos.com.ar\/2021\/?s={search_term_string}\"},\"query-input\":{\"@type\":\"PropertyValueSpecification\",\"valueRequired\":true,\"valueName\":\"search_term_string\"}}],\"inLanguage\":\"es\"},{\"@type\":\"Person\",\"@id\":\"https:\/\/www.noticiasradioreflejos.com.ar\/2021\/#\/schema\/person\/ad82545263dcc5ec0996818884fd5fb1\",\"name\":\"Arnaldo Botto\",\"image\":{\"@type\":\"ImageObject\",\"inLanguage\":\"es\",\"@id\":\"https:\/\/www.noticiasradioreflejos.com.ar\/2021\/#\/schema\/person\/image\/\",\"url\":\"https:\/\/secure.gravatar.com\/avatar\/55cb5e37c1efa326397366e6974cb338056df65cb50e7d64d1cf314e87504837?s=96&d=mm&r=g\",\"contentUrl\":\"https:\/\/secure.gravatar.com\/avatar\/55cb5e37c1efa326397366e6974cb338056df65cb50e7d64d1cf314e87504837?s=96&d=mm&r=g\",\"caption\":\"Arnaldo Botto\"},\"url\":\"https:\/\/www.noticiasradioreflejos.com.ar\/2021\/author\/arnaldo\/\"}]}<\/script>\n<!-- \/ Yoast SEO plugin. -->","yoast_head_json":{"title":"Una escuela argentina fue elegida entre las 10 mejores del mundo - Noticias Radio Reflejos","robots":{"index":"index","follow":"follow","max-snippet":"max-snippet:-1","max-image-preview":"max-image-preview:large","max-video-preview":"max-video-preview:-1"},"canonical":"https:\/\/www.noticiasradioreflejos.com.ar\/2021\/una-escuela-argentina-fue-elegida-entre-las-10-mejores-del-mundo\/","og_locale":"es_ES","og_type":"article","og_title":"Una escuela argentina fue elegida entre las 10 mejores del mundo - Noticias Radio Reflejos","og_description":"Se trata de un colegio p\u00fablico de la Ciudad de Buenos Aires, que fue destacado por su labor medioambiental. Una instituci\u00f3n chilena result\u00f3 ganadora por su innovaci\u00f3n.","og_url":"https:\/\/www.noticiasradioreflejos.com.ar\/2021\/una-escuela-argentina-fue-elegida-entre-las-10-mejores-del-mundo\/","og_site_name":"Noticias Radio Reflejos","article_published_time":"2022-10-20T10:20:17+00:00","article_modified_time":"2022-10-20T10:20:25+00:00","og_image":[{"url":"https:\/\/cloudfront-us-east-1.images.arcpublishing.com\/infobae\/DD6DJ6RDOFDFJMNJSBVT3INNQ4.jpg","type":"","width":"","height":""}],"author":"Arnaldo Botto","twitter_card":"summary_large_image","schema":{"@context":"https:\/\/schema.org","@graph":[{"@type":"WebPage","@id":"https:\/\/www.noticiasradioreflejos.com.ar\/2021\/una-escuela-argentina-fue-elegida-entre-las-10-mejores-del-mundo\/","url":"https:\/\/www.noticiasradioreflejos.com.ar\/2021\/una-escuela-argentina-fue-elegida-entre-las-10-mejores-del-mundo\/","name":"Una escuela argentina fue elegida entre las 10 mejores del mundo - Noticias Radio Reflejos","isPartOf":{"@id":"https:\/\/www.noticiasradioreflejos.com.ar\/2021\/#website"},"primaryImageOfPage":{"@id":"https:\/\/www.noticiasradioreflejos.com.ar\/2021\/una-escuela-argentina-fue-elegida-entre-las-10-mejores-del-mundo\/#primaryimage"},"image":{"@id":"https:\/\/www.noticiasradioreflejos.com.ar\/2021\/una-escuela-argentina-fue-elegida-entre-las-10-mejores-del-mundo\/#primaryimage"},"thumbnailUrl":"https:\/\/cloudfront-us-east-1.images.arcpublishing.com\/infobae\/DD6DJ6RDOFDFJMNJSBVT3INNQ4.jpg","datePublished":"2022-10-20T10:20:17+00:00","dateModified":"2022-10-20T10:20:25+00:00","author":{"@id":"https:\/\/www.noticiasradioreflejos.com.ar\/2021\/#\/schema\/person\/ad82545263dcc5ec0996818884fd5fb1"},"breadcrumb":{"@id":"https:\/\/www.noticiasradioreflejos.com.ar\/2021\/una-escuela-argentina-fue-elegida-entre-las-10-mejores-del-mundo\/#breadcrumb"},"inLanguage":"es","potentialAction":[{"@type":"ReadAction","target":["https:\/\/www.noticiasradioreflejos.com.ar\/2021\/una-escuela-argentina-fue-elegida-entre-las-10-mejores-del-mundo\/"]}]},{"@type":"ImageObject","inLanguage":"es","@id":"https:\/\/www.noticiasradioreflejos.com.ar\/2021\/una-escuela-argentina-fue-elegida-entre-las-10-mejores-del-mundo\/#primaryimage","url":"https:\/\/cloudfront-us-east-1.images.arcpublishing.com\/infobae\/DD6DJ6RDOFDFJMNJSBVT3INNQ4.jpg","contentUrl":"https:\/\/cloudfront-us-east-1.images.arcpublishing.com\/infobae\/DD6DJ6RDOFDFJMNJSBVT3INNQ4.jpg"},{"@type":"BreadcrumbList","@id":"https:\/\/www.noticiasradioreflejos.com.ar\/2021\/una-escuela-argentina-fue-elegida-entre-las-10-mejores-del-mundo\/#breadcrumb","itemListElement":[{"@type":"ListItem","position":1,"name":"Portada","item":"https:\/\/www.noticiasradioreflejos.com.ar\/2021\/"},{"@type":"ListItem","position":2,"name":"Una escuela argentina fue elegida entre las 10 mejores del mundo"}]},{"@type":"WebSite","@id":"https:\/\/www.noticiasradioreflejos.com.ar\/2021\/#website","url":"https:\/\/www.noticiasradioreflejos.com.ar\/2021\/","name":"Noticias Radio Reflejos","description":"Las noticias de mi comarca","potentialAction":[{"@type":"SearchAction","target":{"@type":"EntryPoint","urlTemplate":"https:\/\/www.noticiasradioreflejos.com.ar\/2021\/?s={search_term_string}"},"query-input":{"@type":"PropertyValueSpecification","valueRequired":true,"valueName":"search_term_string"}}],"inLanguage":"es"},{"@type":"Person","@id":"https:\/\/www.noticiasradioreflejos.com.ar\/2021\/#\/schema\/person\/ad82545263dcc5ec0996818884fd5fb1","name":"Arnaldo Botto","image":{"@type":"ImageObject","inLanguage":"es","@id":"https:\/\/www.noticiasradioreflejos.com.ar\/2021\/#\/schema\/person\/image\/","url":"https:\/\/secure.gravatar.com\/avatar\/55cb5e37c1efa326397366e6974cb338056df65cb50e7d64d1cf314e87504837?s=96&d=mm&r=g","contentUrl":"https:\/\/secure.gravatar.com\/avatar\/55cb5e37c1efa326397366e6974cb338056df65cb50e7d64d1cf314e87504837?s=96&d=mm&r=g","caption":"Arnaldo Botto"},"url":"https:\/\/www.noticiasradioreflejos.com.ar\/2021\/author\/arnaldo\/"}]}},"_links":{"self":[{"href":"https:\/\/www.noticiasradioreflejos.com.ar\/2021\/wp-json\/wp\/v2\/posts\/79139","targetHints":{"allow":["GET"]}}],"collection":[{"href":"https:\/\/www.noticiasradioreflejos.com.ar\/2021\/wp-json\/wp\/v2\/posts"}],"about":[{"href":"https:\/\/www.noticiasradioreflejos.com.ar\/2021\/wp-json\/wp\/v2\/types\/post"}],"author":[{"embeddable":true,"href":"https:\/\/www.noticiasradioreflejos.com.ar\/2021\/wp-json\/wp\/v2\/users\/3"}],"replies":[{"embeddable":true,"href":"https:\/\/www.noticiasradioreflejos.com.ar\/2021\/wp-json\/wp\/v2\/comments?post=79139"}],"version-history":[{"count":1,"href":"https:\/\/www.noticiasradioreflejos.com.ar\/2021\/wp-json\/wp\/v2\/posts\/79139\/revisions"}],"predecessor-version":[{"id":79141,"href":"https:\/\/www.noticiasradioreflejos.com.ar\/2021\/wp-json\/wp\/v2\/posts\/79139\/revisions\/79141"}],"wp:attachment":[{"href":"https:\/\/www.noticiasradioreflejos.com.ar\/2021\/wp-json\/wp\/v2\/media?parent=79139"}],"wp:term":[{"taxonomy":"category","embeddable":true,"href":"https:\/\/www.noticiasradioreflejos.com.ar\/2021\/wp-json\/wp\/v2\/categories?post=79139"},{"taxonomy":"post_tag","embeddable":true,"href":"https:\/\/www.noticiasradioreflejos.com.ar\/2021\/wp-json\/wp\/v2\/tags?post=79139"}],"curies":[{"name":"wp","href":"https:\/\/api.w.org\/{rel}","templated":true}]}}