{"id":79136,"date":"2022-10-20T10:12:04","date_gmt":"2022-10-20T10:12:04","guid":{"rendered":"http:\/\/www.noticiasradioreflejos.com.ar\/2021\/?p=79136"},"modified":"2022-10-20T10:12:04","modified_gmt":"2022-10-20T10:12:04","slug":"un-ultraderechista-vinculado-a-espert-milei-y-bullrich-quedo-ligado-al-atentado-contra-cfk-sabag-montiel-lo-apreto-para-que-lo-defienda","status":"publish","type":"post","link":"https:\/\/www.noticiasradioreflejos.com.ar\/2021\/un-ultraderechista-vinculado-a-espert-milei-y-bullrich-quedo-ligado-al-atentado-contra-cfk-sabag-montiel-lo-apreto-para-que-lo-defienda\/","title":{"rendered":"Un ultraderechista vinculado a Espert, Milei y Bullrich qued\u00f3 ligado al atentado contra CFK: Sabag Montiel lo apret\u00f3 para que lo defienda"},"content":{"rendered":"<p>El detenido por el intento de asesinato de Cristina Kirchner le inform\u00f3 a la jueza que deja\u00a0su defensa en manos de Hern\u00e1n Carrol, un excandidato vinculado a Espert, Milei y los \u00abhalcones\u00bb del PRO, como Patricia Bullrich. Carrol tambi\u00e9n comparti\u00f3 actividades y se contact\u00f3 con Brenda Uliarte tras el intento de magnicidio.<!--more--><br \/>\nEl autor de la tentativa de asesinato de <b>Cristina Kirchner<\/b>\u00a0destituy\u00f3 hace casi 20 d\u00edas a sus defensores oficiales y se autodesign\u00f3 abogado. La jueza\u00a0<b>Mar\u00eda Eugenia Capuchetti<\/b>\u00a0obviamente le rechaz\u00f3 la petici\u00f3n y entonces\u00a0<b>Fernando Sabag Montiel<\/b>\u00a0firm\u00f3 lo siguiente al final de una carta destinada a la magistrada: \u201cEn breve, el nuevo abogado en cuesti\u00f3n, hasta terminar la tramitaci\u00f3n de la causa, dejo la defensa en poder a elecci\u00f3n del Sr.\u00a0<b>Hern\u00e1n Carrol<\/b>, quien dispone los medios necesarios para la implementaci\u00f3n del cargo al nuevo abogado\u201d. O sea, de prepo, le impuso a Carrol que le designe y le pague un defensor, algo que podr\u00eda traducirse t\u00e1citamente como el siguiente mensaje:\u00a0<b>\u201cpagame un abogado o hablo\u201d<\/b>\u00a0o\u00a0<b>\u201cme metieron en esto, s\u00e1quenme ahora de ac\u00e1\u201d<\/b>.<\/p>\n<div class=\"section-2-col article-main-content\">\n<div class=\"col 2-col\">\n<div class=\"article-main-content article-text \">\n<p>Carrol est\u00e1 asociado a la ultraderecha. No s\u00f3lo fue candidato a concejal en La Matanza en las listas de\u00a0<b>Jos\u00e9 Luis Espert<\/b>, tambi\u00e9n aparece en numerosas fotos al lado de\u00a0<b>Javier Milei<\/b>\u00a0y particip\u00f3 en actos con los que \u00e9l mismo llama los halcones del PRO,\u00a0<b>Patricia Bullrich, Waldo Wolff, Fernando Iglesias y Gerardo Milman<\/b>. En varios de esos actos, Carrol se hizo cargo del aparato de seguridad, al frente de un grupo de musculosos, con remeras negras, bien al estilo fascista. En una imagen figura exactamente en el centro de Milei y Bullrich.<\/p>\n<div id=\"talkFireEvent\"><\/div>\n<p>El 18 de agosto,\u00a0<b>Brenda Uliarte<\/b>\u00a0-impulsora de la tentativa de homicidio- particip\u00f3 de una transmisi\u00f3n en vivo de Instagram con Carrol y al d\u00eda siguiente, el 19 de agosto, fue el festejo del cumplea\u00f1os de un dirigente de la agrupaci\u00f3n de Carrol: a ese evento concurrieron los dos, Sabag Montiel y Uliarte. Finalmente, ya producido el ataque contra CFK, Carrol le escribi\u00f3 a Uliarte: \u00ab\u00bfse pudri\u00f3\u00bb, sin respuesta de la chica. Y antes de la detenci\u00f3n de Uliarte, el 4 de septiembre, ella intent\u00f3 comunicarse con Carrol y \u00e9l no contest\u00f3.<\/p>\n<h2>La desesperaci\u00f3n de Sabag Montiel<\/h2>\n<p>Como suele suceder con algunos presos, con el correr de los d\u00edas se empiezan a desesperar ante la posibilidad de quedar entre rejas muchos a\u00f1os. Sabag, por ejemplo, afronta una pena que puede llegar a los 10 a\u00f1os de prisi\u00f3n o m\u00e1s.<\/p>\n<p>En ese marco,\u00a0<b>el nacido en Brasil produjo a fines de septiembre una fuerte movida:<\/b>\u00a0le envi\u00f3 un texto a la jueza destituyendo a los abogados oficiales, Juan Mart\u00edn Hermida y Federico Irusta, que lo asist\u00edan. Como es obvio, ambos letrados poco pudieron hacer: a Sabag lo detuvieron in fraganti, filmado por varios canales, con una multitud de testigos, y rastros de ADN en la Bersa calibre 32. Sabag se autodesign\u00f3 como defensor. L\u00f3gicamente la jueza Capuchetti lo rechaz\u00f3 y le notific\u00f3 que los defensores oficiales seguir\u00edan en la causa hasta que \u00e9l consiguiera otro abogado. Hace pocos d\u00edas, Sabag le mand\u00f3 una nueva nota a la jueza.<\/p>\n<div align=\"center\">\n<article class=\"embedded-entity\">\n<article class=\"media media--type-image media--view-mode-single-media-image-460\">\n<div class=\"field field--name-field-media-image field--type-image field--label-hidden field__item\"><img loading=\"lazy\" decoding=\"async\" class=\"image-style-width960\" src=\"https:\/\/images.pagina12.com.ar\/styles\/width960\/public\/2022-10\/661655-7a-202.jpeg?itok=Ri_R92kt\" width=\"960\" height=\"640\" \/><\/div>\n<\/article>\n<\/article>\n<\/div>\n<p>En la parte final de este segundo texto, difundido por\u00a0<i>C5N<\/i>, Sabag incorpor\u00f3 el p\u00e1rrafo\u00a0<b>en el que le impone a Carrol que le designe y le pague un abogado<\/b>.\u00a0<b>Es un mensaje p\u00fablico en el que lo intima: no le pide por favor<\/b>. No fue por el camino de enviarle un amigo a preguntarle si lo puede ayudar ni negoci\u00f3 confidencialmente. Es un apriete evidente. Tambi\u00e9n se podr\u00eda sintetizar en \u00absomos del mismo palo, me dec\u00edas que hay que usar la violencia y ahora me dejan solo\u00bb.<\/p>\n<p>En di\u00e1logo con\u00a0<i>Radio 10<\/i>, Carrol admiti\u00f3 que conoc\u00eda a Sabag y Uliarte, pero no acept\u00f3 ninguna vinculaci\u00f3n con ellos.\u00a0<b>\u00abQue se hagan cargo\u00bb<\/b>, sostuvo.<\/p>\n<p>Lo que sucede es que, seg\u00fan parece, el conocimiento no fue tan lejano como dio a entender Carrol. Por lo que surge de los celulares, Uliarte particip\u00f3 de un vivo de Instagram con Carrol el 18 de agosto, dos semanas antes del ataque, y al d\u00eda siguiente, tanto ella como Sabag concurrieron al cumplea\u00f1os de un dirigente de\u00a0<b>Nuevo Centro Derecha (NCD)<\/b>, agrupaci\u00f3n ligada a Carrol.<\/p>\n<p>La conexi\u00f3n sigui\u00f3 despu\u00e9s del ataque a CFK. Hay un mensaje de Carrol a Uliarte, muy breve, con la pregunta \u00ab\u00bfse pudri\u00f3\u00bb. Y el 4 de septiembre, Brenda trat\u00f3 de comunicarse con Carrol poco antes de que a ella la detuvieran en una estaci\u00f3n de tren.<\/p>\n<h2>El patovica Carrol<\/h2>\n<p>Hern\u00e1n Carrol se presenta como fundador de NCD y excandidato a primer concejal en las listas de Espert-Milei. Esa ser\u00eda una versi\u00f3n pasteurizada de su curriculum.<\/p>\n<p>El nacimiento de NCD se produjo en 2020 contra \u201cel gobierno neomarxista de Alberto Fern\u00e1ndez y Cristina Kirchner\u201d. Por entonces se sumaron a los republicanos en las campa\u00f1as contra el aislamiento obligatorio y, esencialmente, exigieron la reapertura de los gimnasios. En todo momento se asociaban a San Mart\u00edn, igual que Uliarte: \u201cSeamos libres, que lo dem\u00e1s no importa nada\u201d, es la consigna de Carrol. Y en NCD hacen alusiones a la violencia: \u201cSan Mart\u00edn no consigui\u00f3 la libertad con un tratado de paz, sino con el sable corvo\u201d.\u00a0<b>Reclaman la libre portaci\u00f3n de armas<\/b>. Y por supuesto tambi\u00e9n se suman a cualquier campa\u00f1a contra el aborto, contra Cuba, Venezuela y los 30 mil desaparecidos. El cat\u00e1logo de derecha, completo.<\/p>\n<p>Ya en 2021 se hicieron cargo de la seguridad de varios actos de Milei, identific\u00e1ndose con remeras negras. De la concentraci\u00f3n del 27 de febrero, frente a la Casa Rosada, propusieron ir hacia otro punto de Plaza de Mayo donde estaban Bullrich, Milman, Wolff e Iglesias. En sus redes sociales, Carrol repite una y otra vez el saludo entre Milei y Bullrich. Y\u00a0<b>en una de esas fotos, del 27 de febrero de 2021, aparece Bullrich junto a Milei y en el medio, con la remera negra de seguridad, se ve a Carrol<\/b>. Minutos m\u00e1s tarde, la presidenta del PRO posa con la bandera de NCD. Nadie podr\u00e1 decir que fue sin querer o un pedido de un fan cualquiera.<\/p>\n<div align=\"center\">\n<article class=\"embedded-entity\">\n<article class=\"media media--type-image media--view-mode-single-media-image-460\">\n<div class=\"field field--name-field-media-image field--type-image field--label-hidden field__item\"><img loading=\"lazy\" decoding=\"async\" class=\"image-style-width960\" src=\"https:\/\/images.pagina12.com.ar\/styles\/width960\/public\/2022-10\/661655-carrolmileibullrich_0.jpg?itok=h318zLDh\" width=\"960\" height=\"540\" \/><\/div>\n<\/article>\n<\/article>\n<\/div>\n<p>En una declaraci\u00f3n de septiembre de 2021,\u00a0<b>NCD impulsa \u201ca los halcones de Juntos por el Cambio, pero jam\u00e1s nos alinearemos con las palomas\u201d<\/b>. Por la misma \u00e9poca, rodeado de una docena de sujetos musculosos, que notoriamente pasan horas en gimnasios, Carrol se ofrece como equipo de seguridad. Eso s\u00ed, aclara que son caros: \u201cla seguridad est\u00e1 disponible para contrataciones (onerosas)\u201d.<\/p>\n<p>El espectro de fotos va de Milei a Espert,\u00a0<b>Carolina Losada, Yamil Santoro, Ricardo L\u00f3pez Murphy, Waldo Wolf, Cinthia Hotton, Marcelo Peretta, Ivo Cutzarida, Javier Iguacel<\/b>\u00a0y una y mil veces Patricia Bullrich. No se trata de fotos tomadas al pasar o que sean como fans de las figuras del PRO: son actos conjuntos en los que est\u00e1 la bandera de NCD, mientras que Carrol, a veces,\u00a0<b>participa como orador<\/b>.<\/p>\n<div align=\"center\">\n<article class=\"embedded-entity\">\n<article class=\"media media--type-image media--view-mode-single-media-image-460\">\n<div class=\"field field--name-field-media-image field--type-image field--label-hidden field__item\"><img loading=\"lazy\" decoding=\"async\" class=\"image-style-width960\" src=\"https:\/\/images.pagina12.com.ar\/styles\/width960\/public\/2022-10\/661655-carrolbullrich_0.jpg?itok=I4206d9s\" width=\"960\" height=\"1200\" \/><\/div>\n<\/article>\n<\/article>\n<\/div>\n<h2>Con los neonazis de Revoluci\u00f3n Federal<\/h2>\n<p>Hay un acontecimiento que llama la atenci\u00f3n porque es m\u00e1s cercano al ataque a CFK. El 9 de julio, Carrol fue orador, frente a la Casa Rosada, en un acto en el que estuvo\u00a0<b>Jonathan Morel, de Revoluci\u00f3n Federal<\/b>, y fue convocado tambi\u00e9n por la organizaci\u00f3n neonazi.<\/p>\n<p>Ya en agosto, Carrol estuvo en Comodoro Py el d\u00eda en que el fiscal\u00a0<b>Diego Luciani<\/b>\u00a0pidi\u00f3 la condena para CFK, poste\u00f3 la foto con la leyenda: \u201cac\u00e1 haciendo patria\u201d, \u201cbancando al fiscal Luciani\u201d.<\/p>\n<p>Luego vinieron los encuentros, por Instagram y en vivo, con Uliarte y Sabag. Tras el atentado, escribe en redes \u201c<b>CFK premio a mejor actriz<\/b>\u201d\u00a0<b>#notecreo nada\u00bb<\/b>\u00a0y otras leyendas similares.<\/p>\n<p>En resumen, todo el paquete ideol\u00f3gico aparece ahora junto en escena: Sabag, Uliarte, Carrol, Revoluci\u00f3n Federal, los sectores de derecha y ultraderecha, dirigentes que est\u00e1n fuera y dentro del PRO.<\/p>\n<p>Y se agregan dos indicios de enorme importancia:<\/p>\n<ul>\n<li>Los 8.700.000 pesos enviados por el\u00a0<b>Grupo Caputo<\/b>\u00a0al l\u00edder de Revoluci\u00f3n Federal.<\/li>\n<li>La declaraci\u00f3n de la expareja de Gabriel Carrizo, jefe de los vendedores de copos: Yaquelin Rina Murga cont\u00f3 que en agosto \u00e9l le dijo: \u201cme voy a cagar en guita\u201d. La joven, cuando supo de la tentativa de homicidio, consider\u00f3 que \u201cese negocio\u201d era el que le permitir\u00eda a Carrizo estar \u201ccagado en guita\u201d.<\/li>\n<\/ul>\n<h2>Los eslabones<\/h2>\n<p>El apriete de Sabag a Carrol \u2013t\u00e1citamente \u201cdesign\u00e1 abogado, pagalo y sacame de la c\u00e1rcel\u201d\u2013 muestra un hilo conductor que la Justicia -lenta como una carreta- deber\u00eda haber esclarecido a un ritmo totalmente distinto. Sucede que ya hace doce d\u00edas que Sabag mencion\u00f3 a Carrol y todo transcurre como si se tratara de un hecho insignificante, no la tentativa de matar a una vicepresidenta.<\/p>\n<p>Parece evidente que faltan celulares y chats que o bien est\u00e1n perdidos o se borraron. Hay un v\u00ednculo entre el dinero, los protagonistas pol\u00edticos y los ejecutantes: Sabag, Uliarte, el resto del grupo que vend\u00eda copos de az\u00facar, Nueva Centro Derecha, los libertarios, los halcones del PRO. A todos se les dieron demasiadas ventajas, demasiado tiempo sin detenerlos pese a su relaci\u00f3n con el ataque. Demasiados d\u00edas sin secuestrarles los celulares o permitiendo que entreguen tel\u00e9fonos que no eran los principales.<\/p>\n<p>A 45 d\u00edas del atentado, los resultados exiguos surgen de un equipo exiguo: una jueza, un secretario, cuatro empleados, un fiscal. En un hecho de gravedad institucional semejante, en otro pa\u00eds se destinar\u00edan cientos sino miles de agentes a la investigaci\u00f3n. El ritmo ni siquiera cambi\u00f3 cuando desde hace 12 d\u00edas el principal imputado, el hombre que gatill\u00f3 el arma, puso a la extrema derecha en el centro de la escena y amenaza con hablar \u201csi me siguen dejando solo\u00bb.<\/p>\n<\/div>\n<\/div>\n<\/div>\n<p>&nbsp;<\/p>\n<figure><img decoding=\"async\" class=\" \" src=\"https:\/\/images.pagina12.com.ar\/styles\/thumbnail\/public\/2016-11\/tuny-kollmann.png?itok=vWgLe6xS\" alt=\"Ra\u00fal Kollmann\" \/><\/figure>\n<div class=\"author-name\"><strong>Por Ra\u00fal Kollmann para P\u00e1gina 12<\/strong><\/div>\n","protected":false},"excerpt":{"rendered":"<p>El detenido por el intento de asesinato de Cristina Kirchner le inform\u00f3 a la jueza que deja\u00a0su defensa en manos de Hern\u00e1n Carrol, un excandidato vinculado a Espert, Milei y los \u00abhalcones\u00bb del PRO, como Patricia Bullrich. Carrol tambi\u00e9n comparti\u00f3 actividades y se contact\u00f3 con Brenda Uliarte tras el intento de magnicidio.<\/p>\n","protected":false},"author":3,"featured_media":0,"comment_status":"closed","ping_status":"closed","sticky":false,"template":"","format":"standard","meta":{"footnotes":""},"categories":[57],"tags":[],"class_list":["post-79136","post","type-post","status-publish","format-standard","hentry","category-judiciales"],"yoast_head":"<!-- This site is optimized with the Yoast SEO plugin v25.9 - https:\/\/yoast.com\/wordpress\/plugins\/seo\/ -->\n<title>Un ultraderechista vinculado a Espert, Milei y Bullrich qued\u00f3 ligado al atentado contra CFK: Sabag Montiel lo apret\u00f3 para que lo defienda - Noticias Radio Reflejos<\/title>\n<meta name=\"robots\" content=\"index, follow, max-snippet:-1, max-image-preview:large, max-video-preview:-1\" \/>\n<link rel=\"canonical\" href=\"https:\/\/www.noticiasradioreflejos.com.ar\/2021\/un-ultraderechista-vinculado-a-espert-milei-y-bullrich-quedo-ligado-al-atentado-contra-cfk-sabag-montiel-lo-apreto-para-que-lo-defienda\/\" \/>\n<meta property=\"og:locale\" content=\"es_ES\" \/>\n<meta property=\"og:type\" content=\"article\" \/>\n<meta property=\"og:title\" content=\"Un ultraderechista vinculado a Espert, Milei y Bullrich qued\u00f3 ligado al atentado contra CFK: Sabag Montiel lo apret\u00f3 para que lo defienda - Noticias Radio Reflejos\" \/>\n<meta property=\"og:description\" content=\"El detenido por el intento de asesinato de Cristina Kirchner le inform\u00f3 a la jueza que deja\u00a0su defensa en manos de Hern\u00e1n Carrol, un excandidato vinculado a Espert, Milei y los \u00abhalcones\u00bb del PRO, como Patricia Bullrich. Carrol tambi\u00e9n comparti\u00f3 actividades y se contact\u00f3 con Brenda Uliarte tras el intento de magnicidio.\" \/>\n<meta property=\"og:url\" content=\"https:\/\/www.noticiasradioreflejos.com.ar\/2021\/un-ultraderechista-vinculado-a-espert-milei-y-bullrich-quedo-ligado-al-atentado-contra-cfk-sabag-montiel-lo-apreto-para-que-lo-defienda\/\" \/>\n<meta property=\"og:site_name\" content=\"Noticias Radio Reflejos\" \/>\n<meta property=\"article:published_time\" content=\"2022-10-20T10:12:04+00:00\" \/>\n<meta property=\"og:image\" content=\"https:\/\/images.pagina12.com.ar\/styles\/width960\/public\/2022-10\/661655-7a-202.jpeg?itok=Ri_R92kt\" \/>\n<meta name=\"author\" content=\"Arnaldo Botto\" \/>\n<meta name=\"twitter:card\" content=\"summary_large_image\" \/>\n<script type=\"application\/ld+json\" class=\"yoast-schema-graph\">{\"@context\":\"https:\/\/schema.org\",\"@graph\":[{\"@type\":\"WebPage\",\"@id\":\"https:\/\/www.noticiasradioreflejos.com.ar\/2021\/un-ultraderechista-vinculado-a-espert-milei-y-bullrich-quedo-ligado-al-atentado-contra-cfk-sabag-montiel-lo-apreto-para-que-lo-defienda\/\",\"url\":\"https:\/\/www.noticiasradioreflejos.com.ar\/2021\/un-ultraderechista-vinculado-a-espert-milei-y-bullrich-quedo-ligado-al-atentado-contra-cfk-sabag-montiel-lo-apreto-para-que-lo-defienda\/\",\"name\":\"Un ultraderechista vinculado a Espert, Milei y Bullrich qued\u00f3 ligado al atentado contra CFK: Sabag Montiel lo apret\u00f3 para que lo defienda - Noticias Radio Reflejos\",\"isPartOf\":{\"@id\":\"https:\/\/www.noticiasradioreflejos.com.ar\/2021\/#website\"},\"primaryImageOfPage\":{\"@id\":\"https:\/\/www.noticiasradioreflejos.com.ar\/2021\/un-ultraderechista-vinculado-a-espert-milei-y-bullrich-quedo-ligado-al-atentado-contra-cfk-sabag-montiel-lo-apreto-para-que-lo-defienda\/#primaryimage\"},\"image\":{\"@id\":\"https:\/\/www.noticiasradioreflejos.com.ar\/2021\/un-ultraderechista-vinculado-a-espert-milei-y-bullrich-quedo-ligado-al-atentado-contra-cfk-sabag-montiel-lo-apreto-para-que-lo-defienda\/#primaryimage\"},\"thumbnailUrl\":\"https:\/\/images.pagina12.com.ar\/styles\/width960\/public\/2022-10\/661655-7a-202.jpeg?itok=Ri_R92kt\",\"datePublished\":\"2022-10-20T10:12:04+00:00\",\"author\":{\"@id\":\"https:\/\/www.noticiasradioreflejos.com.ar\/2021\/#\/schema\/person\/ad82545263dcc5ec0996818884fd5fb1\"},\"breadcrumb\":{\"@id\":\"https:\/\/www.noticiasradioreflejos.com.ar\/2021\/un-ultraderechista-vinculado-a-espert-milei-y-bullrich-quedo-ligado-al-atentado-contra-cfk-sabag-montiel-lo-apreto-para-que-lo-defienda\/#breadcrumb\"},\"inLanguage\":\"es\",\"potentialAction\":[{\"@type\":\"ReadAction\",\"target\":[\"https:\/\/www.noticiasradioreflejos.com.ar\/2021\/un-ultraderechista-vinculado-a-espert-milei-y-bullrich-quedo-ligado-al-atentado-contra-cfk-sabag-montiel-lo-apreto-para-que-lo-defienda\/\"]}]},{\"@type\":\"ImageObject\",\"inLanguage\":\"es\",\"@id\":\"https:\/\/www.noticiasradioreflejos.com.ar\/2021\/un-ultraderechista-vinculado-a-espert-milei-y-bullrich-quedo-ligado-al-atentado-contra-cfk-sabag-montiel-lo-apreto-para-que-lo-defienda\/#primaryimage\",\"url\":\"https:\/\/images.pagina12.com.ar\/styles\/width960\/public\/2022-10\/661655-7a-202.jpeg?itok=Ri_R92kt\",\"contentUrl\":\"https:\/\/images.pagina12.com.ar\/styles\/width960\/public\/2022-10\/661655-7a-202.jpeg?itok=Ri_R92kt\"},{\"@type\":\"BreadcrumbList\",\"@id\":\"https:\/\/www.noticiasradioreflejos.com.ar\/2021\/un-ultraderechista-vinculado-a-espert-milei-y-bullrich-quedo-ligado-al-atentado-contra-cfk-sabag-montiel-lo-apreto-para-que-lo-defienda\/#breadcrumb\",\"itemListElement\":[{\"@type\":\"ListItem\",\"position\":1,\"name\":\"Portada\",\"item\":\"https:\/\/www.noticiasradioreflejos.com.ar\/2021\/\"},{\"@type\":\"ListItem\",\"position\":2,\"name\":\"Un ultraderechista vinculado a Espert, Milei y Bullrich qued\u00f3 ligado al atentado contra CFK: Sabag Montiel lo apret\u00f3 para que lo defienda\"}]},{\"@type\":\"WebSite\",\"@id\":\"https:\/\/www.noticiasradioreflejos.com.ar\/2021\/#website\",\"url\":\"https:\/\/www.noticiasradioreflejos.com.ar\/2021\/\",\"name\":\"Noticias Radio Reflejos\",\"description\":\"Las noticias de mi comarca\",\"potentialAction\":[{\"@type\":\"SearchAction\",\"target\":{\"@type\":\"EntryPoint\",\"urlTemplate\":\"https:\/\/www.noticiasradioreflejos.com.ar\/2021\/?s={search_term_string}\"},\"query-input\":{\"@type\":\"PropertyValueSpecification\",\"valueRequired\":true,\"valueName\":\"search_term_string\"}}],\"inLanguage\":\"es\"},{\"@type\":\"Person\",\"@id\":\"https:\/\/www.noticiasradioreflejos.com.ar\/2021\/#\/schema\/person\/ad82545263dcc5ec0996818884fd5fb1\",\"name\":\"Arnaldo Botto\",\"image\":{\"@type\":\"ImageObject\",\"inLanguage\":\"es\",\"@id\":\"https:\/\/www.noticiasradioreflejos.com.ar\/2021\/#\/schema\/person\/image\/\",\"url\":\"https:\/\/secure.gravatar.com\/avatar\/55cb5e37c1efa326397366e6974cb338056df65cb50e7d64d1cf314e87504837?s=96&d=mm&r=g\",\"contentUrl\":\"https:\/\/secure.gravatar.com\/avatar\/55cb5e37c1efa326397366e6974cb338056df65cb50e7d64d1cf314e87504837?s=96&d=mm&r=g\",\"caption\":\"Arnaldo Botto\"},\"url\":\"https:\/\/www.noticiasradioreflejos.com.ar\/2021\/author\/arnaldo\/\"}]}<\/script>\n<!-- \/ Yoast SEO plugin. -->","yoast_head_json":{"title":"Un ultraderechista vinculado a Espert, Milei y Bullrich qued\u00f3 ligado al atentado contra CFK: Sabag Montiel lo apret\u00f3 para que lo defienda - Noticias Radio Reflejos","robots":{"index":"index","follow":"follow","max-snippet":"max-snippet:-1","max-image-preview":"max-image-preview:large","max-video-preview":"max-video-preview:-1"},"canonical":"https:\/\/www.noticiasradioreflejos.com.ar\/2021\/un-ultraderechista-vinculado-a-espert-milei-y-bullrich-quedo-ligado-al-atentado-contra-cfk-sabag-montiel-lo-apreto-para-que-lo-defienda\/","og_locale":"es_ES","og_type":"article","og_title":"Un ultraderechista vinculado a Espert, Milei y Bullrich qued\u00f3 ligado al atentado contra CFK: Sabag Montiel lo apret\u00f3 para que lo defienda - Noticias Radio Reflejos","og_description":"El detenido por el intento de asesinato de Cristina Kirchner le inform\u00f3 a la jueza que deja\u00a0su defensa en manos de Hern\u00e1n Carrol, un excandidato vinculado a Espert, Milei y los \u00abhalcones\u00bb del PRO, como Patricia Bullrich. Carrol tambi\u00e9n comparti\u00f3 actividades y se contact\u00f3 con Brenda Uliarte tras el intento de magnicidio.","og_url":"https:\/\/www.noticiasradioreflejos.com.ar\/2021\/un-ultraderechista-vinculado-a-espert-milei-y-bullrich-quedo-ligado-al-atentado-contra-cfk-sabag-montiel-lo-apreto-para-que-lo-defienda\/","og_site_name":"Noticias Radio Reflejos","article_published_time":"2022-10-20T10:12:04+00:00","og_image":[{"url":"https:\/\/images.pagina12.com.ar\/styles\/width960\/public\/2022-10\/661655-7a-202.jpeg?itok=Ri_R92kt","type":"","width":"","height":""}],"author":"Arnaldo Botto","twitter_card":"summary_large_image","schema":{"@context":"https:\/\/schema.org","@graph":[{"@type":"WebPage","@id":"https:\/\/www.noticiasradioreflejos.com.ar\/2021\/un-ultraderechista-vinculado-a-espert-milei-y-bullrich-quedo-ligado-al-atentado-contra-cfk-sabag-montiel-lo-apreto-para-que-lo-defienda\/","url":"https:\/\/www.noticiasradioreflejos.com.ar\/2021\/un-ultraderechista-vinculado-a-espert-milei-y-bullrich-quedo-ligado-al-atentado-contra-cfk-sabag-montiel-lo-apreto-para-que-lo-defienda\/","name":"Un ultraderechista vinculado a Espert, Milei y Bullrich qued\u00f3 ligado al atentado contra CFK: Sabag Montiel lo apret\u00f3 para que lo defienda - Noticias Radio Reflejos","isPartOf":{"@id":"https:\/\/www.noticiasradioreflejos.com.ar\/2021\/#website"},"primaryImageOfPage":{"@id":"https:\/\/www.noticiasradioreflejos.com.ar\/2021\/un-ultraderechista-vinculado-a-espert-milei-y-bullrich-quedo-ligado-al-atentado-contra-cfk-sabag-montiel-lo-apreto-para-que-lo-defienda\/#primaryimage"},"image":{"@id":"https:\/\/www.noticiasradioreflejos.com.ar\/2021\/un-ultraderechista-vinculado-a-espert-milei-y-bullrich-quedo-ligado-al-atentado-contra-cfk-sabag-montiel-lo-apreto-para-que-lo-defienda\/#primaryimage"},"thumbnailUrl":"https:\/\/images.pagina12.com.ar\/styles\/width960\/public\/2022-10\/661655-7a-202.jpeg?itok=Ri_R92kt","datePublished":"2022-10-20T10:12:04+00:00","author":{"@id":"https:\/\/www.noticiasradioreflejos.com.ar\/2021\/#\/schema\/person\/ad82545263dcc5ec0996818884fd5fb1"},"breadcrumb":{"@id":"https:\/\/www.noticiasradioreflejos.com.ar\/2021\/un-ultraderechista-vinculado-a-espert-milei-y-bullrich-quedo-ligado-al-atentado-contra-cfk-sabag-montiel-lo-apreto-para-que-lo-defienda\/#breadcrumb"},"inLanguage":"es","potentialAction":[{"@type":"ReadAction","target":["https:\/\/www.noticiasradioreflejos.com.ar\/2021\/un-ultraderechista-vinculado-a-espert-milei-y-bullrich-quedo-ligado-al-atentado-contra-cfk-sabag-montiel-lo-apreto-para-que-lo-defienda\/"]}]},{"@type":"ImageObject","inLanguage":"es","@id":"https:\/\/www.noticiasradioreflejos.com.ar\/2021\/un-ultraderechista-vinculado-a-espert-milei-y-bullrich-quedo-ligado-al-atentado-contra-cfk-sabag-montiel-lo-apreto-para-que-lo-defienda\/#primaryimage","url":"https:\/\/images.pagina12.com.ar\/styles\/width960\/public\/2022-10\/661655-7a-202.jpeg?itok=Ri_R92kt","contentUrl":"https:\/\/images.pagina12.com.ar\/styles\/width960\/public\/2022-10\/661655-7a-202.jpeg?itok=Ri_R92kt"},{"@type":"BreadcrumbList","@id":"https:\/\/www.noticiasradioreflejos.com.ar\/2021\/un-ultraderechista-vinculado-a-espert-milei-y-bullrich-quedo-ligado-al-atentado-contra-cfk-sabag-montiel-lo-apreto-para-que-lo-defienda\/#breadcrumb","itemListElement":[{"@type":"ListItem","position":1,"name":"Portada","item":"https:\/\/www.noticiasradioreflejos.com.ar\/2021\/"},{"@type":"ListItem","position":2,"name":"Un ultraderechista vinculado a Espert, Milei y Bullrich qued\u00f3 ligado al atentado contra CFK: Sabag Montiel lo apret\u00f3 para que lo defienda"}]},{"@type":"WebSite","@id":"https:\/\/www.noticiasradioreflejos.com.ar\/2021\/#website","url":"https:\/\/www.noticiasradioreflejos.com.ar\/2021\/","name":"Noticias Radio Reflejos","description":"Las noticias de mi comarca","potentialAction":[{"@type":"SearchAction","target":{"@type":"EntryPoint","urlTemplate":"https:\/\/www.noticiasradioreflejos.com.ar\/2021\/?s={search_term_string}"},"query-input":{"@type":"PropertyValueSpecification","valueRequired":true,"valueName":"search_term_string"}}],"inLanguage":"es"},{"@type":"Person","@id":"https:\/\/www.noticiasradioreflejos.com.ar\/2021\/#\/schema\/person\/ad82545263dcc5ec0996818884fd5fb1","name":"Arnaldo Botto","image":{"@type":"ImageObject","inLanguage":"es","@id":"https:\/\/www.noticiasradioreflejos.com.ar\/2021\/#\/schema\/person\/image\/","url":"https:\/\/secure.gravatar.com\/avatar\/55cb5e37c1efa326397366e6974cb338056df65cb50e7d64d1cf314e87504837?s=96&d=mm&r=g","contentUrl":"https:\/\/secure.gravatar.com\/avatar\/55cb5e37c1efa326397366e6974cb338056df65cb50e7d64d1cf314e87504837?s=96&d=mm&r=g","caption":"Arnaldo Botto"},"url":"https:\/\/www.noticiasradioreflejos.com.ar\/2021\/author\/arnaldo\/"}]}},"_links":{"self":[{"href":"https:\/\/www.noticiasradioreflejos.com.ar\/2021\/wp-json\/wp\/v2\/posts\/79136","targetHints":{"allow":["GET"]}}],"collection":[{"href":"https:\/\/www.noticiasradioreflejos.com.ar\/2021\/wp-json\/wp\/v2\/posts"}],"about":[{"href":"https:\/\/www.noticiasradioreflejos.com.ar\/2021\/wp-json\/wp\/v2\/types\/post"}],"author":[{"embeddable":true,"href":"https:\/\/www.noticiasradioreflejos.com.ar\/2021\/wp-json\/wp\/v2\/users\/3"}],"replies":[{"embeddable":true,"href":"https:\/\/www.noticiasradioreflejos.com.ar\/2021\/wp-json\/wp\/v2\/comments?post=79136"}],"version-history":[{"count":1,"href":"https:\/\/www.noticiasradioreflejos.com.ar\/2021\/wp-json\/wp\/v2\/posts\/79136\/revisions"}],"predecessor-version":[{"id":79138,"href":"https:\/\/www.noticiasradioreflejos.com.ar\/2021\/wp-json\/wp\/v2\/posts\/79136\/revisions\/79138"}],"wp:attachment":[{"href":"https:\/\/www.noticiasradioreflejos.com.ar\/2021\/wp-json\/wp\/v2\/media?parent=79136"}],"wp:term":[{"taxonomy":"category","embeddable":true,"href":"https:\/\/www.noticiasradioreflejos.com.ar\/2021\/wp-json\/wp\/v2\/categories?post=79136"},{"taxonomy":"post_tag","embeddable":true,"href":"https:\/\/www.noticiasradioreflejos.com.ar\/2021\/wp-json\/wp\/v2\/tags?post=79136"}],"curies":[{"name":"wp","href":"https:\/\/api.w.org\/{rel}","templated":true}]}}