{"id":79133,"date":"2022-10-20T10:06:51","date_gmt":"2022-10-20T10:06:51","guid":{"rendered":"http:\/\/www.noticiasradioreflejos.com.ar\/2021\/?p=79133"},"modified":"2022-10-20T10:06:51","modified_gmt":"2022-10-20T10:06:51","slug":"se-definio-el-horario-simultaneo-de-los-tres-partidos-que-pueden-definir-el-titulo","status":"publish","type":"post","link":"https:\/\/www.noticiasradioreflejos.com.ar\/2021\/se-definio-el-horario-simultaneo-de-los-tres-partidos-que-pueden-definir-el-titulo\/","title":{"rendered":"Se defini\u00f3 el horario simultaneo de los tres partidos que pueden definir el t\u00edtulo"},"content":{"rendered":"<p>As\u00ed, Racing-River, Boca-Independiente y Patronato-Hurac\u00e1n, se diputar\u00e1n el domingo 23 desde las 17, en el marco de la 27ma. y \u00faltima fecha del torneo de Primera Divisi\u00f3n.<!--more--><br \/>\nLos tres partidos que pueden definir el t\u00edtulo de campe\u00f3n de la Liga Profesional de F\u00fatbol (LPF), Racing-River, Boca-Independiente y Patronato-Hurac\u00e1n, se jugar\u00e1n el domingo pr\u00f3ximo desde las 17, correspondiendo a la programaci\u00f3n de la 27ma. fecha, seg\u00fan lo anunci\u00f3 este mi\u00e9rcoles oficialmente la AFA.<\/div>\n<\/figure>\n<p>Los resultados de se registren en Avellaneda, La Boca y Paran\u00e1 podr\u00edan determinar quien es el campe\u00f3n o entre que equipos podr\u00eda jugarse un desempate, por lo tanto todos se desarrollar\u00e1n de manera simult\u00e1nea.<\/p>\n<div class=\"twitter-tweet twitter-tweet-rendered\"><iframe id=\"twitter-widget-0\" class=\"\" title=\"Twitter Tweet\" src=\"https:\/\/platform.twitter.com\/embed\/Tweet.html?creatorScreenName=agenciatelam&amp;dnt=false&amp;embedId=twitter-widget-0&amp;features=eyJ0ZndfdGltZWxpbmVfbGlzdCI6eyJidWNrZXQiOlsibGlua3RyLmVlIiwidHIuZWUiLCJ0ZXJyYS5jb20uYnIiLCJ3d3cubGlua3RyLmVlIiwid3d3LnRyLmVlIiwid3d3LnRlcnJhLmNvbS5iciJdLCJ2ZXJzaW9uIjpudWxsfSwidGZ3X2hvcml6b25fdGltZWxpbmVfMTIwMzQiOnsiYnVja2V0IjoidHJlYXRtZW50IiwidmVyc2lvbiI6bnVsbH0sInRmd190d2VldF9lZGl0X2JhY2tlbmQiOnsiYnVja2V0Ijoib24iLCJ2ZXJzaW9uIjpudWxsfSwidGZ3X3JlZnNyY19zZXNzaW9uIjp7ImJ1Y2tldCI6Im9uIiwidmVyc2lvbiI6bnVsbH0sInRmd19jaGluX3BpbGxzXzE0NzQxIjp7ImJ1Y2tldCI6ImNvbG9yX2ljb25zIiwidmVyc2lvbiI6bnVsbH0sInRmd190d2VldF9yZXN1bHRfbWlncmF0aW9uXzEzOTc5Ijp7ImJ1Y2tldCI6InR3ZWV0X3Jlc3VsdCIsInZlcnNpb24iOm51bGx9LCJ0Zndfc2Vuc2l0aXZlX21lZGlhX2ludGVyc3RpdGlhbF8xMzk2MyI6eyJidWNrZXQiOiJpbnRlcnN0aXRpYWwiLCJ2ZXJzaW9uIjpudWxsfSwidGZ3X2V4cGVyaW1lbnRzX2Nvb2tpZV9leHBpcmF0aW9uIjp7ImJ1Y2tldCI6MTIwOTYwMCwidmVyc2lvbiI6bnVsbH0sInRmd19kdXBsaWNhdGVfc2NyaWJlc190b19zZXR0aW5ncyI6eyJidWNrZXQiOiJvbiIsInZlcnNpb24iOm51bGx9LCJ0ZndfdmlkZW9faGxzX2R5bmFtaWNfbWFuaWZlc3RzXzE1MDgyIjp7ImJ1Y2tldCI6InRydWVfYml0cmF0ZSIsInZlcnNpb24iOm51bGx9LCJ0ZndfdHdlZXRfZWRpdF9mcm9udGVuZCI6eyJidWNrZXQiOiJvbiIsInZlcnNpb24iOm51bGx9fQ%3D%3D&amp;frame=false&amp;hideCard=false&amp;hideThread=false&amp;id=1582703047175962624&amp;lang=es&amp;origin=https%3A%2F%2Fwww.telam.com.ar%2Fnotas%2F202210%2F608232-partidos-definicion-liga-profesional-horario.html&amp;sessionId=ed209dc5f889afeac38b3a1e51607810fbe5881b&amp;siteScreenName=agenciatelam&amp;theme=light&amp;widgetsVersion=1c23387b1f70c%3A1664388199485&amp;width=550px\" frameborder=\"0\" scrolling=\"no\" allowfullscreen=\"allowfullscreen\" data-tweet-id=\"1582703047175962624\"><\/iframe><\/div>\n<p>Adem\u00e1s se determin\u00f3 que los equipos que tienen chances de clasificar a copas organizadas por la Conmebol jueguen en su mayor\u00eda el s\u00e1bado, salvo el caso de Gimnasia, que no puede hacerlo ese d\u00eda porque ma\u00f1ana recibe a Boca y no cumplir\u00eda con las 48 horas necesarias de descanso entre un cotejo y otro.<\/p>\n<p>La programaci\u00f3n de la fecha completa es la siguiente:<\/p>\n<p>S\u00e1bado:<\/p>\n<p>+ 14.00 Uni\u00f3n \u2013 Central C\u00f3rdoba<br \/>\n+ 16.30 Estudiantes \u2013 Godoy Cruz<br \/>\n+ 16.30 San Lorenzo \u2013 Aldosivi<br \/>\n+ 16.30 Defensa y Justicia \u2013 Atl\u00e9tico Tucum\u00e1n<br \/>\n+ 19.30 Argentinos \u2013 V\u00e9lez<\/p>\n<p>Domingo<\/p>\n<p>+ 12.00 Banfield \u2013 Sarmiento<br \/>\n+ 14.30 Talleres \u2013 Gimnasia<br \/>\n+ 17.00 Patronato \u2013 Hurac\u00e1n<br \/>\n+ 17.00 Boca \u2013 Independiente<br \/>\n+ 17.00 Racing \u2013 River<\/p>\n<p>Lunes<\/p>\n<p>+ 15.30 Barracas Central \u2013 Newell\u2019s Old Boys<br \/>\n+ 16.30 Rosario Central \u2013 Col\u00f3n<br \/>\n+ 20.30 Tigre \u2013 Arsenal<br \/>\n+ 20.30 Platense \u2013 Lan\u00fas<\/p>\n","protected":false},"excerpt":{"rendered":"<p>As\u00ed, Racing-River, Boca-Independiente y Patronato-Hurac\u00e1n, se diputar\u00e1n el domingo 23 desde las 17, en el marco de la 27ma. y \u00faltima fecha del torneo de Primera Divisi\u00f3n.<\/p>\n","protected":false},"author":3,"featured_media":0,"comment_status":"closed","ping_status":"closed","sticky":false,"template":"","format":"standard","meta":{"footnotes":""},"categories":[27],"tags":[],"class_list":["post-79133","post","type-post","status-publish","format-standard","hentry","category-deportes"],"yoast_head":"<!-- This site is optimized with the Yoast SEO plugin v25.9 - https:\/\/yoast.com\/wordpress\/plugins\/seo\/ -->\n<title>Se defini\u00f3 el horario simultaneo de los tres partidos que pueden definir el t\u00edtulo - Noticias Radio Reflejos<\/title>\n<meta name=\"robots\" content=\"index, follow, max-snippet:-1, max-image-preview:large, max-video-preview:-1\" \/>\n<link rel=\"canonical\" href=\"https:\/\/www.noticiasradioreflejos.com.ar\/2021\/se-definio-el-horario-simultaneo-de-los-tres-partidos-que-pueden-definir-el-titulo\/\" \/>\n<meta property=\"og:locale\" content=\"es_ES\" \/>\n<meta property=\"og:type\" content=\"article\" \/>\n<meta property=\"og:title\" content=\"Se defini\u00f3 el horario simultaneo de los tres partidos que pueden definir el t\u00edtulo - Noticias Radio Reflejos\" \/>\n<meta property=\"og:description\" content=\"As\u00ed, Racing-River, Boca-Independiente y Patronato-Hurac\u00e1n, se diputar\u00e1n el domingo 23 desde las 17, en el marco de la 27ma. y \u00faltima fecha del torneo de Primera Divisi\u00f3n.\" \/>\n<meta property=\"og:url\" content=\"https:\/\/www.noticiasradioreflejos.com.ar\/2021\/se-definio-el-horario-simultaneo-de-los-tres-partidos-que-pueden-definir-el-titulo\/\" \/>\n<meta property=\"og:site_name\" content=\"Noticias Radio Reflejos\" \/>\n<meta property=\"article:published_time\" content=\"2022-10-20T10:06:51+00:00\" \/>\n<meta property=\"og:image\" content=\"https:\/\/www.noticiasradioreflejos.com.ar\/2021\/wp-content\/uploads\/2021\/07\/logosol300x200.png\" \/>\n\t<meta property=\"og:image:width\" content=\"300\" \/>\n\t<meta property=\"og:image:height\" content=\"200\" \/>\n\t<meta property=\"og:image:type\" content=\"image\/png\" \/>\n<meta name=\"author\" content=\"Arnaldo Botto\" \/>\n<meta name=\"twitter:card\" content=\"summary_large_image\" \/>\n<script type=\"application\/ld+json\" class=\"yoast-schema-graph\">{\"@context\":\"https:\/\/schema.org\",\"@graph\":[{\"@type\":\"WebPage\",\"@id\":\"https:\/\/www.noticiasradioreflejos.com.ar\/2021\/se-definio-el-horario-simultaneo-de-los-tres-partidos-que-pueden-definir-el-titulo\/\",\"url\":\"https:\/\/www.noticiasradioreflejos.com.ar\/2021\/se-definio-el-horario-simultaneo-de-los-tres-partidos-que-pueden-definir-el-titulo\/\",\"name\":\"Se defini\u00f3 el horario simultaneo de los tres partidos que pueden definir el t\u00edtulo - Noticias Radio Reflejos\",\"isPartOf\":{\"@id\":\"https:\/\/www.noticiasradioreflejos.com.ar\/2021\/#website\"},\"datePublished\":\"2022-10-20T10:06:51+00:00\",\"author\":{\"@id\":\"https:\/\/www.noticiasradioreflejos.com.ar\/2021\/#\/schema\/person\/ad82545263dcc5ec0996818884fd5fb1\"},\"breadcrumb\":{\"@id\":\"https:\/\/www.noticiasradioreflejos.com.ar\/2021\/se-definio-el-horario-simultaneo-de-los-tres-partidos-que-pueden-definir-el-titulo\/#breadcrumb\"},\"inLanguage\":\"es\",\"potentialAction\":[{\"@type\":\"ReadAction\",\"target\":[\"https:\/\/www.noticiasradioreflejos.com.ar\/2021\/se-definio-el-horario-simultaneo-de-los-tres-partidos-que-pueden-definir-el-titulo\/\"]}]},{\"@type\":\"BreadcrumbList\",\"@id\":\"https:\/\/www.noticiasradioreflejos.com.ar\/2021\/se-definio-el-horario-simultaneo-de-los-tres-partidos-que-pueden-definir-el-titulo\/#breadcrumb\",\"itemListElement\":[{\"@type\":\"ListItem\",\"position\":1,\"name\":\"Portada\",\"item\":\"https:\/\/www.noticiasradioreflejos.com.ar\/2021\/\"},{\"@type\":\"ListItem\",\"position\":2,\"name\":\"Se defini\u00f3 el horario simultaneo de los tres partidos que pueden definir el t\u00edtulo\"}]},{\"@type\":\"WebSite\",\"@id\":\"https:\/\/www.noticiasradioreflejos.com.ar\/2021\/#website\",\"url\":\"https:\/\/www.noticiasradioreflejos.com.ar\/2021\/\",\"name\":\"Noticias Radio Reflejos\",\"description\":\"Las noticias de mi comarca\",\"potentialAction\":[{\"@type\":\"SearchAction\",\"target\":{\"@type\":\"EntryPoint\",\"urlTemplate\":\"https:\/\/www.noticiasradioreflejos.com.ar\/2021\/?s={search_term_string}\"},\"query-input\":{\"@type\":\"PropertyValueSpecification\",\"valueRequired\":true,\"valueName\":\"search_term_string\"}}],\"inLanguage\":\"es\"},{\"@type\":\"Person\",\"@id\":\"https:\/\/www.noticiasradioreflejos.com.ar\/2021\/#\/schema\/person\/ad82545263dcc5ec0996818884fd5fb1\",\"name\":\"Arnaldo Botto\",\"image\":{\"@type\":\"ImageObject\",\"inLanguage\":\"es\",\"@id\":\"https:\/\/www.noticiasradioreflejos.com.ar\/2021\/#\/schema\/person\/image\/\",\"url\":\"https:\/\/secure.gravatar.com\/avatar\/55cb5e37c1efa326397366e6974cb338056df65cb50e7d64d1cf314e87504837?s=96&d=mm&r=g\",\"contentUrl\":\"https:\/\/secure.gravatar.com\/avatar\/55cb5e37c1efa326397366e6974cb338056df65cb50e7d64d1cf314e87504837?s=96&d=mm&r=g\",\"caption\":\"Arnaldo Botto\"},\"url\":\"https:\/\/www.noticiasradioreflejos.com.ar\/2021\/author\/arnaldo\/\"}]}<\/script>\n<!-- \/ Yoast SEO plugin. -->","yoast_head_json":{"title":"Se defini\u00f3 el horario simultaneo de los tres partidos que pueden definir el t\u00edtulo - Noticias Radio Reflejos","robots":{"index":"index","follow":"follow","max-snippet":"max-snippet:-1","max-image-preview":"max-image-preview:large","max-video-preview":"max-video-preview:-1"},"canonical":"https:\/\/www.noticiasradioreflejos.com.ar\/2021\/se-definio-el-horario-simultaneo-de-los-tres-partidos-que-pueden-definir-el-titulo\/","og_locale":"es_ES","og_type":"article","og_title":"Se defini\u00f3 el horario simultaneo de los tres partidos que pueden definir el t\u00edtulo - Noticias Radio Reflejos","og_description":"As\u00ed, Racing-River, Boca-Independiente y Patronato-Hurac\u00e1n, se diputar\u00e1n el domingo 23 desde las 17, en el marco de la 27ma. y \u00faltima fecha del torneo de Primera Divisi\u00f3n.","og_url":"https:\/\/www.noticiasradioreflejos.com.ar\/2021\/se-definio-el-horario-simultaneo-de-los-tres-partidos-que-pueden-definir-el-titulo\/","og_site_name":"Noticias Radio Reflejos","article_published_time":"2022-10-20T10:06:51+00:00","og_image":[{"width":300,"height":200,"url":"https:\/\/www.noticiasradioreflejos.com.ar\/2021\/wp-content\/uploads\/2021\/07\/logosol300x200.png","type":"image\/png"}],"author":"Arnaldo Botto","twitter_card":"summary_large_image","schema":{"@context":"https:\/\/schema.org","@graph":[{"@type":"WebPage","@id":"https:\/\/www.noticiasradioreflejos.com.ar\/2021\/se-definio-el-horario-simultaneo-de-los-tres-partidos-que-pueden-definir-el-titulo\/","url":"https:\/\/www.noticiasradioreflejos.com.ar\/2021\/se-definio-el-horario-simultaneo-de-los-tres-partidos-que-pueden-definir-el-titulo\/","name":"Se defini\u00f3 el horario simultaneo de los tres partidos que pueden definir el t\u00edtulo - Noticias Radio Reflejos","isPartOf":{"@id":"https:\/\/www.noticiasradioreflejos.com.ar\/2021\/#website"},"datePublished":"2022-10-20T10:06:51+00:00","author":{"@id":"https:\/\/www.noticiasradioreflejos.com.ar\/2021\/#\/schema\/person\/ad82545263dcc5ec0996818884fd5fb1"},"breadcrumb":{"@id":"https:\/\/www.noticiasradioreflejos.com.ar\/2021\/se-definio-el-horario-simultaneo-de-los-tres-partidos-que-pueden-definir-el-titulo\/#breadcrumb"},"inLanguage":"es","potentialAction":[{"@type":"ReadAction","target":["https:\/\/www.noticiasradioreflejos.com.ar\/2021\/se-definio-el-horario-simultaneo-de-los-tres-partidos-que-pueden-definir-el-titulo\/"]}]},{"@type":"BreadcrumbList","@id":"https:\/\/www.noticiasradioreflejos.com.ar\/2021\/se-definio-el-horario-simultaneo-de-los-tres-partidos-que-pueden-definir-el-titulo\/#breadcrumb","itemListElement":[{"@type":"ListItem","position":1,"name":"Portada","item":"https:\/\/www.noticiasradioreflejos.com.ar\/2021\/"},{"@type":"ListItem","position":2,"name":"Se defini\u00f3 el horario simultaneo de los tres partidos que pueden definir el t\u00edtulo"}]},{"@type":"WebSite","@id":"https:\/\/www.noticiasradioreflejos.com.ar\/2021\/#website","url":"https:\/\/www.noticiasradioreflejos.com.ar\/2021\/","name":"Noticias Radio Reflejos","description":"Las noticias de mi comarca","potentialAction":[{"@type":"SearchAction","target":{"@type":"EntryPoint","urlTemplate":"https:\/\/www.noticiasradioreflejos.com.ar\/2021\/?s={search_term_string}"},"query-input":{"@type":"PropertyValueSpecification","valueRequired":true,"valueName":"search_term_string"}}],"inLanguage":"es"},{"@type":"Person","@id":"https:\/\/www.noticiasradioreflejos.com.ar\/2021\/#\/schema\/person\/ad82545263dcc5ec0996818884fd5fb1","name":"Arnaldo Botto","image":{"@type":"ImageObject","inLanguage":"es","@id":"https:\/\/www.noticiasradioreflejos.com.ar\/2021\/#\/schema\/person\/image\/","url":"https:\/\/secure.gravatar.com\/avatar\/55cb5e37c1efa326397366e6974cb338056df65cb50e7d64d1cf314e87504837?s=96&d=mm&r=g","contentUrl":"https:\/\/secure.gravatar.com\/avatar\/55cb5e37c1efa326397366e6974cb338056df65cb50e7d64d1cf314e87504837?s=96&d=mm&r=g","caption":"Arnaldo Botto"},"url":"https:\/\/www.noticiasradioreflejos.com.ar\/2021\/author\/arnaldo\/"}]}},"_links":{"self":[{"href":"https:\/\/www.noticiasradioreflejos.com.ar\/2021\/wp-json\/wp\/v2\/posts\/79133","targetHints":{"allow":["GET"]}}],"collection":[{"href":"https:\/\/www.noticiasradioreflejos.com.ar\/2021\/wp-json\/wp\/v2\/posts"}],"about":[{"href":"https:\/\/www.noticiasradioreflejos.com.ar\/2021\/wp-json\/wp\/v2\/types\/post"}],"author":[{"embeddable":true,"href":"https:\/\/www.noticiasradioreflejos.com.ar\/2021\/wp-json\/wp\/v2\/users\/3"}],"replies":[{"embeddable":true,"href":"https:\/\/www.noticiasradioreflejos.com.ar\/2021\/wp-json\/wp\/v2\/comments?post=79133"}],"version-history":[{"count":1,"href":"https:\/\/www.noticiasradioreflejos.com.ar\/2021\/wp-json\/wp\/v2\/posts\/79133\/revisions"}],"predecessor-version":[{"id":79135,"href":"https:\/\/www.noticiasradioreflejos.com.ar\/2021\/wp-json\/wp\/v2\/posts\/79133\/revisions\/79135"}],"wp:attachment":[{"href":"https:\/\/www.noticiasradioreflejos.com.ar\/2021\/wp-json\/wp\/v2\/media?parent=79133"}],"wp:term":[{"taxonomy":"category","embeddable":true,"href":"https:\/\/www.noticiasradioreflejos.com.ar\/2021\/wp-json\/wp\/v2\/categories?post=79133"},{"taxonomy":"post_tag","embeddable":true,"href":"https:\/\/www.noticiasradioreflejos.com.ar\/2021\/wp-json\/wp\/v2\/tags?post=79133"}],"curies":[{"name":"wp","href":"https:\/\/api.w.org\/{rel}","templated":true}]}}