{"id":79131,"date":"2022-10-19T20:08:08","date_gmt":"2022-10-19T20:08:08","guid":{"rendered":"http:\/\/www.noticiasradioreflejos.com.ar\/2021\/?p=79131"},"modified":"2022-10-19T20:08:08","modified_gmt":"2022-10-19T20:08:08","slug":"en-septiembre-una-pareja-con-hijos-necesito-56-732-para-no-caer-en-la-indigencia","status":"publish","type":"post","link":"https:\/\/www.noticiasradioreflejos.com.ar\/2021\/en-septiembre-una-pareja-con-hijos-necesito-56-732-para-no-caer-en-la-indigencia\/","title":{"rendered":"En septiembre, una pareja con hijos necesit\u00f3 $56.732 para no caer en la indigencia"},"content":{"rendered":"<p>En el caso de la Canasta B\u00e1sica Total, que marca el umbral por debajo del cual se cae en la pobreza, alcanz\u00f3 los $ 128.214.<!--more--><\/p>\n<figure class=\"mb-3\"><img decoding=\"async\" src=\"https:\/\/www.telam.com.ar\/thumbs\/bluesteel\/advf\/imagenes\/2022\/04\/624c2e7ba8f9b_1200.jpg\" alt=\"Foto Archivo\" width=\"100%\" height=\"100%\" \/><\/p>\n<div class=\"media-icons\"><\/div><figcaption>Foto: Archivo<\/figcaption><\/figure>\n<p>El costo de la Canasta B\u00e1sica Alimentaria (CBA) aument\u00f3 en septiembre 7,1 %, por lo que una pareja con dos hijos necesit\u00f3 percibir $ 56.732 para adquirir la cantidad m\u00ednima de comida y no caer en la indigencia inform\u00f3 este mi\u00e9rcoles el Instituto Nacional de Estad\u00edstica y Censos (Indec).<\/p>\n<p>En tanto el costo de la Canasta B\u00e1sica Total (CBT), que marca el umbral por debajo del cual se cae en la pobreza, alcanz\u00f3 en septiembre lo $ 128.214 con un aumento tambi\u00e9n del 7,1% mensual.<\/p>\n<p>En los primeros nueve meses del a\u00f1o, el valor de la CBA se increment\u00f3 el 64,8 %, mientras que el de la CBT avanz\u00f3 60,2 %.<\/p>\n<p>Esta diferencia entre ambas canastas se debe a que los precios de las tarifas del transporte y los servicios p\u00fablicos tuvieron incrementos por debajo de los alimentos.<\/p>\n<p>Entre septiembre de este a\u00f1o e igual mes del 2021, el precio de la CBA se increment\u00f3 a 78,4% y el de la CBT a 73,1% .<\/p>\n<p>El \u00cdndice de Precios al Consumidor aument\u00f3 durante septiembre 6,2% y acumul\u00f3 un alza del 66,1 % para los nueves primeros meses del a\u00f1o, y del 83 % en los \u00faltimos 12 meses.<\/p>\n<p>La suba en el rubro \u00abAlimentos y bebidas no alcoh\u00f3licas\u00bb, con el 6,7%, result\u00f3 la de mayor incidencia en todas las regiones. En lo que va del a\u00f1o ese segmento aument\u00f3 69,5 % y un 86,6 % en los \u00faltimos 12 meses.<\/p>\n<p>Al t\u00e9rmino del primer semestre del a\u00f1o, el 36,5% de los habitantes del pa\u00eds estaban bajo la linea de la pobreza, y entre ellos, 8,8% eran indigentes, es decir, no les alcanzaba el dinero para comprar la cantidad m\u00ednima de comida para alimentarse.<\/p>\n<p>El \u00edndice de pobreza baj\u00f3 0,8 puntos porcentuales respecto al cierre del a\u00f1o pasado, cuando alcanz\u00f3 el 37,3%, pero aument\u00f3 0,6 puntos el de indigencia, que se encontraba en 8,2%, inform\u00f3 el Indec.<\/p>\n<div class=\"twitter-tweet twitter-tweet-rendered\"><\/div>\n<div class=\"tags mt-4\">\n<p>&nbsp;<\/p>\n<blockquote class=\"twitter-tweet\" data-width=\"500\" data-dnt=\"true\">\n<p lang=\"es\" dir=\"ltr\"><a href=\"https:\/\/twitter.com\/hashtag\/DatoINDEC?src=hash&amp;ref_src=twsrc%5Etfw\">#DatoINDEC<\/a> <br \/>Una familia de cuatro integrantes necesit\u00f3 $128.214,11 para superar el umbral de pobreza en septiembre de 2022: 7,1% m\u00e1s que el mes previo <a href=\"https:\/\/t.co\/2hGgtYkxwe\">https:\/\/t.co\/2hGgtYkxwe<\/a> <a href=\"https:\/\/t.co\/BeKH6dmO8Z\">pic.twitter.com\/BeKH6dmO8Z<\/a><\/p>\n<p>&mdash; INDEC Argentina (@INDECArgentina) <a href=\"https:\/\/twitter.com\/INDECArgentina\/status\/1582808936541216769?ref_src=twsrc%5Etfw\">October 19, 2022<\/a><\/p><\/blockquote>\n<p><script async src=\"https:\/\/platform.twitter.com\/widgets.js\" charset=\"utf-8\"><\/script><\/p>\n","protected":false},"excerpt":{"rendered":"<p>En el caso de la Canasta B\u00e1sica Total, que marca el umbral por debajo del cual se cae en la pobreza, alcanz\u00f3 los $ 128.214.<\/p>\n","protected":false},"author":3,"featured_media":0,"comment_status":"closed","ping_status":"closed","sticky":false,"template":"","format":"standard","meta":{"footnotes":""},"categories":[36],"tags":[],"class_list":["post-79131","post","type-post","status-publish","format-standard","hentry","category-economia"],"yoast_head":"<!-- This site is optimized with the Yoast SEO plugin v25.9 - https:\/\/yoast.com\/wordpress\/plugins\/seo\/ -->\n<title>En septiembre, una pareja con hijos necesit\u00f3 $56.732 para no caer en la indigencia - Noticias Radio Reflejos<\/title>\n<meta name=\"robots\" content=\"index, follow, max-snippet:-1, max-image-preview:large, max-video-preview:-1\" \/>\n<link rel=\"canonical\" href=\"https:\/\/www.noticiasradioreflejos.com.ar\/2021\/en-septiembre-una-pareja-con-hijos-necesito-56-732-para-no-caer-en-la-indigencia\/\" \/>\n<meta property=\"og:locale\" content=\"es_ES\" \/>\n<meta property=\"og:type\" content=\"article\" \/>\n<meta property=\"og:title\" content=\"En septiembre, una pareja con hijos necesit\u00f3 $56.732 para no caer en la indigencia - Noticias Radio Reflejos\" \/>\n<meta property=\"og:description\" content=\"En el caso de la Canasta B\u00e1sica Total, que marca el umbral por debajo del cual se cae en la pobreza, alcanz\u00f3 los $ 128.214.\" \/>\n<meta property=\"og:url\" content=\"https:\/\/www.noticiasradioreflejos.com.ar\/2021\/en-septiembre-una-pareja-con-hijos-necesito-56-732-para-no-caer-en-la-indigencia\/\" \/>\n<meta property=\"og:site_name\" content=\"Noticias Radio Reflejos\" \/>\n<meta property=\"article:published_time\" content=\"2022-10-19T20:08:08+00:00\" \/>\n<meta property=\"og:image\" content=\"https:\/\/www.telam.com.ar\/thumbs\/bluesteel\/advf\/imagenes\/2022\/04\/624c2e7ba8f9b_1200.jpg\" \/>\n<meta name=\"author\" content=\"Arnaldo Botto\" \/>\n<meta name=\"twitter:card\" content=\"summary_large_image\" \/>\n<script type=\"application\/ld+json\" class=\"yoast-schema-graph\">{\"@context\":\"https:\/\/schema.org\",\"@graph\":[{\"@type\":\"WebPage\",\"@id\":\"https:\/\/www.noticiasradioreflejos.com.ar\/2021\/en-septiembre-una-pareja-con-hijos-necesito-56-732-para-no-caer-en-la-indigencia\/\",\"url\":\"https:\/\/www.noticiasradioreflejos.com.ar\/2021\/en-septiembre-una-pareja-con-hijos-necesito-56-732-para-no-caer-en-la-indigencia\/\",\"name\":\"En septiembre, una pareja con hijos necesit\u00f3 $56.732 para no caer en la indigencia - Noticias Radio Reflejos\",\"isPartOf\":{\"@id\":\"https:\/\/www.noticiasradioreflejos.com.ar\/2021\/#website\"},\"primaryImageOfPage\":{\"@id\":\"https:\/\/www.noticiasradioreflejos.com.ar\/2021\/en-septiembre-una-pareja-con-hijos-necesito-56-732-para-no-caer-en-la-indigencia\/#primaryimage\"},\"image\":{\"@id\":\"https:\/\/www.noticiasradioreflejos.com.ar\/2021\/en-septiembre-una-pareja-con-hijos-necesito-56-732-para-no-caer-en-la-indigencia\/#primaryimage\"},\"thumbnailUrl\":\"https:\/\/www.telam.com.ar\/thumbs\/bluesteel\/advf\/imagenes\/2022\/04\/624c2e7ba8f9b_1200.jpg\",\"datePublished\":\"2022-10-19T20:08:08+00:00\",\"author\":{\"@id\":\"https:\/\/www.noticiasradioreflejos.com.ar\/2021\/#\/schema\/person\/ad82545263dcc5ec0996818884fd5fb1\"},\"breadcrumb\":{\"@id\":\"https:\/\/www.noticiasradioreflejos.com.ar\/2021\/en-septiembre-una-pareja-con-hijos-necesito-56-732-para-no-caer-en-la-indigencia\/#breadcrumb\"},\"inLanguage\":\"es\",\"potentialAction\":[{\"@type\":\"ReadAction\",\"target\":[\"https:\/\/www.noticiasradioreflejos.com.ar\/2021\/en-septiembre-una-pareja-con-hijos-necesito-56-732-para-no-caer-en-la-indigencia\/\"]}]},{\"@type\":\"ImageObject\",\"inLanguage\":\"es\",\"@id\":\"https:\/\/www.noticiasradioreflejos.com.ar\/2021\/en-septiembre-una-pareja-con-hijos-necesito-56-732-para-no-caer-en-la-indigencia\/#primaryimage\",\"url\":\"https:\/\/www.telam.com.ar\/thumbs\/bluesteel\/advf\/imagenes\/2022\/04\/624c2e7ba8f9b_1200.jpg\",\"contentUrl\":\"https:\/\/www.telam.com.ar\/thumbs\/bluesteel\/advf\/imagenes\/2022\/04\/624c2e7ba8f9b_1200.jpg\"},{\"@type\":\"BreadcrumbList\",\"@id\":\"https:\/\/www.noticiasradioreflejos.com.ar\/2021\/en-septiembre-una-pareja-con-hijos-necesito-56-732-para-no-caer-en-la-indigencia\/#breadcrumb\",\"itemListElement\":[{\"@type\":\"ListItem\",\"position\":1,\"name\":\"Portada\",\"item\":\"https:\/\/www.noticiasradioreflejos.com.ar\/2021\/\"},{\"@type\":\"ListItem\",\"position\":2,\"name\":\"En septiembre, una pareja con hijos necesit\u00f3 $56.732 para no caer en la indigencia\"}]},{\"@type\":\"WebSite\",\"@id\":\"https:\/\/www.noticiasradioreflejos.com.ar\/2021\/#website\",\"url\":\"https:\/\/www.noticiasradioreflejos.com.ar\/2021\/\",\"name\":\"Noticias Radio Reflejos\",\"description\":\"Las noticias de mi comarca\",\"potentialAction\":[{\"@type\":\"SearchAction\",\"target\":{\"@type\":\"EntryPoint\",\"urlTemplate\":\"https:\/\/www.noticiasradioreflejos.com.ar\/2021\/?s={search_term_string}\"},\"query-input\":{\"@type\":\"PropertyValueSpecification\",\"valueRequired\":true,\"valueName\":\"search_term_string\"}}],\"inLanguage\":\"es\"},{\"@type\":\"Person\",\"@id\":\"https:\/\/www.noticiasradioreflejos.com.ar\/2021\/#\/schema\/person\/ad82545263dcc5ec0996818884fd5fb1\",\"name\":\"Arnaldo Botto\",\"image\":{\"@type\":\"ImageObject\",\"inLanguage\":\"es\",\"@id\":\"https:\/\/www.noticiasradioreflejos.com.ar\/2021\/#\/schema\/person\/image\/\",\"url\":\"https:\/\/secure.gravatar.com\/avatar\/55cb5e37c1efa326397366e6974cb338056df65cb50e7d64d1cf314e87504837?s=96&d=mm&r=g\",\"contentUrl\":\"https:\/\/secure.gravatar.com\/avatar\/55cb5e37c1efa326397366e6974cb338056df65cb50e7d64d1cf314e87504837?s=96&d=mm&r=g\",\"caption\":\"Arnaldo Botto\"},\"url\":\"https:\/\/www.noticiasradioreflejos.com.ar\/2021\/author\/arnaldo\/\"}]}<\/script>\n<!-- \/ Yoast SEO plugin. -->","yoast_head_json":{"title":"En septiembre, una pareja con hijos necesit\u00f3 $56.732 para no caer en la indigencia - Noticias Radio Reflejos","robots":{"index":"index","follow":"follow","max-snippet":"max-snippet:-1","max-image-preview":"max-image-preview:large","max-video-preview":"max-video-preview:-1"},"canonical":"https:\/\/www.noticiasradioreflejos.com.ar\/2021\/en-septiembre-una-pareja-con-hijos-necesito-56-732-para-no-caer-en-la-indigencia\/","og_locale":"es_ES","og_type":"article","og_title":"En septiembre, una pareja con hijos necesit\u00f3 $56.732 para no caer en la indigencia - Noticias Radio Reflejos","og_description":"En el caso de la Canasta B\u00e1sica Total, que marca el umbral por debajo del cual se cae en la pobreza, alcanz\u00f3 los $ 128.214.","og_url":"https:\/\/www.noticiasradioreflejos.com.ar\/2021\/en-septiembre-una-pareja-con-hijos-necesito-56-732-para-no-caer-en-la-indigencia\/","og_site_name":"Noticias Radio Reflejos","article_published_time":"2022-10-19T20:08:08+00:00","og_image":[{"url":"https:\/\/www.telam.com.ar\/thumbs\/bluesteel\/advf\/imagenes\/2022\/04\/624c2e7ba8f9b_1200.jpg","type":"","width":"","height":""}],"author":"Arnaldo Botto","twitter_card":"summary_large_image","schema":{"@context":"https:\/\/schema.org","@graph":[{"@type":"WebPage","@id":"https:\/\/www.noticiasradioreflejos.com.ar\/2021\/en-septiembre-una-pareja-con-hijos-necesito-56-732-para-no-caer-en-la-indigencia\/","url":"https:\/\/www.noticiasradioreflejos.com.ar\/2021\/en-septiembre-una-pareja-con-hijos-necesito-56-732-para-no-caer-en-la-indigencia\/","name":"En septiembre, una pareja con hijos necesit\u00f3 $56.732 para no caer en la indigencia - Noticias Radio Reflejos","isPartOf":{"@id":"https:\/\/www.noticiasradioreflejos.com.ar\/2021\/#website"},"primaryImageOfPage":{"@id":"https:\/\/www.noticiasradioreflejos.com.ar\/2021\/en-septiembre-una-pareja-con-hijos-necesito-56-732-para-no-caer-en-la-indigencia\/#primaryimage"},"image":{"@id":"https:\/\/www.noticiasradioreflejos.com.ar\/2021\/en-septiembre-una-pareja-con-hijos-necesito-56-732-para-no-caer-en-la-indigencia\/#primaryimage"},"thumbnailUrl":"https:\/\/www.telam.com.ar\/thumbs\/bluesteel\/advf\/imagenes\/2022\/04\/624c2e7ba8f9b_1200.jpg","datePublished":"2022-10-19T20:08:08+00:00","author":{"@id":"https:\/\/www.noticiasradioreflejos.com.ar\/2021\/#\/schema\/person\/ad82545263dcc5ec0996818884fd5fb1"},"breadcrumb":{"@id":"https:\/\/www.noticiasradioreflejos.com.ar\/2021\/en-septiembre-una-pareja-con-hijos-necesito-56-732-para-no-caer-en-la-indigencia\/#breadcrumb"},"inLanguage":"es","potentialAction":[{"@type":"ReadAction","target":["https:\/\/www.noticiasradioreflejos.com.ar\/2021\/en-septiembre-una-pareja-con-hijos-necesito-56-732-para-no-caer-en-la-indigencia\/"]}]},{"@type":"ImageObject","inLanguage":"es","@id":"https:\/\/www.noticiasradioreflejos.com.ar\/2021\/en-septiembre-una-pareja-con-hijos-necesito-56-732-para-no-caer-en-la-indigencia\/#primaryimage","url":"https:\/\/www.telam.com.ar\/thumbs\/bluesteel\/advf\/imagenes\/2022\/04\/624c2e7ba8f9b_1200.jpg","contentUrl":"https:\/\/www.telam.com.ar\/thumbs\/bluesteel\/advf\/imagenes\/2022\/04\/624c2e7ba8f9b_1200.jpg"},{"@type":"BreadcrumbList","@id":"https:\/\/www.noticiasradioreflejos.com.ar\/2021\/en-septiembre-una-pareja-con-hijos-necesito-56-732-para-no-caer-en-la-indigencia\/#breadcrumb","itemListElement":[{"@type":"ListItem","position":1,"name":"Portada","item":"https:\/\/www.noticiasradioreflejos.com.ar\/2021\/"},{"@type":"ListItem","position":2,"name":"En septiembre, una pareja con hijos necesit\u00f3 $56.732 para no caer en la indigencia"}]},{"@type":"WebSite","@id":"https:\/\/www.noticiasradioreflejos.com.ar\/2021\/#website","url":"https:\/\/www.noticiasradioreflejos.com.ar\/2021\/","name":"Noticias Radio Reflejos","description":"Las noticias de mi comarca","potentialAction":[{"@type":"SearchAction","target":{"@type":"EntryPoint","urlTemplate":"https:\/\/www.noticiasradioreflejos.com.ar\/2021\/?s={search_term_string}"},"query-input":{"@type":"PropertyValueSpecification","valueRequired":true,"valueName":"search_term_string"}}],"inLanguage":"es"},{"@type":"Person","@id":"https:\/\/www.noticiasradioreflejos.com.ar\/2021\/#\/schema\/person\/ad82545263dcc5ec0996818884fd5fb1","name":"Arnaldo Botto","image":{"@type":"ImageObject","inLanguage":"es","@id":"https:\/\/www.noticiasradioreflejos.com.ar\/2021\/#\/schema\/person\/image\/","url":"https:\/\/secure.gravatar.com\/avatar\/55cb5e37c1efa326397366e6974cb338056df65cb50e7d64d1cf314e87504837?s=96&d=mm&r=g","contentUrl":"https:\/\/secure.gravatar.com\/avatar\/55cb5e37c1efa326397366e6974cb338056df65cb50e7d64d1cf314e87504837?s=96&d=mm&r=g","caption":"Arnaldo Botto"},"url":"https:\/\/www.noticiasradioreflejos.com.ar\/2021\/author\/arnaldo\/"}]}},"_links":{"self":[{"href":"https:\/\/www.noticiasradioreflejos.com.ar\/2021\/wp-json\/wp\/v2\/posts\/79131","targetHints":{"allow":["GET"]}}],"collection":[{"href":"https:\/\/www.noticiasradioreflejos.com.ar\/2021\/wp-json\/wp\/v2\/posts"}],"about":[{"href":"https:\/\/www.noticiasradioreflejos.com.ar\/2021\/wp-json\/wp\/v2\/types\/post"}],"author":[{"embeddable":true,"href":"https:\/\/www.noticiasradioreflejos.com.ar\/2021\/wp-json\/wp\/v2\/users\/3"}],"replies":[{"embeddable":true,"href":"https:\/\/www.noticiasradioreflejos.com.ar\/2021\/wp-json\/wp\/v2\/comments?post=79131"}],"version-history":[{"count":1,"href":"https:\/\/www.noticiasradioreflejos.com.ar\/2021\/wp-json\/wp\/v2\/posts\/79131\/revisions"}],"predecessor-version":[{"id":79132,"href":"https:\/\/www.noticiasradioreflejos.com.ar\/2021\/wp-json\/wp\/v2\/posts\/79131\/revisions\/79132"}],"wp:attachment":[{"href":"https:\/\/www.noticiasradioreflejos.com.ar\/2021\/wp-json\/wp\/v2\/media?parent=79131"}],"wp:term":[{"taxonomy":"category","embeddable":true,"href":"https:\/\/www.noticiasradioreflejos.com.ar\/2021\/wp-json\/wp\/v2\/categories?post=79131"},{"taxonomy":"post_tag","embeddable":true,"href":"https:\/\/www.noticiasradioreflejos.com.ar\/2021\/wp-json\/wp\/v2\/tags?post=79131"}],"curies":[{"name":"wp","href":"https:\/\/api.w.org\/{rel}","templated":true}]}}