{"id":79128,"date":"2022-10-19T20:05:14","date_gmt":"2022-10-19T20:05:14","guid":{"rendered":"http:\/\/www.noticiasradioreflejos.com.ar\/2021\/?p=79128"},"modified":"2022-10-19T20:05:14","modified_gmt":"2022-10-19T20:05:14","slug":"robaban-datos-personales-para-cometer-ciberestafas-40-detenidos","status":"publish","type":"post","link":"https:\/\/www.noticiasradioreflejos.com.ar\/2021\/robaban-datos-personales-para-cometer-ciberestafas-40-detenidos\/","title":{"rendered":"Robaban datos personales para cometer ciberestafas: 40 detenidos"},"content":{"rendered":"<div class=\"entry-top\">\n<div class=\"title check-space\" data-color=\"style='background-color:'\">\n<div class=\"mt\">\n<p>Algunos lo hac\u00edan desde la c\u00e1rcel, adonde clonaban tarjetas de cr\u00e9dito. Estimaron que el perjuicio fue m\u00e1s de $ 50.000.000 y US$ 2.000.000.<\/p>\n<\/div>\n<\/div>\n<\/div>\n<p><!--more--><\/p>\n<article class=\"entry-body check-space \">Cuarenta personas fueron detenidas en las provincias de Buenos Aires y C\u00f3rdoba, y en la Ciudad de Buenos Aires, acusadas de integrar una banda que comet\u00eda ciberdelitos, con miembros que operaban a pesar de estar detenidos en distintos penales y por medio de la sustracci\u00f3n de datos personales para realizar operaciones bancarias no autorizadas.<\/p>\n<p>Los arrestos se concretaron durante unos 70 operativos en simult\u00e1neo, en el marco de una investigaci\u00f3n que se inici\u00f3 el a\u00f1o pasado a partir de una gran cantidad de estafas denunciadas. Seg\u00fan los c\u00e1lculos, el perjuicio total de estas maniobras lleg\u00f3 a\u00a0<strong>$50.000.000 y US$ 2.000.000<\/strong>.<\/p>\n<p>De acuerdo a las fuentes, los damnificados denunciaron que les robaban sus datos personales para realizar operaciones bancarias no autorizadas y falsificaci\u00f3n de tarjetas de cr\u00e9dito.<\/p>\n<div class=\"sp__Normal embed-box embed-body-photo\" data-index=\"1\"><picture class=\"pointer\"><img loading=\"lazy\" decoding=\"async\" class=\"img-expand aligncenter\" src=\"https:\/\/www.clarin.com\/img\/2022\/10\/19\/EojQb5aCM_720x0__1.jpg\" alt=\"Robaban datos personales para cometer ciberestafas: 40 detenidos.\" width=\"714\" height=\"536\" \/><\/picture><\/div>\n<p>\u00abTambi\u00e9n se realizaban simulaciones de ventas de productos en redes sociales, sustracci\u00f3n mediante enga\u00f1os de cuentas de Whatsapp y minado ilegal de criptomonedas\u00bb, indic\u00f3 en un comunicado el Ministerio P\u00fablico Fiscal (MPF) de la provincia de Buenos Aires.<\/p>\n<p>Ante esa situaci\u00f3n, intervino el Departamento de Ciberdelitos de la Secretar\u00eda Pol\u00edtica Criminal de la Procuraci\u00f3n bonaerense junto a la Superintendencia de Investigaciones en Funci\u00f3n Judicial de la Polic\u00eda provincial.<\/p>\n<p>Seg\u00fan las fuentes, en todos los casos se llevaron a cabo investigaciones en entornos digitales con herramientas de alta tecnolog\u00eda, que permitieron la identificaci\u00f3n de los imputados y sus domicilios.<\/p>\n<div class=\"sp__Normal embed-box embed-body-photo\" data-index=\"2\"><picture class=\"pointer\"><img loading=\"lazy\" decoding=\"async\" class=\"img-expand alignleft\" src=\"https:\/\/www.clarin.com\/img\/2022\/10\/19\/iKM1ea1zy_720x0__1.jpg\" alt=\"Robaban datos personales para cometer ciberestafas: 40 detenidos.\" width=\"542\" height=\"1203\" \/><\/picture><\/div>\n<p>Como resultado de estos procedimientos simult\u00e1neos, se secuestraron m\u00e1s de un centenar de tel\u00e9fonos celulares, tarjetas de memoria, pendrives, impresoras, DNI falsos, m\u00e1s de un centenar de tarjetas SIM, tarjetas de cr\u00e9dito y d\u00e9bito, cajas fuertes, autos y armas de fuego.<\/p>\n<p>Las fuentes aclararon que cuatro de los sospechosos se encontraban en\u00a0<strong>las unidades penitenciarias de Baradero, Olmos, Sierra Chica y Mercedes<\/strong>.<\/p>\n<p>\u00abAll\u00ed se secuestraron dispositivos tecnol\u00f3gicos no autorizados, que utilizaban los internos para cometer las ciberestafas, donde funcionaban c\u00e9lulas criminales denominadas &#8216;call center&#8217;, refri\u00e9ndose a detenidos que operan desde el interior de los penales con tel\u00e9fonos celulares y computadoras con acceso a Internet\u00bb, agregaron desde el MPF bonaerense.<\/p>\n<div class=\"sp__Normal embed-box embed-body-photo\" data-index=\"3\"><picture class=\"pointer\"><img loading=\"lazy\" decoding=\"async\" class=\"img-expand aligncenter\" src=\"https:\/\/www.clarin.com\/img\/2022\/10\/19\/Ts23A2JuH_720x0__1.jpg\" alt=\"Robaban datos personales para cometer ciberestafas: 40 detenidos.\" width=\"506\" height=\"1020\" \/><\/picture>Robaban datos personales para cometer ciberestafas: 40 detenidos.<\/div>\n<p>Por otro lado, durante los operativos, las autoridades judiciales descubrieron\u00a0<strong>una granja clandestina de minado de criptomonedas<\/strong>\u00a0ubicada en Quilmes, la cual estaba montada con cables el\u00e9ctricos robados y consumo ilegal de energ\u00eda el\u00e9ctrica.<\/p>\n<p>Adem\u00e1s, en un allanamiento en San Mart\u00edn, se hall\u00f3 un laboratorio ilegal donde se falsificaban documentos de identidad, tarjetas de cr\u00e9dito y tarjetas Naranja.<\/p>\n<p>Intervinieron en la investigaci\u00f3n\u00a0<strong>14 fiscales pertenecientes a 13 departamentos judiciales de la provincia<\/strong>.<\/p>\n<p><em>EMJ<\/em><\/p>\n<ul>\n<li><a href=\"https:\/\/www.clarin.com\/\"><strong>Clar\u00edn.com<\/strong><\/a><\/li>\n<\/ul>\n<\/article>\n","protected":false},"excerpt":{"rendered":"<p>Algunos lo hac\u00edan desde la c\u00e1rcel, adonde clonaban tarjetas de cr\u00e9dito. Estimaron que el perjuicio fue m\u00e1s de $ 50.000.000 y US$ 2.000.000.<\/p>\n","protected":false},"author":3,"featured_media":0,"comment_status":"closed","ping_status":"closed","sticky":false,"template":"","format":"standard","meta":{"footnotes":""},"categories":[29],"tags":[],"class_list":["post-79128","post","type-post","status-publish","format-standard","hentry","category-policiales"],"yoast_head":"<!-- This site is optimized with the Yoast SEO plugin v25.9 - https:\/\/yoast.com\/wordpress\/plugins\/seo\/ -->\n<title>Robaban datos personales para cometer ciberestafas: 40 detenidos - Noticias Radio Reflejos<\/title>\n<meta name=\"robots\" content=\"index, follow, max-snippet:-1, max-image-preview:large, max-video-preview:-1\" \/>\n<link rel=\"canonical\" href=\"https:\/\/www.noticiasradioreflejos.com.ar\/2021\/robaban-datos-personales-para-cometer-ciberestafas-40-detenidos\/\" \/>\n<meta property=\"og:locale\" content=\"es_ES\" \/>\n<meta property=\"og:type\" content=\"article\" \/>\n<meta property=\"og:title\" content=\"Robaban datos personales para cometer ciberestafas: 40 detenidos - Noticias Radio Reflejos\" \/>\n<meta property=\"og:description\" content=\"Algunos lo hac\u00edan desde la c\u00e1rcel, adonde clonaban tarjetas de cr\u00e9dito. Estimaron que el perjuicio fue m\u00e1s de $ 50.000.000 y US$ 2.000.000.\" \/>\n<meta property=\"og:url\" content=\"https:\/\/www.noticiasradioreflejos.com.ar\/2021\/robaban-datos-personales-para-cometer-ciberestafas-40-detenidos\/\" \/>\n<meta property=\"og:site_name\" content=\"Noticias Radio Reflejos\" \/>\n<meta property=\"article:published_time\" content=\"2022-10-19T20:05:14+00:00\" \/>\n<meta property=\"og:image\" content=\"https:\/\/www.clarin.com\/img\/2022\/10\/19\/EojQb5aCM_720x0__1.jpg\" \/>\n<meta name=\"author\" content=\"Arnaldo Botto\" \/>\n<meta name=\"twitter:card\" content=\"summary_large_image\" \/>\n<script type=\"application\/ld+json\" class=\"yoast-schema-graph\">{\"@context\":\"https:\/\/schema.org\",\"@graph\":[{\"@type\":\"WebPage\",\"@id\":\"https:\/\/www.noticiasradioreflejos.com.ar\/2021\/robaban-datos-personales-para-cometer-ciberestafas-40-detenidos\/\",\"url\":\"https:\/\/www.noticiasradioreflejos.com.ar\/2021\/robaban-datos-personales-para-cometer-ciberestafas-40-detenidos\/\",\"name\":\"Robaban datos personales para cometer ciberestafas: 40 detenidos - Noticias Radio Reflejos\",\"isPartOf\":{\"@id\":\"https:\/\/www.noticiasradioreflejos.com.ar\/2021\/#website\"},\"primaryImageOfPage\":{\"@id\":\"https:\/\/www.noticiasradioreflejos.com.ar\/2021\/robaban-datos-personales-para-cometer-ciberestafas-40-detenidos\/#primaryimage\"},\"image\":{\"@id\":\"https:\/\/www.noticiasradioreflejos.com.ar\/2021\/robaban-datos-personales-para-cometer-ciberestafas-40-detenidos\/#primaryimage\"},\"thumbnailUrl\":\"https:\/\/www.clarin.com\/img\/2022\/10\/19\/EojQb5aCM_720x0__1.jpg\",\"datePublished\":\"2022-10-19T20:05:14+00:00\",\"author\":{\"@id\":\"https:\/\/www.noticiasradioreflejos.com.ar\/2021\/#\/schema\/person\/ad82545263dcc5ec0996818884fd5fb1\"},\"breadcrumb\":{\"@id\":\"https:\/\/www.noticiasradioreflejos.com.ar\/2021\/robaban-datos-personales-para-cometer-ciberestafas-40-detenidos\/#breadcrumb\"},\"inLanguage\":\"es\",\"potentialAction\":[{\"@type\":\"ReadAction\",\"target\":[\"https:\/\/www.noticiasradioreflejos.com.ar\/2021\/robaban-datos-personales-para-cometer-ciberestafas-40-detenidos\/\"]}]},{\"@type\":\"ImageObject\",\"inLanguage\":\"es\",\"@id\":\"https:\/\/www.noticiasradioreflejos.com.ar\/2021\/robaban-datos-personales-para-cometer-ciberestafas-40-detenidos\/#primaryimage\",\"url\":\"https:\/\/www.clarin.com\/img\/2022\/10\/19\/EojQb5aCM_720x0__1.jpg\",\"contentUrl\":\"https:\/\/www.clarin.com\/img\/2022\/10\/19\/EojQb5aCM_720x0__1.jpg\"},{\"@type\":\"BreadcrumbList\",\"@id\":\"https:\/\/www.noticiasradioreflejos.com.ar\/2021\/robaban-datos-personales-para-cometer-ciberestafas-40-detenidos\/#breadcrumb\",\"itemListElement\":[{\"@type\":\"ListItem\",\"position\":1,\"name\":\"Portada\",\"item\":\"https:\/\/www.noticiasradioreflejos.com.ar\/2021\/\"},{\"@type\":\"ListItem\",\"position\":2,\"name\":\"Robaban datos personales para cometer ciberestafas: 40 detenidos\"}]},{\"@type\":\"WebSite\",\"@id\":\"https:\/\/www.noticiasradioreflejos.com.ar\/2021\/#website\",\"url\":\"https:\/\/www.noticiasradioreflejos.com.ar\/2021\/\",\"name\":\"Noticias Radio Reflejos\",\"description\":\"Las noticias de mi comarca\",\"potentialAction\":[{\"@type\":\"SearchAction\",\"target\":{\"@type\":\"EntryPoint\",\"urlTemplate\":\"https:\/\/www.noticiasradioreflejos.com.ar\/2021\/?s={search_term_string}\"},\"query-input\":{\"@type\":\"PropertyValueSpecification\",\"valueRequired\":true,\"valueName\":\"search_term_string\"}}],\"inLanguage\":\"es\"},{\"@type\":\"Person\",\"@id\":\"https:\/\/www.noticiasradioreflejos.com.ar\/2021\/#\/schema\/person\/ad82545263dcc5ec0996818884fd5fb1\",\"name\":\"Arnaldo Botto\",\"image\":{\"@type\":\"ImageObject\",\"inLanguage\":\"es\",\"@id\":\"https:\/\/www.noticiasradioreflejos.com.ar\/2021\/#\/schema\/person\/image\/\",\"url\":\"https:\/\/secure.gravatar.com\/avatar\/55cb5e37c1efa326397366e6974cb338056df65cb50e7d64d1cf314e87504837?s=96&d=mm&r=g\",\"contentUrl\":\"https:\/\/secure.gravatar.com\/avatar\/55cb5e37c1efa326397366e6974cb338056df65cb50e7d64d1cf314e87504837?s=96&d=mm&r=g\",\"caption\":\"Arnaldo Botto\"},\"url\":\"https:\/\/www.noticiasradioreflejos.com.ar\/2021\/author\/arnaldo\/\"}]}<\/script>\n<!-- \/ Yoast SEO plugin. -->","yoast_head_json":{"title":"Robaban datos personales para cometer ciberestafas: 40 detenidos - Noticias Radio Reflejos","robots":{"index":"index","follow":"follow","max-snippet":"max-snippet:-1","max-image-preview":"max-image-preview:large","max-video-preview":"max-video-preview:-1"},"canonical":"https:\/\/www.noticiasradioreflejos.com.ar\/2021\/robaban-datos-personales-para-cometer-ciberestafas-40-detenidos\/","og_locale":"es_ES","og_type":"article","og_title":"Robaban datos personales para cometer ciberestafas: 40 detenidos - Noticias Radio Reflejos","og_description":"Algunos lo hac\u00edan desde la c\u00e1rcel, adonde clonaban tarjetas de cr\u00e9dito. Estimaron que el perjuicio fue m\u00e1s de $ 50.000.000 y US$ 2.000.000.","og_url":"https:\/\/www.noticiasradioreflejos.com.ar\/2021\/robaban-datos-personales-para-cometer-ciberestafas-40-detenidos\/","og_site_name":"Noticias Radio Reflejos","article_published_time":"2022-10-19T20:05:14+00:00","og_image":[{"url":"https:\/\/www.clarin.com\/img\/2022\/10\/19\/EojQb5aCM_720x0__1.jpg","type":"","width":"","height":""}],"author":"Arnaldo Botto","twitter_card":"summary_large_image","schema":{"@context":"https:\/\/schema.org","@graph":[{"@type":"WebPage","@id":"https:\/\/www.noticiasradioreflejos.com.ar\/2021\/robaban-datos-personales-para-cometer-ciberestafas-40-detenidos\/","url":"https:\/\/www.noticiasradioreflejos.com.ar\/2021\/robaban-datos-personales-para-cometer-ciberestafas-40-detenidos\/","name":"Robaban datos personales para cometer ciberestafas: 40 detenidos - Noticias Radio Reflejos","isPartOf":{"@id":"https:\/\/www.noticiasradioreflejos.com.ar\/2021\/#website"},"primaryImageOfPage":{"@id":"https:\/\/www.noticiasradioreflejos.com.ar\/2021\/robaban-datos-personales-para-cometer-ciberestafas-40-detenidos\/#primaryimage"},"image":{"@id":"https:\/\/www.noticiasradioreflejos.com.ar\/2021\/robaban-datos-personales-para-cometer-ciberestafas-40-detenidos\/#primaryimage"},"thumbnailUrl":"https:\/\/www.clarin.com\/img\/2022\/10\/19\/EojQb5aCM_720x0__1.jpg","datePublished":"2022-10-19T20:05:14+00:00","author":{"@id":"https:\/\/www.noticiasradioreflejos.com.ar\/2021\/#\/schema\/person\/ad82545263dcc5ec0996818884fd5fb1"},"breadcrumb":{"@id":"https:\/\/www.noticiasradioreflejos.com.ar\/2021\/robaban-datos-personales-para-cometer-ciberestafas-40-detenidos\/#breadcrumb"},"inLanguage":"es","potentialAction":[{"@type":"ReadAction","target":["https:\/\/www.noticiasradioreflejos.com.ar\/2021\/robaban-datos-personales-para-cometer-ciberestafas-40-detenidos\/"]}]},{"@type":"ImageObject","inLanguage":"es","@id":"https:\/\/www.noticiasradioreflejos.com.ar\/2021\/robaban-datos-personales-para-cometer-ciberestafas-40-detenidos\/#primaryimage","url":"https:\/\/www.clarin.com\/img\/2022\/10\/19\/EojQb5aCM_720x0__1.jpg","contentUrl":"https:\/\/www.clarin.com\/img\/2022\/10\/19\/EojQb5aCM_720x0__1.jpg"},{"@type":"BreadcrumbList","@id":"https:\/\/www.noticiasradioreflejos.com.ar\/2021\/robaban-datos-personales-para-cometer-ciberestafas-40-detenidos\/#breadcrumb","itemListElement":[{"@type":"ListItem","position":1,"name":"Portada","item":"https:\/\/www.noticiasradioreflejos.com.ar\/2021\/"},{"@type":"ListItem","position":2,"name":"Robaban datos personales para cometer ciberestafas: 40 detenidos"}]},{"@type":"WebSite","@id":"https:\/\/www.noticiasradioreflejos.com.ar\/2021\/#website","url":"https:\/\/www.noticiasradioreflejos.com.ar\/2021\/","name":"Noticias Radio Reflejos","description":"Las noticias de mi comarca","potentialAction":[{"@type":"SearchAction","target":{"@type":"EntryPoint","urlTemplate":"https:\/\/www.noticiasradioreflejos.com.ar\/2021\/?s={search_term_string}"},"query-input":{"@type":"PropertyValueSpecification","valueRequired":true,"valueName":"search_term_string"}}],"inLanguage":"es"},{"@type":"Person","@id":"https:\/\/www.noticiasradioreflejos.com.ar\/2021\/#\/schema\/person\/ad82545263dcc5ec0996818884fd5fb1","name":"Arnaldo Botto","image":{"@type":"ImageObject","inLanguage":"es","@id":"https:\/\/www.noticiasradioreflejos.com.ar\/2021\/#\/schema\/person\/image\/","url":"https:\/\/secure.gravatar.com\/avatar\/55cb5e37c1efa326397366e6974cb338056df65cb50e7d64d1cf314e87504837?s=96&d=mm&r=g","contentUrl":"https:\/\/secure.gravatar.com\/avatar\/55cb5e37c1efa326397366e6974cb338056df65cb50e7d64d1cf314e87504837?s=96&d=mm&r=g","caption":"Arnaldo Botto"},"url":"https:\/\/www.noticiasradioreflejos.com.ar\/2021\/author\/arnaldo\/"}]}},"_links":{"self":[{"href":"https:\/\/www.noticiasradioreflejos.com.ar\/2021\/wp-json\/wp\/v2\/posts\/79128","targetHints":{"allow":["GET"]}}],"collection":[{"href":"https:\/\/www.noticiasradioreflejos.com.ar\/2021\/wp-json\/wp\/v2\/posts"}],"about":[{"href":"https:\/\/www.noticiasradioreflejos.com.ar\/2021\/wp-json\/wp\/v2\/types\/post"}],"author":[{"embeddable":true,"href":"https:\/\/www.noticiasradioreflejos.com.ar\/2021\/wp-json\/wp\/v2\/users\/3"}],"replies":[{"embeddable":true,"href":"https:\/\/www.noticiasradioreflejos.com.ar\/2021\/wp-json\/wp\/v2\/comments?post=79128"}],"version-history":[{"count":1,"href":"https:\/\/www.noticiasradioreflejos.com.ar\/2021\/wp-json\/wp\/v2\/posts\/79128\/revisions"}],"predecessor-version":[{"id":79130,"href":"https:\/\/www.noticiasradioreflejos.com.ar\/2021\/wp-json\/wp\/v2\/posts\/79128\/revisions\/79130"}],"wp:attachment":[{"href":"https:\/\/www.noticiasradioreflejos.com.ar\/2021\/wp-json\/wp\/v2\/media?parent=79128"}],"wp:term":[{"taxonomy":"category","embeddable":true,"href":"https:\/\/www.noticiasradioreflejos.com.ar\/2021\/wp-json\/wp\/v2\/categories?post=79128"},{"taxonomy":"post_tag","embeddable":true,"href":"https:\/\/www.noticiasradioreflejos.com.ar\/2021\/wp-json\/wp\/v2\/tags?post=79128"}],"curies":[{"name":"wp","href":"https:\/\/api.w.org\/{rel}","templated":true}]}}