{"id":79125,"date":"2022-10-19T19:38:01","date_gmt":"2022-10-19T19:38:01","guid":{"rendered":"http:\/\/www.noticiasradioreflejos.com.ar\/2021\/?p=79125"},"modified":"2022-10-19T19:38:01","modified_gmt":"2022-10-19T19:38:01","slug":"al-bayt-la-espectacular-tienda-beduina-que-sera-sede-del-partido-inaugural","status":"publish","type":"post","link":"https:\/\/www.noticiasradioreflejos.com.ar\/2021\/al-bayt-la-espectacular-tienda-beduina-que-sera-sede-del-partido-inaugural\/","title":{"rendered":"Al Bayt, la espectacular tienda beduina que ser\u00e1 sede del partido inaugural"},"content":{"rendered":"<p>Ubicado en la localidad de Jor, 45 kil\u00f3metros al norte de Doha, es el segundo recinto m\u00e1s grande del Mundial, con capacidad para 60.000 espectadores.<!--more--><\/p>\n<figure class=\"mb-3\"><img decoding=\"async\" src=\"https:\/\/www.telam.com.ar\/thumbs\/bluesteel\/advf\/imagenes\/2022\/10\/63502b07bd0d5_1200.jpg\" alt=\"El diseo se inspir en las bayt al sha\" width=\"100%\" height=\"100%\" \/><\/p>\n<div class=\"media-icons\"><\/div><figcaption>El dise\u00f1o se inspir\u00f3 en las bayt al sha<\/figcaption><\/figure>\n<p>El estadio\u00a0<strong>Al Bayt<\/strong>\u00a0ser\u00e1 sede del partido inaugural que jugar\u00e1n el\u00a0<strong>20 de noviembre el anfitri\u00f3n Qatar ante Ecuador<\/strong>\u00a0y promete ser una de las atracciones de la Copa del Mundo\u00a0<strong>por su estructura con forma de tienda beduina<\/strong>.<\/p>\n<p>Ubicado en la localidad de Jor, 45 kil\u00f3metros al norte de Doha, es el segundo recinto m\u00e1s grande del Mundial, con capacidad para 60.000 espectadores, s\u00f3lo superado por el recinto de la final, el Estadio Lusail (80.000).<\/p>\n<p>El incre\u00edble dise\u00f1o se inspir\u00f3 en las<strong>\u00a0bayt al sha&#8217;ar, las tiendas tradicionales en las que viv\u00edan antiguamente los pueblos n\u00f3mades de la regi\u00f3n del Golfo<\/strong>.<\/p>\n<p>La estructura imita una carpa gigante y est\u00e1 recubierta por telas exteriores importadas desde Alemania y otras interiores tra\u00eddas desde Francia.<\/p>\n<p><a href=\"https:\/\/www.telam.com.ar\/notas\/202208\/601291-metro-mundial-qatar-doha-futbol-subterraneo-estadios.html\" target=\"_blank\" rel=\"noopener\">Es uno de los pocos estadios que no est\u00e1n conectados con la red de metro debido a su ubicaci\u00f3n distante del centro de Doha<\/a>. Los hinchas deber\u00e1n realizar un transbordo con el autob\u00fas que forma parte del sistema de transporte p\u00fablico, gratuito y sustentable, desarrollado especialmente para la cita m\u00e1xima del f\u00fatbol.<\/p>\n<p><strong>El estadio cuenta con instalaciones de un hotel de 5 estrellas en sus \u00e1rea VIP con vista al campo de juego.<\/strong><\/p>\n<blockquote class=\"twitter-tweet\" data-width=\"500\" data-dnt=\"true\">\n<p lang=\"en\" dir=\"ltr\">&quot;Al Bayt Stadium is just&#8230; incredible!&quot; \ud83d\ude01<br \/> <a href=\"https:\/\/twitter.com\/fifa?ref_src=twsrc%5Etfw\">@FIFA<\/a> President Gianni Infantino explores the venue for the <a href=\"https:\/\/twitter.com\/hashtag\/Qatar2022?src=hash&amp;ref_src=twsrc%5Etfw\">#Qatar2022<\/a> opener.<a href=\"https:\/\/twitter.com\/hashtag\/SeeYouIn2022?src=hash&amp;ref_src=twsrc%5Etfw\">#SeeYouIn2022<\/a> <a href=\"https:\/\/twitter.com\/hashtag\/AlBayt?src=hash&amp;ref_src=twsrc%5Etfw\">#AlBayt<\/a> <a href=\"https:\/\/t.co\/msZcjwzYNe\">pic.twitter.com\/msZcjwzYNe<\/a><\/p>\n<p>&mdash; AFC Asian Cup Qatar 2023 (@Qatar2023en) <a href=\"https:\/\/twitter.com\/Qatar2023en\/status\/1314249200213716993?ref_src=twsrc%5Etfw\">October 8, 2020<\/a><\/p><\/blockquote>\n<p><script async src=\"https:\/\/platform.twitter.com\/widgets.js\" charset=\"utf-8\"><\/script><\/p>\n<p>A futuro, se utilizar\u00e1 como complejo comercial y ser\u00e1 sede del centro de medicina deportiva m\u00e1s importante del pa\u00eds.<\/p>\n<p>Adem\u00e1s del partido inaugural, el 20 de noviembre a las 13.00 de Argentina, Al Bayt acoger\u00e1 los siguiente partidos: Marruecos-Croacia (mi\u00e9rcoles 23, 7.00); Inglaterra-Estados Unidos (viernes 25, 16.00); Espa\u00f1a-Alemania (domingo 27, 16.00); Pa\u00edses Bajos-Qatar (martes 29, 12.00); Costa Rica-Alemania (jueves 1, 16:.0), un partido de octavos de final (domingo 4, 16.00); uno de cuartos (s\u00e1bado 10, 16.00) y una semifinal (mi\u00e9rcoles 14, 16.00).<\/p>\n<p>Con 9 encuentros programados, Al Bayt es el segundo escenario de mayor actividad en Qatar 2022 despu\u00e9s de Lusail (10).<\/p>\n<p>El responsable de su dise\u00f1o fue el reconocido arquitecto alem\u00e1n Albert Speer, hijo de un ministro del nazismo que fue condenado a 20 a\u00f1os de prisi\u00f3n.<\/p>\n<p>\u00abHe pasado toda mi vida tratando de diferenciarme y distanciarme de mi padre\u00bb, confes\u00f3 Speer, quien no pudo ver su obra terminada ya que falleci\u00f3 en 2017.<\/p>\n","protected":false},"excerpt":{"rendered":"<p>Ubicado en la localidad de Jor, 45 kil\u00f3metros al norte de Doha, es el segundo recinto m\u00e1s grande del Mundial, con capacidad para 60.000 espectadores.<\/p>\n","protected":false},"author":3,"featured_media":0,"comment_status":"closed","ping_status":"closed","sticky":false,"template":"","format":"standard","meta":{"footnotes":""},"categories":[27],"tags":[],"class_list":["post-79125","post","type-post","status-publish","format-standard","hentry","category-deportes"],"yoast_head":"<!-- This site is optimized with the Yoast SEO plugin v25.9 - https:\/\/yoast.com\/wordpress\/plugins\/seo\/ -->\n<title>Al Bayt, la espectacular tienda beduina que ser\u00e1 sede del partido inaugural - Noticias Radio Reflejos<\/title>\n<meta name=\"robots\" content=\"index, follow, max-snippet:-1, max-image-preview:large, max-video-preview:-1\" \/>\n<link rel=\"canonical\" href=\"https:\/\/www.noticiasradioreflejos.com.ar\/2021\/al-bayt-la-espectacular-tienda-beduina-que-sera-sede-del-partido-inaugural\/\" \/>\n<meta property=\"og:locale\" content=\"es_ES\" \/>\n<meta property=\"og:type\" content=\"article\" \/>\n<meta property=\"og:title\" content=\"Al Bayt, la espectacular tienda beduina que ser\u00e1 sede del partido inaugural - Noticias Radio Reflejos\" \/>\n<meta property=\"og:description\" content=\"Ubicado en la localidad de Jor, 45 kil\u00f3metros al norte de Doha, es el segundo recinto m\u00e1s grande del Mundial, con capacidad para 60.000 espectadores.\" \/>\n<meta property=\"og:url\" content=\"https:\/\/www.noticiasradioreflejos.com.ar\/2021\/al-bayt-la-espectacular-tienda-beduina-que-sera-sede-del-partido-inaugural\/\" \/>\n<meta property=\"og:site_name\" content=\"Noticias Radio Reflejos\" \/>\n<meta property=\"article:published_time\" content=\"2022-10-19T19:38:01+00:00\" \/>\n<meta property=\"og:image\" content=\"https:\/\/www.telam.com.ar\/thumbs\/bluesteel\/advf\/imagenes\/2022\/10\/63502b07bd0d5_1200.jpg\" \/>\n<meta name=\"author\" content=\"Arnaldo Botto\" \/>\n<meta name=\"twitter:card\" content=\"summary_large_image\" \/>\n<script type=\"application\/ld+json\" class=\"yoast-schema-graph\">{\"@context\":\"https:\/\/schema.org\",\"@graph\":[{\"@type\":\"WebPage\",\"@id\":\"https:\/\/www.noticiasradioreflejos.com.ar\/2021\/al-bayt-la-espectacular-tienda-beduina-que-sera-sede-del-partido-inaugural\/\",\"url\":\"https:\/\/www.noticiasradioreflejos.com.ar\/2021\/al-bayt-la-espectacular-tienda-beduina-que-sera-sede-del-partido-inaugural\/\",\"name\":\"Al Bayt, la espectacular tienda beduina que ser\u00e1 sede del partido inaugural - Noticias Radio Reflejos\",\"isPartOf\":{\"@id\":\"https:\/\/www.noticiasradioreflejos.com.ar\/2021\/#website\"},\"primaryImageOfPage\":{\"@id\":\"https:\/\/www.noticiasradioreflejos.com.ar\/2021\/al-bayt-la-espectacular-tienda-beduina-que-sera-sede-del-partido-inaugural\/#primaryimage\"},\"image\":{\"@id\":\"https:\/\/www.noticiasradioreflejos.com.ar\/2021\/al-bayt-la-espectacular-tienda-beduina-que-sera-sede-del-partido-inaugural\/#primaryimage\"},\"thumbnailUrl\":\"https:\/\/www.telam.com.ar\/thumbs\/bluesteel\/advf\/imagenes\/2022\/10\/63502b07bd0d5_1200.jpg\",\"datePublished\":\"2022-10-19T19:38:01+00:00\",\"author\":{\"@id\":\"https:\/\/www.noticiasradioreflejos.com.ar\/2021\/#\/schema\/person\/ad82545263dcc5ec0996818884fd5fb1\"},\"breadcrumb\":{\"@id\":\"https:\/\/www.noticiasradioreflejos.com.ar\/2021\/al-bayt-la-espectacular-tienda-beduina-que-sera-sede-del-partido-inaugural\/#breadcrumb\"},\"inLanguage\":\"es\",\"potentialAction\":[{\"@type\":\"ReadAction\",\"target\":[\"https:\/\/www.noticiasradioreflejos.com.ar\/2021\/al-bayt-la-espectacular-tienda-beduina-que-sera-sede-del-partido-inaugural\/\"]}]},{\"@type\":\"ImageObject\",\"inLanguage\":\"es\",\"@id\":\"https:\/\/www.noticiasradioreflejos.com.ar\/2021\/al-bayt-la-espectacular-tienda-beduina-que-sera-sede-del-partido-inaugural\/#primaryimage\",\"url\":\"https:\/\/www.telam.com.ar\/thumbs\/bluesteel\/advf\/imagenes\/2022\/10\/63502b07bd0d5_1200.jpg\",\"contentUrl\":\"https:\/\/www.telam.com.ar\/thumbs\/bluesteel\/advf\/imagenes\/2022\/10\/63502b07bd0d5_1200.jpg\"},{\"@type\":\"BreadcrumbList\",\"@id\":\"https:\/\/www.noticiasradioreflejos.com.ar\/2021\/al-bayt-la-espectacular-tienda-beduina-que-sera-sede-del-partido-inaugural\/#breadcrumb\",\"itemListElement\":[{\"@type\":\"ListItem\",\"position\":1,\"name\":\"Portada\",\"item\":\"https:\/\/www.noticiasradioreflejos.com.ar\/2021\/\"},{\"@type\":\"ListItem\",\"position\":2,\"name\":\"Al Bayt, la espectacular tienda beduina que ser\u00e1 sede del partido inaugural\"}]},{\"@type\":\"WebSite\",\"@id\":\"https:\/\/www.noticiasradioreflejos.com.ar\/2021\/#website\",\"url\":\"https:\/\/www.noticiasradioreflejos.com.ar\/2021\/\",\"name\":\"Noticias Radio Reflejos\",\"description\":\"Las noticias de mi comarca\",\"potentialAction\":[{\"@type\":\"SearchAction\",\"target\":{\"@type\":\"EntryPoint\",\"urlTemplate\":\"https:\/\/www.noticiasradioreflejos.com.ar\/2021\/?s={search_term_string}\"},\"query-input\":{\"@type\":\"PropertyValueSpecification\",\"valueRequired\":true,\"valueName\":\"search_term_string\"}}],\"inLanguage\":\"es\"},{\"@type\":\"Person\",\"@id\":\"https:\/\/www.noticiasradioreflejos.com.ar\/2021\/#\/schema\/person\/ad82545263dcc5ec0996818884fd5fb1\",\"name\":\"Arnaldo Botto\",\"image\":{\"@type\":\"ImageObject\",\"inLanguage\":\"es\",\"@id\":\"https:\/\/www.noticiasradioreflejos.com.ar\/2021\/#\/schema\/person\/image\/\",\"url\":\"https:\/\/secure.gravatar.com\/avatar\/55cb5e37c1efa326397366e6974cb338056df65cb50e7d64d1cf314e87504837?s=96&d=mm&r=g\",\"contentUrl\":\"https:\/\/secure.gravatar.com\/avatar\/55cb5e37c1efa326397366e6974cb338056df65cb50e7d64d1cf314e87504837?s=96&d=mm&r=g\",\"caption\":\"Arnaldo Botto\"},\"url\":\"https:\/\/www.noticiasradioreflejos.com.ar\/2021\/author\/arnaldo\/\"}]}<\/script>\n<!-- \/ Yoast SEO plugin. -->","yoast_head_json":{"title":"Al Bayt, la espectacular tienda beduina que ser\u00e1 sede del partido inaugural - Noticias Radio Reflejos","robots":{"index":"index","follow":"follow","max-snippet":"max-snippet:-1","max-image-preview":"max-image-preview:large","max-video-preview":"max-video-preview:-1"},"canonical":"https:\/\/www.noticiasradioreflejos.com.ar\/2021\/al-bayt-la-espectacular-tienda-beduina-que-sera-sede-del-partido-inaugural\/","og_locale":"es_ES","og_type":"article","og_title":"Al Bayt, la espectacular tienda beduina que ser\u00e1 sede del partido inaugural - Noticias Radio Reflejos","og_description":"Ubicado en la localidad de Jor, 45 kil\u00f3metros al norte de Doha, es el segundo recinto m\u00e1s grande del Mundial, con capacidad para 60.000 espectadores.","og_url":"https:\/\/www.noticiasradioreflejos.com.ar\/2021\/al-bayt-la-espectacular-tienda-beduina-que-sera-sede-del-partido-inaugural\/","og_site_name":"Noticias Radio Reflejos","article_published_time":"2022-10-19T19:38:01+00:00","og_image":[{"url":"https:\/\/www.telam.com.ar\/thumbs\/bluesteel\/advf\/imagenes\/2022\/10\/63502b07bd0d5_1200.jpg","type":"","width":"","height":""}],"author":"Arnaldo Botto","twitter_card":"summary_large_image","schema":{"@context":"https:\/\/schema.org","@graph":[{"@type":"WebPage","@id":"https:\/\/www.noticiasradioreflejos.com.ar\/2021\/al-bayt-la-espectacular-tienda-beduina-que-sera-sede-del-partido-inaugural\/","url":"https:\/\/www.noticiasradioreflejos.com.ar\/2021\/al-bayt-la-espectacular-tienda-beduina-que-sera-sede-del-partido-inaugural\/","name":"Al Bayt, la espectacular tienda beduina que ser\u00e1 sede del partido inaugural - Noticias Radio Reflejos","isPartOf":{"@id":"https:\/\/www.noticiasradioreflejos.com.ar\/2021\/#website"},"primaryImageOfPage":{"@id":"https:\/\/www.noticiasradioreflejos.com.ar\/2021\/al-bayt-la-espectacular-tienda-beduina-que-sera-sede-del-partido-inaugural\/#primaryimage"},"image":{"@id":"https:\/\/www.noticiasradioreflejos.com.ar\/2021\/al-bayt-la-espectacular-tienda-beduina-que-sera-sede-del-partido-inaugural\/#primaryimage"},"thumbnailUrl":"https:\/\/www.telam.com.ar\/thumbs\/bluesteel\/advf\/imagenes\/2022\/10\/63502b07bd0d5_1200.jpg","datePublished":"2022-10-19T19:38:01+00:00","author":{"@id":"https:\/\/www.noticiasradioreflejos.com.ar\/2021\/#\/schema\/person\/ad82545263dcc5ec0996818884fd5fb1"},"breadcrumb":{"@id":"https:\/\/www.noticiasradioreflejos.com.ar\/2021\/al-bayt-la-espectacular-tienda-beduina-que-sera-sede-del-partido-inaugural\/#breadcrumb"},"inLanguage":"es","potentialAction":[{"@type":"ReadAction","target":["https:\/\/www.noticiasradioreflejos.com.ar\/2021\/al-bayt-la-espectacular-tienda-beduina-que-sera-sede-del-partido-inaugural\/"]}]},{"@type":"ImageObject","inLanguage":"es","@id":"https:\/\/www.noticiasradioreflejos.com.ar\/2021\/al-bayt-la-espectacular-tienda-beduina-que-sera-sede-del-partido-inaugural\/#primaryimage","url":"https:\/\/www.telam.com.ar\/thumbs\/bluesteel\/advf\/imagenes\/2022\/10\/63502b07bd0d5_1200.jpg","contentUrl":"https:\/\/www.telam.com.ar\/thumbs\/bluesteel\/advf\/imagenes\/2022\/10\/63502b07bd0d5_1200.jpg"},{"@type":"BreadcrumbList","@id":"https:\/\/www.noticiasradioreflejos.com.ar\/2021\/al-bayt-la-espectacular-tienda-beduina-que-sera-sede-del-partido-inaugural\/#breadcrumb","itemListElement":[{"@type":"ListItem","position":1,"name":"Portada","item":"https:\/\/www.noticiasradioreflejos.com.ar\/2021\/"},{"@type":"ListItem","position":2,"name":"Al Bayt, la espectacular tienda beduina que ser\u00e1 sede del partido inaugural"}]},{"@type":"WebSite","@id":"https:\/\/www.noticiasradioreflejos.com.ar\/2021\/#website","url":"https:\/\/www.noticiasradioreflejos.com.ar\/2021\/","name":"Noticias Radio Reflejos","description":"Las noticias de mi comarca","potentialAction":[{"@type":"SearchAction","target":{"@type":"EntryPoint","urlTemplate":"https:\/\/www.noticiasradioreflejos.com.ar\/2021\/?s={search_term_string}"},"query-input":{"@type":"PropertyValueSpecification","valueRequired":true,"valueName":"search_term_string"}}],"inLanguage":"es"},{"@type":"Person","@id":"https:\/\/www.noticiasradioreflejos.com.ar\/2021\/#\/schema\/person\/ad82545263dcc5ec0996818884fd5fb1","name":"Arnaldo Botto","image":{"@type":"ImageObject","inLanguage":"es","@id":"https:\/\/www.noticiasradioreflejos.com.ar\/2021\/#\/schema\/person\/image\/","url":"https:\/\/secure.gravatar.com\/avatar\/55cb5e37c1efa326397366e6974cb338056df65cb50e7d64d1cf314e87504837?s=96&d=mm&r=g","contentUrl":"https:\/\/secure.gravatar.com\/avatar\/55cb5e37c1efa326397366e6974cb338056df65cb50e7d64d1cf314e87504837?s=96&d=mm&r=g","caption":"Arnaldo Botto"},"url":"https:\/\/www.noticiasradioreflejos.com.ar\/2021\/author\/arnaldo\/"}]}},"_links":{"self":[{"href":"https:\/\/www.noticiasradioreflejos.com.ar\/2021\/wp-json\/wp\/v2\/posts\/79125","targetHints":{"allow":["GET"]}}],"collection":[{"href":"https:\/\/www.noticiasradioreflejos.com.ar\/2021\/wp-json\/wp\/v2\/posts"}],"about":[{"href":"https:\/\/www.noticiasradioreflejos.com.ar\/2021\/wp-json\/wp\/v2\/types\/post"}],"author":[{"embeddable":true,"href":"https:\/\/www.noticiasradioreflejos.com.ar\/2021\/wp-json\/wp\/v2\/users\/3"}],"replies":[{"embeddable":true,"href":"https:\/\/www.noticiasradioreflejos.com.ar\/2021\/wp-json\/wp\/v2\/comments?post=79125"}],"version-history":[{"count":1,"href":"https:\/\/www.noticiasradioreflejos.com.ar\/2021\/wp-json\/wp\/v2\/posts\/79125\/revisions"}],"predecessor-version":[{"id":79127,"href":"https:\/\/www.noticiasradioreflejos.com.ar\/2021\/wp-json\/wp\/v2\/posts\/79125\/revisions\/79127"}],"wp:attachment":[{"href":"https:\/\/www.noticiasradioreflejos.com.ar\/2021\/wp-json\/wp\/v2\/media?parent=79125"}],"wp:term":[{"taxonomy":"category","embeddable":true,"href":"https:\/\/www.noticiasradioreflejos.com.ar\/2021\/wp-json\/wp\/v2\/categories?post=79125"},{"taxonomy":"post_tag","embeddable":true,"href":"https:\/\/www.noticiasradioreflejos.com.ar\/2021\/wp-json\/wp\/v2\/tags?post=79125"}],"curies":[{"name":"wp","href":"https:\/\/api.w.org\/{rel}","templated":true}]}}