{"id":79114,"date":"2022-10-19T17:04:32","date_gmt":"2022-10-19T17:04:32","guid":{"rendered":"http:\/\/www.noticiasradioreflejos.com.ar\/2021\/?p=79114"},"modified":"2022-10-19T17:04:32","modified_gmt":"2022-10-19T17:04:32","slug":"rigen-alertas-amarillas-por-lluvias-y-vientos-fuertes-en-11-provincias","status":"publish","type":"post","link":"https:\/\/www.noticiasradioreflejos.com.ar\/2021\/rigen-alertas-amarillas-por-lluvias-y-vientos-fuertes-en-11-provincias\/","title":{"rendered":"Rigen alertas amarillas por lluvias y vientos fuertes en 11 provincias"},"content":{"rendered":"<p>El Servicio Meteorol\u00f3gico Nacional emiti\u00f3 avisos de precauci\u00f3n para Misiones, Formosa, Santa Fe, Tucum\u00e1n, San Luis, Santiago del Estero, C\u00f3rdoba y vientos fuertes para Chubut y San Juan. En algunas se espera la ca\u00edda de granizo.<!--more--><\/p>\n<figure class=\"mb-3\"><img decoding=\"async\" src=\"https:\/\/www.telam.com.ar\/thumbs\/bluesteel\/advf\/imagenes\/2022\/02\/62175ada3d64e_1200.jpg\" alt=\"Rigen alertas amarillas por lluvias y vientos fuertes en 11 provincias\" width=\"100%\" height=\"100%\" \/><\/p>\n<div class=\"media-icons\"><\/div><figcaption>Rigen alertas amarillas por lluvias y vientos fuertes en 11 provincias.<\/figcaption><\/figure>\n<p>El Servicio Meteorol\u00f3gico Nacional (SMN) emiti\u00f3 este mi\u00e9rcoles alertas amarillas por lluvias para Misiones, Formosa, Santa Fe, Tucum\u00e1n, San Luis, Santiago del Estero, C\u00f3rdoba; por vientos fuertes para Chubut y San Juan; mientras que para La Rioja y Catamarca se pronostica viento y lluvia.<\/p>\n<p>Seg\u00fan indic\u00f3 el organismo,\u00a0<strong>en Misiones\u00a0<\/strong>se pronosticaron lluvias para las localidades de Eldorado, Iguaz\u00fa, zona baja de General Manuel Belgrano, norte de Guaran\u00ed, San Pedro y zona baja de Montecarlo.<\/p>\n<p><strong>\u00abLas precipitaciones totales oscilar\u00e1n entre 15 y 40 mil\u00edmetros en l\u00edneas generales, pudiendo superar los 50 mil\u00edmetros especialmente sobre el norte de Misiones\u00bb<\/strong>, precis\u00f3 el organismo.<\/p>\n<p>Asimismo, el SMN prev\u00e9 para\u00a0<strong>Formosa<\/strong>\u00a0tormentas para la zona de Laish\u00ed, Pilag\u00e1s, Pilcomayo y Piran\u00e9.<\/p>\n<p><strong>Las localidades santafesinas<\/strong>\u00a0de Caseros y General L\u00f3pez, ser\u00e1n afectadas por\u00a0<strong>lluvias y tormentas<\/strong>, pudiendo ser algunas localmente fuertes.<\/p>\n<p>\u00abLas mismas estar\u00e1n acompa\u00f1adas de r\u00e1fagas,\u00a0<strong>ocasional ca\u00edda de granizo, actividad el\u00e9ctrica y abundante ca\u00edda de agua en cortos per\u00edodos\u00bb<\/strong>, se inform\u00f3.<\/p>\n<blockquote class=\"twitter-tweet\" data-width=\"500\" data-dnt=\"true\">\n<p lang=\"es\" dir=\"ltr\"><a href=\"https:\/\/twitter.com\/hashtag\/TORMENTAS?src=hash&amp;ref_src=twsrc%5Etfw\">#TORMENTAS<\/a> | \u00bfC\u00f3mo debemos protegernos ante este fen\u00f3meno? \u26c8\ufe0f\u26a0\ufe0f<\/p>\n<p>Record\u00e1 consultar los pron\u00f3sticos, alertas y m\u00e1s recomendaciones en <a href=\"https:\/\/t.co\/HR4LGtOd3P\">https:\/\/t.co\/HR4LGtOd3P<\/a>. Envi\u00e1 tus reportes con <a href=\"https:\/\/twitter.com\/hashtag\/AtentosAlTiempo?src=hash&amp;ref_src=twsrc%5Etfw\">#AtentosAlTiempo<\/a>. <a href=\"https:\/\/t.co\/kPOCDo3Y8v\">pic.twitter.com\/kPOCDo3Y8v<\/a><\/p>\n<p>&mdash; SMN Argentina (@SMN_Argentina) <a href=\"https:\/\/twitter.com\/SMN_Argentina\/status\/1582725755192180736?ref_src=twsrc%5Etfw\">October 19, 2022<\/a><\/p><\/blockquote>\n<p><script async src=\"https:\/\/platform.twitter.com\/widgets.js\" charset=\"utf-8\"><\/script><\/p>\n<p>Para la provincia de\u00a0<strong>Chubut<\/strong>\u00a0rige alerta amarilla por\u00a0<strong>vientos del sector oeste con velocidades entre 50 y 70 kil\u00f3metros por hora, con r\u00e1fagas que pueden superar los 90 km\/h<\/strong>, para la zona de la meseta de Escalante, Sarmiento y sudoeste de Florentino Ameghino.<\/p>\n<p>La zona de cordillera de Iglesia,\u00a0<strong>en San Jua<\/strong>n se ver\u00e1 afectada por vientos del sector oeste con velocidades entre 50 y 70 kil\u00f3metros por hora, y r\u00e1fagas que pueden superar los 100 km\/h.<\/p>\n<p><strong>Las localidades tucumanas<\/strong>\u00a0de Burruyacu, Cruz Alta, Famaill\u00e1, Graneros, La Cocha, Leales, Simoca, Trancas, Yerba Buena, zonas bajas de Chicligasta, zonas bajas de Juan Bautista Alberdi, zonas bajas de Lules, zonas bajas de Monteros, zonas bajas de R\u00edo Chico, y zonas bajas de Taf\u00ed Viejo, estar\u00e1n afectadas por\u00a0<strong>fuertes lluvias con valores de precipitaci\u00f3n acumulada<\/strong>\u00a0entre 15 y 30 mililitros.<\/p>\n<figure class=\"mb-3\"><img decoding=\"async\" src=\"https:\/\/www.telam.com.ar\/thumbs\/bluesteel\/advf\/imagenes\/2022\/02\/62175ada47990_1200.jpg\" alt=\"El Servicio Meteorolgico Nacional SMN emiti avisos por lluvia viento y granizo\" width=\"100%\" height=\"100%\" \/><\/p>\n<div class=\"media-icons\"><\/div><figcaption>El Servicio Meteorol\u00f3gico Nacional (SMN) emiti\u00f3 avisos por lluvia, viento y granizo.<\/figcaption><\/figure>\n<p><strong>En la provincia de San Luis<\/strong>\u00a0rige el alerta por lluvias con valores de precipitaci\u00f3n acumulada entre 15 y 30 mil\u00edmetros, para las zonas de serrana de Ayacucho, zona serrana de Belgrano, zona serrana de Coronel Pringles, zona serrana de Juan Mart\u00edn de Pueyrred\u00f3n, zona serrana de Libertador, General San Mart\u00edn y Gobernador Dupuy.<\/p>\n<p><strong>Para la provincia de C\u00f3rdoba<\/strong>, rige alerta amarilla por lluvias y tormentas, las mismas estar\u00e1n acompa\u00f1adas de r\u00e1fagas, ocasional ca\u00edda de granizo, actividad el\u00e9ctrica y abundante ca\u00edda de agua en cortos per\u00edodos; para las \u00e1reas de zona baja de Col\u00f3n, zona baja de Totoral, General San Mart\u00edn, Marcos Ju\u00e1rez, Uni\u00f3n, Ju\u00e1rez Celman y zona baja de R\u00edo Cuarto.<\/p>\n<p>En tanto,\u00a0<strong>en La Rioja<\/strong>\u00a0la zona cordillerana de General Lamadrid y Vinchina\u00a0<strong>estar\u00e1 afectada por vientos del sector oeste con velocidades entre 50 y 70 kil\u00f3metros por hora<\/strong>, y r\u00e1fagas que pueden superar los 100 km\/h.<\/p>\n<blockquote class=\"twitter-tweet\" data-width=\"500\" data-dnt=\"true\">\n<p lang=\"es\" dir=\"ltr\">\u26c8\ufe0f\u26a0\ufe0fEsta ma\u00f1ana se desarrollan lluvias y tormentas de variada intensidad en sectores de C\u00f3rdoba, San Luis, Sgo del Estero y norte del Litoral.<\/p>\n<p>Desde hoy esperamos tormentas en varias provincias del centro y norte argentino, acompa\u00f1adas por r\u00e1fagas y granizo en forma local. <a href=\"https:\/\/t.co\/63MzI1FgjB\">pic.twitter.com\/63MzI1FgjB<\/a><\/p>\n<p>&mdash; SMN Argentina (@SMN_Argentina) <a href=\"https:\/\/twitter.com\/SMN_Argentina\/status\/1582709606584700928?ref_src=twsrc%5Etfw\">October 19, 2022<\/a><\/p><\/blockquote>\n<p><script async src=\"https:\/\/platform.twitter.com\/widgets.js\" charset=\"utf-8\"><\/script><\/p>\n<p>Y para las localidades riojanas de Arauco, Castro Barros, Sanagasta, General Juan Facundo, Quiroga, General San Mart\u00edn y Rosario Vera Pe\u00f1aloza presentar\u00e1n lluvias y algunas tormentas aisladas que podr\u00edan presentar fuerte intensidad.<\/p>\n<p><strong>La provincia de Catamarca<\/strong>\u00a0tendr\u00e1 vientos del sector oeste con velocidades entre 50 y 70 kil\u00f3metros por hora, y r\u00e1fagas que pueden superar los 100 km\/h, en la zona de cordillera de Antofagasta de la Sierra y Tinogasta.<\/p>\n<p>Para las zonas de Ambato, Ancasti, Capay\u00e1n, El Alto, Fray Mamerto Esqui\u00fa, La Paz, Pacl\u00edn, Santa Rosa, Valle Viejo y zona serrana de Pom\u00e1n ser\u00e1 afectada por lluvias y algunas tormentas aisladas que podr\u00edan presentar fuerte intensidad.<\/p>\n<p>Por \u00faltimo, el SMN pronostic\u00f3 que\u00a0<strong>Santiago del Estero<\/strong>\u00a0estar\u00e1 afectada por lluvias y tormentas, con precipitaciones que oscilar\u00e1n entre 15 y 40 mililitros para los departamentos de Atamisqui, Banda, Choya, Loreto, Ojo de Agua, Robles, San Mart\u00edn, Sil\u00edpica Aguirre, Avellaneda, Belgrano, General Taboada, Juan F. Ibarra, Mitre, Quebrachos, Rivadavia, Salavina y Sarmiento.<\/p>\n","protected":false},"excerpt":{"rendered":"<p>El Servicio Meteorol\u00f3gico Nacional emiti\u00f3 avisos de precauci\u00f3n para Misiones, Formosa, Santa Fe, Tucum\u00e1n, San Luis, Santiago del Estero, C\u00f3rdoba y vientos fuertes para Chubut y San Juan. En algunas se espera la ca\u00edda de granizo.<\/p>\n","protected":false},"author":3,"featured_media":0,"comment_status":"closed","ping_status":"closed","sticky":false,"template":"","format":"standard","meta":{"footnotes":""},"categories":[46],"tags":[],"class_list":["post-79114","post","type-post","status-publish","format-standard","hentry","category-ciencia-y-tecnologia"],"yoast_head":"<!-- This site is optimized with the Yoast SEO plugin v25.9 - https:\/\/yoast.com\/wordpress\/plugins\/seo\/ -->\n<title>Rigen alertas amarillas por lluvias y vientos fuertes en 11 provincias - Noticias Radio Reflejos<\/title>\n<meta name=\"robots\" content=\"index, follow, max-snippet:-1, max-image-preview:large, max-video-preview:-1\" \/>\n<link rel=\"canonical\" href=\"https:\/\/www.noticiasradioreflejos.com.ar\/2021\/rigen-alertas-amarillas-por-lluvias-y-vientos-fuertes-en-11-provincias\/\" \/>\n<meta property=\"og:locale\" content=\"es_ES\" \/>\n<meta property=\"og:type\" content=\"article\" \/>\n<meta property=\"og:title\" content=\"Rigen alertas amarillas por lluvias y vientos fuertes en 11 provincias - Noticias Radio Reflejos\" \/>\n<meta property=\"og:description\" content=\"El Servicio Meteorol\u00f3gico Nacional emiti\u00f3 avisos de precauci\u00f3n para Misiones, Formosa, Santa Fe, Tucum\u00e1n, San Luis, Santiago del Estero, C\u00f3rdoba y vientos fuertes para Chubut y San Juan. En algunas se espera la ca\u00edda de granizo.\" \/>\n<meta property=\"og:url\" content=\"https:\/\/www.noticiasradioreflejos.com.ar\/2021\/rigen-alertas-amarillas-por-lluvias-y-vientos-fuertes-en-11-provincias\/\" \/>\n<meta property=\"og:site_name\" content=\"Noticias Radio Reflejos\" \/>\n<meta property=\"article:published_time\" content=\"2022-10-19T17:04:32+00:00\" \/>\n<meta property=\"og:image\" content=\"https:\/\/www.telam.com.ar\/thumbs\/bluesteel\/advf\/imagenes\/2022\/02\/62175ada3d64e_1200.jpg\" \/>\n<meta name=\"author\" content=\"Arnaldo Botto\" \/>\n<meta name=\"twitter:card\" content=\"summary_large_image\" \/>\n<script type=\"application\/ld+json\" class=\"yoast-schema-graph\">{\"@context\":\"https:\/\/schema.org\",\"@graph\":[{\"@type\":\"WebPage\",\"@id\":\"https:\/\/www.noticiasradioreflejos.com.ar\/2021\/rigen-alertas-amarillas-por-lluvias-y-vientos-fuertes-en-11-provincias\/\",\"url\":\"https:\/\/www.noticiasradioreflejos.com.ar\/2021\/rigen-alertas-amarillas-por-lluvias-y-vientos-fuertes-en-11-provincias\/\",\"name\":\"Rigen alertas amarillas por lluvias y vientos fuertes en 11 provincias - Noticias Radio Reflejos\",\"isPartOf\":{\"@id\":\"https:\/\/www.noticiasradioreflejos.com.ar\/2021\/#website\"},\"primaryImageOfPage\":{\"@id\":\"https:\/\/www.noticiasradioreflejos.com.ar\/2021\/rigen-alertas-amarillas-por-lluvias-y-vientos-fuertes-en-11-provincias\/#primaryimage\"},\"image\":{\"@id\":\"https:\/\/www.noticiasradioreflejos.com.ar\/2021\/rigen-alertas-amarillas-por-lluvias-y-vientos-fuertes-en-11-provincias\/#primaryimage\"},\"thumbnailUrl\":\"https:\/\/www.telam.com.ar\/thumbs\/bluesteel\/advf\/imagenes\/2022\/02\/62175ada3d64e_1200.jpg\",\"datePublished\":\"2022-10-19T17:04:32+00:00\",\"author\":{\"@id\":\"https:\/\/www.noticiasradioreflejos.com.ar\/2021\/#\/schema\/person\/ad82545263dcc5ec0996818884fd5fb1\"},\"breadcrumb\":{\"@id\":\"https:\/\/www.noticiasradioreflejos.com.ar\/2021\/rigen-alertas-amarillas-por-lluvias-y-vientos-fuertes-en-11-provincias\/#breadcrumb\"},\"inLanguage\":\"es\",\"potentialAction\":[{\"@type\":\"ReadAction\",\"target\":[\"https:\/\/www.noticiasradioreflejos.com.ar\/2021\/rigen-alertas-amarillas-por-lluvias-y-vientos-fuertes-en-11-provincias\/\"]}]},{\"@type\":\"ImageObject\",\"inLanguage\":\"es\",\"@id\":\"https:\/\/www.noticiasradioreflejos.com.ar\/2021\/rigen-alertas-amarillas-por-lluvias-y-vientos-fuertes-en-11-provincias\/#primaryimage\",\"url\":\"https:\/\/www.telam.com.ar\/thumbs\/bluesteel\/advf\/imagenes\/2022\/02\/62175ada3d64e_1200.jpg\",\"contentUrl\":\"https:\/\/www.telam.com.ar\/thumbs\/bluesteel\/advf\/imagenes\/2022\/02\/62175ada3d64e_1200.jpg\"},{\"@type\":\"BreadcrumbList\",\"@id\":\"https:\/\/www.noticiasradioreflejos.com.ar\/2021\/rigen-alertas-amarillas-por-lluvias-y-vientos-fuertes-en-11-provincias\/#breadcrumb\",\"itemListElement\":[{\"@type\":\"ListItem\",\"position\":1,\"name\":\"Portada\",\"item\":\"https:\/\/www.noticiasradioreflejos.com.ar\/2021\/\"},{\"@type\":\"ListItem\",\"position\":2,\"name\":\"Rigen alertas amarillas por lluvias y vientos fuertes en 11 provincias\"}]},{\"@type\":\"WebSite\",\"@id\":\"https:\/\/www.noticiasradioreflejos.com.ar\/2021\/#website\",\"url\":\"https:\/\/www.noticiasradioreflejos.com.ar\/2021\/\",\"name\":\"Noticias Radio Reflejos\",\"description\":\"Las noticias de mi comarca\",\"potentialAction\":[{\"@type\":\"SearchAction\",\"target\":{\"@type\":\"EntryPoint\",\"urlTemplate\":\"https:\/\/www.noticiasradioreflejos.com.ar\/2021\/?s={search_term_string}\"},\"query-input\":{\"@type\":\"PropertyValueSpecification\",\"valueRequired\":true,\"valueName\":\"search_term_string\"}}],\"inLanguage\":\"es\"},{\"@type\":\"Person\",\"@id\":\"https:\/\/www.noticiasradioreflejos.com.ar\/2021\/#\/schema\/person\/ad82545263dcc5ec0996818884fd5fb1\",\"name\":\"Arnaldo Botto\",\"image\":{\"@type\":\"ImageObject\",\"inLanguage\":\"es\",\"@id\":\"https:\/\/www.noticiasradioreflejos.com.ar\/2021\/#\/schema\/person\/image\/\",\"url\":\"https:\/\/secure.gravatar.com\/avatar\/55cb5e37c1efa326397366e6974cb338056df65cb50e7d64d1cf314e87504837?s=96&d=mm&r=g\",\"contentUrl\":\"https:\/\/secure.gravatar.com\/avatar\/55cb5e37c1efa326397366e6974cb338056df65cb50e7d64d1cf314e87504837?s=96&d=mm&r=g\",\"caption\":\"Arnaldo Botto\"},\"url\":\"https:\/\/www.noticiasradioreflejos.com.ar\/2021\/author\/arnaldo\/\"}]}<\/script>\n<!-- \/ Yoast SEO plugin. -->","yoast_head_json":{"title":"Rigen alertas amarillas por lluvias y vientos fuertes en 11 provincias - Noticias Radio Reflejos","robots":{"index":"index","follow":"follow","max-snippet":"max-snippet:-1","max-image-preview":"max-image-preview:large","max-video-preview":"max-video-preview:-1"},"canonical":"https:\/\/www.noticiasradioreflejos.com.ar\/2021\/rigen-alertas-amarillas-por-lluvias-y-vientos-fuertes-en-11-provincias\/","og_locale":"es_ES","og_type":"article","og_title":"Rigen alertas amarillas por lluvias y vientos fuertes en 11 provincias - Noticias Radio Reflejos","og_description":"El Servicio Meteorol\u00f3gico Nacional emiti\u00f3 avisos de precauci\u00f3n para Misiones, Formosa, Santa Fe, Tucum\u00e1n, San Luis, Santiago del Estero, C\u00f3rdoba y vientos fuertes para Chubut y San Juan. En algunas se espera la ca\u00edda de granizo.","og_url":"https:\/\/www.noticiasradioreflejos.com.ar\/2021\/rigen-alertas-amarillas-por-lluvias-y-vientos-fuertes-en-11-provincias\/","og_site_name":"Noticias Radio Reflejos","article_published_time":"2022-10-19T17:04:32+00:00","og_image":[{"url":"https:\/\/www.telam.com.ar\/thumbs\/bluesteel\/advf\/imagenes\/2022\/02\/62175ada3d64e_1200.jpg","type":"","width":"","height":""}],"author":"Arnaldo Botto","twitter_card":"summary_large_image","schema":{"@context":"https:\/\/schema.org","@graph":[{"@type":"WebPage","@id":"https:\/\/www.noticiasradioreflejos.com.ar\/2021\/rigen-alertas-amarillas-por-lluvias-y-vientos-fuertes-en-11-provincias\/","url":"https:\/\/www.noticiasradioreflejos.com.ar\/2021\/rigen-alertas-amarillas-por-lluvias-y-vientos-fuertes-en-11-provincias\/","name":"Rigen alertas amarillas por lluvias y vientos fuertes en 11 provincias - Noticias Radio Reflejos","isPartOf":{"@id":"https:\/\/www.noticiasradioreflejos.com.ar\/2021\/#website"},"primaryImageOfPage":{"@id":"https:\/\/www.noticiasradioreflejos.com.ar\/2021\/rigen-alertas-amarillas-por-lluvias-y-vientos-fuertes-en-11-provincias\/#primaryimage"},"image":{"@id":"https:\/\/www.noticiasradioreflejos.com.ar\/2021\/rigen-alertas-amarillas-por-lluvias-y-vientos-fuertes-en-11-provincias\/#primaryimage"},"thumbnailUrl":"https:\/\/www.telam.com.ar\/thumbs\/bluesteel\/advf\/imagenes\/2022\/02\/62175ada3d64e_1200.jpg","datePublished":"2022-10-19T17:04:32+00:00","author":{"@id":"https:\/\/www.noticiasradioreflejos.com.ar\/2021\/#\/schema\/person\/ad82545263dcc5ec0996818884fd5fb1"},"breadcrumb":{"@id":"https:\/\/www.noticiasradioreflejos.com.ar\/2021\/rigen-alertas-amarillas-por-lluvias-y-vientos-fuertes-en-11-provincias\/#breadcrumb"},"inLanguage":"es","potentialAction":[{"@type":"ReadAction","target":["https:\/\/www.noticiasradioreflejos.com.ar\/2021\/rigen-alertas-amarillas-por-lluvias-y-vientos-fuertes-en-11-provincias\/"]}]},{"@type":"ImageObject","inLanguage":"es","@id":"https:\/\/www.noticiasradioreflejos.com.ar\/2021\/rigen-alertas-amarillas-por-lluvias-y-vientos-fuertes-en-11-provincias\/#primaryimage","url":"https:\/\/www.telam.com.ar\/thumbs\/bluesteel\/advf\/imagenes\/2022\/02\/62175ada3d64e_1200.jpg","contentUrl":"https:\/\/www.telam.com.ar\/thumbs\/bluesteel\/advf\/imagenes\/2022\/02\/62175ada3d64e_1200.jpg"},{"@type":"BreadcrumbList","@id":"https:\/\/www.noticiasradioreflejos.com.ar\/2021\/rigen-alertas-amarillas-por-lluvias-y-vientos-fuertes-en-11-provincias\/#breadcrumb","itemListElement":[{"@type":"ListItem","position":1,"name":"Portada","item":"https:\/\/www.noticiasradioreflejos.com.ar\/2021\/"},{"@type":"ListItem","position":2,"name":"Rigen alertas amarillas por lluvias y vientos fuertes en 11 provincias"}]},{"@type":"WebSite","@id":"https:\/\/www.noticiasradioreflejos.com.ar\/2021\/#website","url":"https:\/\/www.noticiasradioreflejos.com.ar\/2021\/","name":"Noticias Radio Reflejos","description":"Las noticias de mi comarca","potentialAction":[{"@type":"SearchAction","target":{"@type":"EntryPoint","urlTemplate":"https:\/\/www.noticiasradioreflejos.com.ar\/2021\/?s={search_term_string}"},"query-input":{"@type":"PropertyValueSpecification","valueRequired":true,"valueName":"search_term_string"}}],"inLanguage":"es"},{"@type":"Person","@id":"https:\/\/www.noticiasradioreflejos.com.ar\/2021\/#\/schema\/person\/ad82545263dcc5ec0996818884fd5fb1","name":"Arnaldo Botto","image":{"@type":"ImageObject","inLanguage":"es","@id":"https:\/\/www.noticiasradioreflejos.com.ar\/2021\/#\/schema\/person\/image\/","url":"https:\/\/secure.gravatar.com\/avatar\/55cb5e37c1efa326397366e6974cb338056df65cb50e7d64d1cf314e87504837?s=96&d=mm&r=g","contentUrl":"https:\/\/secure.gravatar.com\/avatar\/55cb5e37c1efa326397366e6974cb338056df65cb50e7d64d1cf314e87504837?s=96&d=mm&r=g","caption":"Arnaldo Botto"},"url":"https:\/\/www.noticiasradioreflejos.com.ar\/2021\/author\/arnaldo\/"}]}},"_links":{"self":[{"href":"https:\/\/www.noticiasradioreflejos.com.ar\/2021\/wp-json\/wp\/v2\/posts\/79114","targetHints":{"allow":["GET"]}}],"collection":[{"href":"https:\/\/www.noticiasradioreflejos.com.ar\/2021\/wp-json\/wp\/v2\/posts"}],"about":[{"href":"https:\/\/www.noticiasradioreflejos.com.ar\/2021\/wp-json\/wp\/v2\/types\/post"}],"author":[{"embeddable":true,"href":"https:\/\/www.noticiasradioreflejos.com.ar\/2021\/wp-json\/wp\/v2\/users\/3"}],"replies":[{"embeddable":true,"href":"https:\/\/www.noticiasradioreflejos.com.ar\/2021\/wp-json\/wp\/v2\/comments?post=79114"}],"version-history":[{"count":1,"href":"https:\/\/www.noticiasradioreflejos.com.ar\/2021\/wp-json\/wp\/v2\/posts\/79114\/revisions"}],"predecessor-version":[{"id":79115,"href":"https:\/\/www.noticiasradioreflejos.com.ar\/2021\/wp-json\/wp\/v2\/posts\/79114\/revisions\/79115"}],"wp:attachment":[{"href":"https:\/\/www.noticiasradioreflejos.com.ar\/2021\/wp-json\/wp\/v2\/media?parent=79114"}],"wp:term":[{"taxonomy":"category","embeddable":true,"href":"https:\/\/www.noticiasradioreflejos.com.ar\/2021\/wp-json\/wp\/v2\/categories?post=79114"},{"taxonomy":"post_tag","embeddable":true,"href":"https:\/\/www.noticiasradioreflejos.com.ar\/2021\/wp-json\/wp\/v2\/tags?post=79114"}],"curies":[{"name":"wp","href":"https:\/\/api.w.org\/{rel}","templated":true}]}}