{"id":79111,"date":"2022-10-19T17:01:25","date_gmt":"2022-10-19T17:01:25","guid":{"rendered":"http:\/\/www.noticiasradioreflejos.com.ar\/2021\/?p=79111"},"modified":"2022-10-19T17:01:25","modified_gmt":"2022-10-19T17:01:25","slug":"descubrieron-el-registro-de-una-ocupacion-cazadora-recolectora-de-hace-5-400-anos","status":"publish","type":"post","link":"https:\/\/www.noticiasradioreflejos.com.ar\/2021\/descubrieron-el-registro-de-una-ocupacion-cazadora-recolectora-de-hace-5-400-anos\/","title":{"rendered":"Descubrieron el registro de una ocupaci\u00f3n cazadora-recolectora de hace 5.400 a\u00f1os"},"content":{"rendered":"<p>Investigadores del Conicet encontraron en el valle de Yocavil el sitio arqueol\u00f3gico\u00a0\u00abCueva Abra del Toro\u00bb que muestra c\u00f3mo un grupo de cazadores-recolectores tuvo que desplazarse luego de la erupci\u00f3n volc\u00e1nica documentada m\u00e1s grande del mundo de los \u00faltimos cinco mil a\u00f1os.<!--more--><\/p>\n<figure class=\"mb-3\"><img decoding=\"async\" src=\"https:\/\/www.telam.com.ar\/thumbs\/bluesteel\/advf\/imagenes\/2022\/10\/634ff974e0e18_1200.jpg\" alt=\"Foto Juan Pablo Carbonelli\" width=\"100%\" height=\"100%\" \/><\/p>\n<div class=\"media-icons\"><\/div><figcaption>Foto: Juan Pablo Carbonelli.<\/figcaption><\/figure>\n<p>Investigadores del Conicet encontraron en el valle de Yocavil, en Catamarca, un sitio arqueol\u00f3gico sin precedentes que data de 5.400 a\u00f1os atr\u00e1s y muestra c\u00f3mo un grupo de cazadores-recolectores tuvo que desplazarse luego de la erupci\u00f3n volc\u00e1nica documentada m\u00e1s grande del mundo de los \u00faltimos cinco mil a\u00f1os, un hallazgo que puede \u00abdar pistas\u00bb para predecir el impacto de cat\u00e1strofes en la actualidad, dijeron a T\u00e9lam los autores del estudio.<\/p>\n<p>El sitio arqueol\u00f3gico se llama<strong>\u00a0\u00abCueva Abra del Toro\u00bb\u00a0<\/strong>y se sit\u00faa a unos 170 kil\u00f3metros de San Fernando del Valle de Catamarca y a m\u00e1s de tres mil metros sobre el nivel del mar en un lugar al que solo se puede acceder tras ocho horas de caminata desde un caser\u00edo en la ruta.<\/p>\n<p>\u00abEste es uno de los registros de ocupaci\u00f3n de cazadores-recolectores m\u00e1s antiguos de las zonas bajas del NOA (noroeste argentino)\u00bb, explic\u00f3 a T\u00e9lam Juan Pablo Carbonelli, primer autor del estudio publicado en el \u00faltimo n\u00famero de la prestigiosa revista Journal of Archaeological Science: Reports.<\/p>\n<p>El arque\u00f3logo e investigador del Conicet en el Instituto de las Culturas (Idecu) remarc\u00f3 que\u00a0<strong>\u00abesta es la primera vez que encontramos en el valle de Yocavil un registro de cazadores recolectores, pero adentro de una cueva y con estratigraf\u00eda, como metido adentro de la tierra\u00bb<\/strong>.<\/p>\n<figure class=\"mb-3\"><img decoding=\"async\" src=\"https:\/\/www.telam.com.ar\/thumbs\/bluesteel\/advf\/imagenes\/2022\/10\/634ff974ee1ae_1200.jpg\" alt=\"Por primera vez se encuentran en un sitio arqueolgico del NOA registros de esta erupcin intercalada con ocupaciones Foto Juan Pablo Carbonelli\" width=\"100%\" height=\"100%\" \/><\/p>\n<div class=\"media-icons\"><\/div><figcaption>Por primera vez se encuentran en un sitio arqueol\u00f3gico del NOA registros de esta erupci\u00f3n intercalada con ocupaciones \/ Foto: Juan Pablo Carbonelli.<\/figcaption><\/figure>\n<p>Seg\u00fan revel\u00f3 el estudio, ese grupo humano debi\u00f3 migrar tras la erupci\u00f3n del Complejo Volc\u00e1nico Cerro Blanco, la m\u00e1s grande de los \u00faltimos cinco mil a\u00f1os en la Zona Volc\u00e1nica Central de los Andes, aunque despu\u00e9s el lugar fue habitado nuevamente.<\/p>\n<p>\u00abLa particularidad de este hallazgo es que nos muestra la interacci\u00f3n entre un evento catastr\u00f3fico como la erupci\u00f3n y las ocupaciones humanas porque la gente se tuvo que ir y volvi\u00f3 a ese lugar\u00bb, precis\u00f3 Carbonelli.<\/p>\n<p>Dentro de la Cueva Abra del Toro el dep\u00f3sito de ceniza alcanz\u00f3 80 cent\u00edmetros de altura y en zonas aleda\u00f1as unos dos metros, siendo el viento \u00abel principal agente que deposit\u00f3 la ceniza adentro del abrigo rocoso\u00bb, detall\u00f3 el investigador.<\/p>\n<p>Para comprender la relevancia del descubrimiento, remarc\u00f3 que \u00abpor primera vez se encuentran en un sitio arqueol\u00f3gico del NOA registros de esta erupci\u00f3n intercalada con ocupaciones\u00bb.<\/p>\n<blockquote class=\"\"><p>\u00abLa particularidad de este hallazgo es que nos muestra la interacci\u00f3n entre un evento catastr\u00f3fico como la erupci\u00f3n y las ocupaciones humanas porque la gente se tuvo que ir y volvi\u00f3 a ese lugar\u00bb<cite class=\"author\">Juan Pablo Carbonelli<\/cite><\/p><\/blockquote>\n<p>Si bien todav\u00eda no lograron precisar cu\u00e1nto tiempo el sitio estuvo deshabitado tras la erupci\u00f3n, el investigador estim\u00f3 que tuvieron que pasar \u00abcentenares de a\u00f1os\u00bb y afirm\u00f3 que<strong>\u00a0la cueva \u00abdebi\u00f3 quedar en la memoria social colectiva como un lugar donde retornar\u00bb.<\/strong><\/p>\n<p>De la etapa previa a la erupci\u00f3n volc\u00e1nica, el equipo identific\u00f3 en las excavaciones de la Cueva Abra del Toro herramientas de piedra, una punta de proyectil y restos de huesos de cam\u00e9lidos que fueron parte de su dieta.<\/p>\n<p>\u00abEn las ocupaciones m\u00e1s antiguas, en las que est\u00e1n a un metro ochenta de profundidad, encontramos una punta de lanza y el dise\u00f1o de esa punta es muy parecido a lo que ya sab\u00edamos de ocupaciones cazadoras-recolectoras de la puna catamarque\u00f1a o salte\u00f1a\u00bb.<\/p>\n<figure class=\"mb-3\"><img decoding=\"async\" src=\"https:\/\/www.telam.com.ar\/thumbs\/bluesteel\/advf\/imagenes\/2022\/10\/634ff974d350a_1200.jpg\" alt=\"El equipo identific en las excavaciones de la Cueva Abra del Toro herramientas de piedra una punta de proyectil y restos de huesos de camlidos Foto Juan Pablo Carbonelli\" width=\"100%\" height=\"100%\" \/><\/p>\n<div class=\"media-icons\"><\/div><figcaption>El equipo identific\u00f3 en las excavaciones de la Cueva Abra del Toro herramientas de piedra, una punta de proyectil y restos de huesos de cam\u00e9lidos \/ Foto: Juan Pablo Carbonelli.<\/figcaption><\/figure>\n<p>A partir de la punta de lanza, los investigadores pueden reconstruir las formas de caza de esas poblaciones prehist\u00f3ricas, que requer\u00edan de una gran coordinaci\u00f3n grupal y una mayor cercan\u00eda con los animales, a diferencia de lo que ser\u00eda posteriormente la t\u00e9cnica de tiro con arco y flecha.<\/p>\n<p>Por otro lado, al observar los restos de huesos de cam\u00e9lidos bajo un microscopio, se pudo determinar que ten\u00edan \u00abmarcas de corte\u00bb de las herramientas de piedras que utilizaban estos humanos para comer los animales.<\/p>\n<p>Del per\u00edodo posterior a la cat\u00e1strofe natural, Carbonelli y Carlos Belotti L\u00f3pez de Medina, tambi\u00e9n autor del estudio e investigador del Conicet,\u00a0<strong>descubrieron grandes rocas de las que se extra\u00edan trozos m\u00e1s peque\u00f1os para confeccionar manos de moler y otros instrumentos.<\/strong><\/p>\n<p>\u00abLas \u00faltimas ocupaciones de la cueva corresponden a una etapa\u00a0<strong>agro-alfarera<\/strong>\u00a0posterior. Son m\u00e1s ricas en cuanto a su materialidad y tecnolog\u00eda. Por ejemplo, manejaban la cer\u00e1mica\u00bb, puntualiz\u00f3 Carbonelli.<\/p>\n<p>Sobre los v\u00ednculos que se pueden trazar hacia el presente, Carbonelli sostuvo que \u00ablo bueno que tiene esta investigaci\u00f3n es que a\u00fan hoy en d\u00eda podemos ver la interacci\u00f3n entre personas y erupciones volc\u00e1nicas\u00bb y dio como ejemplo la erupci\u00f3n del volc\u00e1n Cumbre Vieja en la isla espa\u00f1ola de La Palma en 2021.<\/p>\n<p>\u00abLa arqueolog\u00eda nos puede dar pistas de cu\u00e1nto tiempo tarda un paisaje en recuperarse, de qu\u00e9 forma se recupera, si hay nuevas especies con las cuales el hombre empieza a interactuar despu\u00e9s de la erupci\u00f3n, y si cambia algo de la tecnolog\u00eda cuando la gente vuelve\u00bb, asegur\u00f3.<\/p>\n<p>En este sentido, describi\u00f3 que cuando \u00abte top\u00e1s con un evento catastr\u00f3fico de este tama\u00f1o, no pod\u00e9s darle respuesta y eso mide el grado de resiliencia de las poblaciones\u00bb.<\/p>\n<figure class=\"mb-3\"><img decoding=\"async\" src=\"https:\/\/www.telam.com.ar\/thumbs\/bluesteel\/advf\/imagenes\/2022\/10\/634ff99a4fca1_1200.jpg\" alt=\"Foto Marcelo Lamami\" width=\"100%\" height=\"100%\" \/><\/p>\n<div class=\"media-icons\"><\/div><figcaption>Foto: Marcelo Lamami.<\/figcaption><\/figure>\n<p>Sobre los hallazgos del estudio en la \u00abCueva Abra del Toro\u00bb, el investigador indic\u00f3 que uno de los aprendizajes m\u00e1s importantes es que \u00abse puede volver a ocupar estos espacios\u00bb y plante\u00f3 que es importante analizar si \u00ablos cambios de la naturaleza producen respuestas culturales innovadoras\u00bb.<\/p>\n<p>La investigaci\u00f3n es el resultado de\u00a0<strong>excavaciones que comenzaron en 2014\u00a0<\/strong>luego de que un gu\u00eda de turismo divis\u00f3 la cueva.<\/p>\n<p>\u00abAl d\u00eda siguiente comenzamos a excavar\u00bb, relat\u00f3 Carbonelli y precis\u00f3 que en el trabajo de campo tambi\u00e9n participaron estudiantes de la Universidad Nacional de Catamarca y de la Universidad de Buenos Aires.<\/p>\n<p>No obstante, el arque\u00f3logo aclar\u00f3 que \u00abla investigaci\u00f3n contin\u00faa y todav\u00eda hay muchas preguntas por responder\u00bb.<\/p>\n<figure class=\"mb-3\"><img decoding=\"async\" src=\"https:\/\/www.telam.com.ar\/thumbs\/bluesteel\/advf\/imagenes\/2022\/10\/634ff975061ba_1200.jpg\" alt=\"Foto Juan Pablo Carbonelli\" width=\"100%\" height=\"100%\" \/><\/p>\n<div class=\"media-icons\"><\/div><figcaption>Foto: Juan Pablo Carbonelli.<\/figcaption><\/figure>\n<p>A diferencia de otras regiones de Argentina,\u00a0<strong>hay escasez de informaci\u00f3n sobre la vida de los cazadores-recolectores en los Andes centrales durante el Holoceno Medio\u00a0<\/strong>(entre 8.000 y 4.000 a\u00f1os atr\u00e1s).<\/p>\n<p>\u00abNuestra idea es seguir excavando otros tipos de sitios que tengan este registro con las erupciones y encontrar si se repite este patr\u00f3n de abandono y de ocupaci\u00f3n al nivel micro o macro regional\u00bb, a\u00f1adi\u00f3.<\/p>\n<p>Y concluy\u00f3: \u00abnuestro trabajo permite ir armando el rompecabezas de las ocupaciones tempranas de los valles de esta regi\u00f3n\u00bb.<\/p>\n<p>El art\u00edculo se public\u00f3 con el nombre \u00abThe Abra del Toro rock shelter, northwestern Argentina, a space occupied by hunter-gatherers that was hit by the large 4.2 ka Cerro Blanco eruption\u00bb.<\/p>\n","protected":false},"excerpt":{"rendered":"<p>Investigadores del Conicet encontraron en el valle de Yocavil el sitio arqueol\u00f3gico\u00a0\u00abCueva Abra del Toro\u00bb que muestra c\u00f3mo un grupo de cazadores-recolectores tuvo que desplazarse luego de la erupci\u00f3n volc\u00e1nica documentada m\u00e1s grande del mundo de los \u00faltimos cinco mil a\u00f1os.<\/p>\n","protected":false},"author":3,"featured_media":0,"comment_status":"closed","ping_status":"closed","sticky":false,"template":"","format":"standard","meta":{"footnotes":""},"categories":[46],"tags":[],"class_list":["post-79111","post","type-post","status-publish","format-standard","hentry","category-ciencia-y-tecnologia"],"yoast_head":"<!-- This site is optimized with the Yoast SEO plugin v25.9 - https:\/\/yoast.com\/wordpress\/plugins\/seo\/ -->\n<title>Descubrieron el registro de una ocupaci\u00f3n cazadora-recolectora de hace 5.400 a\u00f1os - Noticias Radio Reflejos<\/title>\n<meta name=\"robots\" content=\"index, follow, max-snippet:-1, max-image-preview:large, max-video-preview:-1\" \/>\n<link rel=\"canonical\" href=\"https:\/\/www.noticiasradioreflejos.com.ar\/2021\/descubrieron-el-registro-de-una-ocupacion-cazadora-recolectora-de-hace-5-400-anos\/\" \/>\n<meta property=\"og:locale\" content=\"es_ES\" \/>\n<meta property=\"og:type\" content=\"article\" \/>\n<meta property=\"og:title\" content=\"Descubrieron el registro de una ocupaci\u00f3n cazadora-recolectora de hace 5.400 a\u00f1os - Noticias Radio Reflejos\" \/>\n<meta property=\"og:description\" content=\"Investigadores del Conicet encontraron en el valle de Yocavil el sitio arqueol\u00f3gico\u00a0\u00abCueva Abra del Toro\u00bb que muestra c\u00f3mo un grupo de cazadores-recolectores tuvo que desplazarse luego de la erupci\u00f3n volc\u00e1nica documentada m\u00e1s grande del mundo de los \u00faltimos cinco mil a\u00f1os.\" \/>\n<meta property=\"og:url\" content=\"https:\/\/www.noticiasradioreflejos.com.ar\/2021\/descubrieron-el-registro-de-una-ocupacion-cazadora-recolectora-de-hace-5-400-anos\/\" \/>\n<meta property=\"og:site_name\" content=\"Noticias Radio Reflejos\" \/>\n<meta property=\"article:published_time\" content=\"2022-10-19T17:01:25+00:00\" \/>\n<meta property=\"og:image\" content=\"https:\/\/www.telam.com.ar\/thumbs\/bluesteel\/advf\/imagenes\/2022\/10\/634ff974e0e18_1200.jpg\" \/>\n<meta name=\"author\" content=\"Arnaldo Botto\" \/>\n<meta name=\"twitter:card\" content=\"summary_large_image\" \/>\n<script type=\"application\/ld+json\" class=\"yoast-schema-graph\">{\"@context\":\"https:\/\/schema.org\",\"@graph\":[{\"@type\":\"WebPage\",\"@id\":\"https:\/\/www.noticiasradioreflejos.com.ar\/2021\/descubrieron-el-registro-de-una-ocupacion-cazadora-recolectora-de-hace-5-400-anos\/\",\"url\":\"https:\/\/www.noticiasradioreflejos.com.ar\/2021\/descubrieron-el-registro-de-una-ocupacion-cazadora-recolectora-de-hace-5-400-anos\/\",\"name\":\"Descubrieron el registro de una ocupaci\u00f3n cazadora-recolectora de hace 5.400 a\u00f1os - Noticias Radio Reflejos\",\"isPartOf\":{\"@id\":\"https:\/\/www.noticiasradioreflejos.com.ar\/2021\/#website\"},\"primaryImageOfPage\":{\"@id\":\"https:\/\/www.noticiasradioreflejos.com.ar\/2021\/descubrieron-el-registro-de-una-ocupacion-cazadora-recolectora-de-hace-5-400-anos\/#primaryimage\"},\"image\":{\"@id\":\"https:\/\/www.noticiasradioreflejos.com.ar\/2021\/descubrieron-el-registro-de-una-ocupacion-cazadora-recolectora-de-hace-5-400-anos\/#primaryimage\"},\"thumbnailUrl\":\"https:\/\/www.telam.com.ar\/thumbs\/bluesteel\/advf\/imagenes\/2022\/10\/634ff974e0e18_1200.jpg\",\"datePublished\":\"2022-10-19T17:01:25+00:00\",\"author\":{\"@id\":\"https:\/\/www.noticiasradioreflejos.com.ar\/2021\/#\/schema\/person\/ad82545263dcc5ec0996818884fd5fb1\"},\"breadcrumb\":{\"@id\":\"https:\/\/www.noticiasradioreflejos.com.ar\/2021\/descubrieron-el-registro-de-una-ocupacion-cazadora-recolectora-de-hace-5-400-anos\/#breadcrumb\"},\"inLanguage\":\"es\",\"potentialAction\":[{\"@type\":\"ReadAction\",\"target\":[\"https:\/\/www.noticiasradioreflejos.com.ar\/2021\/descubrieron-el-registro-de-una-ocupacion-cazadora-recolectora-de-hace-5-400-anos\/\"]}]},{\"@type\":\"ImageObject\",\"inLanguage\":\"es\",\"@id\":\"https:\/\/www.noticiasradioreflejos.com.ar\/2021\/descubrieron-el-registro-de-una-ocupacion-cazadora-recolectora-de-hace-5-400-anos\/#primaryimage\",\"url\":\"https:\/\/www.telam.com.ar\/thumbs\/bluesteel\/advf\/imagenes\/2022\/10\/634ff974e0e18_1200.jpg\",\"contentUrl\":\"https:\/\/www.telam.com.ar\/thumbs\/bluesteel\/advf\/imagenes\/2022\/10\/634ff974e0e18_1200.jpg\"},{\"@type\":\"BreadcrumbList\",\"@id\":\"https:\/\/www.noticiasradioreflejos.com.ar\/2021\/descubrieron-el-registro-de-una-ocupacion-cazadora-recolectora-de-hace-5-400-anos\/#breadcrumb\",\"itemListElement\":[{\"@type\":\"ListItem\",\"position\":1,\"name\":\"Portada\",\"item\":\"https:\/\/www.noticiasradioreflejos.com.ar\/2021\/\"},{\"@type\":\"ListItem\",\"position\":2,\"name\":\"Descubrieron el registro de una ocupaci\u00f3n cazadora-recolectora de hace 5.400 a\u00f1os\"}]},{\"@type\":\"WebSite\",\"@id\":\"https:\/\/www.noticiasradioreflejos.com.ar\/2021\/#website\",\"url\":\"https:\/\/www.noticiasradioreflejos.com.ar\/2021\/\",\"name\":\"Noticias Radio Reflejos\",\"description\":\"Las noticias de mi comarca\",\"potentialAction\":[{\"@type\":\"SearchAction\",\"target\":{\"@type\":\"EntryPoint\",\"urlTemplate\":\"https:\/\/www.noticiasradioreflejos.com.ar\/2021\/?s={search_term_string}\"},\"query-input\":{\"@type\":\"PropertyValueSpecification\",\"valueRequired\":true,\"valueName\":\"search_term_string\"}}],\"inLanguage\":\"es\"},{\"@type\":\"Person\",\"@id\":\"https:\/\/www.noticiasradioreflejos.com.ar\/2021\/#\/schema\/person\/ad82545263dcc5ec0996818884fd5fb1\",\"name\":\"Arnaldo Botto\",\"image\":{\"@type\":\"ImageObject\",\"inLanguage\":\"es\",\"@id\":\"https:\/\/www.noticiasradioreflejos.com.ar\/2021\/#\/schema\/person\/image\/\",\"url\":\"https:\/\/secure.gravatar.com\/avatar\/55cb5e37c1efa326397366e6974cb338056df65cb50e7d64d1cf314e87504837?s=96&d=mm&r=g\",\"contentUrl\":\"https:\/\/secure.gravatar.com\/avatar\/55cb5e37c1efa326397366e6974cb338056df65cb50e7d64d1cf314e87504837?s=96&d=mm&r=g\",\"caption\":\"Arnaldo Botto\"},\"url\":\"https:\/\/www.noticiasradioreflejos.com.ar\/2021\/author\/arnaldo\/\"}]}<\/script>\n<!-- \/ Yoast SEO plugin. -->","yoast_head_json":{"title":"Descubrieron el registro de una ocupaci\u00f3n cazadora-recolectora de hace 5.400 a\u00f1os - Noticias Radio Reflejos","robots":{"index":"index","follow":"follow","max-snippet":"max-snippet:-1","max-image-preview":"max-image-preview:large","max-video-preview":"max-video-preview:-1"},"canonical":"https:\/\/www.noticiasradioreflejos.com.ar\/2021\/descubrieron-el-registro-de-una-ocupacion-cazadora-recolectora-de-hace-5-400-anos\/","og_locale":"es_ES","og_type":"article","og_title":"Descubrieron el registro de una ocupaci\u00f3n cazadora-recolectora de hace 5.400 a\u00f1os - Noticias Radio Reflejos","og_description":"Investigadores del Conicet encontraron en el valle de Yocavil el sitio arqueol\u00f3gico\u00a0\u00abCueva Abra del Toro\u00bb que muestra c\u00f3mo un grupo de cazadores-recolectores tuvo que desplazarse luego de la erupci\u00f3n volc\u00e1nica documentada m\u00e1s grande del mundo de los \u00faltimos cinco mil a\u00f1os.","og_url":"https:\/\/www.noticiasradioreflejos.com.ar\/2021\/descubrieron-el-registro-de-una-ocupacion-cazadora-recolectora-de-hace-5-400-anos\/","og_site_name":"Noticias Radio Reflejos","article_published_time":"2022-10-19T17:01:25+00:00","og_image":[{"url":"https:\/\/www.telam.com.ar\/thumbs\/bluesteel\/advf\/imagenes\/2022\/10\/634ff974e0e18_1200.jpg","type":"","width":"","height":""}],"author":"Arnaldo Botto","twitter_card":"summary_large_image","schema":{"@context":"https:\/\/schema.org","@graph":[{"@type":"WebPage","@id":"https:\/\/www.noticiasradioreflejos.com.ar\/2021\/descubrieron-el-registro-de-una-ocupacion-cazadora-recolectora-de-hace-5-400-anos\/","url":"https:\/\/www.noticiasradioreflejos.com.ar\/2021\/descubrieron-el-registro-de-una-ocupacion-cazadora-recolectora-de-hace-5-400-anos\/","name":"Descubrieron el registro de una ocupaci\u00f3n cazadora-recolectora de hace 5.400 a\u00f1os - Noticias Radio Reflejos","isPartOf":{"@id":"https:\/\/www.noticiasradioreflejos.com.ar\/2021\/#website"},"primaryImageOfPage":{"@id":"https:\/\/www.noticiasradioreflejos.com.ar\/2021\/descubrieron-el-registro-de-una-ocupacion-cazadora-recolectora-de-hace-5-400-anos\/#primaryimage"},"image":{"@id":"https:\/\/www.noticiasradioreflejos.com.ar\/2021\/descubrieron-el-registro-de-una-ocupacion-cazadora-recolectora-de-hace-5-400-anos\/#primaryimage"},"thumbnailUrl":"https:\/\/www.telam.com.ar\/thumbs\/bluesteel\/advf\/imagenes\/2022\/10\/634ff974e0e18_1200.jpg","datePublished":"2022-10-19T17:01:25+00:00","author":{"@id":"https:\/\/www.noticiasradioreflejos.com.ar\/2021\/#\/schema\/person\/ad82545263dcc5ec0996818884fd5fb1"},"breadcrumb":{"@id":"https:\/\/www.noticiasradioreflejos.com.ar\/2021\/descubrieron-el-registro-de-una-ocupacion-cazadora-recolectora-de-hace-5-400-anos\/#breadcrumb"},"inLanguage":"es","potentialAction":[{"@type":"ReadAction","target":["https:\/\/www.noticiasradioreflejos.com.ar\/2021\/descubrieron-el-registro-de-una-ocupacion-cazadora-recolectora-de-hace-5-400-anos\/"]}]},{"@type":"ImageObject","inLanguage":"es","@id":"https:\/\/www.noticiasradioreflejos.com.ar\/2021\/descubrieron-el-registro-de-una-ocupacion-cazadora-recolectora-de-hace-5-400-anos\/#primaryimage","url":"https:\/\/www.telam.com.ar\/thumbs\/bluesteel\/advf\/imagenes\/2022\/10\/634ff974e0e18_1200.jpg","contentUrl":"https:\/\/www.telam.com.ar\/thumbs\/bluesteel\/advf\/imagenes\/2022\/10\/634ff974e0e18_1200.jpg"},{"@type":"BreadcrumbList","@id":"https:\/\/www.noticiasradioreflejos.com.ar\/2021\/descubrieron-el-registro-de-una-ocupacion-cazadora-recolectora-de-hace-5-400-anos\/#breadcrumb","itemListElement":[{"@type":"ListItem","position":1,"name":"Portada","item":"https:\/\/www.noticiasradioreflejos.com.ar\/2021\/"},{"@type":"ListItem","position":2,"name":"Descubrieron el registro de una ocupaci\u00f3n cazadora-recolectora de hace 5.400 a\u00f1os"}]},{"@type":"WebSite","@id":"https:\/\/www.noticiasradioreflejos.com.ar\/2021\/#website","url":"https:\/\/www.noticiasradioreflejos.com.ar\/2021\/","name":"Noticias Radio Reflejos","description":"Las noticias de mi comarca","potentialAction":[{"@type":"SearchAction","target":{"@type":"EntryPoint","urlTemplate":"https:\/\/www.noticiasradioreflejos.com.ar\/2021\/?s={search_term_string}"},"query-input":{"@type":"PropertyValueSpecification","valueRequired":true,"valueName":"search_term_string"}}],"inLanguage":"es"},{"@type":"Person","@id":"https:\/\/www.noticiasradioreflejos.com.ar\/2021\/#\/schema\/person\/ad82545263dcc5ec0996818884fd5fb1","name":"Arnaldo Botto","image":{"@type":"ImageObject","inLanguage":"es","@id":"https:\/\/www.noticiasradioreflejos.com.ar\/2021\/#\/schema\/person\/image\/","url":"https:\/\/secure.gravatar.com\/avatar\/55cb5e37c1efa326397366e6974cb338056df65cb50e7d64d1cf314e87504837?s=96&d=mm&r=g","contentUrl":"https:\/\/secure.gravatar.com\/avatar\/55cb5e37c1efa326397366e6974cb338056df65cb50e7d64d1cf314e87504837?s=96&d=mm&r=g","caption":"Arnaldo Botto"},"url":"https:\/\/www.noticiasradioreflejos.com.ar\/2021\/author\/arnaldo\/"}]}},"_links":{"self":[{"href":"https:\/\/www.noticiasradioreflejos.com.ar\/2021\/wp-json\/wp\/v2\/posts\/79111","targetHints":{"allow":["GET"]}}],"collection":[{"href":"https:\/\/www.noticiasradioreflejos.com.ar\/2021\/wp-json\/wp\/v2\/posts"}],"about":[{"href":"https:\/\/www.noticiasradioreflejos.com.ar\/2021\/wp-json\/wp\/v2\/types\/post"}],"author":[{"embeddable":true,"href":"https:\/\/www.noticiasradioreflejos.com.ar\/2021\/wp-json\/wp\/v2\/users\/3"}],"replies":[{"embeddable":true,"href":"https:\/\/www.noticiasradioreflejos.com.ar\/2021\/wp-json\/wp\/v2\/comments?post=79111"}],"version-history":[{"count":1,"href":"https:\/\/www.noticiasradioreflejos.com.ar\/2021\/wp-json\/wp\/v2\/posts\/79111\/revisions"}],"predecessor-version":[{"id":79113,"href":"https:\/\/www.noticiasradioreflejos.com.ar\/2021\/wp-json\/wp\/v2\/posts\/79111\/revisions\/79113"}],"wp:attachment":[{"href":"https:\/\/www.noticiasradioreflejos.com.ar\/2021\/wp-json\/wp\/v2\/media?parent=79111"}],"wp:term":[{"taxonomy":"category","embeddable":true,"href":"https:\/\/www.noticiasradioreflejos.com.ar\/2021\/wp-json\/wp\/v2\/categories?post=79111"},{"taxonomy":"post_tag","embeddable":true,"href":"https:\/\/www.noticiasradioreflejos.com.ar\/2021\/wp-json\/wp\/v2\/tags?post=79111"}],"curies":[{"name":"wp","href":"https:\/\/api.w.org\/{rel}","templated":true}]}}