{"id":79104,"date":"2022-10-19T11:32:31","date_gmt":"2022-10-19T11:32:31","guid":{"rendered":"http:\/\/www.noticiasradioreflejos.com.ar\/2021\/?p=79104"},"modified":"2022-10-19T11:32:31","modified_gmt":"2022-10-19T11:32:31","slug":"netflix-discontinuo-la-funcion-que-pedia-un-abono-extra-por-compartir-la-cuenta","status":"publish","type":"post","link":"https:\/\/www.noticiasradioreflejos.com.ar\/2021\/netflix-discontinuo-la-funcion-que-pedia-un-abono-extra-por-compartir-la-cuenta\/","title":{"rendered":"Netflix discontinu\u00f3 la funci\u00f3n que ped\u00eda un abono extra por compartir la cuenta"},"content":{"rendered":"<p>Sin embargo anticiparon que el a\u00f1o pr\u00f3ximo se aplicar\u00e1 una nueva funci\u00f3n similar que ya est\u00e1 operativa desde marzo en Chile, Per\u00fa y Costa Rica, que aborda la cuesti\u00f3n de las cuentas compartidas pero de una manera m\u00e1s sencilla para el usuario.<!--more--><\/p>\n<figure class=\"mb-3\"><img decoding=\"async\" src=\"https:\/\/www.telam.com.ar\/thumbs\/bluesteel\/advf\/imagenes\/2022\/07\/62d5d6c5cc746_1200.jpg\" alt=\"Foto 123RF\" width=\"100%\" height=\"100%\" \/><\/p>\n<div class=\"media-icons\"><\/div><figcaption>(Foto: 123RF).<\/figcaption><\/figure>\n<p>Netflix anunci\u00f3 que\u00a0<strong>desde este martes se elimina la funci\u00f3n que ped\u00eda \u00abAgregar una casa\u00bb por un monto extra<\/strong>\u00a0para aquellos suscriptores que quisieran compartir su cuenta con amigos o familiares, luego de numerosas cr\u00edticas de usuarios e influencers,<\/p>\n<p>As\u00ed se comunic\u00f3 en el blog de la compa\u00f1\u00eda, en el sitio about.netflix.com, en el que\u00a0<strong>sin embargo se detall\u00f3 que el a\u00f1o pr\u00f3ximo se aplicar\u00e1 una nueva funci\u00f3n similar que ya est\u00e1 operativa desde marzo en Chile, Per\u00fa y Costa Rica, que aborda la cuesti\u00f3n de las cuentas compartidas pero de una manera m\u00e1s sencilla para el usuario.<\/strong><\/p>\n<p><strong>\u00abLuego de escuchar los comentarios de los consumidores, decidimos discontinuar las funciones de &#8216;Agregar una casa&#8217; en Argentina, El Salvador, Guatemala, Honduras y Rep\u00fablica Dominicana\u00bb<\/strong>, se explic\u00f3, en referencia a la funci\u00f3n que hab\u00eda sido introducida el pasado 22 de agosto y que en el pa\u00eds implicaba un costo de 219 pesos m\u00e1s impuestos por cada hogar o \u00abcasa\u00bb extra.<\/p>\n<p><strong>\u00abEn cambio, nos enfocaremos en facilitar que las personas que comparten una cuenta puedan transferir su perfil al iniciar su propia membres\u00eda, y que todos los miembros puedan administrar sus dispositivos y crear subcuentas (&#8216;miembro extra&#8217;) de forma sencilla, si quieren pagar por familiares o amigos. Estas funciones empezar\u00e1n a estar disponibles a inicios de 2023\u00bb<\/strong>, agregaron.<\/p>\n<p>En rigor, \u00abMiembro extra\u00bb no es una funci\u00f3n demasiado diferente a la de \u00abAgregar una casa\u00bb, aunque<strong>\u00a0el gigante del streaming encontr\u00f3 que sus funcionalidades tuvieron m\u00e1s aceptaci\u00f3n en los territorios en los que se testeaba<\/strong>. Una especificaci\u00f3n que hace m\u00e1s sencillo su uso es que permite crear una subcuenta con un perfil independiente, con acceso individual de usuario y contrase\u00f1a, y recomendaciones personalizadas.<\/p>\n<p>Por el momento\u00a0<strong>no fue anunciada la fecha en que comenzar\u00e1 a regir la nueva funci\u00f3n<\/strong>; mientras tanto, aquellos suscriptores de Argentina y otros pa\u00edses que pagaban por una \u00abcasa extra\u00bb dejar\u00e1n de abonar el costo adicional por compartir la cuenta.<\/p>\n<p>El cambio en la postura hist\u00f3rica de Netflix sobre este tema apunta a recuperar iniciativa en una \u00e9poca de encarnizada competencia y claras se\u00f1ales de desaceleraci\u00f3n en el crecimiento de la masa de suscriptores en el sector.<\/p>\n<p>Por eso, entre otras medidas, apunta a cobrar a aquellos usuarios que hasta ahora ve\u00edan la plataforma usando la clave de un conocido. En abril pasado se grafic\u00f3 a cu\u00e1nto asciende ese p\u00fablico objetivo, cuando se inform\u00f3 que de los m\u00e1s de 220 millones de hogares que pagan por Netflix el servicio era\u00a0<strong>\u00abcompartido con m\u00e1s de 100 millones de hogares adicionales\u00bb<\/strong>.<\/p>\n<p>Es decir, que 1 de cada 3 hogares en los que se ven series y pel\u00edculas de la N roja no pagan por el servicio.<\/p>\n<p>Otra medida relevante es la incorporaci\u00f3n de plan m\u00e1s econ\u00f3mico con publicidades, que implementar\u00e1 con soporte de Microsoft desde el 3 de noviembre pr\u00f3ximo en Estados Unidos y por un valor de casi 7 d\u00f3lares, aunque por ahora eso no est\u00e1 en consideraci\u00f3n para Argentina.<\/p>\n<p><strong>\u00abAgradecemos el inter\u00e9s en el plan b\u00e1sico con anuncios. Lo estamos lanzando en 12 pa\u00edses y no estar\u00e1 disponible en Argentina. A medida que aprendemos y mejoramos el plan B\u00e1sico con anuncios, decidiremos si lo lanzamos en m\u00e1s pa\u00edses. En Argentina los consumidores pueden elegir entre nuestros tres planes disponibles\u00bb<\/strong>, respondieron desde la empresa ante una consulta de T\u00e9lam.<\/p>\n<p>En tanto, la compa\u00f1\u00eda de Los Gatos, California, tambi\u00e9n dio a conocer esta tarde sus nuevos n\u00fameros de suscriptores, luego de que durante la primera mitad del a\u00f1o -y por primera vez en su existencia- perdiera m\u00e1s de un mill\u00f3n de clientes netos.<\/p>\n<p>A pesar del hist\u00f3rico descenso,\u00a0<strong>Netflix anunci\u00f3 que durante el tercer trimestre del 2022 sum\u00f3 casi dos millones y medio de usuarios nuevos a su servicio, y alcanz\u00f3 un total que supera los 223 millones<\/strong>, con una proyecci\u00f3n de contar con cuatro millones y medio m\u00e1s para los \u00faltimos tres meses del a\u00f1o.<\/p>\n<p>Seg\u00fan la informaci\u00f3n trascendida a la prensa internacional, la regi\u00f3n que mejores cifras report\u00f3 en este per\u00edodo fue la de Asia-Pac\u00edfico, con 1,4 millones, seguida por la de EMEA (por la abreviatura en ingl\u00e9s de Europa, Medio Oriente y \u00c1frica), que convoc\u00f3 a 570.000 suscriptores. Por su parte,\u00a0<strong>Am\u00e9rica Latina incorpor\u00f3 310.000 clientes<\/strong>, y en \u00faltimo lugar qued\u00f3 la franja de Estados Unidos y Canad\u00e1, con 100.000 nuevos usuarios.<\/p>\n<p>La aparente inversi\u00f3n de la curva tambi\u00e9n tuvo su reflejo en las ganancias de la plataforma, que con sus casi 8 mil millones de d\u00f3lares de recaudaci\u00f3n representan un incremento de cerca de 6 puntos en sus ingresos interanuales.<\/p>\n","protected":false},"excerpt":{"rendered":"<p>Sin embargo anticiparon que el a\u00f1o pr\u00f3ximo se aplicar\u00e1 una nueva funci\u00f3n similar que ya est\u00e1 operativa desde marzo en Chile, Per\u00fa y Costa Rica, que aborda la cuesti\u00f3n de las cuentas compartidas pero de una manera m\u00e1s sencilla para el usuario.<\/p>\n","protected":false},"author":3,"featured_media":0,"comment_status":"closed","ping_status":"closed","sticky":false,"template":"","format":"standard","meta":{"footnotes":""},"categories":[36,26],"tags":[],"class_list":["post-79104","post","type-post","status-publish","format-standard","hentry","category-economia","category-sociedad"],"yoast_head":"<!-- This site is optimized with the Yoast SEO plugin v25.9 - https:\/\/yoast.com\/wordpress\/plugins\/seo\/ -->\n<title>Netflix discontinu\u00f3 la funci\u00f3n que ped\u00eda un abono extra por compartir la cuenta - Noticias Radio Reflejos<\/title>\n<meta name=\"robots\" content=\"index, follow, max-snippet:-1, max-image-preview:large, max-video-preview:-1\" \/>\n<link rel=\"canonical\" href=\"https:\/\/www.noticiasradioreflejos.com.ar\/2021\/netflix-discontinuo-la-funcion-que-pedia-un-abono-extra-por-compartir-la-cuenta\/\" \/>\n<meta property=\"og:locale\" content=\"es_ES\" \/>\n<meta property=\"og:type\" content=\"article\" \/>\n<meta property=\"og:title\" content=\"Netflix discontinu\u00f3 la funci\u00f3n que ped\u00eda un abono extra por compartir la cuenta - Noticias Radio Reflejos\" \/>\n<meta property=\"og:description\" content=\"Sin embargo anticiparon que el a\u00f1o pr\u00f3ximo se aplicar\u00e1 una nueva funci\u00f3n similar que ya est\u00e1 operativa desde marzo en Chile, Per\u00fa y Costa Rica, que aborda la cuesti\u00f3n de las cuentas compartidas pero de una manera m\u00e1s sencilla para el usuario.\" \/>\n<meta property=\"og:url\" content=\"https:\/\/www.noticiasradioreflejos.com.ar\/2021\/netflix-discontinuo-la-funcion-que-pedia-un-abono-extra-por-compartir-la-cuenta\/\" \/>\n<meta property=\"og:site_name\" content=\"Noticias Radio Reflejos\" \/>\n<meta property=\"article:published_time\" content=\"2022-10-19T11:32:31+00:00\" \/>\n<meta property=\"og:image\" content=\"https:\/\/www.telam.com.ar\/thumbs\/bluesteel\/advf\/imagenes\/2022\/07\/62d5d6c5cc746_1200.jpg\" \/>\n<meta name=\"author\" content=\"Arnaldo Botto\" \/>\n<meta name=\"twitter:card\" content=\"summary_large_image\" \/>\n<script type=\"application\/ld+json\" class=\"yoast-schema-graph\">{\"@context\":\"https:\/\/schema.org\",\"@graph\":[{\"@type\":\"WebPage\",\"@id\":\"https:\/\/www.noticiasradioreflejos.com.ar\/2021\/netflix-discontinuo-la-funcion-que-pedia-un-abono-extra-por-compartir-la-cuenta\/\",\"url\":\"https:\/\/www.noticiasradioreflejos.com.ar\/2021\/netflix-discontinuo-la-funcion-que-pedia-un-abono-extra-por-compartir-la-cuenta\/\",\"name\":\"Netflix discontinu\u00f3 la funci\u00f3n que ped\u00eda un abono extra por compartir la cuenta - Noticias Radio Reflejos\",\"isPartOf\":{\"@id\":\"https:\/\/www.noticiasradioreflejos.com.ar\/2021\/#website\"},\"primaryImageOfPage\":{\"@id\":\"https:\/\/www.noticiasradioreflejos.com.ar\/2021\/netflix-discontinuo-la-funcion-que-pedia-un-abono-extra-por-compartir-la-cuenta\/#primaryimage\"},\"image\":{\"@id\":\"https:\/\/www.noticiasradioreflejos.com.ar\/2021\/netflix-discontinuo-la-funcion-que-pedia-un-abono-extra-por-compartir-la-cuenta\/#primaryimage\"},\"thumbnailUrl\":\"https:\/\/www.telam.com.ar\/thumbs\/bluesteel\/advf\/imagenes\/2022\/07\/62d5d6c5cc746_1200.jpg\",\"datePublished\":\"2022-10-19T11:32:31+00:00\",\"author\":{\"@id\":\"https:\/\/www.noticiasradioreflejos.com.ar\/2021\/#\/schema\/person\/ad82545263dcc5ec0996818884fd5fb1\"},\"breadcrumb\":{\"@id\":\"https:\/\/www.noticiasradioreflejos.com.ar\/2021\/netflix-discontinuo-la-funcion-que-pedia-un-abono-extra-por-compartir-la-cuenta\/#breadcrumb\"},\"inLanguage\":\"es\",\"potentialAction\":[{\"@type\":\"ReadAction\",\"target\":[\"https:\/\/www.noticiasradioreflejos.com.ar\/2021\/netflix-discontinuo-la-funcion-que-pedia-un-abono-extra-por-compartir-la-cuenta\/\"]}]},{\"@type\":\"ImageObject\",\"inLanguage\":\"es\",\"@id\":\"https:\/\/www.noticiasradioreflejos.com.ar\/2021\/netflix-discontinuo-la-funcion-que-pedia-un-abono-extra-por-compartir-la-cuenta\/#primaryimage\",\"url\":\"https:\/\/www.telam.com.ar\/thumbs\/bluesteel\/advf\/imagenes\/2022\/07\/62d5d6c5cc746_1200.jpg\",\"contentUrl\":\"https:\/\/www.telam.com.ar\/thumbs\/bluesteel\/advf\/imagenes\/2022\/07\/62d5d6c5cc746_1200.jpg\"},{\"@type\":\"BreadcrumbList\",\"@id\":\"https:\/\/www.noticiasradioreflejos.com.ar\/2021\/netflix-discontinuo-la-funcion-que-pedia-un-abono-extra-por-compartir-la-cuenta\/#breadcrumb\",\"itemListElement\":[{\"@type\":\"ListItem\",\"position\":1,\"name\":\"Portada\",\"item\":\"https:\/\/www.noticiasradioreflejos.com.ar\/2021\/\"},{\"@type\":\"ListItem\",\"position\":2,\"name\":\"Netflix discontinu\u00f3 la funci\u00f3n que ped\u00eda un abono extra por compartir la cuenta\"}]},{\"@type\":\"WebSite\",\"@id\":\"https:\/\/www.noticiasradioreflejos.com.ar\/2021\/#website\",\"url\":\"https:\/\/www.noticiasradioreflejos.com.ar\/2021\/\",\"name\":\"Noticias Radio Reflejos\",\"description\":\"Las noticias de mi comarca\",\"potentialAction\":[{\"@type\":\"SearchAction\",\"target\":{\"@type\":\"EntryPoint\",\"urlTemplate\":\"https:\/\/www.noticiasradioreflejos.com.ar\/2021\/?s={search_term_string}\"},\"query-input\":{\"@type\":\"PropertyValueSpecification\",\"valueRequired\":true,\"valueName\":\"search_term_string\"}}],\"inLanguage\":\"es\"},{\"@type\":\"Person\",\"@id\":\"https:\/\/www.noticiasradioreflejos.com.ar\/2021\/#\/schema\/person\/ad82545263dcc5ec0996818884fd5fb1\",\"name\":\"Arnaldo Botto\",\"image\":{\"@type\":\"ImageObject\",\"inLanguage\":\"es\",\"@id\":\"https:\/\/www.noticiasradioreflejos.com.ar\/2021\/#\/schema\/person\/image\/\",\"url\":\"https:\/\/secure.gravatar.com\/avatar\/55cb5e37c1efa326397366e6974cb338056df65cb50e7d64d1cf314e87504837?s=96&d=mm&r=g\",\"contentUrl\":\"https:\/\/secure.gravatar.com\/avatar\/55cb5e37c1efa326397366e6974cb338056df65cb50e7d64d1cf314e87504837?s=96&d=mm&r=g\",\"caption\":\"Arnaldo Botto\"},\"url\":\"https:\/\/www.noticiasradioreflejos.com.ar\/2021\/author\/arnaldo\/\"}]}<\/script>\n<!-- \/ Yoast SEO plugin. -->","yoast_head_json":{"title":"Netflix discontinu\u00f3 la funci\u00f3n que ped\u00eda un abono extra por compartir la cuenta - Noticias Radio Reflejos","robots":{"index":"index","follow":"follow","max-snippet":"max-snippet:-1","max-image-preview":"max-image-preview:large","max-video-preview":"max-video-preview:-1"},"canonical":"https:\/\/www.noticiasradioreflejos.com.ar\/2021\/netflix-discontinuo-la-funcion-que-pedia-un-abono-extra-por-compartir-la-cuenta\/","og_locale":"es_ES","og_type":"article","og_title":"Netflix discontinu\u00f3 la funci\u00f3n que ped\u00eda un abono extra por compartir la cuenta - Noticias Radio Reflejos","og_description":"Sin embargo anticiparon que el a\u00f1o pr\u00f3ximo se aplicar\u00e1 una nueva funci\u00f3n similar que ya est\u00e1 operativa desde marzo en Chile, Per\u00fa y Costa Rica, que aborda la cuesti\u00f3n de las cuentas compartidas pero de una manera m\u00e1s sencilla para el usuario.","og_url":"https:\/\/www.noticiasradioreflejos.com.ar\/2021\/netflix-discontinuo-la-funcion-que-pedia-un-abono-extra-por-compartir-la-cuenta\/","og_site_name":"Noticias Radio Reflejos","article_published_time":"2022-10-19T11:32:31+00:00","og_image":[{"url":"https:\/\/www.telam.com.ar\/thumbs\/bluesteel\/advf\/imagenes\/2022\/07\/62d5d6c5cc746_1200.jpg","type":"","width":"","height":""}],"author":"Arnaldo Botto","twitter_card":"summary_large_image","schema":{"@context":"https:\/\/schema.org","@graph":[{"@type":"WebPage","@id":"https:\/\/www.noticiasradioreflejos.com.ar\/2021\/netflix-discontinuo-la-funcion-que-pedia-un-abono-extra-por-compartir-la-cuenta\/","url":"https:\/\/www.noticiasradioreflejos.com.ar\/2021\/netflix-discontinuo-la-funcion-que-pedia-un-abono-extra-por-compartir-la-cuenta\/","name":"Netflix discontinu\u00f3 la funci\u00f3n que ped\u00eda un abono extra por compartir la cuenta - Noticias Radio Reflejos","isPartOf":{"@id":"https:\/\/www.noticiasradioreflejos.com.ar\/2021\/#website"},"primaryImageOfPage":{"@id":"https:\/\/www.noticiasradioreflejos.com.ar\/2021\/netflix-discontinuo-la-funcion-que-pedia-un-abono-extra-por-compartir-la-cuenta\/#primaryimage"},"image":{"@id":"https:\/\/www.noticiasradioreflejos.com.ar\/2021\/netflix-discontinuo-la-funcion-que-pedia-un-abono-extra-por-compartir-la-cuenta\/#primaryimage"},"thumbnailUrl":"https:\/\/www.telam.com.ar\/thumbs\/bluesteel\/advf\/imagenes\/2022\/07\/62d5d6c5cc746_1200.jpg","datePublished":"2022-10-19T11:32:31+00:00","author":{"@id":"https:\/\/www.noticiasradioreflejos.com.ar\/2021\/#\/schema\/person\/ad82545263dcc5ec0996818884fd5fb1"},"breadcrumb":{"@id":"https:\/\/www.noticiasradioreflejos.com.ar\/2021\/netflix-discontinuo-la-funcion-que-pedia-un-abono-extra-por-compartir-la-cuenta\/#breadcrumb"},"inLanguage":"es","potentialAction":[{"@type":"ReadAction","target":["https:\/\/www.noticiasradioreflejos.com.ar\/2021\/netflix-discontinuo-la-funcion-que-pedia-un-abono-extra-por-compartir-la-cuenta\/"]}]},{"@type":"ImageObject","inLanguage":"es","@id":"https:\/\/www.noticiasradioreflejos.com.ar\/2021\/netflix-discontinuo-la-funcion-que-pedia-un-abono-extra-por-compartir-la-cuenta\/#primaryimage","url":"https:\/\/www.telam.com.ar\/thumbs\/bluesteel\/advf\/imagenes\/2022\/07\/62d5d6c5cc746_1200.jpg","contentUrl":"https:\/\/www.telam.com.ar\/thumbs\/bluesteel\/advf\/imagenes\/2022\/07\/62d5d6c5cc746_1200.jpg"},{"@type":"BreadcrumbList","@id":"https:\/\/www.noticiasradioreflejos.com.ar\/2021\/netflix-discontinuo-la-funcion-que-pedia-un-abono-extra-por-compartir-la-cuenta\/#breadcrumb","itemListElement":[{"@type":"ListItem","position":1,"name":"Portada","item":"https:\/\/www.noticiasradioreflejos.com.ar\/2021\/"},{"@type":"ListItem","position":2,"name":"Netflix discontinu\u00f3 la funci\u00f3n que ped\u00eda un abono extra por compartir la cuenta"}]},{"@type":"WebSite","@id":"https:\/\/www.noticiasradioreflejos.com.ar\/2021\/#website","url":"https:\/\/www.noticiasradioreflejos.com.ar\/2021\/","name":"Noticias Radio Reflejos","description":"Las noticias de mi comarca","potentialAction":[{"@type":"SearchAction","target":{"@type":"EntryPoint","urlTemplate":"https:\/\/www.noticiasradioreflejos.com.ar\/2021\/?s={search_term_string}"},"query-input":{"@type":"PropertyValueSpecification","valueRequired":true,"valueName":"search_term_string"}}],"inLanguage":"es"},{"@type":"Person","@id":"https:\/\/www.noticiasradioreflejos.com.ar\/2021\/#\/schema\/person\/ad82545263dcc5ec0996818884fd5fb1","name":"Arnaldo Botto","image":{"@type":"ImageObject","inLanguage":"es","@id":"https:\/\/www.noticiasradioreflejos.com.ar\/2021\/#\/schema\/person\/image\/","url":"https:\/\/secure.gravatar.com\/avatar\/55cb5e37c1efa326397366e6974cb338056df65cb50e7d64d1cf314e87504837?s=96&d=mm&r=g","contentUrl":"https:\/\/secure.gravatar.com\/avatar\/55cb5e37c1efa326397366e6974cb338056df65cb50e7d64d1cf314e87504837?s=96&d=mm&r=g","caption":"Arnaldo Botto"},"url":"https:\/\/www.noticiasradioreflejos.com.ar\/2021\/author\/arnaldo\/"}]}},"_links":{"self":[{"href":"https:\/\/www.noticiasradioreflejos.com.ar\/2021\/wp-json\/wp\/v2\/posts\/79104","targetHints":{"allow":["GET"]}}],"collection":[{"href":"https:\/\/www.noticiasradioreflejos.com.ar\/2021\/wp-json\/wp\/v2\/posts"}],"about":[{"href":"https:\/\/www.noticiasradioreflejos.com.ar\/2021\/wp-json\/wp\/v2\/types\/post"}],"author":[{"embeddable":true,"href":"https:\/\/www.noticiasradioreflejos.com.ar\/2021\/wp-json\/wp\/v2\/users\/3"}],"replies":[{"embeddable":true,"href":"https:\/\/www.noticiasradioreflejos.com.ar\/2021\/wp-json\/wp\/v2\/comments?post=79104"}],"version-history":[{"count":1,"href":"https:\/\/www.noticiasradioreflejos.com.ar\/2021\/wp-json\/wp\/v2\/posts\/79104\/revisions"}],"predecessor-version":[{"id":79106,"href":"https:\/\/www.noticiasradioreflejos.com.ar\/2021\/wp-json\/wp\/v2\/posts\/79104\/revisions\/79106"}],"wp:attachment":[{"href":"https:\/\/www.noticiasradioreflejos.com.ar\/2021\/wp-json\/wp\/v2\/media?parent=79104"}],"wp:term":[{"taxonomy":"category","embeddable":true,"href":"https:\/\/www.noticiasradioreflejos.com.ar\/2021\/wp-json\/wp\/v2\/categories?post=79104"},{"taxonomy":"post_tag","embeddable":true,"href":"https:\/\/www.noticiasradioreflejos.com.ar\/2021\/wp-json\/wp\/v2\/tags?post=79104"}],"curies":[{"name":"wp","href":"https:\/\/api.w.org\/{rel}","templated":true}]}}