{"id":79101,"date":"2022-10-19T10:52:49","date_gmt":"2022-10-19T10:52:49","guid":{"rendered":"http:\/\/www.noticiasradioreflejos.com.ar\/2021\/?p=79101"},"modified":"2022-10-19T10:52:49","modified_gmt":"2022-10-19T10:52:49","slug":"tornquist-fue-parte-del-1-foro-provincial-de-cooperativas-en-marcha","status":"publish","type":"post","link":"https:\/\/www.noticiasradioreflejos.com.ar\/2021\/tornquist-fue-parte-del-1-foro-provincial-de-cooperativas-en-marcha\/","title":{"rendered":"Tornquist fue parte del 1\u00b0 Foro Provincial de Cooperativas en Marcha"},"content":{"rendered":"<p>El Secretario de Producci\u00f3n, Comercio e Industria de Tornquist Municipio, V\u00edctor Ant\u00f3n, particip\u00f3 del 1\u00b0 Foro Provincial de Cooperativas en Marcha, el primer espacio de debate e intercambio que busca identificar problem\u00e1ticas del sector cooperativo y abordar una agenda de desarrollo de cara al futuro.<!--more--><\/p>\n<p>La jornada tuvo lugar el \u00faltimo viernes en Berazategui y fue encabezado por el Gobernador Axel Kicillof, junto con el intendente anfitri\u00f3n, Jos\u00e9 Mussi; los ministros de Desarrollo Agrario, Javier Rodr\u00edguez, y de Desarrollo de la Comunidad, Andr\u00e9s Larroque;\u00a0y la Directora Provincial de Acci\u00f3n Cooperativa (DIPAC), Melina Gobbi.<\/p>\n<p>Durante la actividad, se desarrollaron distintas paneles y mesas de debate que analizaron temas vinculados a la producci\u00f3n y el trabajo autogestionado; el desarrollo territorial y la construcci\u00f3n del h\u00e1bitat; la fabricaci\u00f3n y comercializaci\u00f3n de alimentos; el rol del cooperativismo en la transici\u00f3n ecol\u00f3gica; el desarrollo cooperativo para la inclusi\u00f3n y la equidad; y las estrategias de integraci\u00f3n cooperativa.<\/p>\n<p>En esa l\u00ednea, se encuentra trabajando Tornquist Municipio, donde la decisi\u00f3n pol\u00edtica del intendente Sergio Bordoni es acompa\u00f1ar a todas las cooperativas del distrito, ya que son generadoras de producci\u00f3n y trabajo genuino, y prestan servicios que, en la mayor\u00eda de los casos, no son brindados por el sector privado.<\/p>\n","protected":false},"excerpt":{"rendered":"<p>El Secretario de Producci\u00f3n, Comercio e Industria de Tornquist Municipio, V\u00edctor Ant\u00f3n, particip\u00f3 del 1\u00b0 Foro Provincial de Cooperativas en Marcha, el primer espacio de debate e intercambio que busca identificar problem\u00e1ticas del sector cooperativo y abordar una agenda de desarrollo de cara al futuro.<\/p>\n","protected":false},"author":3,"featured_media":0,"comment_status":"closed","ping_status":"closed","sticky":false,"template":"","format":"standard","meta":{"footnotes":""},"categories":[28],"tags":[],"class_list":["post-79101","post","type-post","status-publish","format-standard","hentry","category-municipales"],"yoast_head":"<!-- This site is optimized with the Yoast SEO plugin v25.9 - https:\/\/yoast.com\/wordpress\/plugins\/seo\/ -->\n<title>Tornquist fue parte del 1\u00b0 Foro Provincial de Cooperativas en Marcha - Noticias Radio Reflejos<\/title>\n<meta name=\"robots\" content=\"index, follow, max-snippet:-1, max-image-preview:large, max-video-preview:-1\" \/>\n<link rel=\"canonical\" href=\"https:\/\/www.noticiasradioreflejos.com.ar\/2021\/tornquist-fue-parte-del-1-foro-provincial-de-cooperativas-en-marcha\/\" \/>\n<meta property=\"og:locale\" content=\"es_ES\" \/>\n<meta property=\"og:type\" content=\"article\" \/>\n<meta property=\"og:title\" content=\"Tornquist fue parte del 1\u00b0 Foro Provincial de Cooperativas en Marcha - Noticias Radio Reflejos\" \/>\n<meta property=\"og:description\" content=\"El Secretario de Producci\u00f3n, Comercio e Industria de Tornquist Municipio, V\u00edctor Ant\u00f3n, particip\u00f3 del 1\u00b0 Foro Provincial de Cooperativas en Marcha, el primer espacio de debate e intercambio que busca identificar problem\u00e1ticas del sector cooperativo y abordar una agenda de desarrollo de cara al futuro.\" \/>\n<meta property=\"og:url\" content=\"https:\/\/www.noticiasradioreflejos.com.ar\/2021\/tornquist-fue-parte-del-1-foro-provincial-de-cooperativas-en-marcha\/\" \/>\n<meta property=\"og:site_name\" content=\"Noticias Radio Reflejos\" \/>\n<meta property=\"article:published_time\" content=\"2022-10-19T10:52:49+00:00\" \/>\n<meta property=\"og:image\" content=\"https:\/\/www.noticiasradioreflejos.com.ar\/2021\/wp-content\/uploads\/2021\/07\/logosol300x200.png\" \/>\n\t<meta property=\"og:image:width\" content=\"300\" \/>\n\t<meta property=\"og:image:height\" content=\"200\" \/>\n\t<meta property=\"og:image:type\" content=\"image\/png\" \/>\n<meta name=\"author\" content=\"Arnaldo Botto\" \/>\n<meta name=\"twitter:card\" content=\"summary_large_image\" \/>\n<script type=\"application\/ld+json\" class=\"yoast-schema-graph\">{\"@context\":\"https:\/\/schema.org\",\"@graph\":[{\"@type\":\"WebPage\",\"@id\":\"https:\/\/www.noticiasradioreflejos.com.ar\/2021\/tornquist-fue-parte-del-1-foro-provincial-de-cooperativas-en-marcha\/\",\"url\":\"https:\/\/www.noticiasradioreflejos.com.ar\/2021\/tornquist-fue-parte-del-1-foro-provincial-de-cooperativas-en-marcha\/\",\"name\":\"Tornquist fue parte del 1\u00b0 Foro Provincial de Cooperativas en Marcha - Noticias Radio Reflejos\",\"isPartOf\":{\"@id\":\"https:\/\/www.noticiasradioreflejos.com.ar\/2021\/#website\"},\"datePublished\":\"2022-10-19T10:52:49+00:00\",\"author\":{\"@id\":\"https:\/\/www.noticiasradioreflejos.com.ar\/2021\/#\/schema\/person\/ad82545263dcc5ec0996818884fd5fb1\"},\"breadcrumb\":{\"@id\":\"https:\/\/www.noticiasradioreflejos.com.ar\/2021\/tornquist-fue-parte-del-1-foro-provincial-de-cooperativas-en-marcha\/#breadcrumb\"},\"inLanguage\":\"es\",\"potentialAction\":[{\"@type\":\"ReadAction\",\"target\":[\"https:\/\/www.noticiasradioreflejos.com.ar\/2021\/tornquist-fue-parte-del-1-foro-provincial-de-cooperativas-en-marcha\/\"]}]},{\"@type\":\"BreadcrumbList\",\"@id\":\"https:\/\/www.noticiasradioreflejos.com.ar\/2021\/tornquist-fue-parte-del-1-foro-provincial-de-cooperativas-en-marcha\/#breadcrumb\",\"itemListElement\":[{\"@type\":\"ListItem\",\"position\":1,\"name\":\"Portada\",\"item\":\"https:\/\/www.noticiasradioreflejos.com.ar\/2021\/\"},{\"@type\":\"ListItem\",\"position\":2,\"name\":\"Tornquist fue parte del 1\u00b0 Foro Provincial de Cooperativas en Marcha\"}]},{\"@type\":\"WebSite\",\"@id\":\"https:\/\/www.noticiasradioreflejos.com.ar\/2021\/#website\",\"url\":\"https:\/\/www.noticiasradioreflejos.com.ar\/2021\/\",\"name\":\"Noticias Radio Reflejos\",\"description\":\"Las noticias de mi comarca\",\"potentialAction\":[{\"@type\":\"SearchAction\",\"target\":{\"@type\":\"EntryPoint\",\"urlTemplate\":\"https:\/\/www.noticiasradioreflejos.com.ar\/2021\/?s={search_term_string}\"},\"query-input\":{\"@type\":\"PropertyValueSpecification\",\"valueRequired\":true,\"valueName\":\"search_term_string\"}}],\"inLanguage\":\"es\"},{\"@type\":\"Person\",\"@id\":\"https:\/\/www.noticiasradioreflejos.com.ar\/2021\/#\/schema\/person\/ad82545263dcc5ec0996818884fd5fb1\",\"name\":\"Arnaldo Botto\",\"image\":{\"@type\":\"ImageObject\",\"inLanguage\":\"es\",\"@id\":\"https:\/\/www.noticiasradioreflejos.com.ar\/2021\/#\/schema\/person\/image\/\",\"url\":\"https:\/\/secure.gravatar.com\/avatar\/55cb5e37c1efa326397366e6974cb338056df65cb50e7d64d1cf314e87504837?s=96&d=mm&r=g\",\"contentUrl\":\"https:\/\/secure.gravatar.com\/avatar\/55cb5e37c1efa326397366e6974cb338056df65cb50e7d64d1cf314e87504837?s=96&d=mm&r=g\",\"caption\":\"Arnaldo Botto\"},\"url\":\"https:\/\/www.noticiasradioreflejos.com.ar\/2021\/author\/arnaldo\/\"}]}<\/script>\n<!-- \/ Yoast SEO plugin. -->","yoast_head_json":{"title":"Tornquist fue parte del 1\u00b0 Foro Provincial de Cooperativas en Marcha - Noticias Radio Reflejos","robots":{"index":"index","follow":"follow","max-snippet":"max-snippet:-1","max-image-preview":"max-image-preview:large","max-video-preview":"max-video-preview:-1"},"canonical":"https:\/\/www.noticiasradioreflejos.com.ar\/2021\/tornquist-fue-parte-del-1-foro-provincial-de-cooperativas-en-marcha\/","og_locale":"es_ES","og_type":"article","og_title":"Tornquist fue parte del 1\u00b0 Foro Provincial de Cooperativas en Marcha - Noticias Radio Reflejos","og_description":"El Secretario de Producci\u00f3n, Comercio e Industria de Tornquist Municipio, V\u00edctor Ant\u00f3n, particip\u00f3 del 1\u00b0 Foro Provincial de Cooperativas en Marcha, el primer espacio de debate e intercambio que busca identificar problem\u00e1ticas del sector cooperativo y abordar una agenda de desarrollo de cara al futuro.","og_url":"https:\/\/www.noticiasradioreflejos.com.ar\/2021\/tornquist-fue-parte-del-1-foro-provincial-de-cooperativas-en-marcha\/","og_site_name":"Noticias Radio Reflejos","article_published_time":"2022-10-19T10:52:49+00:00","og_image":[{"width":300,"height":200,"url":"https:\/\/www.noticiasradioreflejos.com.ar\/2021\/wp-content\/uploads\/2021\/07\/logosol300x200.png","type":"image\/png"}],"author":"Arnaldo Botto","twitter_card":"summary_large_image","schema":{"@context":"https:\/\/schema.org","@graph":[{"@type":"WebPage","@id":"https:\/\/www.noticiasradioreflejos.com.ar\/2021\/tornquist-fue-parte-del-1-foro-provincial-de-cooperativas-en-marcha\/","url":"https:\/\/www.noticiasradioreflejos.com.ar\/2021\/tornquist-fue-parte-del-1-foro-provincial-de-cooperativas-en-marcha\/","name":"Tornquist fue parte del 1\u00b0 Foro Provincial de Cooperativas en Marcha - Noticias Radio Reflejos","isPartOf":{"@id":"https:\/\/www.noticiasradioreflejos.com.ar\/2021\/#website"},"datePublished":"2022-10-19T10:52:49+00:00","author":{"@id":"https:\/\/www.noticiasradioreflejos.com.ar\/2021\/#\/schema\/person\/ad82545263dcc5ec0996818884fd5fb1"},"breadcrumb":{"@id":"https:\/\/www.noticiasradioreflejos.com.ar\/2021\/tornquist-fue-parte-del-1-foro-provincial-de-cooperativas-en-marcha\/#breadcrumb"},"inLanguage":"es","potentialAction":[{"@type":"ReadAction","target":["https:\/\/www.noticiasradioreflejos.com.ar\/2021\/tornquist-fue-parte-del-1-foro-provincial-de-cooperativas-en-marcha\/"]}]},{"@type":"BreadcrumbList","@id":"https:\/\/www.noticiasradioreflejos.com.ar\/2021\/tornquist-fue-parte-del-1-foro-provincial-de-cooperativas-en-marcha\/#breadcrumb","itemListElement":[{"@type":"ListItem","position":1,"name":"Portada","item":"https:\/\/www.noticiasradioreflejos.com.ar\/2021\/"},{"@type":"ListItem","position":2,"name":"Tornquist fue parte del 1\u00b0 Foro Provincial de Cooperativas en Marcha"}]},{"@type":"WebSite","@id":"https:\/\/www.noticiasradioreflejos.com.ar\/2021\/#website","url":"https:\/\/www.noticiasradioreflejos.com.ar\/2021\/","name":"Noticias Radio Reflejos","description":"Las noticias de mi comarca","potentialAction":[{"@type":"SearchAction","target":{"@type":"EntryPoint","urlTemplate":"https:\/\/www.noticiasradioreflejos.com.ar\/2021\/?s={search_term_string}"},"query-input":{"@type":"PropertyValueSpecification","valueRequired":true,"valueName":"search_term_string"}}],"inLanguage":"es"},{"@type":"Person","@id":"https:\/\/www.noticiasradioreflejos.com.ar\/2021\/#\/schema\/person\/ad82545263dcc5ec0996818884fd5fb1","name":"Arnaldo Botto","image":{"@type":"ImageObject","inLanguage":"es","@id":"https:\/\/www.noticiasradioreflejos.com.ar\/2021\/#\/schema\/person\/image\/","url":"https:\/\/secure.gravatar.com\/avatar\/55cb5e37c1efa326397366e6974cb338056df65cb50e7d64d1cf314e87504837?s=96&d=mm&r=g","contentUrl":"https:\/\/secure.gravatar.com\/avatar\/55cb5e37c1efa326397366e6974cb338056df65cb50e7d64d1cf314e87504837?s=96&d=mm&r=g","caption":"Arnaldo Botto"},"url":"https:\/\/www.noticiasradioreflejos.com.ar\/2021\/author\/arnaldo\/"}]}},"_links":{"self":[{"href":"https:\/\/www.noticiasradioreflejos.com.ar\/2021\/wp-json\/wp\/v2\/posts\/79101","targetHints":{"allow":["GET"]}}],"collection":[{"href":"https:\/\/www.noticiasradioreflejos.com.ar\/2021\/wp-json\/wp\/v2\/posts"}],"about":[{"href":"https:\/\/www.noticiasradioreflejos.com.ar\/2021\/wp-json\/wp\/v2\/types\/post"}],"author":[{"embeddable":true,"href":"https:\/\/www.noticiasradioreflejos.com.ar\/2021\/wp-json\/wp\/v2\/users\/3"}],"replies":[{"embeddable":true,"href":"https:\/\/www.noticiasradioreflejos.com.ar\/2021\/wp-json\/wp\/v2\/comments?post=79101"}],"version-history":[{"count":1,"href":"https:\/\/www.noticiasradioreflejos.com.ar\/2021\/wp-json\/wp\/v2\/posts\/79101\/revisions"}],"predecessor-version":[{"id":79103,"href":"https:\/\/www.noticiasradioreflejos.com.ar\/2021\/wp-json\/wp\/v2\/posts\/79101\/revisions\/79103"}],"wp:attachment":[{"href":"https:\/\/www.noticiasradioreflejos.com.ar\/2021\/wp-json\/wp\/v2\/media?parent=79101"}],"wp:term":[{"taxonomy":"category","embeddable":true,"href":"https:\/\/www.noticiasradioreflejos.com.ar\/2021\/wp-json\/wp\/v2\/categories?post=79101"},{"taxonomy":"post_tag","embeddable":true,"href":"https:\/\/www.noticiasradioreflejos.com.ar\/2021\/wp-json\/wp\/v2\/tags?post=79101"}],"curies":[{"name":"wp","href":"https:\/\/api.w.org\/{rel}","templated":true}]}}