{"id":79084,"date":"2022-10-19T10:49:20","date_gmt":"2022-10-19T10:49:20","guid":{"rendered":"http:\/\/www.noticiasradioreflejos.com.ar\/2021\/?p=79084"},"modified":"2022-10-19T10:49:45","modified_gmt":"2022-10-19T10:49:45","slug":"el-personal-de-areas-naturales-protegidas-alerta-por-malos-manejos-en-el-estuario-bahiense","status":"publish","type":"post","link":"https:\/\/www.noticiasradioreflejos.com.ar\/2021\/el-personal-de-areas-naturales-protegidas-alerta-por-malos-manejos-en-el-estuario-bahiense\/","title":{"rendered":"El personal de \u00c1reas Naturales Protegidas alerta por malos manejos en el estuario bahiense"},"content":{"rendered":"<p>Una de sus integrantes, Patricia Gonz\u00e1lez, trajo a la luz situaciones un tanto pol\u00e9micas que vinculan a ese sector gubernamental que busca el cuidado y la preservaci\u00f3n del ambiente con el Consorcio de Gesti\u00f3n del Puerto de Bah\u00eda Blanca.<!--more--><\/p>\n<p><a data-flickr-embed=\"true\" href=\"https:\/\/www.flickr.com\/photos\/182279889@N02\/52069300469\/in\/photolist-2nkaDdw-2nkbLXP-2nkd4P3-2nkazMM-2nkawjM-2nkat3j-2mKnxKC-2mKh7E1-2nkbLYA-2nkazLE-2nkbDYZ-2nkawko-2mKpDmK-2mKm8HQ-2njSYKR\" title=\"Reserva Natural Bah\u00eda blanca (6)\"><img loading=\"lazy\" decoding=\"async\" src=\"https:\/\/live.staticflickr.com\/65535\/52069300469_e21fb46dda_z.jpg\" width=\"640\" height=\"480\" alt=\"Reserva Natural Bah\u00eda blanca (6)\"><\/a><script async src=\"\/\/embedr.flickr.com\/assets\/client-code.js\" charset=\"utf-8\"><\/script><\/p>\n<p>Una vez m\u00e1s alzan la voz. Los integrantes de \u00e1reas naturales protegidas del sudoeste bonaerense salieron a los medios para dar a conocer una serie de medidas pol\u00e9micas que se han tomado en el \u00faltimo tiempo, y traer\u00e1n m\u00e1s repercusiones negativas en el sector.<\/p>\n<p>Al respecto, Patricia Gonz\u00e1lez, explic\u00f3 que \u201cnuestra regi\u00f3n del Sudoeste es muy rica en cuanto a recursos naturales, pero del mismo modo puede transformarse en pobreza ambiental\u201d.<\/p>\n<p>En ese sentido explic\u00f3 que \u201cestamos viendo un vaciamiento de distintos elementos, desde lo institucional, desde el discurso conservacionista. Esto pasa en todas las \u00e1reas naturales protegidas. Este vaciamiento es peor que la precariedad, porque la precariedad puede remediarse\u201d.<\/p>\n<p><a href=\"http:\/\/www.noticiasradioreflejos.com.ar\/2021\/dia-de-las-areas-protegidas-de-latinoamerica-y-el-caribe-las-areas-naturales-des-protegidas-de-la-provincia-de-buenos-aires\/areas-protegidas\/\" rel=\"attachment wp-att-79017\"><img loading=\"lazy\" decoding=\"async\" class=\"aligncenter size-full wp-image-79017\" src=\"http:\/\/www.noticiasradioreflejos.com.ar\/2021\/wp-content\/uploads\/2022\/10\/Areas-protegidas.jpeg\" alt=\"\" width=\"1280\" height=\"720\" srcset=\"https:\/\/www.noticiasradioreflejos.com.ar\/2021\/wp-content\/uploads\/2022\/10\/Areas-protegidas.jpeg 1280w, https:\/\/www.noticiasradioreflejos.com.ar\/2021\/wp-content\/uploads\/2022\/10\/Areas-protegidas-300x169.jpeg 300w, https:\/\/www.noticiasradioreflejos.com.ar\/2021\/wp-content\/uploads\/2022\/10\/Areas-protegidas-1024x576.jpeg 1024w, https:\/\/www.noticiasradioreflejos.com.ar\/2021\/wp-content\/uploads\/2022\/10\/Areas-protegidas-768x432.jpeg 768w, https:\/\/www.noticiasradioreflejos.com.ar\/2021\/wp-content\/uploads\/2022\/10\/Areas-protegidas-750x422.jpeg 750w, https:\/\/www.noticiasradioreflejos.com.ar\/2021\/wp-content\/uploads\/2022\/10\/Areas-protegidas-1140x641.jpeg 1140w\" sizes=\"auto, (max-width: 1280px) 100vw, 1280px\" \/><\/a><\/p>\n<p>Siguiendo con esa l\u00ednea, cont\u00f3 que \u201ceste vaciamiento se ve en parte, cuando quieren mostrar logros que no lo son. Son lobos disfrazados de corderos. La provincia tiene unas 40 \u00e1reas protegidas. En junio tuvimos en Bah\u00eda Blanca una reuni\u00f3n donde nos dijeron que nombraron a un encargado en esta reserva, pero no fue por trayectoria, sino por amiguismo de la gesti\u00f3n. Politizaron un cargo t\u00e9cnico\u201d.<\/p>\n<p>Y mostrando que se trata de toda una novedad, confirm\u00f3 que \u201ces la primera vez que nos pasa de que nos convocan a una reuni\u00f3n y nos imponen al encargado. Anteriormente era v\u00eda consenso y con el aval de los compa\u00f1eros. Es una manera de fisurar lo institucional\u201d.<\/p>\n<p>De igual modo trajo a colaci\u00f3n que \u201cotra cuesti\u00f3n que se dijo es que firmaron un convenio con el Consorcio de Gesti\u00f3n del Puerto de Bah\u00eda Blanca, para que nos provea y de aportes para nuestra labor. Parece una buena noticia, porque tiene sostenimiento econ\u00f3mico y embarcaciones. Pero tambi\u00e9n la lectura que se hace es se desvinculan de la responsabilidad que tienen, del control, la vigilancia y la educaci\u00f3n\u201d.<\/p>\n<p>A su modo de ver, \u201cest\u00e1n tercerizando esas actividades, buscando que un tercero que tiene intereses, sea el que provea. Un tercero al cual debemos controlar nosotros. Sin contar que el Consorcio tiene una sentencia en primera instancia donde se lo declara responsable por los problemas ambientales del estuario\u201d.<\/p>\n<p>En ese aspecto, y buscando ser a\u00fan m\u00e1s gr\u00e1fica, Gonz\u00e1lez enfatiz\u00f3: \u201cestamos firmando un convenio con una instituci\u00f3n que est\u00e1 sentenciada por las responsabilidades que tiene en las problem\u00e1ticas ambientales. Se est\u00e1n comprometiendo con una instituci\u00f3n que tiene intereses creados. Nosotros vamos a tener que pedirles la lancha a ellos, para hacerles control y vigilancia a ellos mismos. No guarda l\u00f3gica\u201d.<\/p>\n<p>Por \u00faltimo, sostuvo que \u201cse aprob\u00f3 la declaraci\u00f3n por ley del Islote de la Gaviota Cangrejera. Y este es un ejemplo bien claro de c\u00f3mo se presenta un lobo disfrazado con piel de cordero. Uno puede pensar que es una buena noticia, pero hay que decir que ese islote no fue incluido en su momento junto con la reserva. Se sum\u00f3 en 2011 mediante decreto como reserva integral y necesitaba dos a\u00f1os m\u00e1s para pasar a ser ley\u201d.<\/p>\n<p>Leyendo entre l\u00edneas, \u201cal Consorcio ni a nadie le conven\u00eda porque est\u00e1 muy cerca del canal, as\u00ed que la ley cayo. Se reflot\u00f3, fue aprobado por diputados y senadores, solo falta el n\u00famero de ley, pero se le hizo una modificaci\u00f3n: le bajaron la categor\u00eda de conservaci\u00f3n\u201d.<\/p>\n<p>Seg\u00fan expres\u00f3, \u201cen 2011 se consideraba que deb\u00eda ser reserva integral, por la vulnerabilidad del islote. Ahora es solo de objetivos definidos; faun\u00edstico y educativo. Es una reserva donde se abre el juego para poner muelles, caminos\u2026 se va a impactar mucho m\u00e1s una zona tan sensible\u201d.<\/p>\n<p>A modo de cierre, y c\u00f3mo reflexi\u00f3n, fue tajante: \u201c\u00bfQui\u00e9n va a dar educaci\u00f3n ambiental? El Consorcio que ya tiene un programa de ese tipo y ya est\u00e1 sentenciada por ir en contra justamente eso. Obviamente transmitir\u00e1 un tipo de educaci\u00f3n a fin a sus intereses\u201d.<\/p>\n<p>&nbsp;<\/p>\n<p><iframe loading=\"lazy\" src=\"https:\/\/w.soundcloud.com\/player\/?url=https%3A\/\/api.soundcloud.com\/tracks\/1365465091&amp;color=%23ff5500&amp;auto_play=false&amp;hide_related=false&amp;show_comments=true&amp;show_user=true&amp;show_reposts=false&amp;show_teaser=true\" width=\"100%\" height=\"166\" frameborder=\"no\" scrolling=\"no\"><\/iframe><\/p>\n<div style=\"font-size: 10px; color: #cccccc; line-break: anywhere; word-break: normal; overflow: hidden; white-space: nowrap; text-overflow: ellipsis; font-family: Interstate,Lucida Grande,Lucida Sans Unicode,Lucida Sans,Garuda,Verdana,Tahoma,sans-serif; font-weight: 100;\"><a style=\"color: #cccccc; text-decoration: none;\" title=\"fmreflejos 103.7\" href=\"https:\/\/soundcloud.com\/fmreflejos-103-7\" target=\"_blank\" rel=\"noopener\">fmreflejos 103.7<\/a> \u00b7 <a style=\"color: #cccccc; text-decoration: none;\" title=\"Patricia Gonzalez\" href=\"https:\/\/soundcloud.com\/fmreflejos-103-7\/patricia-gonzalez\" target=\"_blank\" rel=\"noopener\">Patricia Gonzalez<\/a><\/div>\n","protected":false},"excerpt":{"rendered":"<p>Una de sus integrantes, Patricia Gonz\u00e1lez, trajo a la luz situaciones un tanto pol\u00e9micas que vinculan a ese sector gubernamental que busca el cuidado y la preservaci\u00f3n del ambiente con el Consorcio de Gesti\u00f3n del Puerto de Bah\u00eda Blanca.<\/p>\n","protected":false},"author":3,"featured_media":79099,"comment_status":"closed","ping_status":"closed","sticky":false,"template":"","format":"standard","meta":{"footnotes":""},"categories":[46,24],"tags":[48],"class_list":["post-79084","post","type-post","status-publish","format-standard","has-post-thumbnail","hentry","category-ciencia-y-tecnologia","category-politica","tag-destacada"],"yoast_head":"<!-- This site is optimized with the Yoast SEO plugin v25.9 - https:\/\/yoast.com\/wordpress\/plugins\/seo\/ -->\n<title>El personal de \u00c1reas Naturales Protegidas alerta por malos manejos en el estuario bahiense - Noticias Radio Reflejos<\/title>\n<meta name=\"robots\" content=\"index, follow, max-snippet:-1, max-image-preview:large, max-video-preview:-1\" \/>\n<link rel=\"canonical\" href=\"https:\/\/www.noticiasradioreflejos.com.ar\/2021\/el-personal-de-areas-naturales-protegidas-alerta-por-malos-manejos-en-el-estuario-bahiense\/\" \/>\n<meta property=\"og:locale\" content=\"es_ES\" \/>\n<meta property=\"og:type\" content=\"article\" \/>\n<meta property=\"og:title\" content=\"El personal de \u00c1reas Naturales Protegidas alerta por malos manejos en el estuario bahiense - Noticias Radio Reflejos\" \/>\n<meta property=\"og:description\" content=\"Una de sus integrantes, Patricia Gonz\u00e1lez, trajo a la luz situaciones un tanto pol\u00e9micas que vinculan a ese sector gubernamental que busca el cuidado y la preservaci\u00f3n del ambiente con el Consorcio de Gesti\u00f3n del Puerto de Bah\u00eda Blanca.\" \/>\n<meta property=\"og:url\" content=\"https:\/\/www.noticiasradioreflejos.com.ar\/2021\/el-personal-de-areas-naturales-protegidas-alerta-por-malos-manejos-en-el-estuario-bahiense\/\" \/>\n<meta property=\"og:site_name\" content=\"Noticias Radio Reflejos\" \/>\n<meta property=\"article:published_time\" content=\"2022-10-19T10:49:20+00:00\" \/>\n<meta property=\"article:modified_time\" content=\"2022-10-19T10:49:45+00:00\" \/>\n<meta property=\"og:image\" content=\"https:\/\/www.noticiasradioreflejos.com.ar\/2021\/wp-content\/uploads\/2022\/10\/Reserva-Natural-Bahia-Blanca.jpg\" \/>\n\t<meta property=\"og:image:width\" content=\"1024\" \/>\n\t<meta property=\"og:image:height\" content=\"683\" \/>\n\t<meta property=\"og:image:type\" content=\"image\/jpeg\" \/>\n<meta name=\"author\" content=\"Arnaldo Botto\" \/>\n<meta name=\"twitter:card\" content=\"summary_large_image\" \/>\n<script type=\"application\/ld+json\" class=\"yoast-schema-graph\">{\"@context\":\"https:\/\/schema.org\",\"@graph\":[{\"@type\":\"WebPage\",\"@id\":\"https:\/\/www.noticiasradioreflejos.com.ar\/2021\/el-personal-de-areas-naturales-protegidas-alerta-por-malos-manejos-en-el-estuario-bahiense\/\",\"url\":\"https:\/\/www.noticiasradioreflejos.com.ar\/2021\/el-personal-de-areas-naturales-protegidas-alerta-por-malos-manejos-en-el-estuario-bahiense\/\",\"name\":\"El personal de \u00c1reas Naturales Protegidas alerta por malos manejos en el estuario bahiense - Noticias Radio Reflejos\",\"isPartOf\":{\"@id\":\"https:\/\/www.noticiasradioreflejos.com.ar\/2021\/#website\"},\"primaryImageOfPage\":{\"@id\":\"https:\/\/www.noticiasradioreflejos.com.ar\/2021\/el-personal-de-areas-naturales-protegidas-alerta-por-malos-manejos-en-el-estuario-bahiense\/#primaryimage\"},\"image\":{\"@id\":\"https:\/\/www.noticiasradioreflejos.com.ar\/2021\/el-personal-de-areas-naturales-protegidas-alerta-por-malos-manejos-en-el-estuario-bahiense\/#primaryimage\"},\"thumbnailUrl\":\"https:\/\/www.noticiasradioreflejos.com.ar\/2021\/wp-content\/uploads\/2022\/10\/Reserva-Natural-Bahia-Blanca.jpg\",\"datePublished\":\"2022-10-19T10:49:20+00:00\",\"dateModified\":\"2022-10-19T10:49:45+00:00\",\"author\":{\"@id\":\"https:\/\/www.noticiasradioreflejos.com.ar\/2021\/#\/schema\/person\/ad82545263dcc5ec0996818884fd5fb1\"},\"breadcrumb\":{\"@id\":\"https:\/\/www.noticiasradioreflejos.com.ar\/2021\/el-personal-de-areas-naturales-protegidas-alerta-por-malos-manejos-en-el-estuario-bahiense\/#breadcrumb\"},\"inLanguage\":\"es\",\"potentialAction\":[{\"@type\":\"ReadAction\",\"target\":[\"https:\/\/www.noticiasradioreflejos.com.ar\/2021\/el-personal-de-areas-naturales-protegidas-alerta-por-malos-manejos-en-el-estuario-bahiense\/\"]}]},{\"@type\":\"ImageObject\",\"inLanguage\":\"es\",\"@id\":\"https:\/\/www.noticiasradioreflejos.com.ar\/2021\/el-personal-de-areas-naturales-protegidas-alerta-por-malos-manejos-en-el-estuario-bahiense\/#primaryimage\",\"url\":\"https:\/\/www.noticiasradioreflejos.com.ar\/2021\/wp-content\/uploads\/2022\/10\/Reserva-Natural-Bahia-Blanca.jpg\",\"contentUrl\":\"https:\/\/www.noticiasradioreflejos.com.ar\/2021\/wp-content\/uploads\/2022\/10\/Reserva-Natural-Bahia-Blanca.jpg\",\"width\":1024,\"height\":683},{\"@type\":\"BreadcrumbList\",\"@id\":\"https:\/\/www.noticiasradioreflejos.com.ar\/2021\/el-personal-de-areas-naturales-protegidas-alerta-por-malos-manejos-en-el-estuario-bahiense\/#breadcrumb\",\"itemListElement\":[{\"@type\":\"ListItem\",\"position\":1,\"name\":\"Portada\",\"item\":\"https:\/\/www.noticiasradioreflejos.com.ar\/2021\/\"},{\"@type\":\"ListItem\",\"position\":2,\"name\":\"El personal de \u00c1reas Naturales Protegidas alerta por malos manejos en el estuario bahiense\"}]},{\"@type\":\"WebSite\",\"@id\":\"https:\/\/www.noticiasradioreflejos.com.ar\/2021\/#website\",\"url\":\"https:\/\/www.noticiasradioreflejos.com.ar\/2021\/\",\"name\":\"Noticias Radio Reflejos\",\"description\":\"Las noticias de mi comarca\",\"potentialAction\":[{\"@type\":\"SearchAction\",\"target\":{\"@type\":\"EntryPoint\",\"urlTemplate\":\"https:\/\/www.noticiasradioreflejos.com.ar\/2021\/?s={search_term_string}\"},\"query-input\":{\"@type\":\"PropertyValueSpecification\",\"valueRequired\":true,\"valueName\":\"search_term_string\"}}],\"inLanguage\":\"es\"},{\"@type\":\"Person\",\"@id\":\"https:\/\/www.noticiasradioreflejos.com.ar\/2021\/#\/schema\/person\/ad82545263dcc5ec0996818884fd5fb1\",\"name\":\"Arnaldo Botto\",\"image\":{\"@type\":\"ImageObject\",\"inLanguage\":\"es\",\"@id\":\"https:\/\/www.noticiasradioreflejos.com.ar\/2021\/#\/schema\/person\/image\/\",\"url\":\"https:\/\/secure.gravatar.com\/avatar\/55cb5e37c1efa326397366e6974cb338056df65cb50e7d64d1cf314e87504837?s=96&d=mm&r=g\",\"contentUrl\":\"https:\/\/secure.gravatar.com\/avatar\/55cb5e37c1efa326397366e6974cb338056df65cb50e7d64d1cf314e87504837?s=96&d=mm&r=g\",\"caption\":\"Arnaldo Botto\"},\"url\":\"https:\/\/www.noticiasradioreflejos.com.ar\/2021\/author\/arnaldo\/\"}]}<\/script>\n<!-- \/ Yoast SEO plugin. -->","yoast_head_json":{"title":"El personal de \u00c1reas Naturales Protegidas alerta por malos manejos en el estuario bahiense - Noticias Radio Reflejos","robots":{"index":"index","follow":"follow","max-snippet":"max-snippet:-1","max-image-preview":"max-image-preview:large","max-video-preview":"max-video-preview:-1"},"canonical":"https:\/\/www.noticiasradioreflejos.com.ar\/2021\/el-personal-de-areas-naturales-protegidas-alerta-por-malos-manejos-en-el-estuario-bahiense\/","og_locale":"es_ES","og_type":"article","og_title":"El personal de \u00c1reas Naturales Protegidas alerta por malos manejos en el estuario bahiense - Noticias Radio Reflejos","og_description":"Una de sus integrantes, Patricia Gonz\u00e1lez, trajo a la luz situaciones un tanto pol\u00e9micas que vinculan a ese sector gubernamental que busca el cuidado y la preservaci\u00f3n del ambiente con el Consorcio de Gesti\u00f3n del Puerto de Bah\u00eda Blanca.","og_url":"https:\/\/www.noticiasradioreflejos.com.ar\/2021\/el-personal-de-areas-naturales-protegidas-alerta-por-malos-manejos-en-el-estuario-bahiense\/","og_site_name":"Noticias Radio Reflejos","article_published_time":"2022-10-19T10:49:20+00:00","article_modified_time":"2022-10-19T10:49:45+00:00","og_image":[{"width":1024,"height":683,"url":"https:\/\/www.noticiasradioreflejos.com.ar\/2021\/wp-content\/uploads\/2022\/10\/Reserva-Natural-Bahia-Blanca.jpg","type":"image\/jpeg"}],"author":"Arnaldo Botto","twitter_card":"summary_large_image","schema":{"@context":"https:\/\/schema.org","@graph":[{"@type":"WebPage","@id":"https:\/\/www.noticiasradioreflejos.com.ar\/2021\/el-personal-de-areas-naturales-protegidas-alerta-por-malos-manejos-en-el-estuario-bahiense\/","url":"https:\/\/www.noticiasradioreflejos.com.ar\/2021\/el-personal-de-areas-naturales-protegidas-alerta-por-malos-manejos-en-el-estuario-bahiense\/","name":"El personal de \u00c1reas Naturales Protegidas alerta por malos manejos en el estuario bahiense - Noticias Radio Reflejos","isPartOf":{"@id":"https:\/\/www.noticiasradioreflejos.com.ar\/2021\/#website"},"primaryImageOfPage":{"@id":"https:\/\/www.noticiasradioreflejos.com.ar\/2021\/el-personal-de-areas-naturales-protegidas-alerta-por-malos-manejos-en-el-estuario-bahiense\/#primaryimage"},"image":{"@id":"https:\/\/www.noticiasradioreflejos.com.ar\/2021\/el-personal-de-areas-naturales-protegidas-alerta-por-malos-manejos-en-el-estuario-bahiense\/#primaryimage"},"thumbnailUrl":"https:\/\/www.noticiasradioreflejos.com.ar\/2021\/wp-content\/uploads\/2022\/10\/Reserva-Natural-Bahia-Blanca.jpg","datePublished":"2022-10-19T10:49:20+00:00","dateModified":"2022-10-19T10:49:45+00:00","author":{"@id":"https:\/\/www.noticiasradioreflejos.com.ar\/2021\/#\/schema\/person\/ad82545263dcc5ec0996818884fd5fb1"},"breadcrumb":{"@id":"https:\/\/www.noticiasradioreflejos.com.ar\/2021\/el-personal-de-areas-naturales-protegidas-alerta-por-malos-manejos-en-el-estuario-bahiense\/#breadcrumb"},"inLanguage":"es","potentialAction":[{"@type":"ReadAction","target":["https:\/\/www.noticiasradioreflejos.com.ar\/2021\/el-personal-de-areas-naturales-protegidas-alerta-por-malos-manejos-en-el-estuario-bahiense\/"]}]},{"@type":"ImageObject","inLanguage":"es","@id":"https:\/\/www.noticiasradioreflejos.com.ar\/2021\/el-personal-de-areas-naturales-protegidas-alerta-por-malos-manejos-en-el-estuario-bahiense\/#primaryimage","url":"https:\/\/www.noticiasradioreflejos.com.ar\/2021\/wp-content\/uploads\/2022\/10\/Reserva-Natural-Bahia-Blanca.jpg","contentUrl":"https:\/\/www.noticiasradioreflejos.com.ar\/2021\/wp-content\/uploads\/2022\/10\/Reserva-Natural-Bahia-Blanca.jpg","width":1024,"height":683},{"@type":"BreadcrumbList","@id":"https:\/\/www.noticiasradioreflejos.com.ar\/2021\/el-personal-de-areas-naturales-protegidas-alerta-por-malos-manejos-en-el-estuario-bahiense\/#breadcrumb","itemListElement":[{"@type":"ListItem","position":1,"name":"Portada","item":"https:\/\/www.noticiasradioreflejos.com.ar\/2021\/"},{"@type":"ListItem","position":2,"name":"El personal de \u00c1reas Naturales Protegidas alerta por malos manejos en el estuario bahiense"}]},{"@type":"WebSite","@id":"https:\/\/www.noticiasradioreflejos.com.ar\/2021\/#website","url":"https:\/\/www.noticiasradioreflejos.com.ar\/2021\/","name":"Noticias Radio Reflejos","description":"Las noticias de mi comarca","potentialAction":[{"@type":"SearchAction","target":{"@type":"EntryPoint","urlTemplate":"https:\/\/www.noticiasradioreflejos.com.ar\/2021\/?s={search_term_string}"},"query-input":{"@type":"PropertyValueSpecification","valueRequired":true,"valueName":"search_term_string"}}],"inLanguage":"es"},{"@type":"Person","@id":"https:\/\/www.noticiasradioreflejos.com.ar\/2021\/#\/schema\/person\/ad82545263dcc5ec0996818884fd5fb1","name":"Arnaldo Botto","image":{"@type":"ImageObject","inLanguage":"es","@id":"https:\/\/www.noticiasradioreflejos.com.ar\/2021\/#\/schema\/person\/image\/","url":"https:\/\/secure.gravatar.com\/avatar\/55cb5e37c1efa326397366e6974cb338056df65cb50e7d64d1cf314e87504837?s=96&d=mm&r=g","contentUrl":"https:\/\/secure.gravatar.com\/avatar\/55cb5e37c1efa326397366e6974cb338056df65cb50e7d64d1cf314e87504837?s=96&d=mm&r=g","caption":"Arnaldo Botto"},"url":"https:\/\/www.noticiasradioreflejos.com.ar\/2021\/author\/arnaldo\/"}]}},"_links":{"self":[{"href":"https:\/\/www.noticiasradioreflejos.com.ar\/2021\/wp-json\/wp\/v2\/posts\/79084","targetHints":{"allow":["GET"]}}],"collection":[{"href":"https:\/\/www.noticiasradioreflejos.com.ar\/2021\/wp-json\/wp\/v2\/posts"}],"about":[{"href":"https:\/\/www.noticiasradioreflejos.com.ar\/2021\/wp-json\/wp\/v2\/types\/post"}],"author":[{"embeddable":true,"href":"https:\/\/www.noticiasradioreflejos.com.ar\/2021\/wp-json\/wp\/v2\/users\/3"}],"replies":[{"embeddable":true,"href":"https:\/\/www.noticiasradioreflejos.com.ar\/2021\/wp-json\/wp\/v2\/comments?post=79084"}],"version-history":[{"count":2,"href":"https:\/\/www.noticiasradioreflejos.com.ar\/2021\/wp-json\/wp\/v2\/posts\/79084\/revisions"}],"predecessor-version":[{"id":79100,"href":"https:\/\/www.noticiasradioreflejos.com.ar\/2021\/wp-json\/wp\/v2\/posts\/79084\/revisions\/79100"}],"wp:featuredmedia":[{"embeddable":true,"href":"https:\/\/www.noticiasradioreflejos.com.ar\/2021\/wp-json\/wp\/v2\/media\/79099"}],"wp:attachment":[{"href":"https:\/\/www.noticiasradioreflejos.com.ar\/2021\/wp-json\/wp\/v2\/media?parent=79084"}],"wp:term":[{"taxonomy":"category","embeddable":true,"href":"https:\/\/www.noticiasradioreflejos.com.ar\/2021\/wp-json\/wp\/v2\/categories?post=79084"},{"taxonomy":"post_tag","embeddable":true,"href":"https:\/\/www.noticiasradioreflejos.com.ar\/2021\/wp-json\/wp\/v2\/tags?post=79084"}],"curies":[{"name":"wp","href":"https:\/\/api.w.org\/{rel}","templated":true}]}}