{"id":79068,"date":"2022-10-18T14:50:18","date_gmt":"2022-10-18T14:50:18","guid":{"rendered":"http:\/\/www.noticiasradioreflejos.com.ar\/2021\/?p=79068"},"modified":"2022-10-18T14:51:52","modified_gmt":"2022-10-18T14:51:52","slug":"vandalismo-en-la-feria-artesanal-de-sierra-esto-fue-la-gota-que-rebalso-el-vaso","status":"publish","type":"post","link":"https:\/\/www.noticiasradioreflejos.com.ar\/2021\/vandalismo-en-la-feria-artesanal-de-sierra-esto-fue-la-gota-que-rebalso-el-vaso\/","title":{"rendered":"Vandalismo en la Feria Artesanal de Sierra: \u201cEsto fue la gota que rebals\u00f3 el vaso\u201d"},"content":{"rendered":"<p><strong>Esther Lohrmaan,<\/strong> una de las damnificadas, explic\u00f3 lo sucedido y aclar\u00f3: \u201cNecesitamos m\u00e1s iluminaci\u00f3n y c\u00e1maras para registrar lo que hacen y saber qui\u00e9nes son\u201d.<!--more--><\/p>\n<p><a title=\"Vandalismo Feria Artesanal (1)\" href=\"https:\/\/www.flickr.com\/photos\/182279889@N02\/52437544715\/in\/dateposted-public\/\" data-flickr-embed=\"true\"><img loading=\"lazy\" decoding=\"async\" class=\"alignleft\" src=\"https:\/\/live.staticflickr.com\/65535\/52437544715_851ed162e4_z.jpg\" alt=\"Vandalismo Feria Artesanal (1)\" width=\"356\" height=\"524\" \/><\/a><\/p>\n<p>Lamentablemente hay gente que se divierte estropeando el esfuerzo ajeno. Esto viene ocurriendo ya de un tiempo en la Feria Artesanal de Sierra de la Ventana, aunque el pasado fin de semana la situaci\u00f3n escal\u00f3 a mayores.<\/p>\n<p>Al respecto, la artesana Esther Lohrmaan cont\u00f3 que \u201cel domingo a la madrugada nos abrieron varias de las bauleras; es el lugar que est\u00e1 debajo de donde apoyamos nuestras artesan\u00edas. No se llevaron mercader\u00eda, sino que las tiraron\u201d.<\/p>\n<p>Dando detalles de los destrozos, explic\u00f3 que \u201carrancaron las maderas de tres de los puestos. Buscaron hacerlo en un cuarto y no lo lograron. Estamos indignados y tristes. Lo hacemos todo a pulm\u00f3n. No le pedimos nada a nadie. Muchas veces encontramos cosas rotas y siempre las reponemos\u201d.<\/p>\n<p>Con mucho pesar en su voz, mencion\u00f3 que \u201cduele ver la sa\u00f1a que tienen con nosotros. Le ponemos el coraz\u00f3n a la feria. La queremos poner linda. Las cuidamos. Fue muy triste esto \u00faltimo que pas\u00f3. \u00bfPor qu\u00e9 en nuestro pueblo? Siempre fue seguro y de pronto tanta sa\u00f1a\u2026 romper todo\u2026 es muy triste\u201d.<\/p>\n<p>Tratando de encontrar un sentido a lo vivido, desliz\u00f3: \u201cNo s\u00e9 si buscaban otras cosas y no las encontramos. Todos los fines de semana pasa algo, pero esto fue la gota que rebals\u00f3 el vaso, porque buscaron fue abrir todas las bauleras. Necesitamos que se pongan c\u00e1maras para saber qui\u00e9nes est\u00e1n haciendo esto. Necesitamos la ayuda del municipio y de la polic\u00eda\u201d.<\/p>\n<p>En otro pasaje de la charla confirm\u00f3 que \u201ctenemos denuncia de todo. Lo que pedimos es que nos ayuden a saber qui\u00e9nes act\u00faan de esta manera. No se dan cuenta del sacrificio que hacemos. Es todo a pulm\u00f3n. Hasta los tablones los compramos nosotros\u201d.<\/p>\n<p>Al tiempo que enumerando posibles soluciones, subray\u00f3 que \u201cnecesitamos m\u00e1s iluminaci\u00f3n y c\u00e1maras para registrar lo que hacen y saber qui\u00e9nes son. Es una zona que est\u00e1 muy oscura, especialmente los puestos de atr\u00e1s. Pero nosotros no contamos con los medios econ\u00f3micos para poner una red de iluminaci\u00f3n importante\u201d.<\/p>\n<p>&nbsp;<\/p>\n<p>&nbsp;<\/p>\n<p><iframe loading=\"lazy\" src=\"https:\/\/w.soundcloud.com\/player\/?url=https%3A\/\/api.soundcloud.com\/tracks\/1365427111&amp;color=%23ff5500&amp;auto_play=false&amp;hide_related=false&amp;show_comments=true&amp;show_user=true&amp;show_reposts=false&amp;show_teaser=true\" width=\"100%\" height=\"166\" frameborder=\"no\" scrolling=\"no\"><\/iframe><\/p>\n<div style=\"font-size: 10px; color: #cccccc; line-break: anywhere; word-break: normal; overflow: hidden; white-space: nowrap; text-overflow: ellipsis; font-family: Interstate,Lucida Grande,Lucida Sans Unicode,Lucida Sans,Garuda,Verdana,Tahoma,sans-serif; font-weight: 100;\"><a style=\"color: #cccccc; text-decoration: none;\" title=\"fmreflejos 103.7\" href=\"https:\/\/soundcloud.com\/fmreflejos-103-7\" target=\"_blank\" rel=\"noopener\">fmreflejos 103.7<\/a> \u00b7 <a style=\"color: #cccccc; text-decoration: none;\" title=\"Esther Lohrmaan\" href=\"https:\/\/soundcloud.com\/fmreflejos-103-7\/esther-lohrmaan\" target=\"_blank\" rel=\"noopener\">Esther Lohrmaan<\/a><\/div>\n<p><a data-flickr-embed=\"true\" href=\"https:\/\/www.flickr.com\/photos\/182279889@N02\/52437544735\/in\/dateposted-public\/\" title=\"Vandalismo Feria Artesanal (3)\"><img loading=\"lazy\" decoding=\"async\" src=\"https:\/\/live.staticflickr.com\/65535\/52437544735_e77c0a87f9_z.jpg\" width=\"360\" height=\"640\" alt=\"Vandalismo Feria Artesanal (3)\"><\/a><script async src=\"\/\/embedr.flickr.com\/assets\/client-code.js\" charset=\"utf-8\"><\/script><\/p>\n","protected":false},"excerpt":{"rendered":"<p>Esther Lohrmaan, una de las damnificadas, explic\u00f3 lo sucedido y aclar\u00f3: \u201cNecesitamos m\u00e1s iluminaci\u00f3n y c\u00e1maras para registrar lo que hacen y saber qui\u00e9nes son\u201d.<\/p>\n","protected":false},"author":3,"featured_media":0,"comment_status":"closed","ping_status":"closed","sticky":false,"template":"","format":"standard","meta":{"footnotes":""},"categories":[29],"tags":[48],"class_list":["post-79068","post","type-post","status-publish","format-standard","hentry","category-policiales","tag-destacada"],"yoast_head":"<!-- This site is optimized with the Yoast SEO plugin v25.9 - https:\/\/yoast.com\/wordpress\/plugins\/seo\/ -->\n<title>Vandalismo en la Feria Artesanal de Sierra: \u201cEsto fue la gota que rebals\u00f3 el vaso\u201d - Noticias Radio Reflejos<\/title>\n<meta name=\"robots\" content=\"index, follow, max-snippet:-1, max-image-preview:large, max-video-preview:-1\" \/>\n<link rel=\"canonical\" href=\"https:\/\/www.noticiasradioreflejos.com.ar\/2021\/vandalismo-en-la-feria-artesanal-de-sierra-esto-fue-la-gota-que-rebalso-el-vaso\/\" \/>\n<meta property=\"og:locale\" content=\"es_ES\" \/>\n<meta property=\"og:type\" content=\"article\" \/>\n<meta property=\"og:title\" content=\"Vandalismo en la Feria Artesanal de Sierra: \u201cEsto fue la gota que rebals\u00f3 el vaso\u201d - Noticias Radio Reflejos\" \/>\n<meta property=\"og:description\" content=\"Esther Lohrmaan, una de las damnificadas, explic\u00f3 lo sucedido y aclar\u00f3: \u201cNecesitamos m\u00e1s iluminaci\u00f3n y c\u00e1maras para registrar lo que hacen y saber qui\u00e9nes son\u201d.\" \/>\n<meta property=\"og:url\" content=\"https:\/\/www.noticiasradioreflejos.com.ar\/2021\/vandalismo-en-la-feria-artesanal-de-sierra-esto-fue-la-gota-que-rebalso-el-vaso\/\" \/>\n<meta property=\"og:site_name\" content=\"Noticias Radio Reflejos\" \/>\n<meta property=\"article:published_time\" content=\"2022-10-18T14:50:18+00:00\" \/>\n<meta property=\"article:modified_time\" content=\"2022-10-18T14:51:52+00:00\" \/>\n<meta property=\"og:image\" content=\"https:\/\/live.staticflickr.com\/65535\/52437544715_851ed162e4_z.jpg\" \/>\n<meta name=\"author\" content=\"Arnaldo Botto\" \/>\n<meta name=\"twitter:card\" content=\"summary_large_image\" \/>\n<script type=\"application\/ld+json\" class=\"yoast-schema-graph\">{\"@context\":\"https:\/\/schema.org\",\"@graph\":[{\"@type\":\"WebPage\",\"@id\":\"https:\/\/www.noticiasradioreflejos.com.ar\/2021\/vandalismo-en-la-feria-artesanal-de-sierra-esto-fue-la-gota-que-rebalso-el-vaso\/\",\"url\":\"https:\/\/www.noticiasradioreflejos.com.ar\/2021\/vandalismo-en-la-feria-artesanal-de-sierra-esto-fue-la-gota-que-rebalso-el-vaso\/\",\"name\":\"Vandalismo en la Feria Artesanal de Sierra: \u201cEsto fue la gota que rebals\u00f3 el vaso\u201d - Noticias Radio Reflejos\",\"isPartOf\":{\"@id\":\"https:\/\/www.noticiasradioreflejos.com.ar\/2021\/#website\"},\"primaryImageOfPage\":{\"@id\":\"https:\/\/www.noticiasradioreflejos.com.ar\/2021\/vandalismo-en-la-feria-artesanal-de-sierra-esto-fue-la-gota-que-rebalso-el-vaso\/#primaryimage\"},\"image\":{\"@id\":\"https:\/\/www.noticiasradioreflejos.com.ar\/2021\/vandalismo-en-la-feria-artesanal-de-sierra-esto-fue-la-gota-que-rebalso-el-vaso\/#primaryimage\"},\"thumbnailUrl\":\"https:\/\/live.staticflickr.com\/65535\/52437544715_851ed162e4_z.jpg\",\"datePublished\":\"2022-10-18T14:50:18+00:00\",\"dateModified\":\"2022-10-18T14:51:52+00:00\",\"author\":{\"@id\":\"https:\/\/www.noticiasradioreflejos.com.ar\/2021\/#\/schema\/person\/ad82545263dcc5ec0996818884fd5fb1\"},\"breadcrumb\":{\"@id\":\"https:\/\/www.noticiasradioreflejos.com.ar\/2021\/vandalismo-en-la-feria-artesanal-de-sierra-esto-fue-la-gota-que-rebalso-el-vaso\/#breadcrumb\"},\"inLanguage\":\"es\",\"potentialAction\":[{\"@type\":\"ReadAction\",\"target\":[\"https:\/\/www.noticiasradioreflejos.com.ar\/2021\/vandalismo-en-la-feria-artesanal-de-sierra-esto-fue-la-gota-que-rebalso-el-vaso\/\"]}]},{\"@type\":\"ImageObject\",\"inLanguage\":\"es\",\"@id\":\"https:\/\/www.noticiasradioreflejos.com.ar\/2021\/vandalismo-en-la-feria-artesanal-de-sierra-esto-fue-la-gota-que-rebalso-el-vaso\/#primaryimage\",\"url\":\"https:\/\/live.staticflickr.com\/65535\/52437544715_851ed162e4_z.jpg\",\"contentUrl\":\"https:\/\/live.staticflickr.com\/65535\/52437544715_851ed162e4_z.jpg\"},{\"@type\":\"BreadcrumbList\",\"@id\":\"https:\/\/www.noticiasradioreflejos.com.ar\/2021\/vandalismo-en-la-feria-artesanal-de-sierra-esto-fue-la-gota-que-rebalso-el-vaso\/#breadcrumb\",\"itemListElement\":[{\"@type\":\"ListItem\",\"position\":1,\"name\":\"Portada\",\"item\":\"https:\/\/www.noticiasradioreflejos.com.ar\/2021\/\"},{\"@type\":\"ListItem\",\"position\":2,\"name\":\"Vandalismo en la Feria Artesanal de Sierra: \u201cEsto fue la gota que rebals\u00f3 el vaso\u201d\"}]},{\"@type\":\"WebSite\",\"@id\":\"https:\/\/www.noticiasradioreflejos.com.ar\/2021\/#website\",\"url\":\"https:\/\/www.noticiasradioreflejos.com.ar\/2021\/\",\"name\":\"Noticias Radio Reflejos\",\"description\":\"Las noticias de mi comarca\",\"potentialAction\":[{\"@type\":\"SearchAction\",\"target\":{\"@type\":\"EntryPoint\",\"urlTemplate\":\"https:\/\/www.noticiasradioreflejos.com.ar\/2021\/?s={search_term_string}\"},\"query-input\":{\"@type\":\"PropertyValueSpecification\",\"valueRequired\":true,\"valueName\":\"search_term_string\"}}],\"inLanguage\":\"es\"},{\"@type\":\"Person\",\"@id\":\"https:\/\/www.noticiasradioreflejos.com.ar\/2021\/#\/schema\/person\/ad82545263dcc5ec0996818884fd5fb1\",\"name\":\"Arnaldo Botto\",\"image\":{\"@type\":\"ImageObject\",\"inLanguage\":\"es\",\"@id\":\"https:\/\/www.noticiasradioreflejos.com.ar\/2021\/#\/schema\/person\/image\/\",\"url\":\"https:\/\/secure.gravatar.com\/avatar\/55cb5e37c1efa326397366e6974cb338056df65cb50e7d64d1cf314e87504837?s=96&d=mm&r=g\",\"contentUrl\":\"https:\/\/secure.gravatar.com\/avatar\/55cb5e37c1efa326397366e6974cb338056df65cb50e7d64d1cf314e87504837?s=96&d=mm&r=g\",\"caption\":\"Arnaldo Botto\"},\"url\":\"https:\/\/www.noticiasradioreflejos.com.ar\/2021\/author\/arnaldo\/\"}]}<\/script>\n<!-- \/ Yoast SEO plugin. -->","yoast_head_json":{"title":"Vandalismo en la Feria Artesanal de Sierra: \u201cEsto fue la gota que rebals\u00f3 el vaso\u201d - Noticias Radio Reflejos","robots":{"index":"index","follow":"follow","max-snippet":"max-snippet:-1","max-image-preview":"max-image-preview:large","max-video-preview":"max-video-preview:-1"},"canonical":"https:\/\/www.noticiasradioreflejos.com.ar\/2021\/vandalismo-en-la-feria-artesanal-de-sierra-esto-fue-la-gota-que-rebalso-el-vaso\/","og_locale":"es_ES","og_type":"article","og_title":"Vandalismo en la Feria Artesanal de Sierra: \u201cEsto fue la gota que rebals\u00f3 el vaso\u201d - Noticias Radio Reflejos","og_description":"Esther Lohrmaan, una de las damnificadas, explic\u00f3 lo sucedido y aclar\u00f3: \u201cNecesitamos m\u00e1s iluminaci\u00f3n y c\u00e1maras para registrar lo que hacen y saber qui\u00e9nes son\u201d.","og_url":"https:\/\/www.noticiasradioreflejos.com.ar\/2021\/vandalismo-en-la-feria-artesanal-de-sierra-esto-fue-la-gota-que-rebalso-el-vaso\/","og_site_name":"Noticias Radio Reflejos","article_published_time":"2022-10-18T14:50:18+00:00","article_modified_time":"2022-10-18T14:51:52+00:00","og_image":[{"url":"https:\/\/live.staticflickr.com\/65535\/52437544715_851ed162e4_z.jpg","type":"","width":"","height":""}],"author":"Arnaldo Botto","twitter_card":"summary_large_image","schema":{"@context":"https:\/\/schema.org","@graph":[{"@type":"WebPage","@id":"https:\/\/www.noticiasradioreflejos.com.ar\/2021\/vandalismo-en-la-feria-artesanal-de-sierra-esto-fue-la-gota-que-rebalso-el-vaso\/","url":"https:\/\/www.noticiasradioreflejos.com.ar\/2021\/vandalismo-en-la-feria-artesanal-de-sierra-esto-fue-la-gota-que-rebalso-el-vaso\/","name":"Vandalismo en la Feria Artesanal de Sierra: \u201cEsto fue la gota que rebals\u00f3 el vaso\u201d - Noticias Radio Reflejos","isPartOf":{"@id":"https:\/\/www.noticiasradioreflejos.com.ar\/2021\/#website"},"primaryImageOfPage":{"@id":"https:\/\/www.noticiasradioreflejos.com.ar\/2021\/vandalismo-en-la-feria-artesanal-de-sierra-esto-fue-la-gota-que-rebalso-el-vaso\/#primaryimage"},"image":{"@id":"https:\/\/www.noticiasradioreflejos.com.ar\/2021\/vandalismo-en-la-feria-artesanal-de-sierra-esto-fue-la-gota-que-rebalso-el-vaso\/#primaryimage"},"thumbnailUrl":"https:\/\/live.staticflickr.com\/65535\/52437544715_851ed162e4_z.jpg","datePublished":"2022-10-18T14:50:18+00:00","dateModified":"2022-10-18T14:51:52+00:00","author":{"@id":"https:\/\/www.noticiasradioreflejos.com.ar\/2021\/#\/schema\/person\/ad82545263dcc5ec0996818884fd5fb1"},"breadcrumb":{"@id":"https:\/\/www.noticiasradioreflejos.com.ar\/2021\/vandalismo-en-la-feria-artesanal-de-sierra-esto-fue-la-gota-que-rebalso-el-vaso\/#breadcrumb"},"inLanguage":"es","potentialAction":[{"@type":"ReadAction","target":["https:\/\/www.noticiasradioreflejos.com.ar\/2021\/vandalismo-en-la-feria-artesanal-de-sierra-esto-fue-la-gota-que-rebalso-el-vaso\/"]}]},{"@type":"ImageObject","inLanguage":"es","@id":"https:\/\/www.noticiasradioreflejos.com.ar\/2021\/vandalismo-en-la-feria-artesanal-de-sierra-esto-fue-la-gota-que-rebalso-el-vaso\/#primaryimage","url":"https:\/\/live.staticflickr.com\/65535\/52437544715_851ed162e4_z.jpg","contentUrl":"https:\/\/live.staticflickr.com\/65535\/52437544715_851ed162e4_z.jpg"},{"@type":"BreadcrumbList","@id":"https:\/\/www.noticiasradioreflejos.com.ar\/2021\/vandalismo-en-la-feria-artesanal-de-sierra-esto-fue-la-gota-que-rebalso-el-vaso\/#breadcrumb","itemListElement":[{"@type":"ListItem","position":1,"name":"Portada","item":"https:\/\/www.noticiasradioreflejos.com.ar\/2021\/"},{"@type":"ListItem","position":2,"name":"Vandalismo en la Feria Artesanal de Sierra: \u201cEsto fue la gota que rebals\u00f3 el vaso\u201d"}]},{"@type":"WebSite","@id":"https:\/\/www.noticiasradioreflejos.com.ar\/2021\/#website","url":"https:\/\/www.noticiasradioreflejos.com.ar\/2021\/","name":"Noticias Radio Reflejos","description":"Las noticias de mi comarca","potentialAction":[{"@type":"SearchAction","target":{"@type":"EntryPoint","urlTemplate":"https:\/\/www.noticiasradioreflejos.com.ar\/2021\/?s={search_term_string}"},"query-input":{"@type":"PropertyValueSpecification","valueRequired":true,"valueName":"search_term_string"}}],"inLanguage":"es"},{"@type":"Person","@id":"https:\/\/www.noticiasradioreflejos.com.ar\/2021\/#\/schema\/person\/ad82545263dcc5ec0996818884fd5fb1","name":"Arnaldo Botto","image":{"@type":"ImageObject","inLanguage":"es","@id":"https:\/\/www.noticiasradioreflejos.com.ar\/2021\/#\/schema\/person\/image\/","url":"https:\/\/secure.gravatar.com\/avatar\/55cb5e37c1efa326397366e6974cb338056df65cb50e7d64d1cf314e87504837?s=96&d=mm&r=g","contentUrl":"https:\/\/secure.gravatar.com\/avatar\/55cb5e37c1efa326397366e6974cb338056df65cb50e7d64d1cf314e87504837?s=96&d=mm&r=g","caption":"Arnaldo Botto"},"url":"https:\/\/www.noticiasradioreflejos.com.ar\/2021\/author\/arnaldo\/"}]}},"_links":{"self":[{"href":"https:\/\/www.noticiasradioreflejos.com.ar\/2021\/wp-json\/wp\/v2\/posts\/79068","targetHints":{"allow":["GET"]}}],"collection":[{"href":"https:\/\/www.noticiasradioreflejos.com.ar\/2021\/wp-json\/wp\/v2\/posts"}],"about":[{"href":"https:\/\/www.noticiasradioreflejos.com.ar\/2021\/wp-json\/wp\/v2\/types\/post"}],"author":[{"embeddable":true,"href":"https:\/\/www.noticiasradioreflejos.com.ar\/2021\/wp-json\/wp\/v2\/users\/3"}],"replies":[{"embeddable":true,"href":"https:\/\/www.noticiasradioreflejos.com.ar\/2021\/wp-json\/wp\/v2\/comments?post=79068"}],"version-history":[{"count":2,"href":"https:\/\/www.noticiasradioreflejos.com.ar\/2021\/wp-json\/wp\/v2\/posts\/79068\/revisions"}],"predecessor-version":[{"id":79071,"href":"https:\/\/www.noticiasradioreflejos.com.ar\/2021\/wp-json\/wp\/v2\/posts\/79068\/revisions\/79071"}],"wp:attachment":[{"href":"https:\/\/www.noticiasradioreflejos.com.ar\/2021\/wp-json\/wp\/v2\/media?parent=79068"}],"wp:term":[{"taxonomy":"category","embeddable":true,"href":"https:\/\/www.noticiasradioreflejos.com.ar\/2021\/wp-json\/wp\/v2\/categories?post=79068"},{"taxonomy":"post_tag","embeddable":true,"href":"https:\/\/www.noticiasradioreflejos.com.ar\/2021\/wp-json\/wp\/v2\/tags?post=79068"}],"curies":[{"name":"wp","href":"https:\/\/api.w.org\/{rel}","templated":true}]}}