{"id":79064,"date":"2022-10-18T14:31:23","date_gmt":"2022-10-18T14:31:23","guid":{"rendered":"http:\/\/www.noticiasradioreflejos.com.ar\/2021\/?p=79064"},"modified":"2022-10-18T14:31:23","modified_gmt":"2022-10-18T14:31:23","slug":"allanamiento-por-pornografia-infantil-la-investigacion-se-centra-sobre-uno-de-los-moradores","status":"publish","type":"post","link":"https:\/\/www.noticiasradioreflejos.com.ar\/2021\/allanamiento-por-pornografia-infantil-la-investigacion-se-centra-sobre-uno-de-los-moradores\/","title":{"rendered":"Allanamiento por pornograf\u00eda infantil: \u201cla investigaci\u00f3n se centra sobre uno de los moradores\u201d"},"content":{"rendered":"<p>El Oficial Principal Franco Ragni brind\u00f3 detalles sobre el operativo realizado esta madrugada en una vivienda de calle Estrada, en Sierra de la Ventana. \u201cNo tuvimos ning\u00fan tipo de resistencia\u201d confirm\u00f3.<!--more--><\/p>\n<p>Toda la comarca a\u00fan se encuentra perpleja por una causa que sali\u00f3 a la luz hace pocas horas, enmarcada dentro de uno de los peores vej\u00e1menes de nuestra sociedad: la pornograf\u00eda infantil.<\/p>\n<p>Al respecto el oficial principal Franco Ragni brind\u00f3 detalles del operativo realizado en las primeras horas de este martes. Al respecto, inici\u00f3 diciendo que \u201ctanto mi personal como yo no dormimos anoche\u201d.<\/p>\n<p>Seg\u00fan manifest\u00f3, \u201ces una causa que la inici\u00f3 la Divisi\u00f3n de Cibercrimen, es una investigaci\u00f3n que la llevaron ellos a cabo y en el d\u00eda de la fecha, el Juzgado de Garant\u00edas N\u00b0 4, ordena el allanamiento a una finca en la calle Estrada al 100, por lo que com\u00fanmente se conoce como pornograf\u00eda infantil\u201d.<\/p>\n<p>Como resultado de esto \u201cse logr\u00f3 secuestrar la totalidad de los artefactos electr\u00f3nicos, ya sea celulares y computadoras. Si bien no hay medidas restrictivas de libertad para los moradores de la finca, el allanamiento fue altamente positivo\u201d.<\/p>\n<p>Buscando dar m\u00e1s precisiones, confirm\u00f3 que \u201ces una investigaci\u00f3n que lleva mucho tiempo. La Divisi\u00f3n de Cibercrimen cuenta con el conocimiento y las herramientas necesarias. Seg\u00fan me comentaron hace varios meses estaban tras los pasos\u201d.<\/p>\n<p><a title=\"Allanamiento delitos complejos (2)\" href=\"https:\/\/www.flickr.com\/photos\/182279889@N02\/52436685926\/in\/dateposted-public\/\" data-flickr-embed=\"true\"><img loading=\"lazy\" decoding=\"async\" class=\"aligncenter\" src=\"https:\/\/live.staticflickr.com\/65535\/52436685926_2cf4aa3eaf_z.jpg\" alt=\"Allanamiento delitos complejos (2)\" width=\"772\" height=\"434\" \/><\/a><\/p>\n<p>En tanto que en lo que sigue, \u201cahora la investigaci\u00f3n sigue su curso. Esta Divisi\u00f3n deber\u00e1 analizar las im\u00e1genes, los videos. No se descarta que en un futuro haya una medida restrictiva para la persona que vive ah\u00ed. Ahora viene la etapa donde la justicia toma estas pruebas y determina qu\u00e9 se hace\u201d.<\/p>\n<p>Tratando de explicar los pasos dados y los que vendr\u00e1n a futuro, el oficial explic\u00f3 que \u201ctoda investigaci\u00f3n tiene tres etapas. El antes, donde se recopila pruebas para solicitar un allanamiento. Luego el durante, que es el allanamiento. Y despu\u00e9s la etapa posterior, donde se pone toda esa prueba para vincularla a la causa\u201d.<\/p>\n<p>Volviendo a lo ocurrido en la madrugada, Ragni inform\u00f3 que \u201ccuando nosotros ingresamos hab\u00eda un hombre y una se\u00f1ora. La investigaci\u00f3n se centra sobre uno de los moradores. No tuvimos ning\u00fan tipo de resistencia, hubo plena colaboraci\u00f3n de los moradores\u201d.<\/p>\n<p>Por \u00faltimo sostuvo que para este procedimiento \u201cvinieron unos cinco efectivos de Cibercrimen, m\u00e1s la colaboraci\u00f3n de la Subestaci\u00f3n a mi cargo. Llev\u00f3 un tiempo porque hubo que registrar la propiedad y la requisa personal, adem\u00e1s de la identificaci\u00f3n de los mismos\u201d.<\/p>\n<p><iframe loading=\"lazy\" src=\"https:\/\/w.soundcloud.com\/player\/?url=https%3A\/\/api.soundcloud.com\/tracks\/1365407413&amp;color=%23ff5500&amp;auto_play=false&amp;hide_related=false&amp;show_comments=true&amp;show_user=true&amp;show_reposts=false&amp;show_teaser=true\" width=\"100%\" height=\"166\" frameborder=\"no\" scrolling=\"no\"><\/iframe><\/p>\n<div style=\"font-size: 10px; color: #cccccc; line-break: anywhere; word-break: normal; overflow: hidden; white-space: nowrap; text-overflow: ellipsis; font-family: Interstate,Lucida Grande,Lucida Sans Unicode,Lucida Sans,Garuda,Verdana,Tahoma,sans-serif; font-weight: 100;\"><a style=\"color: #cccccc; text-decoration: none;\" title=\"fmreflejos 103.7\" href=\"https:\/\/soundcloud.com\/fmreflejos-103-7\" target=\"_blank\" rel=\"noopener\">fmreflejos 103.7<\/a> \u00b7 <a style=\"color: #cccccc; text-decoration: none;\" title=\"Franco Ragni\" href=\"https:\/\/soundcloud.com\/fmreflejos-103-7\/franco-ragni-2\" target=\"_blank\" rel=\"noopener\">Franco Ragni<\/a><\/div>\n","protected":false},"excerpt":{"rendered":"<p>El Oficial Principal Franco Ragni brind\u00f3 detalles sobre el operativo realizado esta madrugada en una vivienda de calle Estrada, en Sierra de la Ventana. \u201cNo tuvimos ning\u00fan tipo de resistencia\u201d confirm\u00f3.<\/p>\n","protected":false},"author":3,"featured_media":0,"comment_status":"closed","ping_status":"closed","sticky":false,"template":"","format":"standard","meta":{"footnotes":""},"categories":[29],"tags":[48],"class_list":["post-79064","post","type-post","status-publish","format-standard","hentry","category-policiales","tag-destacada"],"yoast_head":"<!-- This site is optimized with the Yoast SEO plugin v25.9 - https:\/\/yoast.com\/wordpress\/plugins\/seo\/ -->\n<title>Allanamiento por pornograf\u00eda infantil: \u201cla investigaci\u00f3n se centra sobre uno de los moradores\u201d - Noticias Radio Reflejos<\/title>\n<meta name=\"robots\" content=\"index, follow, max-snippet:-1, max-image-preview:large, max-video-preview:-1\" \/>\n<link rel=\"canonical\" href=\"https:\/\/www.noticiasradioreflejos.com.ar\/2021\/allanamiento-por-pornografia-infantil-la-investigacion-se-centra-sobre-uno-de-los-moradores\/\" \/>\n<meta property=\"og:locale\" content=\"es_ES\" \/>\n<meta property=\"og:type\" content=\"article\" \/>\n<meta property=\"og:title\" content=\"Allanamiento por pornograf\u00eda infantil: \u201cla investigaci\u00f3n se centra sobre uno de los moradores\u201d - Noticias Radio Reflejos\" \/>\n<meta property=\"og:description\" content=\"El Oficial Principal Franco Ragni brind\u00f3 detalles sobre el operativo realizado esta madrugada en una vivienda de calle Estrada, en Sierra de la Ventana. \u201cNo tuvimos ning\u00fan tipo de resistencia\u201d confirm\u00f3.\" \/>\n<meta property=\"og:url\" content=\"https:\/\/www.noticiasradioreflejos.com.ar\/2021\/allanamiento-por-pornografia-infantil-la-investigacion-se-centra-sobre-uno-de-los-moradores\/\" \/>\n<meta property=\"og:site_name\" content=\"Noticias Radio Reflejos\" \/>\n<meta property=\"article:published_time\" content=\"2022-10-18T14:31:23+00:00\" \/>\n<meta property=\"og:image\" content=\"https:\/\/live.staticflickr.com\/65535\/52436685926_2cf4aa3eaf_z.jpg\" \/>\n<meta name=\"author\" content=\"Arnaldo Botto\" \/>\n<meta name=\"twitter:card\" content=\"summary_large_image\" \/>\n<script type=\"application\/ld+json\" class=\"yoast-schema-graph\">{\"@context\":\"https:\/\/schema.org\",\"@graph\":[{\"@type\":\"WebPage\",\"@id\":\"https:\/\/www.noticiasradioreflejos.com.ar\/2021\/allanamiento-por-pornografia-infantil-la-investigacion-se-centra-sobre-uno-de-los-moradores\/\",\"url\":\"https:\/\/www.noticiasradioreflejos.com.ar\/2021\/allanamiento-por-pornografia-infantil-la-investigacion-se-centra-sobre-uno-de-los-moradores\/\",\"name\":\"Allanamiento por pornograf\u00eda infantil: \u201cla investigaci\u00f3n se centra sobre uno de los moradores\u201d - Noticias Radio Reflejos\",\"isPartOf\":{\"@id\":\"https:\/\/www.noticiasradioreflejos.com.ar\/2021\/#website\"},\"primaryImageOfPage\":{\"@id\":\"https:\/\/www.noticiasradioreflejos.com.ar\/2021\/allanamiento-por-pornografia-infantil-la-investigacion-se-centra-sobre-uno-de-los-moradores\/#primaryimage\"},\"image\":{\"@id\":\"https:\/\/www.noticiasradioreflejos.com.ar\/2021\/allanamiento-por-pornografia-infantil-la-investigacion-se-centra-sobre-uno-de-los-moradores\/#primaryimage\"},\"thumbnailUrl\":\"https:\/\/live.staticflickr.com\/65535\/52436685926_2cf4aa3eaf_z.jpg\",\"datePublished\":\"2022-10-18T14:31:23+00:00\",\"author\":{\"@id\":\"https:\/\/www.noticiasradioreflejos.com.ar\/2021\/#\/schema\/person\/ad82545263dcc5ec0996818884fd5fb1\"},\"breadcrumb\":{\"@id\":\"https:\/\/www.noticiasradioreflejos.com.ar\/2021\/allanamiento-por-pornografia-infantil-la-investigacion-se-centra-sobre-uno-de-los-moradores\/#breadcrumb\"},\"inLanguage\":\"es\",\"potentialAction\":[{\"@type\":\"ReadAction\",\"target\":[\"https:\/\/www.noticiasradioreflejos.com.ar\/2021\/allanamiento-por-pornografia-infantil-la-investigacion-se-centra-sobre-uno-de-los-moradores\/\"]}]},{\"@type\":\"ImageObject\",\"inLanguage\":\"es\",\"@id\":\"https:\/\/www.noticiasradioreflejos.com.ar\/2021\/allanamiento-por-pornografia-infantil-la-investigacion-se-centra-sobre-uno-de-los-moradores\/#primaryimage\",\"url\":\"https:\/\/live.staticflickr.com\/65535\/52436685926_2cf4aa3eaf_z.jpg\",\"contentUrl\":\"https:\/\/live.staticflickr.com\/65535\/52436685926_2cf4aa3eaf_z.jpg\"},{\"@type\":\"BreadcrumbList\",\"@id\":\"https:\/\/www.noticiasradioreflejos.com.ar\/2021\/allanamiento-por-pornografia-infantil-la-investigacion-se-centra-sobre-uno-de-los-moradores\/#breadcrumb\",\"itemListElement\":[{\"@type\":\"ListItem\",\"position\":1,\"name\":\"Portada\",\"item\":\"https:\/\/www.noticiasradioreflejos.com.ar\/2021\/\"},{\"@type\":\"ListItem\",\"position\":2,\"name\":\"Allanamiento por pornograf\u00eda infantil: \u201cla investigaci\u00f3n se centra sobre uno de los moradores\u201d\"}]},{\"@type\":\"WebSite\",\"@id\":\"https:\/\/www.noticiasradioreflejos.com.ar\/2021\/#website\",\"url\":\"https:\/\/www.noticiasradioreflejos.com.ar\/2021\/\",\"name\":\"Noticias Radio Reflejos\",\"description\":\"Las noticias de mi comarca\",\"potentialAction\":[{\"@type\":\"SearchAction\",\"target\":{\"@type\":\"EntryPoint\",\"urlTemplate\":\"https:\/\/www.noticiasradioreflejos.com.ar\/2021\/?s={search_term_string}\"},\"query-input\":{\"@type\":\"PropertyValueSpecification\",\"valueRequired\":true,\"valueName\":\"search_term_string\"}}],\"inLanguage\":\"es\"},{\"@type\":\"Person\",\"@id\":\"https:\/\/www.noticiasradioreflejos.com.ar\/2021\/#\/schema\/person\/ad82545263dcc5ec0996818884fd5fb1\",\"name\":\"Arnaldo Botto\",\"image\":{\"@type\":\"ImageObject\",\"inLanguage\":\"es\",\"@id\":\"https:\/\/www.noticiasradioreflejos.com.ar\/2021\/#\/schema\/person\/image\/\",\"url\":\"https:\/\/secure.gravatar.com\/avatar\/55cb5e37c1efa326397366e6974cb338056df65cb50e7d64d1cf314e87504837?s=96&d=mm&r=g\",\"contentUrl\":\"https:\/\/secure.gravatar.com\/avatar\/55cb5e37c1efa326397366e6974cb338056df65cb50e7d64d1cf314e87504837?s=96&d=mm&r=g\",\"caption\":\"Arnaldo Botto\"},\"url\":\"https:\/\/www.noticiasradioreflejos.com.ar\/2021\/author\/arnaldo\/\"}]}<\/script>\n<!-- \/ Yoast SEO plugin. -->","yoast_head_json":{"title":"Allanamiento por pornograf\u00eda infantil: \u201cla investigaci\u00f3n se centra sobre uno de los moradores\u201d - Noticias Radio Reflejos","robots":{"index":"index","follow":"follow","max-snippet":"max-snippet:-1","max-image-preview":"max-image-preview:large","max-video-preview":"max-video-preview:-1"},"canonical":"https:\/\/www.noticiasradioreflejos.com.ar\/2021\/allanamiento-por-pornografia-infantil-la-investigacion-se-centra-sobre-uno-de-los-moradores\/","og_locale":"es_ES","og_type":"article","og_title":"Allanamiento por pornograf\u00eda infantil: \u201cla investigaci\u00f3n se centra sobre uno de los moradores\u201d - Noticias Radio Reflejos","og_description":"El Oficial Principal Franco Ragni brind\u00f3 detalles sobre el operativo realizado esta madrugada en una vivienda de calle Estrada, en Sierra de la Ventana. \u201cNo tuvimos ning\u00fan tipo de resistencia\u201d confirm\u00f3.","og_url":"https:\/\/www.noticiasradioreflejos.com.ar\/2021\/allanamiento-por-pornografia-infantil-la-investigacion-se-centra-sobre-uno-de-los-moradores\/","og_site_name":"Noticias Radio Reflejos","article_published_time":"2022-10-18T14:31:23+00:00","og_image":[{"url":"https:\/\/live.staticflickr.com\/65535\/52436685926_2cf4aa3eaf_z.jpg","type":"","width":"","height":""}],"author":"Arnaldo Botto","twitter_card":"summary_large_image","schema":{"@context":"https:\/\/schema.org","@graph":[{"@type":"WebPage","@id":"https:\/\/www.noticiasradioreflejos.com.ar\/2021\/allanamiento-por-pornografia-infantil-la-investigacion-se-centra-sobre-uno-de-los-moradores\/","url":"https:\/\/www.noticiasradioreflejos.com.ar\/2021\/allanamiento-por-pornografia-infantil-la-investigacion-se-centra-sobre-uno-de-los-moradores\/","name":"Allanamiento por pornograf\u00eda infantil: \u201cla investigaci\u00f3n se centra sobre uno de los moradores\u201d - Noticias Radio Reflejos","isPartOf":{"@id":"https:\/\/www.noticiasradioreflejos.com.ar\/2021\/#website"},"primaryImageOfPage":{"@id":"https:\/\/www.noticiasradioreflejos.com.ar\/2021\/allanamiento-por-pornografia-infantil-la-investigacion-se-centra-sobre-uno-de-los-moradores\/#primaryimage"},"image":{"@id":"https:\/\/www.noticiasradioreflejos.com.ar\/2021\/allanamiento-por-pornografia-infantil-la-investigacion-se-centra-sobre-uno-de-los-moradores\/#primaryimage"},"thumbnailUrl":"https:\/\/live.staticflickr.com\/65535\/52436685926_2cf4aa3eaf_z.jpg","datePublished":"2022-10-18T14:31:23+00:00","author":{"@id":"https:\/\/www.noticiasradioreflejos.com.ar\/2021\/#\/schema\/person\/ad82545263dcc5ec0996818884fd5fb1"},"breadcrumb":{"@id":"https:\/\/www.noticiasradioreflejos.com.ar\/2021\/allanamiento-por-pornografia-infantil-la-investigacion-se-centra-sobre-uno-de-los-moradores\/#breadcrumb"},"inLanguage":"es","potentialAction":[{"@type":"ReadAction","target":["https:\/\/www.noticiasradioreflejos.com.ar\/2021\/allanamiento-por-pornografia-infantil-la-investigacion-se-centra-sobre-uno-de-los-moradores\/"]}]},{"@type":"ImageObject","inLanguage":"es","@id":"https:\/\/www.noticiasradioreflejos.com.ar\/2021\/allanamiento-por-pornografia-infantil-la-investigacion-se-centra-sobre-uno-de-los-moradores\/#primaryimage","url":"https:\/\/live.staticflickr.com\/65535\/52436685926_2cf4aa3eaf_z.jpg","contentUrl":"https:\/\/live.staticflickr.com\/65535\/52436685926_2cf4aa3eaf_z.jpg"},{"@type":"BreadcrumbList","@id":"https:\/\/www.noticiasradioreflejos.com.ar\/2021\/allanamiento-por-pornografia-infantil-la-investigacion-se-centra-sobre-uno-de-los-moradores\/#breadcrumb","itemListElement":[{"@type":"ListItem","position":1,"name":"Portada","item":"https:\/\/www.noticiasradioreflejos.com.ar\/2021\/"},{"@type":"ListItem","position":2,"name":"Allanamiento por pornograf\u00eda infantil: \u201cla investigaci\u00f3n se centra sobre uno de los moradores\u201d"}]},{"@type":"WebSite","@id":"https:\/\/www.noticiasradioreflejos.com.ar\/2021\/#website","url":"https:\/\/www.noticiasradioreflejos.com.ar\/2021\/","name":"Noticias Radio Reflejos","description":"Las noticias de mi comarca","potentialAction":[{"@type":"SearchAction","target":{"@type":"EntryPoint","urlTemplate":"https:\/\/www.noticiasradioreflejos.com.ar\/2021\/?s={search_term_string}"},"query-input":{"@type":"PropertyValueSpecification","valueRequired":true,"valueName":"search_term_string"}}],"inLanguage":"es"},{"@type":"Person","@id":"https:\/\/www.noticiasradioreflejos.com.ar\/2021\/#\/schema\/person\/ad82545263dcc5ec0996818884fd5fb1","name":"Arnaldo Botto","image":{"@type":"ImageObject","inLanguage":"es","@id":"https:\/\/www.noticiasradioreflejos.com.ar\/2021\/#\/schema\/person\/image\/","url":"https:\/\/secure.gravatar.com\/avatar\/55cb5e37c1efa326397366e6974cb338056df65cb50e7d64d1cf314e87504837?s=96&d=mm&r=g","contentUrl":"https:\/\/secure.gravatar.com\/avatar\/55cb5e37c1efa326397366e6974cb338056df65cb50e7d64d1cf314e87504837?s=96&d=mm&r=g","caption":"Arnaldo Botto"},"url":"https:\/\/www.noticiasradioreflejos.com.ar\/2021\/author\/arnaldo\/"}]}},"_links":{"self":[{"href":"https:\/\/www.noticiasradioreflejos.com.ar\/2021\/wp-json\/wp\/v2\/posts\/79064","targetHints":{"allow":["GET"]}}],"collection":[{"href":"https:\/\/www.noticiasradioreflejos.com.ar\/2021\/wp-json\/wp\/v2\/posts"}],"about":[{"href":"https:\/\/www.noticiasradioreflejos.com.ar\/2021\/wp-json\/wp\/v2\/types\/post"}],"author":[{"embeddable":true,"href":"https:\/\/www.noticiasradioreflejos.com.ar\/2021\/wp-json\/wp\/v2\/users\/3"}],"replies":[{"embeddable":true,"href":"https:\/\/www.noticiasradioreflejos.com.ar\/2021\/wp-json\/wp\/v2\/comments?post=79064"}],"version-history":[{"count":2,"href":"https:\/\/www.noticiasradioreflejos.com.ar\/2021\/wp-json\/wp\/v2\/posts\/79064\/revisions"}],"predecessor-version":[{"id":79067,"href":"https:\/\/www.noticiasradioreflejos.com.ar\/2021\/wp-json\/wp\/v2\/posts\/79064\/revisions\/79067"}],"wp:attachment":[{"href":"https:\/\/www.noticiasradioreflejos.com.ar\/2021\/wp-json\/wp\/v2\/media?parent=79064"}],"wp:term":[{"taxonomy":"category","embeddable":true,"href":"https:\/\/www.noticiasradioreflejos.com.ar\/2021\/wp-json\/wp\/v2\/categories?post=79064"},{"taxonomy":"post_tag","embeddable":true,"href":"https:\/\/www.noticiasradioreflejos.com.ar\/2021\/wp-json\/wp\/v2\/tags?post=79064"}],"curies":[{"name":"wp","href":"https:\/\/api.w.org\/{rel}","templated":true}]}}