{"id":79024,"date":"2022-10-17T23:36:19","date_gmt":"2022-10-17T23:36:19","guid":{"rendered":"http:\/\/www.noticiasradioreflejos.com.ar\/2021\/?p=79024"},"modified":"2022-10-17T23:36:19","modified_gmt":"2022-10-17T23:36:19","slug":"programa-plazas-por-la-igualdad","status":"publish","type":"post","link":"https:\/\/www.noticiasradioreflejos.com.ar\/2021\/programa-plazas-por-la-igualdad\/","title":{"rendered":"Programa \u00abPlazas por la Igualdad\u00bb"},"content":{"rendered":"<p>El Ministerio de las Mujeres, Pol\u00edticas de G\u00e9nero y Diversidad Sexual PBA present\u00f3 el programa \u00abPlazas por la Igualdad\u00bb y el Consejo Consultivo de Pol\u00edticas de G\u00e9nero y Diversidad Sexual en la Regi\u00f3n Sexta.<!--more--><\/p>\n<p><a data-flickr-embed=\"true\" href=\"https:\/\/www.flickr.com\/photos\/182279889@N02\/52435997649\/in\/dateposted-public\/\" title=\"_DSC7831\"><img loading=\"lazy\" decoding=\"async\" src=\"https:\/\/live.staticflickr.com\/65535\/52435997649_13a2405a62_c.jpg\" width=\"800\" height=\"534\" alt=\"_DSC7831\"><\/a><script async src=\"\/\/embedr.flickr.com\/assets\/client-code.js\" charset=\"utf-8\"><\/script><\/p>\n<p>La Directora regional del Ministerio, Silvia Zaballa junto a la Subsecretaria de Pol\u00edticas Transversales de G\u00e9nero, Lidia Fern\u00e1ndez y la Directora Provincial de pol\u00edticas Transversales, Cintia Nucifora, presentaron en\u00a0 Laprida el Consejo Consultivo regional acompa\u00f1adas por el intendente Municipal, Pablo Jos\u00e9 Torres.<\/p>\n<p>El consejo tiene por objetivo institucionalizar un espacio de di\u00e1logo con sindicatos y organizaciones sociales y crear una agenda de trabajo conjunta en el territorio.<\/p>\n<p>Se organizaron rondas de debate entre organizaciones asistentes de Tres Arroyos, Salliquel\u00f3, Bah\u00eda Blanca, Laprida, Tornquist, Pellegrini, Carhu\u00e9, Punta Alta, Coronel Dorrego, Pigue, Daireaux y Benito Ju\u00e1rez donde se expusieron las realidades de cada municipio y se trazaron acciones colectivas.<\/p>\n<p>M\u00e1s tarde, se realiz\u00f3 en el Parque del Bicentenario, la presentaci\u00f3n del programa ministerial, plazas por la igualdad de la regi\u00f3n sexta.<\/p>\n<p>Durante la jornada, vecinas y vecinos propusieron nombres de mujeres y diversidades para las calles, participaron del taller tramando derechos, reflexionaron sobre estereotipos de g\u00e9nero y plasmaron sus deseos de igualdad.<\/p>\n<p>Las plazas se presentan como un espacio p\u00fablico adecuado por constituirse hist\u00f3ricamente en espacios de encuentro, organizaci\u00f3n y sociabilidad.<\/p>\n<p><a data-flickr-embed=\"true\" href=\"https:\/\/www.flickr.com\/photos\/182279889@N02\/52435997719\/in\/dateposted-public\/\" title=\"_DSC8038\"><img loading=\"lazy\" decoding=\"async\" src=\"https:\/\/live.staticflickr.com\/65535\/52435997719_5f5bc14f81_c.jpg\" width=\"800\" height=\"534\" alt=\"_DSC8038\"><\/a><script async src=\"\/\/embedr.flickr.com\/assets\/client-code.js\" charset=\"utf-8\"><\/script><\/p>\n<p><a data-flickr-embed=\"true\" href=\"https:\/\/www.flickr.com\/photos\/182279889@N02\/52435217622\/in\/dateposted-public\/\" title=\"_DSC7854\"><img loading=\"lazy\" decoding=\"async\" src=\"https:\/\/live.staticflickr.com\/65535\/52435217622_58a63cfd83_c.jpg\" width=\"800\" height=\"533\" alt=\"_DSC7854\"><\/a><script async src=\"\/\/embedr.flickr.com\/assets\/client-code.js\" charset=\"utf-8\"><\/script><\/p>\n","protected":false},"excerpt":{"rendered":"<p>El Ministerio de las Mujeres, Pol\u00edticas de G\u00e9nero y Diversidad Sexual PBA present\u00f3 el programa \u00abPlazas por la Igualdad\u00bb y el Consejo Consultivo de Pol\u00edticas de G\u00e9nero y Diversidad Sexual en la Regi\u00f3n Sexta.<\/p>\n","protected":false},"author":3,"featured_media":0,"comment_status":"closed","ping_status":"closed","sticky":false,"template":"","format":"standard","meta":{"footnotes":""},"categories":[58,24],"tags":[],"class_list":["post-79024","post","type-post","status-publish","format-standard","hentry","category-gobierno","category-politica"],"yoast_head":"<!-- This site is optimized with the Yoast SEO plugin v25.9 - https:\/\/yoast.com\/wordpress\/plugins\/seo\/ -->\n<title>Programa &quot;Plazas por la Igualdad&quot; - Noticias Radio Reflejos<\/title>\n<meta name=\"robots\" content=\"index, follow, max-snippet:-1, max-image-preview:large, max-video-preview:-1\" \/>\n<link rel=\"canonical\" href=\"https:\/\/www.noticiasradioreflejos.com.ar\/2021\/programa-plazas-por-la-igualdad\/\" \/>\n<meta property=\"og:locale\" content=\"es_ES\" \/>\n<meta property=\"og:type\" content=\"article\" \/>\n<meta property=\"og:title\" content=\"Programa &quot;Plazas por la Igualdad&quot; - Noticias Radio Reflejos\" \/>\n<meta property=\"og:description\" content=\"El Ministerio de las Mujeres, Pol\u00edticas de G\u00e9nero y Diversidad Sexual PBA present\u00f3 el programa \u00abPlazas por la Igualdad\u00bb y el Consejo Consultivo de Pol\u00edticas de G\u00e9nero y Diversidad Sexual en la Regi\u00f3n Sexta.\" \/>\n<meta property=\"og:url\" content=\"https:\/\/www.noticiasradioreflejos.com.ar\/2021\/programa-plazas-por-la-igualdad\/\" \/>\n<meta property=\"og:site_name\" content=\"Noticias Radio Reflejos\" \/>\n<meta property=\"article:published_time\" content=\"2022-10-17T23:36:19+00:00\" \/>\n<meta property=\"og:image\" content=\"https:\/\/live.staticflickr.com\/65535\/52435997649_13a2405a62_c.jpg\" \/>\n<meta name=\"author\" content=\"Arnaldo Botto\" \/>\n<meta name=\"twitter:card\" content=\"summary_large_image\" \/>\n<script type=\"application\/ld+json\" class=\"yoast-schema-graph\">{\"@context\":\"https:\/\/schema.org\",\"@graph\":[{\"@type\":\"WebPage\",\"@id\":\"https:\/\/www.noticiasradioreflejos.com.ar\/2021\/programa-plazas-por-la-igualdad\/\",\"url\":\"https:\/\/www.noticiasradioreflejos.com.ar\/2021\/programa-plazas-por-la-igualdad\/\",\"name\":\"Programa \\\"Plazas por la Igualdad\\\" - Noticias Radio Reflejos\",\"isPartOf\":{\"@id\":\"https:\/\/www.noticiasradioreflejos.com.ar\/2021\/#website\"},\"primaryImageOfPage\":{\"@id\":\"https:\/\/www.noticiasradioreflejos.com.ar\/2021\/programa-plazas-por-la-igualdad\/#primaryimage\"},\"image\":{\"@id\":\"https:\/\/www.noticiasradioreflejos.com.ar\/2021\/programa-plazas-por-la-igualdad\/#primaryimage\"},\"thumbnailUrl\":\"https:\/\/live.staticflickr.com\/65535\/52435997649_13a2405a62_c.jpg\",\"datePublished\":\"2022-10-17T23:36:19+00:00\",\"author\":{\"@id\":\"https:\/\/www.noticiasradioreflejos.com.ar\/2021\/#\/schema\/person\/ad82545263dcc5ec0996818884fd5fb1\"},\"breadcrumb\":{\"@id\":\"https:\/\/www.noticiasradioreflejos.com.ar\/2021\/programa-plazas-por-la-igualdad\/#breadcrumb\"},\"inLanguage\":\"es\",\"potentialAction\":[{\"@type\":\"ReadAction\",\"target\":[\"https:\/\/www.noticiasradioreflejos.com.ar\/2021\/programa-plazas-por-la-igualdad\/\"]}]},{\"@type\":\"ImageObject\",\"inLanguage\":\"es\",\"@id\":\"https:\/\/www.noticiasradioreflejos.com.ar\/2021\/programa-plazas-por-la-igualdad\/#primaryimage\",\"url\":\"https:\/\/live.staticflickr.com\/65535\/52435997649_13a2405a62_c.jpg\",\"contentUrl\":\"https:\/\/live.staticflickr.com\/65535\/52435997649_13a2405a62_c.jpg\"},{\"@type\":\"BreadcrumbList\",\"@id\":\"https:\/\/www.noticiasradioreflejos.com.ar\/2021\/programa-plazas-por-la-igualdad\/#breadcrumb\",\"itemListElement\":[{\"@type\":\"ListItem\",\"position\":1,\"name\":\"Portada\",\"item\":\"https:\/\/www.noticiasradioreflejos.com.ar\/2021\/\"},{\"@type\":\"ListItem\",\"position\":2,\"name\":\"Programa \u00abPlazas por la Igualdad\u00bb\"}]},{\"@type\":\"WebSite\",\"@id\":\"https:\/\/www.noticiasradioreflejos.com.ar\/2021\/#website\",\"url\":\"https:\/\/www.noticiasradioreflejos.com.ar\/2021\/\",\"name\":\"Noticias Radio Reflejos\",\"description\":\"Las noticias de mi comarca\",\"potentialAction\":[{\"@type\":\"SearchAction\",\"target\":{\"@type\":\"EntryPoint\",\"urlTemplate\":\"https:\/\/www.noticiasradioreflejos.com.ar\/2021\/?s={search_term_string}\"},\"query-input\":{\"@type\":\"PropertyValueSpecification\",\"valueRequired\":true,\"valueName\":\"search_term_string\"}}],\"inLanguage\":\"es\"},{\"@type\":\"Person\",\"@id\":\"https:\/\/www.noticiasradioreflejos.com.ar\/2021\/#\/schema\/person\/ad82545263dcc5ec0996818884fd5fb1\",\"name\":\"Arnaldo Botto\",\"image\":{\"@type\":\"ImageObject\",\"inLanguage\":\"es\",\"@id\":\"https:\/\/www.noticiasradioreflejos.com.ar\/2021\/#\/schema\/person\/image\/\",\"url\":\"https:\/\/secure.gravatar.com\/avatar\/55cb5e37c1efa326397366e6974cb338056df65cb50e7d64d1cf314e87504837?s=96&d=mm&r=g\",\"contentUrl\":\"https:\/\/secure.gravatar.com\/avatar\/55cb5e37c1efa326397366e6974cb338056df65cb50e7d64d1cf314e87504837?s=96&d=mm&r=g\",\"caption\":\"Arnaldo Botto\"},\"url\":\"https:\/\/www.noticiasradioreflejos.com.ar\/2021\/author\/arnaldo\/\"}]}<\/script>\n<!-- \/ Yoast SEO plugin. -->","yoast_head_json":{"title":"Programa \"Plazas por la Igualdad\" - Noticias Radio Reflejos","robots":{"index":"index","follow":"follow","max-snippet":"max-snippet:-1","max-image-preview":"max-image-preview:large","max-video-preview":"max-video-preview:-1"},"canonical":"https:\/\/www.noticiasradioreflejos.com.ar\/2021\/programa-plazas-por-la-igualdad\/","og_locale":"es_ES","og_type":"article","og_title":"Programa \"Plazas por la Igualdad\" - Noticias Radio Reflejos","og_description":"El Ministerio de las Mujeres, Pol\u00edticas de G\u00e9nero y Diversidad Sexual PBA present\u00f3 el programa \u00abPlazas por la Igualdad\u00bb y el Consejo Consultivo de Pol\u00edticas de G\u00e9nero y Diversidad Sexual en la Regi\u00f3n Sexta.","og_url":"https:\/\/www.noticiasradioreflejos.com.ar\/2021\/programa-plazas-por-la-igualdad\/","og_site_name":"Noticias Radio Reflejos","article_published_time":"2022-10-17T23:36:19+00:00","og_image":[{"url":"https:\/\/live.staticflickr.com\/65535\/52435997649_13a2405a62_c.jpg","type":"","width":"","height":""}],"author":"Arnaldo Botto","twitter_card":"summary_large_image","schema":{"@context":"https:\/\/schema.org","@graph":[{"@type":"WebPage","@id":"https:\/\/www.noticiasradioreflejos.com.ar\/2021\/programa-plazas-por-la-igualdad\/","url":"https:\/\/www.noticiasradioreflejos.com.ar\/2021\/programa-plazas-por-la-igualdad\/","name":"Programa \"Plazas por la Igualdad\" - Noticias Radio Reflejos","isPartOf":{"@id":"https:\/\/www.noticiasradioreflejos.com.ar\/2021\/#website"},"primaryImageOfPage":{"@id":"https:\/\/www.noticiasradioreflejos.com.ar\/2021\/programa-plazas-por-la-igualdad\/#primaryimage"},"image":{"@id":"https:\/\/www.noticiasradioreflejos.com.ar\/2021\/programa-plazas-por-la-igualdad\/#primaryimage"},"thumbnailUrl":"https:\/\/live.staticflickr.com\/65535\/52435997649_13a2405a62_c.jpg","datePublished":"2022-10-17T23:36:19+00:00","author":{"@id":"https:\/\/www.noticiasradioreflejos.com.ar\/2021\/#\/schema\/person\/ad82545263dcc5ec0996818884fd5fb1"},"breadcrumb":{"@id":"https:\/\/www.noticiasradioreflejos.com.ar\/2021\/programa-plazas-por-la-igualdad\/#breadcrumb"},"inLanguage":"es","potentialAction":[{"@type":"ReadAction","target":["https:\/\/www.noticiasradioreflejos.com.ar\/2021\/programa-plazas-por-la-igualdad\/"]}]},{"@type":"ImageObject","inLanguage":"es","@id":"https:\/\/www.noticiasradioreflejos.com.ar\/2021\/programa-plazas-por-la-igualdad\/#primaryimage","url":"https:\/\/live.staticflickr.com\/65535\/52435997649_13a2405a62_c.jpg","contentUrl":"https:\/\/live.staticflickr.com\/65535\/52435997649_13a2405a62_c.jpg"},{"@type":"BreadcrumbList","@id":"https:\/\/www.noticiasradioreflejos.com.ar\/2021\/programa-plazas-por-la-igualdad\/#breadcrumb","itemListElement":[{"@type":"ListItem","position":1,"name":"Portada","item":"https:\/\/www.noticiasradioreflejos.com.ar\/2021\/"},{"@type":"ListItem","position":2,"name":"Programa \u00abPlazas por la Igualdad\u00bb"}]},{"@type":"WebSite","@id":"https:\/\/www.noticiasradioreflejos.com.ar\/2021\/#website","url":"https:\/\/www.noticiasradioreflejos.com.ar\/2021\/","name":"Noticias Radio Reflejos","description":"Las noticias de mi comarca","potentialAction":[{"@type":"SearchAction","target":{"@type":"EntryPoint","urlTemplate":"https:\/\/www.noticiasradioreflejos.com.ar\/2021\/?s={search_term_string}"},"query-input":{"@type":"PropertyValueSpecification","valueRequired":true,"valueName":"search_term_string"}}],"inLanguage":"es"},{"@type":"Person","@id":"https:\/\/www.noticiasradioreflejos.com.ar\/2021\/#\/schema\/person\/ad82545263dcc5ec0996818884fd5fb1","name":"Arnaldo Botto","image":{"@type":"ImageObject","inLanguage":"es","@id":"https:\/\/www.noticiasradioreflejos.com.ar\/2021\/#\/schema\/person\/image\/","url":"https:\/\/secure.gravatar.com\/avatar\/55cb5e37c1efa326397366e6974cb338056df65cb50e7d64d1cf314e87504837?s=96&d=mm&r=g","contentUrl":"https:\/\/secure.gravatar.com\/avatar\/55cb5e37c1efa326397366e6974cb338056df65cb50e7d64d1cf314e87504837?s=96&d=mm&r=g","caption":"Arnaldo Botto"},"url":"https:\/\/www.noticiasradioreflejos.com.ar\/2021\/author\/arnaldo\/"}]}},"_links":{"self":[{"href":"https:\/\/www.noticiasradioreflejos.com.ar\/2021\/wp-json\/wp\/v2\/posts\/79024","targetHints":{"allow":["GET"]}}],"collection":[{"href":"https:\/\/www.noticiasradioreflejos.com.ar\/2021\/wp-json\/wp\/v2\/posts"}],"about":[{"href":"https:\/\/www.noticiasradioreflejos.com.ar\/2021\/wp-json\/wp\/v2\/types\/post"}],"author":[{"embeddable":true,"href":"https:\/\/www.noticiasradioreflejos.com.ar\/2021\/wp-json\/wp\/v2\/users\/3"}],"replies":[{"embeddable":true,"href":"https:\/\/www.noticiasradioreflejos.com.ar\/2021\/wp-json\/wp\/v2\/comments?post=79024"}],"version-history":[{"count":1,"href":"https:\/\/www.noticiasradioreflejos.com.ar\/2021\/wp-json\/wp\/v2\/posts\/79024\/revisions"}],"predecessor-version":[{"id":79026,"href":"https:\/\/www.noticiasradioreflejos.com.ar\/2021\/wp-json\/wp\/v2\/posts\/79024\/revisions\/79026"}],"wp:attachment":[{"href":"https:\/\/www.noticiasradioreflejos.com.ar\/2021\/wp-json\/wp\/v2\/media?parent=79024"}],"wp:term":[{"taxonomy":"category","embeddable":true,"href":"https:\/\/www.noticiasradioreflejos.com.ar\/2021\/wp-json\/wp\/v2\/categories?post=79024"},{"taxonomy":"post_tag","embeddable":true,"href":"https:\/\/www.noticiasradioreflejos.com.ar\/2021\/wp-json\/wp\/v2\/tags?post=79024"}],"curies":[{"name":"wp","href":"https:\/\/api.w.org\/{rel}","templated":true}]}}