{"id":79014,"date":"2022-10-17T17:56:35","date_gmt":"2022-10-17T17:56:35","guid":{"rendered":"http:\/\/www.noticiasradioreflejos.com.ar\/2021\/?p=79014"},"modified":"2022-10-17T17:56:35","modified_gmt":"2022-10-17T17:56:35","slug":"dia-de-las-areas-protegidas-de-latinoamerica-y-el-caribe-las-areas-naturales-des-protegidas-de-la-provincia-de-buenos-aires","status":"publish","type":"post","link":"https:\/\/www.noticiasradioreflejos.com.ar\/2021\/dia-de-las-areas-protegidas-de-latinoamerica-y-el-caribe-las-areas-naturales-des-protegidas-de-la-provincia-de-buenos-aires\/","title":{"rendered":"D\u00eda de las \u00c1reas Protegidas de Latinoam\u00e9rica y el Caribe. Las \u00c1reas Naturales (des) protegidas de la Provincia de Buenos Aires."},"content":{"rendered":"<p>En octubre del 2019 se llev\u00f3 a Cabo, en la ciudad de Lima, el Congreso de \u00c1reas Protegidas de Latinoam\u00e9rica y el Caribe. En este marco es que el Comit\u00e9 Organizador decidi\u00f3 conmemorar el 17 de octubre como el Dia de las \u00c1reas Protegidas de Latinoam\u00e9rica y el Caribe, con el objetivo de generar el reconocimiento en la importancia de la conservaci\u00f3n de los ecosistemas a largo plazo.<!--more--><\/p>\n<h4><a href=\"http:\/\/www.noticiasradioreflejos.com.ar\/2021\/dia-de-las-areas-protegidas-de-latinoamerica-y-el-caribe-las-areas-naturales-des-protegidas-de-la-provincia-de-buenos-aires\/prof-patricia-gonzalez\/\" rel=\"attachment wp-att-79016\"><img loading=\"lazy\" decoding=\"async\" class=\" wp-image-79016 alignleft\" src=\"http:\/\/www.noticiasradioreflejos.com.ar\/2021\/wp-content\/uploads\/2022\/10\/Prof.-Patricia-Gonzalez.jpeg\" alt=\"\" width=\"197\" height=\"350\" srcset=\"https:\/\/www.noticiasradioreflejos.com.ar\/2021\/wp-content\/uploads\/2022\/10\/Prof.-Patricia-Gonzalez.jpeg 584w, https:\/\/www.noticiasradioreflejos.com.ar\/2021\/wp-content\/uploads\/2022\/10\/Prof.-Patricia-Gonzalez-169x300.jpeg 169w, https:\/\/www.noticiasradioreflejos.com.ar\/2021\/wp-content\/uploads\/2022\/10\/Prof.-Patricia-Gonzalez-577x1024.jpeg 577w\" sizes=\"auto, (max-width: 197px) 100vw, 197px\" \/><\/a>Prof. Patricia M. Gonz\u00e1lez: Personal del Sistema de \u00c1reas Naturales Protegidas<\/h4>\n<p>&nbsp;<\/p>\n<p>Sin embargo, la crisis ambiental se ve claramente reflejada en el hecho de que hoy no hay diferencias sustanciales entre un ambiente protegido con el resto de los ecosistemas. Un ejemplo claro es el Sistema de \u00c1reas Naturales Protegidas de la Provincia de Buenos Aires, que desde la implementaci\u00f3n de la primer Reserva Natural: el Parque Provincial Ernesto Tornquist, no ha tenido grandes avances en la conservaci\u00f3n a perpetuidad de sus ecosistemas y especies. Tal es el caso de la Reserva Natural Bah\u00eda Blanca, Bah\u00eda Falsa, Bah\u00eda Verde, donde a\u00fan mueren ahogados los delfines franciscanos por una actividad extractivista prohibida, como la pesca, o la Reserva Natural Pehuen Co Monte Hermoso cada vez m\u00e1s impactada por la autorizaci\u00f3n al tr\u00e1nsito de cuatriciclos, motos, 4&#215;4, que tanto da\u00f1an el ambiente. El propio Parque Provincial E. Tornquist, que en aquel 1984, con la llegada del Primer Guardaparque proveniente de Parques Nacionales, hab\u00eda tenido un giro sustancial cuando deja de ser un vivero forestal, zona de pastoreo para el ganado vacuno y coto de caza, dando los primeros pasos hacia un paradigma conservacionista. Hoy puede verse a simple vista, en este Parque protegido por Ley, como la falta de implementaci\u00f3n de programas conservacionistas, en los \u00faltimos a\u00f1os, ha facilitado la invasi\u00f3n de ex\u00f3ticas, poniendo en peligro el principal objeto de conservaci\u00f3n, el pastizal serrano.<\/p>\n<p>Los \u00faltimos reductos para el resguardo de la biodiversidad, est\u00e1n agonizando y si no se hace algo pronto, esta agon\u00eda se profundizar\u00e1.<\/p>\n<p>Desde la publicaci\u00f3n del Manifiesto de las Mujeres del Sistema de \u00c1reas Naturales Protegidas el 8 de marzo de este a\u00f1o, no hubo grandes cambios. Se hace necesario repetir los puntos de aquel manifiesto, sobre el que tuve la oportunidad de trabajar, ya que considero que seguimos asistiendo a los siguientes vaciamientos:<\/p>\n<ul>\n<li>Vaciamiento del presupuesto: en las \u00c1reas Protegidas no contamos con los elementos m\u00ednimos. La ley 10.907 establece que las Reservas, Parques y Monumento Naturales deben tener asignado un presupuesto. Sin embargo, lejos de eso, en algunas \u00e1reas a\u00fan no hay agua potable ni ba\u00f1os. Tampoco contamos con veh\u00edculos, computadoras, medios de comunicaci\u00f3n, internet, indumentaria acorde, entre otros aspectos. La precariedad laboral redunda en tareas precarias.<\/li>\n<li>Vaciamiento del discurso conservacionista: pr\u00e1cticamente no se habla de conservaci\u00f3n. El discurso gira en torno a un ambientalismo que invisibiliza la funci\u00f3n de las \u00c1reas Naturales Protegidas. Al punto de que, en la p\u00e1gina del Ministerio de Ambiente, ya no aparece el bot\u00f3n de ingreso directo, en la portada, para acceder a la informaci\u00f3n de este espacio institucional, como a\u00f1os anteriores. Se ingresa a trav\u00e9s del bot\u00f3n de Pol\u00edticas Ambientales y all\u00ed en el tercer lugar por debajo de Parques Ambientales y Plan de Nativas se puede acceder. Primero est\u00e1n las plazas municipales, despu\u00e9s los viveros, m\u00e1s abajo las \u00c1reas Protegidas. Pareciera que ya no somos prioridad.<\/li>\n<li>El vaciamiento de la biodiversidad: tenemos Reservas y Parques Provinciales de papel, solo figuran en la ley. No se est\u00e1n cumpliendo los principales objetivos de conservaci\u00f3n. Cada uno de los Monumentos Naturales est\u00e1 agonizando.<\/li>\n<li>Vaciamiento institucional: seguimos sin Jefe de Departamento asignado y las \u00faltimas encargaturas se transformaron en espacios de poder, se eligieron encargados, de las ANP, a personas afines a la gesti\u00f3n, independientemente de sus antecedentes. Y todos hombres.<\/li>\n<\/ul>\n<p>En resumen, las Reservas, Parques y Monumentos Naturales no tienen presupuesto especialmente asignado, las especies est\u00e1n agonizando, gran parte del personal se encuentra en situaci\u00f3n precaria.<\/p>\n<p>\u00bfFrente a este panorama que nos queda por hacer? \u00bfComo luchar contra un sistema que deja a las \u00c1reas Naturales totalmente desprotegidas?<\/p>\n<p>Pues se empieza por el principio. Se empieza con la palabra y si no conocemos las palabras para explicarnos, se\u00f1alemos con el dedo, como dec\u00eda Gabriel Garc\u00eda M\u00e1rquez en \u201cCien a\u00f1os de soledad\u201d.<\/p>\n<p>En el d\u00eda de las \u00c1reas Naturales Protegidas de Latinoam\u00e9rica y el Caribe, este es mi se\u00f1alamiento. Porque mal que nos pese no tenemos mucho que celebrar, pero si mucho por hacer, y tiene que ser pronto, porque como dijo Pablo Neruda: \u201cel mar es duro y llueve sangre\u201d.<\/p>\n<p>&nbsp;<\/p>\n<p>&nbsp;<\/p>\n<p>&nbsp;<\/p>\n<p>&nbsp;<\/p>\n","protected":false},"excerpt":{"rendered":"<p>En octubre del 2019 se llev\u00f3 a Cabo, en la ciudad de Lima, el Congreso de \u00c1reas Protegidas de Latinoam\u00e9rica y el Caribe. En este marco es que el Comit\u00e9 Organizador decidi\u00f3 conmemorar el 17 de octubre como el Dia de las \u00c1reas Protegidas de Latinoam\u00e9rica y el Caribe, con el objetivo de generar el [&hellip;]<\/p>\n","protected":false},"author":3,"featured_media":79017,"comment_status":"closed","ping_status":"closed","sticky":false,"template":"","format":"standard","meta":{"footnotes":""},"categories":[46,24,26],"tags":[48],"class_list":["post-79014","post","type-post","status-publish","format-standard","has-post-thumbnail","hentry","category-ciencia-y-tecnologia","category-politica","category-sociedad","tag-destacada"],"yoast_head":"<!-- This site is optimized with the Yoast SEO plugin v25.9 - https:\/\/yoast.com\/wordpress\/plugins\/seo\/ -->\n<title>D\u00eda de las \u00c1reas Protegidas de Latinoam\u00e9rica y el Caribe. Las \u00c1reas Naturales (des) protegidas de la Provincia de Buenos Aires. - Noticias Radio Reflejos<\/title>\n<meta name=\"robots\" content=\"index, follow, max-snippet:-1, max-image-preview:large, max-video-preview:-1\" \/>\n<link rel=\"canonical\" href=\"https:\/\/www.noticiasradioreflejos.com.ar\/2021\/dia-de-las-areas-protegidas-de-latinoamerica-y-el-caribe-las-areas-naturales-des-protegidas-de-la-provincia-de-buenos-aires\/\" \/>\n<meta property=\"og:locale\" content=\"es_ES\" \/>\n<meta property=\"og:type\" content=\"article\" \/>\n<meta property=\"og:title\" content=\"D\u00eda de las \u00c1reas Protegidas de Latinoam\u00e9rica y el Caribe. Las \u00c1reas Naturales (des) protegidas de la Provincia de Buenos Aires. - Noticias Radio Reflejos\" \/>\n<meta property=\"og:description\" content=\"En octubre del 2019 se llev\u00f3 a Cabo, en la ciudad de Lima, el Congreso de \u00c1reas Protegidas de Latinoam\u00e9rica y el Caribe. En este marco es que el Comit\u00e9 Organizador decidi\u00f3 conmemorar el 17 de octubre como el Dia de las \u00c1reas Protegidas de Latinoam\u00e9rica y el Caribe, con el objetivo de generar el [&hellip;]\" \/>\n<meta property=\"og:url\" content=\"https:\/\/www.noticiasradioreflejos.com.ar\/2021\/dia-de-las-areas-protegidas-de-latinoamerica-y-el-caribe-las-areas-naturales-des-protegidas-de-la-provincia-de-buenos-aires\/\" \/>\n<meta property=\"og:site_name\" content=\"Noticias Radio Reflejos\" \/>\n<meta property=\"article:published_time\" content=\"2022-10-17T17:56:35+00:00\" \/>\n<meta property=\"og:image\" content=\"https:\/\/www.noticiasradioreflejos.com.ar\/2021\/wp-content\/uploads\/2022\/10\/Areas-protegidas.jpeg\" \/>\n\t<meta property=\"og:image:width\" content=\"1280\" \/>\n\t<meta property=\"og:image:height\" content=\"720\" \/>\n\t<meta property=\"og:image:type\" content=\"image\/jpeg\" \/>\n<meta name=\"author\" content=\"Arnaldo Botto\" \/>\n<meta name=\"twitter:card\" content=\"summary_large_image\" \/>\n<script type=\"application\/ld+json\" class=\"yoast-schema-graph\">{\"@context\":\"https:\/\/schema.org\",\"@graph\":[{\"@type\":\"WebPage\",\"@id\":\"https:\/\/www.noticiasradioreflejos.com.ar\/2021\/dia-de-las-areas-protegidas-de-latinoamerica-y-el-caribe-las-areas-naturales-des-protegidas-de-la-provincia-de-buenos-aires\/\",\"url\":\"https:\/\/www.noticiasradioreflejos.com.ar\/2021\/dia-de-las-areas-protegidas-de-latinoamerica-y-el-caribe-las-areas-naturales-des-protegidas-de-la-provincia-de-buenos-aires\/\",\"name\":\"D\u00eda de las \u00c1reas Protegidas de Latinoam\u00e9rica y el Caribe. Las \u00c1reas Naturales (des) protegidas de la Provincia de Buenos Aires. - Noticias Radio Reflejos\",\"isPartOf\":{\"@id\":\"https:\/\/www.noticiasradioreflejos.com.ar\/2021\/#website\"},\"primaryImageOfPage\":{\"@id\":\"https:\/\/www.noticiasradioreflejos.com.ar\/2021\/dia-de-las-areas-protegidas-de-latinoamerica-y-el-caribe-las-areas-naturales-des-protegidas-de-la-provincia-de-buenos-aires\/#primaryimage\"},\"image\":{\"@id\":\"https:\/\/www.noticiasradioreflejos.com.ar\/2021\/dia-de-las-areas-protegidas-de-latinoamerica-y-el-caribe-las-areas-naturales-des-protegidas-de-la-provincia-de-buenos-aires\/#primaryimage\"},\"thumbnailUrl\":\"https:\/\/www.noticiasradioreflejos.com.ar\/2021\/wp-content\/uploads\/2022\/10\/Areas-protegidas.jpeg\",\"datePublished\":\"2022-10-17T17:56:35+00:00\",\"author\":{\"@id\":\"https:\/\/www.noticiasradioreflejos.com.ar\/2021\/#\/schema\/person\/ad82545263dcc5ec0996818884fd5fb1\"},\"breadcrumb\":{\"@id\":\"https:\/\/www.noticiasradioreflejos.com.ar\/2021\/dia-de-las-areas-protegidas-de-latinoamerica-y-el-caribe-las-areas-naturales-des-protegidas-de-la-provincia-de-buenos-aires\/#breadcrumb\"},\"inLanguage\":\"es\",\"potentialAction\":[{\"@type\":\"ReadAction\",\"target\":[\"https:\/\/www.noticiasradioreflejos.com.ar\/2021\/dia-de-las-areas-protegidas-de-latinoamerica-y-el-caribe-las-areas-naturales-des-protegidas-de-la-provincia-de-buenos-aires\/\"]}]},{\"@type\":\"ImageObject\",\"inLanguage\":\"es\",\"@id\":\"https:\/\/www.noticiasradioreflejos.com.ar\/2021\/dia-de-las-areas-protegidas-de-latinoamerica-y-el-caribe-las-areas-naturales-des-protegidas-de-la-provincia-de-buenos-aires\/#primaryimage\",\"url\":\"https:\/\/www.noticiasradioreflejos.com.ar\/2021\/wp-content\/uploads\/2022\/10\/Areas-protegidas.jpeg\",\"contentUrl\":\"https:\/\/www.noticiasradioreflejos.com.ar\/2021\/wp-content\/uploads\/2022\/10\/Areas-protegidas.jpeg\",\"width\":1280,\"height\":720},{\"@type\":\"BreadcrumbList\",\"@id\":\"https:\/\/www.noticiasradioreflejos.com.ar\/2021\/dia-de-las-areas-protegidas-de-latinoamerica-y-el-caribe-las-areas-naturales-des-protegidas-de-la-provincia-de-buenos-aires\/#breadcrumb\",\"itemListElement\":[{\"@type\":\"ListItem\",\"position\":1,\"name\":\"Portada\",\"item\":\"https:\/\/www.noticiasradioreflejos.com.ar\/2021\/\"},{\"@type\":\"ListItem\",\"position\":2,\"name\":\"D\u00eda de las \u00c1reas Protegidas de Latinoam\u00e9rica y el Caribe. Las \u00c1reas Naturales (des) protegidas de la Provincia de Buenos Aires.\"}]},{\"@type\":\"WebSite\",\"@id\":\"https:\/\/www.noticiasradioreflejos.com.ar\/2021\/#website\",\"url\":\"https:\/\/www.noticiasradioreflejos.com.ar\/2021\/\",\"name\":\"Noticias Radio Reflejos\",\"description\":\"Las noticias de mi comarca\",\"potentialAction\":[{\"@type\":\"SearchAction\",\"target\":{\"@type\":\"EntryPoint\",\"urlTemplate\":\"https:\/\/www.noticiasradioreflejos.com.ar\/2021\/?s={search_term_string}\"},\"query-input\":{\"@type\":\"PropertyValueSpecification\",\"valueRequired\":true,\"valueName\":\"search_term_string\"}}],\"inLanguage\":\"es\"},{\"@type\":\"Person\",\"@id\":\"https:\/\/www.noticiasradioreflejos.com.ar\/2021\/#\/schema\/person\/ad82545263dcc5ec0996818884fd5fb1\",\"name\":\"Arnaldo Botto\",\"image\":{\"@type\":\"ImageObject\",\"inLanguage\":\"es\",\"@id\":\"https:\/\/www.noticiasradioreflejos.com.ar\/2021\/#\/schema\/person\/image\/\",\"url\":\"https:\/\/secure.gravatar.com\/avatar\/55cb5e37c1efa326397366e6974cb338056df65cb50e7d64d1cf314e87504837?s=96&d=mm&r=g\",\"contentUrl\":\"https:\/\/secure.gravatar.com\/avatar\/55cb5e37c1efa326397366e6974cb338056df65cb50e7d64d1cf314e87504837?s=96&d=mm&r=g\",\"caption\":\"Arnaldo Botto\"},\"url\":\"https:\/\/www.noticiasradioreflejos.com.ar\/2021\/author\/arnaldo\/\"}]}<\/script>\n<!-- \/ Yoast SEO plugin. -->","yoast_head_json":{"title":"D\u00eda de las \u00c1reas Protegidas de Latinoam\u00e9rica y el Caribe. Las \u00c1reas Naturales (des) protegidas de la Provincia de Buenos Aires. - Noticias Radio Reflejos","robots":{"index":"index","follow":"follow","max-snippet":"max-snippet:-1","max-image-preview":"max-image-preview:large","max-video-preview":"max-video-preview:-1"},"canonical":"https:\/\/www.noticiasradioreflejos.com.ar\/2021\/dia-de-las-areas-protegidas-de-latinoamerica-y-el-caribe-las-areas-naturales-des-protegidas-de-la-provincia-de-buenos-aires\/","og_locale":"es_ES","og_type":"article","og_title":"D\u00eda de las \u00c1reas Protegidas de Latinoam\u00e9rica y el Caribe. Las \u00c1reas Naturales (des) protegidas de la Provincia de Buenos Aires. - Noticias Radio Reflejos","og_description":"En octubre del 2019 se llev\u00f3 a Cabo, en la ciudad de Lima, el Congreso de \u00c1reas Protegidas de Latinoam\u00e9rica y el Caribe. En este marco es que el Comit\u00e9 Organizador decidi\u00f3 conmemorar el 17 de octubre como el Dia de las \u00c1reas Protegidas de Latinoam\u00e9rica y el Caribe, con el objetivo de generar el [&hellip;]","og_url":"https:\/\/www.noticiasradioreflejos.com.ar\/2021\/dia-de-las-areas-protegidas-de-latinoamerica-y-el-caribe-las-areas-naturales-des-protegidas-de-la-provincia-de-buenos-aires\/","og_site_name":"Noticias Radio Reflejos","article_published_time":"2022-10-17T17:56:35+00:00","og_image":[{"width":1280,"height":720,"url":"https:\/\/www.noticiasradioreflejos.com.ar\/2021\/wp-content\/uploads\/2022\/10\/Areas-protegidas.jpeg","type":"image\/jpeg"}],"author":"Arnaldo Botto","twitter_card":"summary_large_image","schema":{"@context":"https:\/\/schema.org","@graph":[{"@type":"WebPage","@id":"https:\/\/www.noticiasradioreflejos.com.ar\/2021\/dia-de-las-areas-protegidas-de-latinoamerica-y-el-caribe-las-areas-naturales-des-protegidas-de-la-provincia-de-buenos-aires\/","url":"https:\/\/www.noticiasradioreflejos.com.ar\/2021\/dia-de-las-areas-protegidas-de-latinoamerica-y-el-caribe-las-areas-naturales-des-protegidas-de-la-provincia-de-buenos-aires\/","name":"D\u00eda de las \u00c1reas Protegidas de Latinoam\u00e9rica y el Caribe. Las \u00c1reas Naturales (des) protegidas de la Provincia de Buenos Aires. - Noticias Radio Reflejos","isPartOf":{"@id":"https:\/\/www.noticiasradioreflejos.com.ar\/2021\/#website"},"primaryImageOfPage":{"@id":"https:\/\/www.noticiasradioreflejos.com.ar\/2021\/dia-de-las-areas-protegidas-de-latinoamerica-y-el-caribe-las-areas-naturales-des-protegidas-de-la-provincia-de-buenos-aires\/#primaryimage"},"image":{"@id":"https:\/\/www.noticiasradioreflejos.com.ar\/2021\/dia-de-las-areas-protegidas-de-latinoamerica-y-el-caribe-las-areas-naturales-des-protegidas-de-la-provincia-de-buenos-aires\/#primaryimage"},"thumbnailUrl":"https:\/\/www.noticiasradioreflejos.com.ar\/2021\/wp-content\/uploads\/2022\/10\/Areas-protegidas.jpeg","datePublished":"2022-10-17T17:56:35+00:00","author":{"@id":"https:\/\/www.noticiasradioreflejos.com.ar\/2021\/#\/schema\/person\/ad82545263dcc5ec0996818884fd5fb1"},"breadcrumb":{"@id":"https:\/\/www.noticiasradioreflejos.com.ar\/2021\/dia-de-las-areas-protegidas-de-latinoamerica-y-el-caribe-las-areas-naturales-des-protegidas-de-la-provincia-de-buenos-aires\/#breadcrumb"},"inLanguage":"es","potentialAction":[{"@type":"ReadAction","target":["https:\/\/www.noticiasradioreflejos.com.ar\/2021\/dia-de-las-areas-protegidas-de-latinoamerica-y-el-caribe-las-areas-naturales-des-protegidas-de-la-provincia-de-buenos-aires\/"]}]},{"@type":"ImageObject","inLanguage":"es","@id":"https:\/\/www.noticiasradioreflejos.com.ar\/2021\/dia-de-las-areas-protegidas-de-latinoamerica-y-el-caribe-las-areas-naturales-des-protegidas-de-la-provincia-de-buenos-aires\/#primaryimage","url":"https:\/\/www.noticiasradioreflejos.com.ar\/2021\/wp-content\/uploads\/2022\/10\/Areas-protegidas.jpeg","contentUrl":"https:\/\/www.noticiasradioreflejos.com.ar\/2021\/wp-content\/uploads\/2022\/10\/Areas-protegidas.jpeg","width":1280,"height":720},{"@type":"BreadcrumbList","@id":"https:\/\/www.noticiasradioreflejos.com.ar\/2021\/dia-de-las-areas-protegidas-de-latinoamerica-y-el-caribe-las-areas-naturales-des-protegidas-de-la-provincia-de-buenos-aires\/#breadcrumb","itemListElement":[{"@type":"ListItem","position":1,"name":"Portada","item":"https:\/\/www.noticiasradioreflejos.com.ar\/2021\/"},{"@type":"ListItem","position":2,"name":"D\u00eda de las \u00c1reas Protegidas de Latinoam\u00e9rica y el Caribe. Las \u00c1reas Naturales (des) protegidas de la Provincia de Buenos Aires."}]},{"@type":"WebSite","@id":"https:\/\/www.noticiasradioreflejos.com.ar\/2021\/#website","url":"https:\/\/www.noticiasradioreflejos.com.ar\/2021\/","name":"Noticias Radio Reflejos","description":"Las noticias de mi comarca","potentialAction":[{"@type":"SearchAction","target":{"@type":"EntryPoint","urlTemplate":"https:\/\/www.noticiasradioreflejos.com.ar\/2021\/?s={search_term_string}"},"query-input":{"@type":"PropertyValueSpecification","valueRequired":true,"valueName":"search_term_string"}}],"inLanguage":"es"},{"@type":"Person","@id":"https:\/\/www.noticiasradioreflejos.com.ar\/2021\/#\/schema\/person\/ad82545263dcc5ec0996818884fd5fb1","name":"Arnaldo Botto","image":{"@type":"ImageObject","inLanguage":"es","@id":"https:\/\/www.noticiasradioreflejos.com.ar\/2021\/#\/schema\/person\/image\/","url":"https:\/\/secure.gravatar.com\/avatar\/55cb5e37c1efa326397366e6974cb338056df65cb50e7d64d1cf314e87504837?s=96&d=mm&r=g","contentUrl":"https:\/\/secure.gravatar.com\/avatar\/55cb5e37c1efa326397366e6974cb338056df65cb50e7d64d1cf314e87504837?s=96&d=mm&r=g","caption":"Arnaldo Botto"},"url":"https:\/\/www.noticiasradioreflejos.com.ar\/2021\/author\/arnaldo\/"}]}},"_links":{"self":[{"href":"https:\/\/www.noticiasradioreflejos.com.ar\/2021\/wp-json\/wp\/v2\/posts\/79014","targetHints":{"allow":["GET"]}}],"collection":[{"href":"https:\/\/www.noticiasradioreflejos.com.ar\/2021\/wp-json\/wp\/v2\/posts"}],"about":[{"href":"https:\/\/www.noticiasradioreflejos.com.ar\/2021\/wp-json\/wp\/v2\/types\/post"}],"author":[{"embeddable":true,"href":"https:\/\/www.noticiasradioreflejos.com.ar\/2021\/wp-json\/wp\/v2\/users\/3"}],"replies":[{"embeddable":true,"href":"https:\/\/www.noticiasradioreflejos.com.ar\/2021\/wp-json\/wp\/v2\/comments?post=79014"}],"version-history":[{"count":2,"href":"https:\/\/www.noticiasradioreflejos.com.ar\/2021\/wp-json\/wp\/v2\/posts\/79014\/revisions"}],"predecessor-version":[{"id":79019,"href":"https:\/\/www.noticiasradioreflejos.com.ar\/2021\/wp-json\/wp\/v2\/posts\/79014\/revisions\/79019"}],"wp:featuredmedia":[{"embeddable":true,"href":"https:\/\/www.noticiasradioreflejos.com.ar\/2021\/wp-json\/wp\/v2\/media\/79017"}],"wp:attachment":[{"href":"https:\/\/www.noticiasradioreflejos.com.ar\/2021\/wp-json\/wp\/v2\/media?parent=79014"}],"wp:term":[{"taxonomy":"category","embeddable":true,"href":"https:\/\/www.noticiasradioreflejos.com.ar\/2021\/wp-json\/wp\/v2\/categories?post=79014"},{"taxonomy":"post_tag","embeddable":true,"href":"https:\/\/www.noticiasradioreflejos.com.ar\/2021\/wp-json\/wp\/v2\/tags?post=79014"}],"curies":[{"name":"wp","href":"https:\/\/api.w.org\/{rel}","templated":true}]}}