{"id":79011,"date":"2022-10-17T17:32:59","date_gmt":"2022-10-17T17:32:59","guid":{"rendered":"http:\/\/www.noticiasradioreflejos.com.ar\/2021\/?p=79011"},"modified":"2022-10-17T17:32:59","modified_gmt":"2022-10-17T17:32:59","slug":"rio-cuarto-sera-sede-del-congreso-internacional-de-inclusion-y-diversidad","status":"publish","type":"post","link":"https:\/\/www.noticiasradioreflejos.com.ar\/2021\/rio-cuarto-sera-sede-del-congreso-internacional-de-inclusion-y-diversidad\/","title":{"rendered":"Rio Cuarto ser\u00e1 sede del Congreso Internacional de Inclusi\u00f3n y Diversidad"},"content":{"rendered":"<p>Bajo el lema \u201cEscuelas Inclusivas: Pedagog\u00edas urgentes\u201d, la quinta edici\u00f3n de este evento vuelve a tener sede en la ciudad de R\u00edo Cuarto.<!--more--><\/p>\n<p>Organizado por la Fundaci\u00f3n Universitaria, el encuentro est\u00e1 previsto celebrarse el pr\u00f3ximo s\u00e1bado 12 de noviembre, en el auditorio del sindicato Luz y Fuerza de la ciudad.<\/p>\n<p>El programa preliminar que difundi\u00f3 la comisi\u00f3n organizadora, exhibe una nutrida n\u00f3mina de catedr\u00e1ticos, especialistas, acad\u00e9micos y expertos, que disertar\u00e1n a trav\u00e9s de conferencias magistrales, paneles, simposios, talleres, ponencias y trabajos libres.<\/p>\n<p>El plazo para la presentaci\u00f3n de trabajos y ponencias se extiende hasta el 2 de noviembre, y est\u00e1 planteado c\u00f3mo una de las instancias m\u00e1s enriquecedoras del congreso, ya que se posibilita a cualquier actor del \u00e1mbito educativo, exponer en un panel. Los trabajos son evaluados por un Comit\u00e9 Acad\u00e9mico que tiene la responsabilidad de seleccionar aquellas producciones que constituyan un aporte significativo al congreso.<\/p>\n<p>Esta edici\u00f3n es co-organizado por Grupo Congreso y, entre otros, acompa\u00f1an la Legislatura de la Provincia de C\u00f3rdoba, la Universidad Provincial de C\u00f3rdoba, Universidad Popular Pichon Rivi\u00e8re, EmpoderAr C\u00f3rdoba | Asociaci\u00f3n Civil y la Mutual del Personal del Ministerio de Educaci\u00f3n y Justicia de la Naci\u00f3n.<\/p>\n<p>\u201cCuando pensamos la consigna del congreso internacional de educaci\u00f3n, que celebramos en el ojo de la pandemia, propusimos: \u2018El mundo post pandemia, el poder de las Aulas\u2019. Creo que ya est\u00e1bamos pensando en los desaf\u00edos que nos apelar\u00edan cuando las aulas recibieran nuevamente a nuestros alumnos y alumnas. Este congreso, presencial y en R\u00edo Cuarto, es el resultado de la aquella convicci\u00f3n\u201d, coment\u00f3 Marcos Santill\u00e1n, presidente del Congreso.<\/p>\n<p>&nbsp;<\/p>\n","protected":false},"excerpt":{"rendered":"<p>Bajo el lema \u201cEscuelas Inclusivas: Pedagog\u00edas urgentes\u201d, la quinta edici\u00f3n de este evento vuelve a tener sede en la ciudad de R\u00edo Cuarto.<\/p>\n","protected":false},"author":3,"featured_media":0,"comment_status":"closed","ping_status":"closed","sticky":false,"template":"","format":"standard","meta":{"footnotes":""},"categories":[34,24],"tags":[],"class_list":["post-79011","post","type-post","status-publish","format-standard","hentry","category-educacion","category-politica"],"yoast_head":"<!-- This site is optimized with the Yoast SEO plugin v25.9 - https:\/\/yoast.com\/wordpress\/plugins\/seo\/ -->\n<title>Rio Cuarto ser\u00e1 sede del Congreso Internacional de Inclusi\u00f3n y Diversidad - Noticias Radio Reflejos<\/title>\n<meta name=\"robots\" content=\"index, follow, max-snippet:-1, max-image-preview:large, max-video-preview:-1\" \/>\n<link rel=\"canonical\" href=\"https:\/\/www.noticiasradioreflejos.com.ar\/2021\/rio-cuarto-sera-sede-del-congreso-internacional-de-inclusion-y-diversidad\/\" \/>\n<meta property=\"og:locale\" content=\"es_ES\" \/>\n<meta property=\"og:type\" content=\"article\" \/>\n<meta property=\"og:title\" content=\"Rio Cuarto ser\u00e1 sede del Congreso Internacional de Inclusi\u00f3n y Diversidad - Noticias Radio Reflejos\" \/>\n<meta property=\"og:description\" content=\"Bajo el lema \u201cEscuelas Inclusivas: Pedagog\u00edas urgentes\u201d, la quinta edici\u00f3n de este evento vuelve a tener sede en la ciudad de R\u00edo Cuarto.\" \/>\n<meta property=\"og:url\" content=\"https:\/\/www.noticiasradioreflejos.com.ar\/2021\/rio-cuarto-sera-sede-del-congreso-internacional-de-inclusion-y-diversidad\/\" \/>\n<meta property=\"og:site_name\" content=\"Noticias Radio Reflejos\" \/>\n<meta property=\"article:published_time\" content=\"2022-10-17T17:32:59+00:00\" \/>\n<meta property=\"og:image\" content=\"https:\/\/www.noticiasradioreflejos.com.ar\/2021\/wp-content\/uploads\/2021\/07\/logosol300x200.png\" \/>\n\t<meta property=\"og:image:width\" content=\"300\" \/>\n\t<meta property=\"og:image:height\" content=\"200\" \/>\n\t<meta property=\"og:image:type\" content=\"image\/png\" \/>\n<meta name=\"author\" content=\"Arnaldo Botto\" \/>\n<meta name=\"twitter:card\" content=\"summary_large_image\" \/>\n<script type=\"application\/ld+json\" class=\"yoast-schema-graph\">{\"@context\":\"https:\/\/schema.org\",\"@graph\":[{\"@type\":\"WebPage\",\"@id\":\"https:\/\/www.noticiasradioreflejos.com.ar\/2021\/rio-cuarto-sera-sede-del-congreso-internacional-de-inclusion-y-diversidad\/\",\"url\":\"https:\/\/www.noticiasradioreflejos.com.ar\/2021\/rio-cuarto-sera-sede-del-congreso-internacional-de-inclusion-y-diversidad\/\",\"name\":\"Rio Cuarto ser\u00e1 sede del Congreso Internacional de Inclusi\u00f3n y Diversidad - Noticias Radio Reflejos\",\"isPartOf\":{\"@id\":\"https:\/\/www.noticiasradioreflejos.com.ar\/2021\/#website\"},\"datePublished\":\"2022-10-17T17:32:59+00:00\",\"author\":{\"@id\":\"https:\/\/www.noticiasradioreflejos.com.ar\/2021\/#\/schema\/person\/ad82545263dcc5ec0996818884fd5fb1\"},\"breadcrumb\":{\"@id\":\"https:\/\/www.noticiasradioreflejos.com.ar\/2021\/rio-cuarto-sera-sede-del-congreso-internacional-de-inclusion-y-diversidad\/#breadcrumb\"},\"inLanguage\":\"es\",\"potentialAction\":[{\"@type\":\"ReadAction\",\"target\":[\"https:\/\/www.noticiasradioreflejos.com.ar\/2021\/rio-cuarto-sera-sede-del-congreso-internacional-de-inclusion-y-diversidad\/\"]}]},{\"@type\":\"BreadcrumbList\",\"@id\":\"https:\/\/www.noticiasradioreflejos.com.ar\/2021\/rio-cuarto-sera-sede-del-congreso-internacional-de-inclusion-y-diversidad\/#breadcrumb\",\"itemListElement\":[{\"@type\":\"ListItem\",\"position\":1,\"name\":\"Portada\",\"item\":\"https:\/\/www.noticiasradioreflejos.com.ar\/2021\/\"},{\"@type\":\"ListItem\",\"position\":2,\"name\":\"Rio Cuarto ser\u00e1 sede del Congreso Internacional de Inclusi\u00f3n y Diversidad\"}]},{\"@type\":\"WebSite\",\"@id\":\"https:\/\/www.noticiasradioreflejos.com.ar\/2021\/#website\",\"url\":\"https:\/\/www.noticiasradioreflejos.com.ar\/2021\/\",\"name\":\"Noticias Radio Reflejos\",\"description\":\"Las noticias de mi comarca\",\"potentialAction\":[{\"@type\":\"SearchAction\",\"target\":{\"@type\":\"EntryPoint\",\"urlTemplate\":\"https:\/\/www.noticiasradioreflejos.com.ar\/2021\/?s={search_term_string}\"},\"query-input\":{\"@type\":\"PropertyValueSpecification\",\"valueRequired\":true,\"valueName\":\"search_term_string\"}}],\"inLanguage\":\"es\"},{\"@type\":\"Person\",\"@id\":\"https:\/\/www.noticiasradioreflejos.com.ar\/2021\/#\/schema\/person\/ad82545263dcc5ec0996818884fd5fb1\",\"name\":\"Arnaldo Botto\",\"image\":{\"@type\":\"ImageObject\",\"inLanguage\":\"es\",\"@id\":\"https:\/\/www.noticiasradioreflejos.com.ar\/2021\/#\/schema\/person\/image\/\",\"url\":\"https:\/\/secure.gravatar.com\/avatar\/55cb5e37c1efa326397366e6974cb338056df65cb50e7d64d1cf314e87504837?s=96&d=mm&r=g\",\"contentUrl\":\"https:\/\/secure.gravatar.com\/avatar\/55cb5e37c1efa326397366e6974cb338056df65cb50e7d64d1cf314e87504837?s=96&d=mm&r=g\",\"caption\":\"Arnaldo Botto\"},\"url\":\"https:\/\/www.noticiasradioreflejos.com.ar\/2021\/author\/arnaldo\/\"}]}<\/script>\n<!-- \/ Yoast SEO plugin. -->","yoast_head_json":{"title":"Rio Cuarto ser\u00e1 sede del Congreso Internacional de Inclusi\u00f3n y Diversidad - Noticias Radio Reflejos","robots":{"index":"index","follow":"follow","max-snippet":"max-snippet:-1","max-image-preview":"max-image-preview:large","max-video-preview":"max-video-preview:-1"},"canonical":"https:\/\/www.noticiasradioreflejos.com.ar\/2021\/rio-cuarto-sera-sede-del-congreso-internacional-de-inclusion-y-diversidad\/","og_locale":"es_ES","og_type":"article","og_title":"Rio Cuarto ser\u00e1 sede del Congreso Internacional de Inclusi\u00f3n y Diversidad - Noticias Radio Reflejos","og_description":"Bajo el lema \u201cEscuelas Inclusivas: Pedagog\u00edas urgentes\u201d, la quinta edici\u00f3n de este evento vuelve a tener sede en la ciudad de R\u00edo Cuarto.","og_url":"https:\/\/www.noticiasradioreflejos.com.ar\/2021\/rio-cuarto-sera-sede-del-congreso-internacional-de-inclusion-y-diversidad\/","og_site_name":"Noticias Radio Reflejos","article_published_time":"2022-10-17T17:32:59+00:00","og_image":[{"width":300,"height":200,"url":"https:\/\/www.noticiasradioreflejos.com.ar\/2021\/wp-content\/uploads\/2021\/07\/logosol300x200.png","type":"image\/png"}],"author":"Arnaldo Botto","twitter_card":"summary_large_image","schema":{"@context":"https:\/\/schema.org","@graph":[{"@type":"WebPage","@id":"https:\/\/www.noticiasradioreflejos.com.ar\/2021\/rio-cuarto-sera-sede-del-congreso-internacional-de-inclusion-y-diversidad\/","url":"https:\/\/www.noticiasradioreflejos.com.ar\/2021\/rio-cuarto-sera-sede-del-congreso-internacional-de-inclusion-y-diversidad\/","name":"Rio Cuarto ser\u00e1 sede del Congreso Internacional de Inclusi\u00f3n y Diversidad - Noticias Radio Reflejos","isPartOf":{"@id":"https:\/\/www.noticiasradioreflejos.com.ar\/2021\/#website"},"datePublished":"2022-10-17T17:32:59+00:00","author":{"@id":"https:\/\/www.noticiasradioreflejos.com.ar\/2021\/#\/schema\/person\/ad82545263dcc5ec0996818884fd5fb1"},"breadcrumb":{"@id":"https:\/\/www.noticiasradioreflejos.com.ar\/2021\/rio-cuarto-sera-sede-del-congreso-internacional-de-inclusion-y-diversidad\/#breadcrumb"},"inLanguage":"es","potentialAction":[{"@type":"ReadAction","target":["https:\/\/www.noticiasradioreflejos.com.ar\/2021\/rio-cuarto-sera-sede-del-congreso-internacional-de-inclusion-y-diversidad\/"]}]},{"@type":"BreadcrumbList","@id":"https:\/\/www.noticiasradioreflejos.com.ar\/2021\/rio-cuarto-sera-sede-del-congreso-internacional-de-inclusion-y-diversidad\/#breadcrumb","itemListElement":[{"@type":"ListItem","position":1,"name":"Portada","item":"https:\/\/www.noticiasradioreflejos.com.ar\/2021\/"},{"@type":"ListItem","position":2,"name":"Rio Cuarto ser\u00e1 sede del Congreso Internacional de Inclusi\u00f3n y Diversidad"}]},{"@type":"WebSite","@id":"https:\/\/www.noticiasradioreflejos.com.ar\/2021\/#website","url":"https:\/\/www.noticiasradioreflejos.com.ar\/2021\/","name":"Noticias Radio Reflejos","description":"Las noticias de mi comarca","potentialAction":[{"@type":"SearchAction","target":{"@type":"EntryPoint","urlTemplate":"https:\/\/www.noticiasradioreflejos.com.ar\/2021\/?s={search_term_string}"},"query-input":{"@type":"PropertyValueSpecification","valueRequired":true,"valueName":"search_term_string"}}],"inLanguage":"es"},{"@type":"Person","@id":"https:\/\/www.noticiasradioreflejos.com.ar\/2021\/#\/schema\/person\/ad82545263dcc5ec0996818884fd5fb1","name":"Arnaldo Botto","image":{"@type":"ImageObject","inLanguage":"es","@id":"https:\/\/www.noticiasradioreflejos.com.ar\/2021\/#\/schema\/person\/image\/","url":"https:\/\/secure.gravatar.com\/avatar\/55cb5e37c1efa326397366e6974cb338056df65cb50e7d64d1cf314e87504837?s=96&d=mm&r=g","contentUrl":"https:\/\/secure.gravatar.com\/avatar\/55cb5e37c1efa326397366e6974cb338056df65cb50e7d64d1cf314e87504837?s=96&d=mm&r=g","caption":"Arnaldo Botto"},"url":"https:\/\/www.noticiasradioreflejos.com.ar\/2021\/author\/arnaldo\/"}]}},"_links":{"self":[{"href":"https:\/\/www.noticiasradioreflejos.com.ar\/2021\/wp-json\/wp\/v2\/posts\/79011","targetHints":{"allow":["GET"]}}],"collection":[{"href":"https:\/\/www.noticiasradioreflejos.com.ar\/2021\/wp-json\/wp\/v2\/posts"}],"about":[{"href":"https:\/\/www.noticiasradioreflejos.com.ar\/2021\/wp-json\/wp\/v2\/types\/post"}],"author":[{"embeddable":true,"href":"https:\/\/www.noticiasradioreflejos.com.ar\/2021\/wp-json\/wp\/v2\/users\/3"}],"replies":[{"embeddable":true,"href":"https:\/\/www.noticiasradioreflejos.com.ar\/2021\/wp-json\/wp\/v2\/comments?post=79011"}],"version-history":[{"count":1,"href":"https:\/\/www.noticiasradioreflejos.com.ar\/2021\/wp-json\/wp\/v2\/posts\/79011\/revisions"}],"predecessor-version":[{"id":79013,"href":"https:\/\/www.noticiasradioreflejos.com.ar\/2021\/wp-json\/wp\/v2\/posts\/79011\/revisions\/79013"}],"wp:attachment":[{"href":"https:\/\/www.noticiasradioreflejos.com.ar\/2021\/wp-json\/wp\/v2\/media?parent=79011"}],"wp:term":[{"taxonomy":"category","embeddable":true,"href":"https:\/\/www.noticiasradioreflejos.com.ar\/2021\/wp-json\/wp\/v2\/categories?post=79011"},{"taxonomy":"post_tag","embeddable":true,"href":"https:\/\/www.noticiasradioreflejos.com.ar\/2021\/wp-json\/wp\/v2\/tags?post=79011"}],"curies":[{"name":"wp","href":"https:\/\/api.w.org\/{rel}","templated":true}]}}