{"id":79004,"date":"2022-10-17T17:27:38","date_gmt":"2022-10-17T17:27:38","guid":{"rendered":"http:\/\/www.noticiasradioreflejos.com.ar\/2021\/?p=79004"},"modified":"2022-10-17T17:27:38","modified_gmt":"2022-10-17T17:27:38","slug":"video-detectaron-ocho-yaguaretes-en-el-parque-nacional-iguazu","status":"publish","type":"post","link":"https:\/\/www.noticiasradioreflejos.com.ar\/2021\/video-detectaron-ocho-yaguaretes-en-el-parque-nacional-iguazu\/","title":{"rendered":"Video: detectaron ocho yaguaret\u00e9s en el Parque Nacional Iguaz\u00fa"},"content":{"rendered":"<p>Fueron captados por c\u00e1maras trampa, en los \u00faltimos meses. Los ejemplares filmados son cinco hembras y tres machos, uno de ellos cachorro.<!--more--><\/p>\n<div class=\"author\"><\/div>\n<div class=\"section-2-col article-main-image\">\n<div class=\"col 2-col\">\n<div class=\"article-main-media-image__container\">\n<div class=\"image-wrapper\"><\/div>\n<\/div>\n<\/div>\n<\/div>\n<div class=\"section-2-col article-main-content\">\n<div class=\"col 1-col\"><a href=\"https:\/\/www.pagina12.com.ar\/365836-se-duplico-la-reproduccion-del-yaguarete-en-misiones\"><b>Ocho yaguaret\u00e9s<\/b>\u00a0fueron\u00a0<b>filmados\u00a0<\/b>en el<b>\u00a0Parque Nacional Iguaz\u00fa, en Misiones<\/b><\/a><b><\/b>. Los felinos fueron captados por las\u00a0<b>c\u00e1maras trampa<\/b>\u00a0\u2014dispositivos autom\u00e1ticos usados para capturar im\u00e1genes de animales en estado salvaje\u2014 instaladas en en el lugar, donde se encuentra<b>\u00a0la mayor cantidad de ejemplares de esta especie en el pa\u00eds<\/b>.<\/div>\n<div class=\"col 2-col\">\n<div class=\"article-main-content article-text \">\n<ul>\n<li><a href=\"https:\/\/www.pagina12.com.ar\/481942-nacieron-dos-cachorros-de-yaguarete-y-ya-son-12-los-ejemplar\">Nacieron dos cachorros de yaguaret\u00e9 y ya son 12 los ejemplares silvestres que habitan el Parque Nacional Iber\u00e1<\/a><\/li>\n<\/ul>\n<div id=\"talkFireEvent\"><\/div>\n<p>Las\u00a0<b>im\u00e1genes<\/b>, que fueron difundidas por la Red Yaguaret\u00e9, muestran a<b>\u00a0ocho yaguaret\u00e9s en el mismo lugar<\/b>. Los ejemplares filmados son\u00a0<b>cinco hembras y tres machos<\/b>, uno de ellos\u00a0<b>cachorro<\/b>.<\/p>\n<p><iframe loading=\"lazy\" src=\"\/\/content.jwplatform.com\/players\/lusf1ANb-buQgiLVC.html\" width=\"640\" height=\"360\" frameborder=\"0\" scrolling=\"auto\"><\/iframe><\/p>\n<p>Todos se encuentran en\u00a0<b>buen estado de salud<\/b>, un dato positivo para la conservaci\u00f3n de esta\u00a0<b>especie en peligro de extinci\u00f3n.\u00a0<\/b><\/p>\n<p>El video publicado en sus redes sociales por la Red Yaguaret\u00e9 (una organizaci\u00f3n sin fines de lucro, dedicada a la conservaci\u00f3n de este felino en el pa\u00eds) es un\u00a0<b>compilado con im\u00e1genes captadas en los \u00faltimos meses<\/b>, en los que se puede ver a los yaguaret\u00e9s deambulando por la zona, tanto\u00a0<b>de noche como de d\u00eda.\u00a0<\/b><\/p>\n<p>Los ocho ejemplares filmados<b>\u00a0ya hab\u00edan sido registrados e identificados<\/b>\u00a0previamente por los miembros de la organizaci\u00f3n y\u00a0 \u00abbautizados\u00bb con los nombres de\u00a0<b>Keramb\u00ed\u00a0<\/b>(hembra),\u00a0<b>Kunum\u00ed<\/b>\u00a0(hembra),\u00a0<b>Mbegu\u00e9\u00a0<\/b>(macho),\u00a0<b>Mita\u00ed\u00a0<\/b>(hembra),\u00a0<b>Mocon\u00e1\u00a0<\/b>(hembra),\u00a0<b>Chusma\u00a0<\/b>(macho),\u00a0<b>Mborayh\u00fa\u00a0<\/b>(hembra) y su<b>\u00a0cachorrote Ibicuy<\/b>\u00a0(macho).<\/p>\n<h2>Una especie en peligro de extinci\u00f3n<\/h2>\n<p>El yaguaret\u00e9 es\u00a0<b>el felino m\u00e1s grande del continente americano y tercero a escala mundial,\u00a0<\/b>despu\u00e9s del tigre de bengala y el le\u00f3n. Es\u00a0<b>una de las diez especies de felinos silvestres que habitan en Argentin<\/b>a (adem\u00e1s del puma, el yaguarund\u00ed, el ocelote, la tirica, el margay y los gatos hui\u00f1a, andino, mont\u00e9s y del pajonal). Yaguaret\u00e9\u00a0<b>significa \u00abla verdadera fiera\u00bb en guaran\u00ed.<\/b><\/p>\n<p>La p\u00e9rdida de su h\u00e1bitat producto de la\u00a0<b>deforestaci\u00f3n, su caza ilegal o la caza indiscriminada de animales\u00a0<\/b>m\u00e1s peque\u00f1os de los que se alimenta afectan directamente su supervivencia.<\/p>\n<p>Hasta principios del siglo XX ten\u00eda una distribuci\u00f3n muy amplia en el continente americano que iba desde el sur de Estados Unidos hasta la Patagonia. Hoy, solo ocupa entre un 10 y un 15 por ciento de aquella distribuci\u00f3n original.\u00a0<b>Se estima que quedan entre 7.000 y 15.000 ejemplares en todo el continente y un poco m\u00e1s de 200 ejemplares<\/b>\u00a0distribuidos en las provincias de Chaco, Formosa, Jujuy, Misiones, Salta y Santiago del Estero.<\/p>\n<\/div>\n<\/div>\n<\/div>\n","protected":false},"excerpt":{"rendered":"<p>Fueron captados por c\u00e1maras trampa, en los \u00faltimos meses. Los ejemplares filmados son cinco hembras y tres machos, uno de ellos cachorro.<\/p>\n","protected":false},"author":3,"featured_media":0,"comment_status":"closed","ping_status":"closed","sticky":false,"template":"","format":"standard","meta":{"footnotes":""},"categories":[46],"tags":[],"class_list":["post-79004","post","type-post","status-publish","format-standard","hentry","category-ciencia-y-tecnologia"],"yoast_head":"<!-- This site is optimized with the Yoast SEO plugin v25.9 - https:\/\/yoast.com\/wordpress\/plugins\/seo\/ -->\n<title>Video: detectaron ocho yaguaret\u00e9s en el Parque Nacional Iguaz\u00fa - Noticias Radio Reflejos<\/title>\n<meta name=\"robots\" content=\"index, follow, max-snippet:-1, max-image-preview:large, max-video-preview:-1\" \/>\n<link rel=\"canonical\" href=\"https:\/\/www.noticiasradioreflejos.com.ar\/2021\/video-detectaron-ocho-yaguaretes-en-el-parque-nacional-iguazu\/\" \/>\n<meta property=\"og:locale\" content=\"es_ES\" \/>\n<meta property=\"og:type\" content=\"article\" \/>\n<meta property=\"og:title\" content=\"Video: detectaron ocho yaguaret\u00e9s en el Parque Nacional Iguaz\u00fa - Noticias Radio Reflejos\" \/>\n<meta property=\"og:description\" content=\"Fueron captados por c\u00e1maras trampa, en los \u00faltimos meses. Los ejemplares filmados son cinco hembras y tres machos, uno de ellos cachorro.\" \/>\n<meta property=\"og:url\" content=\"https:\/\/www.noticiasradioreflejos.com.ar\/2021\/video-detectaron-ocho-yaguaretes-en-el-parque-nacional-iguazu\/\" \/>\n<meta property=\"og:site_name\" content=\"Noticias Radio Reflejos\" \/>\n<meta property=\"article:published_time\" content=\"2022-10-17T17:27:38+00:00\" \/>\n<meta property=\"og:image\" content=\"https:\/\/www.noticiasradioreflejos.com.ar\/2021\/wp-content\/uploads\/2021\/07\/logosol300x200.png\" \/>\n\t<meta property=\"og:image:width\" content=\"300\" \/>\n\t<meta property=\"og:image:height\" content=\"200\" \/>\n\t<meta property=\"og:image:type\" content=\"image\/png\" \/>\n<meta name=\"author\" content=\"Arnaldo Botto\" \/>\n<meta name=\"twitter:card\" content=\"summary_large_image\" \/>\n<script type=\"application\/ld+json\" class=\"yoast-schema-graph\">{\"@context\":\"https:\/\/schema.org\",\"@graph\":[{\"@type\":\"WebPage\",\"@id\":\"https:\/\/www.noticiasradioreflejos.com.ar\/2021\/video-detectaron-ocho-yaguaretes-en-el-parque-nacional-iguazu\/\",\"url\":\"https:\/\/www.noticiasradioreflejos.com.ar\/2021\/video-detectaron-ocho-yaguaretes-en-el-parque-nacional-iguazu\/\",\"name\":\"Video: detectaron ocho yaguaret\u00e9s en el Parque Nacional Iguaz\u00fa - Noticias Radio Reflejos\",\"isPartOf\":{\"@id\":\"https:\/\/www.noticiasradioreflejos.com.ar\/2021\/#website\"},\"datePublished\":\"2022-10-17T17:27:38+00:00\",\"author\":{\"@id\":\"https:\/\/www.noticiasradioreflejos.com.ar\/2021\/#\/schema\/person\/ad82545263dcc5ec0996818884fd5fb1\"},\"breadcrumb\":{\"@id\":\"https:\/\/www.noticiasradioreflejos.com.ar\/2021\/video-detectaron-ocho-yaguaretes-en-el-parque-nacional-iguazu\/#breadcrumb\"},\"inLanguage\":\"es\",\"potentialAction\":[{\"@type\":\"ReadAction\",\"target\":[\"https:\/\/www.noticiasradioreflejos.com.ar\/2021\/video-detectaron-ocho-yaguaretes-en-el-parque-nacional-iguazu\/\"]}]},{\"@type\":\"BreadcrumbList\",\"@id\":\"https:\/\/www.noticiasradioreflejos.com.ar\/2021\/video-detectaron-ocho-yaguaretes-en-el-parque-nacional-iguazu\/#breadcrumb\",\"itemListElement\":[{\"@type\":\"ListItem\",\"position\":1,\"name\":\"Portada\",\"item\":\"https:\/\/www.noticiasradioreflejos.com.ar\/2021\/\"},{\"@type\":\"ListItem\",\"position\":2,\"name\":\"Video: detectaron ocho yaguaret\u00e9s en el Parque Nacional Iguaz\u00fa\"}]},{\"@type\":\"WebSite\",\"@id\":\"https:\/\/www.noticiasradioreflejos.com.ar\/2021\/#website\",\"url\":\"https:\/\/www.noticiasradioreflejos.com.ar\/2021\/\",\"name\":\"Noticias Radio Reflejos\",\"description\":\"Las noticias de mi comarca\",\"potentialAction\":[{\"@type\":\"SearchAction\",\"target\":{\"@type\":\"EntryPoint\",\"urlTemplate\":\"https:\/\/www.noticiasradioreflejos.com.ar\/2021\/?s={search_term_string}\"},\"query-input\":{\"@type\":\"PropertyValueSpecification\",\"valueRequired\":true,\"valueName\":\"search_term_string\"}}],\"inLanguage\":\"es\"},{\"@type\":\"Person\",\"@id\":\"https:\/\/www.noticiasradioreflejos.com.ar\/2021\/#\/schema\/person\/ad82545263dcc5ec0996818884fd5fb1\",\"name\":\"Arnaldo Botto\",\"image\":{\"@type\":\"ImageObject\",\"inLanguage\":\"es\",\"@id\":\"https:\/\/www.noticiasradioreflejos.com.ar\/2021\/#\/schema\/person\/image\/\",\"url\":\"https:\/\/secure.gravatar.com\/avatar\/55cb5e37c1efa326397366e6974cb338056df65cb50e7d64d1cf314e87504837?s=96&d=mm&r=g\",\"contentUrl\":\"https:\/\/secure.gravatar.com\/avatar\/55cb5e37c1efa326397366e6974cb338056df65cb50e7d64d1cf314e87504837?s=96&d=mm&r=g\",\"caption\":\"Arnaldo Botto\"},\"url\":\"https:\/\/www.noticiasradioreflejos.com.ar\/2021\/author\/arnaldo\/\"}]}<\/script>\n<!-- \/ Yoast SEO plugin. -->","yoast_head_json":{"title":"Video: detectaron ocho yaguaret\u00e9s en el Parque Nacional Iguaz\u00fa - Noticias Radio Reflejos","robots":{"index":"index","follow":"follow","max-snippet":"max-snippet:-1","max-image-preview":"max-image-preview:large","max-video-preview":"max-video-preview:-1"},"canonical":"https:\/\/www.noticiasradioreflejos.com.ar\/2021\/video-detectaron-ocho-yaguaretes-en-el-parque-nacional-iguazu\/","og_locale":"es_ES","og_type":"article","og_title":"Video: detectaron ocho yaguaret\u00e9s en el Parque Nacional Iguaz\u00fa - Noticias Radio Reflejos","og_description":"Fueron captados por c\u00e1maras trampa, en los \u00faltimos meses. Los ejemplares filmados son cinco hembras y tres machos, uno de ellos cachorro.","og_url":"https:\/\/www.noticiasradioreflejos.com.ar\/2021\/video-detectaron-ocho-yaguaretes-en-el-parque-nacional-iguazu\/","og_site_name":"Noticias Radio Reflejos","article_published_time":"2022-10-17T17:27:38+00:00","og_image":[{"width":300,"height":200,"url":"https:\/\/www.noticiasradioreflejos.com.ar\/2021\/wp-content\/uploads\/2021\/07\/logosol300x200.png","type":"image\/png"}],"author":"Arnaldo Botto","twitter_card":"summary_large_image","schema":{"@context":"https:\/\/schema.org","@graph":[{"@type":"WebPage","@id":"https:\/\/www.noticiasradioreflejos.com.ar\/2021\/video-detectaron-ocho-yaguaretes-en-el-parque-nacional-iguazu\/","url":"https:\/\/www.noticiasradioreflejos.com.ar\/2021\/video-detectaron-ocho-yaguaretes-en-el-parque-nacional-iguazu\/","name":"Video: detectaron ocho yaguaret\u00e9s en el Parque Nacional Iguaz\u00fa - Noticias Radio Reflejos","isPartOf":{"@id":"https:\/\/www.noticiasradioreflejos.com.ar\/2021\/#website"},"datePublished":"2022-10-17T17:27:38+00:00","author":{"@id":"https:\/\/www.noticiasradioreflejos.com.ar\/2021\/#\/schema\/person\/ad82545263dcc5ec0996818884fd5fb1"},"breadcrumb":{"@id":"https:\/\/www.noticiasradioreflejos.com.ar\/2021\/video-detectaron-ocho-yaguaretes-en-el-parque-nacional-iguazu\/#breadcrumb"},"inLanguage":"es","potentialAction":[{"@type":"ReadAction","target":["https:\/\/www.noticiasradioreflejos.com.ar\/2021\/video-detectaron-ocho-yaguaretes-en-el-parque-nacional-iguazu\/"]}]},{"@type":"BreadcrumbList","@id":"https:\/\/www.noticiasradioreflejos.com.ar\/2021\/video-detectaron-ocho-yaguaretes-en-el-parque-nacional-iguazu\/#breadcrumb","itemListElement":[{"@type":"ListItem","position":1,"name":"Portada","item":"https:\/\/www.noticiasradioreflejos.com.ar\/2021\/"},{"@type":"ListItem","position":2,"name":"Video: detectaron ocho yaguaret\u00e9s en el Parque Nacional Iguaz\u00fa"}]},{"@type":"WebSite","@id":"https:\/\/www.noticiasradioreflejos.com.ar\/2021\/#website","url":"https:\/\/www.noticiasradioreflejos.com.ar\/2021\/","name":"Noticias Radio Reflejos","description":"Las noticias de mi comarca","potentialAction":[{"@type":"SearchAction","target":{"@type":"EntryPoint","urlTemplate":"https:\/\/www.noticiasradioreflejos.com.ar\/2021\/?s={search_term_string}"},"query-input":{"@type":"PropertyValueSpecification","valueRequired":true,"valueName":"search_term_string"}}],"inLanguage":"es"},{"@type":"Person","@id":"https:\/\/www.noticiasradioreflejos.com.ar\/2021\/#\/schema\/person\/ad82545263dcc5ec0996818884fd5fb1","name":"Arnaldo Botto","image":{"@type":"ImageObject","inLanguage":"es","@id":"https:\/\/www.noticiasradioreflejos.com.ar\/2021\/#\/schema\/person\/image\/","url":"https:\/\/secure.gravatar.com\/avatar\/55cb5e37c1efa326397366e6974cb338056df65cb50e7d64d1cf314e87504837?s=96&d=mm&r=g","contentUrl":"https:\/\/secure.gravatar.com\/avatar\/55cb5e37c1efa326397366e6974cb338056df65cb50e7d64d1cf314e87504837?s=96&d=mm&r=g","caption":"Arnaldo Botto"},"url":"https:\/\/www.noticiasradioreflejos.com.ar\/2021\/author\/arnaldo\/"}]}},"_links":{"self":[{"href":"https:\/\/www.noticiasradioreflejos.com.ar\/2021\/wp-json\/wp\/v2\/posts\/79004","targetHints":{"allow":["GET"]}}],"collection":[{"href":"https:\/\/www.noticiasradioreflejos.com.ar\/2021\/wp-json\/wp\/v2\/posts"}],"about":[{"href":"https:\/\/www.noticiasradioreflejos.com.ar\/2021\/wp-json\/wp\/v2\/types\/post"}],"author":[{"embeddable":true,"href":"https:\/\/www.noticiasradioreflejos.com.ar\/2021\/wp-json\/wp\/v2\/users\/3"}],"replies":[{"embeddable":true,"href":"https:\/\/www.noticiasradioreflejos.com.ar\/2021\/wp-json\/wp\/v2\/comments?post=79004"}],"version-history":[{"count":1,"href":"https:\/\/www.noticiasradioreflejos.com.ar\/2021\/wp-json\/wp\/v2\/posts\/79004\/revisions"}],"predecessor-version":[{"id":79006,"href":"https:\/\/www.noticiasradioreflejos.com.ar\/2021\/wp-json\/wp\/v2\/posts\/79004\/revisions\/79006"}],"wp:attachment":[{"href":"https:\/\/www.noticiasradioreflejos.com.ar\/2021\/wp-json\/wp\/v2\/media?parent=79004"}],"wp:term":[{"taxonomy":"category","embeddable":true,"href":"https:\/\/www.noticiasradioreflejos.com.ar\/2021\/wp-json\/wp\/v2\/categories?post=79004"},{"taxonomy":"post_tag","embeddable":true,"href":"https:\/\/www.noticiasradioreflejos.com.ar\/2021\/wp-json\/wp\/v2\/tags?post=79004"}],"curies":[{"name":"wp","href":"https:\/\/api.w.org\/{rel}","templated":true}]}}