{"id":78992,"date":"2022-10-17T17:04:14","date_gmt":"2022-10-17T17:04:14","guid":{"rendered":"http:\/\/www.noticiasradioreflejos.com.ar\/2021\/?p=78992"},"modified":"2022-10-17T17:04:14","modified_gmt":"2022-10-17T17:04:14","slug":"jose-manuel-castro-queremos-que-haya-un-candidato-propio","status":"publish","type":"post","link":"https:\/\/www.noticiasradioreflejos.com.ar\/2021\/jose-manuel-castro-queremos-que-haya-un-candidato-propio\/","title":{"rendered":"Jos\u00e9 Manuel Castro: \u201cQueremos que haya un candidato propio\u201d"},"content":{"rendered":"<p>El flamante presidente de la UCR del Distrito Tornquist analiz\u00f3 el presente del partido, cu\u00e1l es su visi\u00f3n a corto plazo y qu\u00e9 se debe hacer con las PASO.<!--more--><\/p>\n<p>Entre todas las cuestiones que ocupan y preocupan a la sociedad, poco a poco el tema electoral va ganando terreno, a un a\u00f1o de los comicios generales y un par de meses menos de cara a las primarias.<\/p>\n<p>Al respecto, la Uni\u00f3n C\u00edvica Radical del distrito mediante consenso no necesit\u00f3 de elecciones para renovar autoridades, y con lista \u00fanica afrontar\u00e1 los pr\u00f3ximos dos a\u00f1os, una vez que la Junta Electoral lo convalide.<\/p>\n<p>De all\u00ed que su flamante presidente, Jos\u00e9 Manuel Castro, brind\u00f3 detalles de lo ocurrido y de lo que, seg\u00fan su perspectiva, suceder\u00e1 en 2023.<\/p>\n<p>En el comienzo de la charla aclar\u00f3 que \u201cse convocaron a elecciones, como se hace cada dos a\u00f1os\u201d en el partido. \u201cLa fecha l\u00edmite para presentar listas era el 14 de octubre. Ac\u00e1 en Tornquist llegamos a una lista de unidad, despu\u00e9s de varias reuniones y convocatorias de afiliados\u201d mencion\u00f3.<\/p>\n<p>En esa l\u00ednea, reconoci\u00f3 que \u201ccon el apoyo de los afiliados llegamos a un acuerdo, y de la actual mesa, son varios los que me acompa\u00f1an como nuevo presidente del Comit\u00e9 en el Distrito. A nivel local tambi\u00e9n hay una lista de unidad, y a nivel provincial tambi\u00e9n lo habr\u00e1, donde continuar\u00e1 Maximiliano Abad, sum\u00e1ndose la gente de Posse\u201d.<\/p>\n<p>Reflexionando por todo lo vivido, Castro admiti\u00f3 que \u201chac\u00eda falta dentro del partido que haya unidad a nivel provincial, ya que dentro del frente Juntos, sabemos que habr\u00e1 alg\u00fan candidato del PRO y alg\u00fan candidato del radicalismo. Nosotros queremos que haya un candidato propio. Por eso est\u00e1 bueno que el partido est\u00e9 fuerte para acompa\u00f1ar esas candidaturas, y ni hablar a nivel nacional, donde tenemos dos candidatos como Facundo Manes y Gerardo Morales\u201d.<\/p>\n<h5>\n<a title=\"Castritos\" href=\"https:\/\/www.flickr.com\/photos\/182279889@N02\/52435405745\/in\/dateposted-public\/\" data-flickr-embed=\"true\"><img loading=\"lazy\" decoding=\"async\" src=\"https:\/\/live.staticflickr.com\/65535\/52435405745_04e53b942b_z.jpg\" alt=\"Castritos\" width=\"640\" height=\"459\" \/><\/a><br \/>\n<em>Luis y Manuel Castro en sus comienzos de la JR.<\/em><\/h5>\n<p>&nbsp;<\/p>\n<p>En otro pasaje de la charla, se mostr\u00f3 inflexible, al remarcar que \u201ctengo una postura respecto a las PASO; siempre las defend\u00ed, pero dentro de los partidos debemos utilizarlas. Desde los 90 los partidos mayoritarios pasaron a formar parte de Frentes. Considero que las PASO es una herramienta fundamental para la ciudadan\u00eda, para que llegado el caso que no haya una \u00fanica lista de unidad, lo m\u00e1s democr\u00e1tico es que la ciudadan\u00eda pueda elegir\u201d.<\/p>\n<p>Y subrayando su postura, enfatiz\u00f3 en que \u201cla democracia no funciona a conveniencia de un partido pol\u00edtico. Sino que esto se debe reforzar. Si no nos sirvieron las PASO es porque no fueron utilizadas como corresponde. No se trabaj\u00f3 con la ciudadan\u00eda para que entienda con qu\u00e9 fin fue creada. Ahora un sector del gobierno lo plantea a conveniencia porque ven que la situaci\u00f3n del 2023 la tendr\u00e1n complicada\u201d.<\/p>\n<p>&nbsp;<\/p>\n<p><iframe loading=\"lazy\" style=\"border: none; overflow: hidden;\" src=\"https:\/\/www.facebook.com\/plugins\/post.php?href=https%3A%2F%2Fwww.facebook.com%2Fmanuel.castro.9809%2Fposts%2F5570745416341860&amp;show_text=true&amp;width=500\" width=\"500\" height=\"750\" frameborder=\"0\" scrolling=\"no\" allowfullscreen=\"allowfullscreen\"><\/iframe><\/p>\n<p>Por fuera de esta entrevista, durante el fin de semana utiliz\u00f3 su cuenta de Facebook para dejar un mensaje a todos los afiliados: \u201cGracias a los afiliados y simpatizantes por apostar a mi persona y brindarme la confianza para asumir una gran responsabilidad, ser Presidente de la Uni\u00f3n C\u00edvica Radical del distrito de Tornquist. Un desaf\u00edo enorme, que llevaremos adelante todos los correligionarios y correligionarias, con un \u00fanico objetivo, volver a ser gobierno para trabajar por el bien com\u00fan. Felicitar a los Subcomit\u00e9 de las localidades por haber elegido sus respectivas autoridades y a la gloriosa JUVENTUD RADICAL por renovar y seguir apostando a la formaci\u00f3n como eje central de la militancia pol\u00edtica\u201d.<\/p>\n<p><iframe loading=\"lazy\" src=\"https:\/\/w.soundcloud.com\/player\/?url=https%3A\/\/api.soundcloud.com\/tracks\/1364640193&amp;color=%23ff5500&amp;auto_play=false&amp;hide_related=false&amp;show_comments=true&amp;show_user=true&amp;show_reposts=false&amp;show_teaser=true\" width=\"100%\" height=\"166\" frameborder=\"no\" scrolling=\"no\"><\/iframe><\/p>\n<div style=\"font-size: 10px; color: #cccccc; line-break: anywhere; word-break: normal; overflow: hidden; white-space: nowrap; text-overflow: ellipsis; font-family: Interstate,Lucida Grande,Lucida Sans Unicode,Lucida Sans,Garuda,Verdana,Tahoma,sans-serif; font-weight: 100;\"><a style=\"color: #cccccc; text-decoration: none;\" title=\"fmreflejos 103.7\" href=\"https:\/\/soundcloud.com\/fmreflejos-103-7\" target=\"_blank\" rel=\"noopener\">fmreflejos 103.7<\/a> \u00b7 <a style=\"color: #cccccc; text-decoration: none;\" title=\"Manuel Castro Preside La UCR De Tornquist\" href=\"https:\/\/soundcloud.com\/fmreflejos-103-7\/manuel-castro-preside-la-ucr-de-tornquist\" target=\"_blank\" rel=\"noopener\">Manuel Castro Preside La UCR De Tornquist<\/a><\/div>\n","protected":false},"excerpt":{"rendered":"<p>El flamante presidente de la UCR del Distrito Tornquist analiz\u00f3 el presente del partido, cu\u00e1l es su visi\u00f3n a corto plazo y qu\u00e9 se debe hacer con las PASO.<\/p>\n","protected":false},"author":3,"featured_media":0,"comment_status":"closed","ping_status":"closed","sticky":false,"template":"","format":"standard","meta":{"footnotes":""},"categories":[24],"tags":[48],"class_list":["post-78992","post","type-post","status-publish","format-standard","hentry","category-politica","tag-destacada"],"yoast_head":"<!-- This site is optimized with the Yoast SEO plugin v25.9 - https:\/\/yoast.com\/wordpress\/plugins\/seo\/ -->\n<title>Jos\u00e9 Manuel Castro: \u201cQueremos que haya un candidato propio\u201d - Noticias Radio Reflejos<\/title>\n<meta name=\"robots\" content=\"index, follow, max-snippet:-1, max-image-preview:large, max-video-preview:-1\" \/>\n<link rel=\"canonical\" href=\"https:\/\/www.noticiasradioreflejos.com.ar\/2021\/jose-manuel-castro-queremos-que-haya-un-candidato-propio\/\" \/>\n<meta property=\"og:locale\" content=\"es_ES\" \/>\n<meta property=\"og:type\" content=\"article\" \/>\n<meta property=\"og:title\" content=\"Jos\u00e9 Manuel Castro: \u201cQueremos que haya un candidato propio\u201d - Noticias Radio Reflejos\" \/>\n<meta property=\"og:description\" content=\"El flamante presidente de la UCR del Distrito Tornquist analiz\u00f3 el presente del partido, cu\u00e1l es su visi\u00f3n a corto plazo y qu\u00e9 se debe hacer con las PASO.\" \/>\n<meta property=\"og:url\" content=\"https:\/\/www.noticiasradioreflejos.com.ar\/2021\/jose-manuel-castro-queremos-que-haya-un-candidato-propio\/\" \/>\n<meta property=\"og:site_name\" content=\"Noticias Radio Reflejos\" \/>\n<meta property=\"article:published_time\" content=\"2022-10-17T17:04:14+00:00\" \/>\n<meta property=\"og:image\" content=\"https:\/\/www.noticiasradioreflejos.com.ar\/2021\/wp-content\/uploads\/2022\/02\/Kifer-Castro.jpeg\" \/>\n\t<meta property=\"og:image:width\" content=\"720\" \/>\n\t<meta property=\"og:image:height\" content=\"526\" \/>\n\t<meta property=\"og:image:type\" content=\"image\/jpeg\" \/>\n<meta name=\"author\" content=\"Arnaldo Botto\" \/>\n<meta name=\"twitter:card\" content=\"summary_large_image\" \/>\n<script type=\"application\/ld+json\" class=\"yoast-schema-graph\">{\"@context\":\"https:\/\/schema.org\",\"@graph\":[{\"@type\":\"WebPage\",\"@id\":\"https:\/\/www.noticiasradioreflejos.com.ar\/2021\/jose-manuel-castro-queremos-que-haya-un-candidato-propio\/\",\"url\":\"https:\/\/www.noticiasradioreflejos.com.ar\/2021\/jose-manuel-castro-queremos-que-haya-un-candidato-propio\/\",\"name\":\"Jos\u00e9 Manuel Castro: \u201cQueremos que haya un candidato propio\u201d - Noticias Radio Reflejos\",\"isPartOf\":{\"@id\":\"https:\/\/www.noticiasradioreflejos.com.ar\/2021\/#website\"},\"primaryImageOfPage\":{\"@id\":\"https:\/\/www.noticiasradioreflejos.com.ar\/2021\/jose-manuel-castro-queremos-que-haya-un-candidato-propio\/#primaryimage\"},\"image\":{\"@id\":\"https:\/\/www.noticiasradioreflejos.com.ar\/2021\/jose-manuel-castro-queremos-que-haya-un-candidato-propio\/#primaryimage\"},\"thumbnailUrl\":\"https:\/\/live.staticflickr.com\/65535\/52435405745_04e53b942b_z.jpg\",\"datePublished\":\"2022-10-17T17:04:14+00:00\",\"author\":{\"@id\":\"https:\/\/www.noticiasradioreflejos.com.ar\/2021\/#\/schema\/person\/ad82545263dcc5ec0996818884fd5fb1\"},\"breadcrumb\":{\"@id\":\"https:\/\/www.noticiasradioreflejos.com.ar\/2021\/jose-manuel-castro-queremos-que-haya-un-candidato-propio\/#breadcrumb\"},\"inLanguage\":\"es\",\"potentialAction\":[{\"@type\":\"ReadAction\",\"target\":[\"https:\/\/www.noticiasradioreflejos.com.ar\/2021\/jose-manuel-castro-queremos-que-haya-un-candidato-propio\/\"]}]},{\"@type\":\"ImageObject\",\"inLanguage\":\"es\",\"@id\":\"https:\/\/www.noticiasradioreflejos.com.ar\/2021\/jose-manuel-castro-queremos-que-haya-un-candidato-propio\/#primaryimage\",\"url\":\"https:\/\/live.staticflickr.com\/65535\/52435405745_04e53b942b_z.jpg\",\"contentUrl\":\"https:\/\/live.staticflickr.com\/65535\/52435405745_04e53b942b_z.jpg\"},{\"@type\":\"BreadcrumbList\",\"@id\":\"https:\/\/www.noticiasradioreflejos.com.ar\/2021\/jose-manuel-castro-queremos-que-haya-un-candidato-propio\/#breadcrumb\",\"itemListElement\":[{\"@type\":\"ListItem\",\"position\":1,\"name\":\"Portada\",\"item\":\"https:\/\/www.noticiasradioreflejos.com.ar\/2021\/\"},{\"@type\":\"ListItem\",\"position\":2,\"name\":\"Jos\u00e9 Manuel Castro: \u201cQueremos que haya un candidato propio\u201d\"}]},{\"@type\":\"WebSite\",\"@id\":\"https:\/\/www.noticiasradioreflejos.com.ar\/2021\/#website\",\"url\":\"https:\/\/www.noticiasradioreflejos.com.ar\/2021\/\",\"name\":\"Noticias Radio Reflejos\",\"description\":\"Las noticias de mi comarca\",\"potentialAction\":[{\"@type\":\"SearchAction\",\"target\":{\"@type\":\"EntryPoint\",\"urlTemplate\":\"https:\/\/www.noticiasradioreflejos.com.ar\/2021\/?s={search_term_string}\"},\"query-input\":{\"@type\":\"PropertyValueSpecification\",\"valueRequired\":true,\"valueName\":\"search_term_string\"}}],\"inLanguage\":\"es\"},{\"@type\":\"Person\",\"@id\":\"https:\/\/www.noticiasradioreflejos.com.ar\/2021\/#\/schema\/person\/ad82545263dcc5ec0996818884fd5fb1\",\"name\":\"Arnaldo Botto\",\"image\":{\"@type\":\"ImageObject\",\"inLanguage\":\"es\",\"@id\":\"https:\/\/www.noticiasradioreflejos.com.ar\/2021\/#\/schema\/person\/image\/\",\"url\":\"https:\/\/secure.gravatar.com\/avatar\/55cb5e37c1efa326397366e6974cb338056df65cb50e7d64d1cf314e87504837?s=96&d=mm&r=g\",\"contentUrl\":\"https:\/\/secure.gravatar.com\/avatar\/55cb5e37c1efa326397366e6974cb338056df65cb50e7d64d1cf314e87504837?s=96&d=mm&r=g\",\"caption\":\"Arnaldo Botto\"},\"url\":\"https:\/\/www.noticiasradioreflejos.com.ar\/2021\/author\/arnaldo\/\"}]}<\/script>\n<!-- \/ Yoast SEO plugin. -->","yoast_head_json":{"title":"Jos\u00e9 Manuel Castro: \u201cQueremos que haya un candidato propio\u201d - Noticias Radio Reflejos","robots":{"index":"index","follow":"follow","max-snippet":"max-snippet:-1","max-image-preview":"max-image-preview:large","max-video-preview":"max-video-preview:-1"},"canonical":"https:\/\/www.noticiasradioreflejos.com.ar\/2021\/jose-manuel-castro-queremos-que-haya-un-candidato-propio\/","og_locale":"es_ES","og_type":"article","og_title":"Jos\u00e9 Manuel Castro: \u201cQueremos que haya un candidato propio\u201d - Noticias Radio Reflejos","og_description":"El flamante presidente de la UCR del Distrito Tornquist analiz\u00f3 el presente del partido, cu\u00e1l es su visi\u00f3n a corto plazo y qu\u00e9 se debe hacer con las PASO.","og_url":"https:\/\/www.noticiasradioreflejos.com.ar\/2021\/jose-manuel-castro-queremos-que-haya-un-candidato-propio\/","og_site_name":"Noticias Radio Reflejos","article_published_time":"2022-10-17T17:04:14+00:00","og_image":[{"width":720,"height":526,"url":"https:\/\/www.noticiasradioreflejos.com.ar\/2021\/wp-content\/uploads\/2022\/02\/Kifer-Castro.jpeg","type":"image\/jpeg"}],"author":"Arnaldo Botto","twitter_card":"summary_large_image","schema":{"@context":"https:\/\/schema.org","@graph":[{"@type":"WebPage","@id":"https:\/\/www.noticiasradioreflejos.com.ar\/2021\/jose-manuel-castro-queremos-que-haya-un-candidato-propio\/","url":"https:\/\/www.noticiasradioreflejos.com.ar\/2021\/jose-manuel-castro-queremos-que-haya-un-candidato-propio\/","name":"Jos\u00e9 Manuel Castro: \u201cQueremos que haya un candidato propio\u201d - Noticias Radio Reflejos","isPartOf":{"@id":"https:\/\/www.noticiasradioreflejos.com.ar\/2021\/#website"},"primaryImageOfPage":{"@id":"https:\/\/www.noticiasradioreflejos.com.ar\/2021\/jose-manuel-castro-queremos-que-haya-un-candidato-propio\/#primaryimage"},"image":{"@id":"https:\/\/www.noticiasradioreflejos.com.ar\/2021\/jose-manuel-castro-queremos-que-haya-un-candidato-propio\/#primaryimage"},"thumbnailUrl":"https:\/\/live.staticflickr.com\/65535\/52435405745_04e53b942b_z.jpg","datePublished":"2022-10-17T17:04:14+00:00","author":{"@id":"https:\/\/www.noticiasradioreflejos.com.ar\/2021\/#\/schema\/person\/ad82545263dcc5ec0996818884fd5fb1"},"breadcrumb":{"@id":"https:\/\/www.noticiasradioreflejos.com.ar\/2021\/jose-manuel-castro-queremos-que-haya-un-candidato-propio\/#breadcrumb"},"inLanguage":"es","potentialAction":[{"@type":"ReadAction","target":["https:\/\/www.noticiasradioreflejos.com.ar\/2021\/jose-manuel-castro-queremos-que-haya-un-candidato-propio\/"]}]},{"@type":"ImageObject","inLanguage":"es","@id":"https:\/\/www.noticiasradioreflejos.com.ar\/2021\/jose-manuel-castro-queremos-que-haya-un-candidato-propio\/#primaryimage","url":"https:\/\/live.staticflickr.com\/65535\/52435405745_04e53b942b_z.jpg","contentUrl":"https:\/\/live.staticflickr.com\/65535\/52435405745_04e53b942b_z.jpg"},{"@type":"BreadcrumbList","@id":"https:\/\/www.noticiasradioreflejos.com.ar\/2021\/jose-manuel-castro-queremos-que-haya-un-candidato-propio\/#breadcrumb","itemListElement":[{"@type":"ListItem","position":1,"name":"Portada","item":"https:\/\/www.noticiasradioreflejos.com.ar\/2021\/"},{"@type":"ListItem","position":2,"name":"Jos\u00e9 Manuel Castro: \u201cQueremos que haya un candidato propio\u201d"}]},{"@type":"WebSite","@id":"https:\/\/www.noticiasradioreflejos.com.ar\/2021\/#website","url":"https:\/\/www.noticiasradioreflejos.com.ar\/2021\/","name":"Noticias Radio Reflejos","description":"Las noticias de mi comarca","potentialAction":[{"@type":"SearchAction","target":{"@type":"EntryPoint","urlTemplate":"https:\/\/www.noticiasradioreflejos.com.ar\/2021\/?s={search_term_string}"},"query-input":{"@type":"PropertyValueSpecification","valueRequired":true,"valueName":"search_term_string"}}],"inLanguage":"es"},{"@type":"Person","@id":"https:\/\/www.noticiasradioreflejos.com.ar\/2021\/#\/schema\/person\/ad82545263dcc5ec0996818884fd5fb1","name":"Arnaldo Botto","image":{"@type":"ImageObject","inLanguage":"es","@id":"https:\/\/www.noticiasradioreflejos.com.ar\/2021\/#\/schema\/person\/image\/","url":"https:\/\/secure.gravatar.com\/avatar\/55cb5e37c1efa326397366e6974cb338056df65cb50e7d64d1cf314e87504837?s=96&d=mm&r=g","contentUrl":"https:\/\/secure.gravatar.com\/avatar\/55cb5e37c1efa326397366e6974cb338056df65cb50e7d64d1cf314e87504837?s=96&d=mm&r=g","caption":"Arnaldo Botto"},"url":"https:\/\/www.noticiasradioreflejos.com.ar\/2021\/author\/arnaldo\/"}]}},"_links":{"self":[{"href":"https:\/\/www.noticiasradioreflejos.com.ar\/2021\/wp-json\/wp\/v2\/posts\/78992","targetHints":{"allow":["GET"]}}],"collection":[{"href":"https:\/\/www.noticiasradioreflejos.com.ar\/2021\/wp-json\/wp\/v2\/posts"}],"about":[{"href":"https:\/\/www.noticiasradioreflejos.com.ar\/2021\/wp-json\/wp\/v2\/types\/post"}],"author":[{"embeddable":true,"href":"https:\/\/www.noticiasradioreflejos.com.ar\/2021\/wp-json\/wp\/v2\/users\/3"}],"replies":[{"embeddable":true,"href":"https:\/\/www.noticiasradioreflejos.com.ar\/2021\/wp-json\/wp\/v2\/comments?post=78992"}],"version-history":[{"count":2,"href":"https:\/\/www.noticiasradioreflejos.com.ar\/2021\/wp-json\/wp\/v2\/posts\/78992\/revisions"}],"predecessor-version":[{"id":78994,"href":"https:\/\/www.noticiasradioreflejos.com.ar\/2021\/wp-json\/wp\/v2\/posts\/78992\/revisions\/78994"}],"wp:attachment":[{"href":"https:\/\/www.noticiasradioreflejos.com.ar\/2021\/wp-json\/wp\/v2\/media?parent=78992"}],"wp:term":[{"taxonomy":"category","embeddable":true,"href":"https:\/\/www.noticiasradioreflejos.com.ar\/2021\/wp-json\/wp\/v2\/categories?post=78992"},{"taxonomy":"post_tag","embeddable":true,"href":"https:\/\/www.noticiasradioreflejos.com.ar\/2021\/wp-json\/wp\/v2\/tags?post=78992"}],"curies":[{"name":"wp","href":"https:\/\/api.w.org\/{rel}","templated":true}]}}