{"id":78986,"date":"2022-10-17T11:49:10","date_gmt":"2022-10-17T11:49:10","guid":{"rendered":"http:\/\/www.noticiasradioreflejos.com.ar\/2021\/?p=78986"},"modified":"2022-10-17T11:49:10","modified_gmt":"2022-10-17T11:49:10","slug":"todos-los-anos-se-debe-presentar-completa-la-libreta-auh-en-anses","status":"publish","type":"post","link":"https:\/\/www.noticiasradioreflejos.com.ar\/2021\/todos-los-anos-se-debe-presentar-completa-la-libreta-auh-en-anses\/","title":{"rendered":"Todos los a\u00f1os se debe presentar completa la libreta AUH EN ANSES"},"content":{"rendered":"<p style=\"font-weight: 400;\">ANSES recuerda a las y los titulares de la Asignaci\u00f3n Universal por Hija e Hijo (AUH) que\u00a0<strong>hasta el 31 de diciembre<\/strong>\u00a0hay tiempo para presentar la Libreta completa en las oficinas del organismo\u00a0<strong>sin turno<\/strong>. El tr\u00e1mite permite acreditar la condici\u00f3n de alumno regular y los controles de salud de las ni\u00f1as, ni\u00f1os y adolescentes que la perciben, adem\u00e1s del cobro del 20 por ciento acumulado del a\u00f1o anterior.<!--more--><\/p>\n<p style=\"font-weight: 400;\">Al respecto, la directora ejecutiva de ANSES,\u00a0<strong>Fernanda Raverta<\/strong>, inform\u00f3 que \u201c<em>una vez presentada la Libreta a los 60 d\u00edas est\u00e1 depositado el 20 por ciento acumulado. Para nosotros es una forma muy importante de conocer que las chicas y chicos est\u00e1n asistiendo a las escuelas, cumplen con los controles sanitarios y tienen las vacunas al d\u00eda\u201d.<\/em><\/p>\n<p style=\"font-weight: 400;\"><strong>C\u00f3mo realizar el tr\u00e1mite<\/strong><\/p>\n<ul>\n<li style=\"font-weight: 400;\">Descargar el formulario\u00a0Libreta (<a href=\"https:\/\/www.anses.gob.ar\/sites\/default\/files\/formulario\/2022-08\/Formulario%20Libreta%20AUH%201.47.pdf\" data-saferedirecturl=\"https:\/\/www.google.com\/url?q=https:\/\/www.anses.gob.ar\/sites\/default\/files\/formulario\/2022-08\/Formulario%2520Libreta%2520AUH%25201.47.pdf&amp;source=gmail&amp;ust=1666093346660000&amp;usg=AOvVaw3CnLRFFg3a6vFTkwFHoDlI\">PS.1.47<\/a>) desde\u00a0<a href=\"http:\/\/www.anses.gob.ar\/\" data-saferedirecturl=\"https:\/\/www.google.com\/url?q=http:\/\/www.anses.gob.ar&amp;source=gmail&amp;ust=1666093346660000&amp;usg=AOvVaw1NhtbnvpAZYaI92x3Lz7Zf\">www.anses.gob.ar<\/a>,\u00a0<em>mi ANSES<\/em>, con la Clave de la Seguridad Social.<\/li>\n<li style=\"font-weight: 400;\">Imprimirlo o retirarlo en la oficina de ANSES m\u00e1s cercana al domicilio.<\/li>\n<li style=\"font-weight: 400;\">Llevarlo al centro de salud y a la escuela para que sea cumplimentado y firmado.<\/li>\n<li style=\"font-weight: 400;\">Presentarlo completo junto al DNI del titular y grupo familiar.<\/li>\n<\/ul>\n<p style=\"font-weight: 400;\">Es importante resaltar que, si este a\u00f1o ya se present\u00f3 la Libreta, no es necesario volver a hacer el tr\u00e1mite.<\/p>\n<p style=\"font-weight: 400;\">Para m\u00e1s informaci\u00f3n, ingresar\u00a0<a href=\"https:\/\/www.anses.gob.ar\/tramite\/libreta-de-asignacion-universal\" data-saferedirecturl=\"https:\/\/www.google.com\/url?q=https:\/\/www.anses.gob.ar\/tramite\/libreta-de-asignacion-universal&amp;source=gmail&amp;ust=1666093346661000&amp;usg=AOvVaw3khSzJEW5AvK6IESEZYw5B\">aqu\u00ed<\/a>.<\/p>\n","protected":false},"excerpt":{"rendered":"<p>ANSES recuerda a las y los titulares de la Asignaci\u00f3n Universal por Hija e Hijo (AUH) que\u00a0hasta el 31 de diciembre\u00a0hay tiempo para presentar la Libreta completa en las oficinas del organismo\u00a0sin turno. El tr\u00e1mite permite acreditar la condici\u00f3n de alumno regular y los controles de salud de las ni\u00f1as, ni\u00f1os y adolescentes que la [&hellip;]<\/p>\n","protected":false},"author":3,"featured_media":0,"comment_status":"closed","ping_status":"closed","sticky":false,"template":"","format":"standard","meta":{"footnotes":""},"categories":[36,24],"tags":[],"class_list":["post-78986","post","type-post","status-publish","format-standard","hentry","category-economia","category-politica"],"yoast_head":"<!-- This site is optimized with the Yoast SEO plugin v25.9 - https:\/\/yoast.com\/wordpress\/plugins\/seo\/ -->\n<title>Todos los a\u00f1os se debe presentar completa la libreta AUH EN ANSES - Noticias Radio Reflejos<\/title>\n<meta name=\"robots\" content=\"index, follow, max-snippet:-1, max-image-preview:large, max-video-preview:-1\" \/>\n<link rel=\"canonical\" href=\"https:\/\/www.noticiasradioreflejos.com.ar\/2021\/todos-los-anos-se-debe-presentar-completa-la-libreta-auh-en-anses\/\" \/>\n<meta property=\"og:locale\" content=\"es_ES\" \/>\n<meta property=\"og:type\" content=\"article\" \/>\n<meta property=\"og:title\" content=\"Todos los a\u00f1os se debe presentar completa la libreta AUH EN ANSES - Noticias Radio Reflejos\" \/>\n<meta property=\"og:description\" content=\"ANSES recuerda a las y los titulares de la Asignaci\u00f3n Universal por Hija e Hijo (AUH) que\u00a0hasta el 31 de diciembre\u00a0hay tiempo para presentar la Libreta completa en las oficinas del organismo\u00a0sin turno. El tr\u00e1mite permite acreditar la condici\u00f3n de alumno regular y los controles de salud de las ni\u00f1as, ni\u00f1os y adolescentes que la [&hellip;]\" \/>\n<meta property=\"og:url\" content=\"https:\/\/www.noticiasradioreflejos.com.ar\/2021\/todos-los-anos-se-debe-presentar-completa-la-libreta-auh-en-anses\/\" \/>\n<meta property=\"og:site_name\" content=\"Noticias Radio Reflejos\" \/>\n<meta property=\"article:published_time\" content=\"2022-10-17T11:49:10+00:00\" \/>\n<meta property=\"og:image\" content=\"https:\/\/www.noticiasradioreflejos.com.ar\/2021\/wp-content\/uploads\/2021\/07\/logosol300x200.png\" \/>\n\t<meta property=\"og:image:width\" content=\"300\" \/>\n\t<meta property=\"og:image:height\" content=\"200\" \/>\n\t<meta property=\"og:image:type\" content=\"image\/png\" \/>\n<meta name=\"author\" content=\"Arnaldo Botto\" \/>\n<meta name=\"twitter:card\" content=\"summary_large_image\" \/>\n<script type=\"application\/ld+json\" class=\"yoast-schema-graph\">{\"@context\":\"https:\/\/schema.org\",\"@graph\":[{\"@type\":\"WebPage\",\"@id\":\"https:\/\/www.noticiasradioreflejos.com.ar\/2021\/todos-los-anos-se-debe-presentar-completa-la-libreta-auh-en-anses\/\",\"url\":\"https:\/\/www.noticiasradioreflejos.com.ar\/2021\/todos-los-anos-se-debe-presentar-completa-la-libreta-auh-en-anses\/\",\"name\":\"Todos los a\u00f1os se debe presentar completa la libreta AUH EN ANSES - Noticias Radio Reflejos\",\"isPartOf\":{\"@id\":\"https:\/\/www.noticiasradioreflejos.com.ar\/2021\/#website\"},\"datePublished\":\"2022-10-17T11:49:10+00:00\",\"author\":{\"@id\":\"https:\/\/www.noticiasradioreflejos.com.ar\/2021\/#\/schema\/person\/ad82545263dcc5ec0996818884fd5fb1\"},\"breadcrumb\":{\"@id\":\"https:\/\/www.noticiasradioreflejos.com.ar\/2021\/todos-los-anos-se-debe-presentar-completa-la-libreta-auh-en-anses\/#breadcrumb\"},\"inLanguage\":\"es\",\"potentialAction\":[{\"@type\":\"ReadAction\",\"target\":[\"https:\/\/www.noticiasradioreflejos.com.ar\/2021\/todos-los-anos-se-debe-presentar-completa-la-libreta-auh-en-anses\/\"]}]},{\"@type\":\"BreadcrumbList\",\"@id\":\"https:\/\/www.noticiasradioreflejos.com.ar\/2021\/todos-los-anos-se-debe-presentar-completa-la-libreta-auh-en-anses\/#breadcrumb\",\"itemListElement\":[{\"@type\":\"ListItem\",\"position\":1,\"name\":\"Portada\",\"item\":\"https:\/\/www.noticiasradioreflejos.com.ar\/2021\/\"},{\"@type\":\"ListItem\",\"position\":2,\"name\":\"Todos los a\u00f1os se debe presentar completa la libreta AUH EN ANSES\"}]},{\"@type\":\"WebSite\",\"@id\":\"https:\/\/www.noticiasradioreflejos.com.ar\/2021\/#website\",\"url\":\"https:\/\/www.noticiasradioreflejos.com.ar\/2021\/\",\"name\":\"Noticias Radio Reflejos\",\"description\":\"Las noticias de mi comarca\",\"potentialAction\":[{\"@type\":\"SearchAction\",\"target\":{\"@type\":\"EntryPoint\",\"urlTemplate\":\"https:\/\/www.noticiasradioreflejos.com.ar\/2021\/?s={search_term_string}\"},\"query-input\":{\"@type\":\"PropertyValueSpecification\",\"valueRequired\":true,\"valueName\":\"search_term_string\"}}],\"inLanguage\":\"es\"},{\"@type\":\"Person\",\"@id\":\"https:\/\/www.noticiasradioreflejos.com.ar\/2021\/#\/schema\/person\/ad82545263dcc5ec0996818884fd5fb1\",\"name\":\"Arnaldo Botto\",\"image\":{\"@type\":\"ImageObject\",\"inLanguage\":\"es\",\"@id\":\"https:\/\/www.noticiasradioreflejos.com.ar\/2021\/#\/schema\/person\/image\/\",\"url\":\"https:\/\/secure.gravatar.com\/avatar\/55cb5e37c1efa326397366e6974cb338056df65cb50e7d64d1cf314e87504837?s=96&d=mm&r=g\",\"contentUrl\":\"https:\/\/secure.gravatar.com\/avatar\/55cb5e37c1efa326397366e6974cb338056df65cb50e7d64d1cf314e87504837?s=96&d=mm&r=g\",\"caption\":\"Arnaldo Botto\"},\"url\":\"https:\/\/www.noticiasradioreflejos.com.ar\/2021\/author\/arnaldo\/\"}]}<\/script>\n<!-- \/ Yoast SEO plugin. -->","yoast_head_json":{"title":"Todos los a\u00f1os se debe presentar completa la libreta AUH EN ANSES - Noticias Radio Reflejos","robots":{"index":"index","follow":"follow","max-snippet":"max-snippet:-1","max-image-preview":"max-image-preview:large","max-video-preview":"max-video-preview:-1"},"canonical":"https:\/\/www.noticiasradioreflejos.com.ar\/2021\/todos-los-anos-se-debe-presentar-completa-la-libreta-auh-en-anses\/","og_locale":"es_ES","og_type":"article","og_title":"Todos los a\u00f1os se debe presentar completa la libreta AUH EN ANSES - Noticias Radio Reflejos","og_description":"ANSES recuerda a las y los titulares de la Asignaci\u00f3n Universal por Hija e Hijo (AUH) que\u00a0hasta el 31 de diciembre\u00a0hay tiempo para presentar la Libreta completa en las oficinas del organismo\u00a0sin turno. El tr\u00e1mite permite acreditar la condici\u00f3n de alumno regular y los controles de salud de las ni\u00f1as, ni\u00f1os y adolescentes que la [&hellip;]","og_url":"https:\/\/www.noticiasradioreflejos.com.ar\/2021\/todos-los-anos-se-debe-presentar-completa-la-libreta-auh-en-anses\/","og_site_name":"Noticias Radio Reflejos","article_published_time":"2022-10-17T11:49:10+00:00","og_image":[{"width":300,"height":200,"url":"https:\/\/www.noticiasradioreflejos.com.ar\/2021\/wp-content\/uploads\/2021\/07\/logosol300x200.png","type":"image\/png"}],"author":"Arnaldo Botto","twitter_card":"summary_large_image","schema":{"@context":"https:\/\/schema.org","@graph":[{"@type":"WebPage","@id":"https:\/\/www.noticiasradioreflejos.com.ar\/2021\/todos-los-anos-se-debe-presentar-completa-la-libreta-auh-en-anses\/","url":"https:\/\/www.noticiasradioreflejos.com.ar\/2021\/todos-los-anos-se-debe-presentar-completa-la-libreta-auh-en-anses\/","name":"Todos los a\u00f1os se debe presentar completa la libreta AUH EN ANSES - Noticias Radio Reflejos","isPartOf":{"@id":"https:\/\/www.noticiasradioreflejos.com.ar\/2021\/#website"},"datePublished":"2022-10-17T11:49:10+00:00","author":{"@id":"https:\/\/www.noticiasradioreflejos.com.ar\/2021\/#\/schema\/person\/ad82545263dcc5ec0996818884fd5fb1"},"breadcrumb":{"@id":"https:\/\/www.noticiasradioreflejos.com.ar\/2021\/todos-los-anos-se-debe-presentar-completa-la-libreta-auh-en-anses\/#breadcrumb"},"inLanguage":"es","potentialAction":[{"@type":"ReadAction","target":["https:\/\/www.noticiasradioreflejos.com.ar\/2021\/todos-los-anos-se-debe-presentar-completa-la-libreta-auh-en-anses\/"]}]},{"@type":"BreadcrumbList","@id":"https:\/\/www.noticiasradioreflejos.com.ar\/2021\/todos-los-anos-se-debe-presentar-completa-la-libreta-auh-en-anses\/#breadcrumb","itemListElement":[{"@type":"ListItem","position":1,"name":"Portada","item":"https:\/\/www.noticiasradioreflejos.com.ar\/2021\/"},{"@type":"ListItem","position":2,"name":"Todos los a\u00f1os se debe presentar completa la libreta AUH EN ANSES"}]},{"@type":"WebSite","@id":"https:\/\/www.noticiasradioreflejos.com.ar\/2021\/#website","url":"https:\/\/www.noticiasradioreflejos.com.ar\/2021\/","name":"Noticias Radio Reflejos","description":"Las noticias de mi comarca","potentialAction":[{"@type":"SearchAction","target":{"@type":"EntryPoint","urlTemplate":"https:\/\/www.noticiasradioreflejos.com.ar\/2021\/?s={search_term_string}"},"query-input":{"@type":"PropertyValueSpecification","valueRequired":true,"valueName":"search_term_string"}}],"inLanguage":"es"},{"@type":"Person","@id":"https:\/\/www.noticiasradioreflejos.com.ar\/2021\/#\/schema\/person\/ad82545263dcc5ec0996818884fd5fb1","name":"Arnaldo Botto","image":{"@type":"ImageObject","inLanguage":"es","@id":"https:\/\/www.noticiasradioreflejos.com.ar\/2021\/#\/schema\/person\/image\/","url":"https:\/\/secure.gravatar.com\/avatar\/55cb5e37c1efa326397366e6974cb338056df65cb50e7d64d1cf314e87504837?s=96&d=mm&r=g","contentUrl":"https:\/\/secure.gravatar.com\/avatar\/55cb5e37c1efa326397366e6974cb338056df65cb50e7d64d1cf314e87504837?s=96&d=mm&r=g","caption":"Arnaldo Botto"},"url":"https:\/\/www.noticiasradioreflejos.com.ar\/2021\/author\/arnaldo\/"}]}},"_links":{"self":[{"href":"https:\/\/www.noticiasradioreflejos.com.ar\/2021\/wp-json\/wp\/v2\/posts\/78986","targetHints":{"allow":["GET"]}}],"collection":[{"href":"https:\/\/www.noticiasradioreflejos.com.ar\/2021\/wp-json\/wp\/v2\/posts"}],"about":[{"href":"https:\/\/www.noticiasradioreflejos.com.ar\/2021\/wp-json\/wp\/v2\/types\/post"}],"author":[{"embeddable":true,"href":"https:\/\/www.noticiasradioreflejos.com.ar\/2021\/wp-json\/wp\/v2\/users\/3"}],"replies":[{"embeddable":true,"href":"https:\/\/www.noticiasradioreflejos.com.ar\/2021\/wp-json\/wp\/v2\/comments?post=78986"}],"version-history":[{"count":1,"href":"https:\/\/www.noticiasradioreflejos.com.ar\/2021\/wp-json\/wp\/v2\/posts\/78986\/revisions"}],"predecessor-version":[{"id":78988,"href":"https:\/\/www.noticiasradioreflejos.com.ar\/2021\/wp-json\/wp\/v2\/posts\/78986\/revisions\/78988"}],"wp:attachment":[{"href":"https:\/\/www.noticiasradioreflejos.com.ar\/2021\/wp-json\/wp\/v2\/media?parent=78986"}],"wp:term":[{"taxonomy":"category","embeddable":true,"href":"https:\/\/www.noticiasradioreflejos.com.ar\/2021\/wp-json\/wp\/v2\/categories?post=78986"},{"taxonomy":"post_tag","embeddable":true,"href":"https:\/\/www.noticiasradioreflejos.com.ar\/2021\/wp-json\/wp\/v2\/tags?post=78986"}],"curies":[{"name":"wp","href":"https:\/\/api.w.org\/{rel}","templated":true}]}}