{"id":78982,"date":"2022-10-17T11:17:34","date_gmt":"2022-10-17T11:17:34","guid":{"rendered":"http:\/\/www.noticiasradioreflejos.com.ar\/2021\/?p=78982"},"modified":"2022-10-17T11:21:25","modified_gmt":"2022-10-17T11:21:25","slug":"vuelco-sin-consecuencias-en-el-ruta-33","status":"publish","type":"post","link":"https:\/\/www.noticiasradioreflejos.com.ar\/2021\/vuelco-sin-consecuencias-en-el-ruta-33\/","title":{"rendered":"Vuelco sin consecuencias en el ruta 33"},"content":{"rendered":"<p>Cerca de la hora 22,30 se produjo un vuelco, en el kil\u00f3metro 36 de la ruta nacional 33(Partido de Bahia Blanca), acudieron los bomberos de Tornquist.<!--more--><\/p>\n<div class=\"text\">\n<p>En el lugar el auto involucrado era un Citroen Zafira(KAW 631).<\/p>\n<p>Fueron trasladados al hospital municipal los ocupantes del mismo, solo por prevenci\u00f3n.<\/p>\n<p>En el auto se movilizaban sentido Bahia Blanca- Tornquist, seg\u00fan inform\u00f3 la polic\u00eda, Walter Funes(54), Julieta Truco(45) , Maria Soledad de Marco(50), domiciliados en Capital Federal y dos menores de 8 y 16 a\u00f1os. Todos resultaron ilesos.<\/p>\n<\/div>\n<div>\n<p><img decoding=\"async\" src=\"https:\/\/www.noticiastornquist.com.ar\/imagen.php?imagen=2022-10\/a7ffd1e4c8d84e6b8a97ca984b55e640.jpg\" \/><\/p>\n<div><\/div>\n<hr \/>\n<p><img decoding=\"async\" src=\"https:\/\/www.noticiastornquist.com.ar\/imagen.php?imagen=2022-10\/e522219df54a4c8cb8b2054138471c71.jpg\" \/><\/p>\n<div><\/div>\n<hr \/>\n<p><img decoding=\"async\" src=\"https:\/\/www.noticiastornquist.com.ar\/imagen.php?imagen=2022-10\/f9e7e7d5dd614c8f97f901c095bb6253.jpg\" \/><\/p>\n<div><\/div>\n<hr \/>\n<\/div>\n<div class=\"anuncioh\"><strong>Fuente Noticias Tornquist<\/strong><\/div>\n<div class=\"table-cell aside\"><\/div>\n<footer>\n<div class=\"wfix\">\n<div class=\"table\">\n<div class=\"table-cell\">\n<div class=\"masnoticias\"><\/div>\n<\/div>\n<\/div>\n<\/div>\n<\/footer>\n","protected":false},"excerpt":{"rendered":"<p>Cerca de la hora 22,30 se produjo un vuelco, en el kil\u00f3metro 36 de la ruta nacional 33(Partido de Bahia Blanca), acudieron los bomberos de Tornquist.<\/p>\n","protected":false},"author":3,"featured_media":0,"comment_status":"closed","ping_status":"closed","sticky":false,"template":"","format":"standard","meta":{"footnotes":""},"categories":[29],"tags":[],"class_list":["post-78982","post","type-post","status-publish","format-standard","hentry","category-policiales"],"yoast_head":"<!-- This site is optimized with the Yoast SEO plugin v25.9 - https:\/\/yoast.com\/wordpress\/plugins\/seo\/ -->\n<title>Vuelco sin consecuencias en el ruta 33 - Noticias Radio Reflejos<\/title>\n<meta name=\"robots\" content=\"index, follow, max-snippet:-1, max-image-preview:large, max-video-preview:-1\" \/>\n<link rel=\"canonical\" href=\"https:\/\/www.noticiasradioreflejos.com.ar\/2021\/vuelco-sin-consecuencias-en-el-ruta-33\/\" \/>\n<meta property=\"og:locale\" content=\"es_ES\" \/>\n<meta property=\"og:type\" content=\"article\" \/>\n<meta property=\"og:title\" content=\"Vuelco sin consecuencias en el ruta 33 - Noticias Radio Reflejos\" \/>\n<meta property=\"og:description\" content=\"Cerca de la hora 22,30 se produjo un vuelco, en el kil\u00f3metro 36 de la ruta nacional 33(Partido de Bahia Blanca), acudieron los bomberos de Tornquist.\" \/>\n<meta property=\"og:url\" content=\"https:\/\/www.noticiasradioreflejos.com.ar\/2021\/vuelco-sin-consecuencias-en-el-ruta-33\/\" \/>\n<meta property=\"og:site_name\" content=\"Noticias Radio Reflejos\" \/>\n<meta property=\"article:published_time\" content=\"2022-10-17T11:17:34+00:00\" \/>\n<meta property=\"article:modified_time\" content=\"2022-10-17T11:21:25+00:00\" \/>\n<meta property=\"og:image\" content=\"https:\/\/www.noticiastornquist.com.ar\/imagen.php?imagen=2022-10\/a7ffd1e4c8d84e6b8a97ca984b55e640.jpg\" \/>\n<meta name=\"author\" content=\"Arnaldo Botto\" \/>\n<meta name=\"twitter:card\" content=\"summary_large_image\" \/>\n<script type=\"application\/ld+json\" class=\"yoast-schema-graph\">{\"@context\":\"https:\/\/schema.org\",\"@graph\":[{\"@type\":\"WebPage\",\"@id\":\"https:\/\/www.noticiasradioreflejos.com.ar\/2021\/vuelco-sin-consecuencias-en-el-ruta-33\/\",\"url\":\"https:\/\/www.noticiasradioreflejos.com.ar\/2021\/vuelco-sin-consecuencias-en-el-ruta-33\/\",\"name\":\"Vuelco sin consecuencias en el ruta 33 - Noticias Radio Reflejos\",\"isPartOf\":{\"@id\":\"https:\/\/www.noticiasradioreflejos.com.ar\/2021\/#website\"},\"primaryImageOfPage\":{\"@id\":\"https:\/\/www.noticiasradioreflejos.com.ar\/2021\/vuelco-sin-consecuencias-en-el-ruta-33\/#primaryimage\"},\"image\":{\"@id\":\"https:\/\/www.noticiasradioreflejos.com.ar\/2021\/vuelco-sin-consecuencias-en-el-ruta-33\/#primaryimage\"},\"thumbnailUrl\":\"https:\/\/www.noticiastornquist.com.ar\/imagen.php?imagen=2022-10\/a7ffd1e4c8d84e6b8a97ca984b55e640.jpg\",\"datePublished\":\"2022-10-17T11:17:34+00:00\",\"dateModified\":\"2022-10-17T11:21:25+00:00\",\"author\":{\"@id\":\"https:\/\/www.noticiasradioreflejos.com.ar\/2021\/#\/schema\/person\/ad82545263dcc5ec0996818884fd5fb1\"},\"breadcrumb\":{\"@id\":\"https:\/\/www.noticiasradioreflejos.com.ar\/2021\/vuelco-sin-consecuencias-en-el-ruta-33\/#breadcrumb\"},\"inLanguage\":\"es\",\"potentialAction\":[{\"@type\":\"ReadAction\",\"target\":[\"https:\/\/www.noticiasradioreflejos.com.ar\/2021\/vuelco-sin-consecuencias-en-el-ruta-33\/\"]}]},{\"@type\":\"ImageObject\",\"inLanguage\":\"es\",\"@id\":\"https:\/\/www.noticiasradioreflejos.com.ar\/2021\/vuelco-sin-consecuencias-en-el-ruta-33\/#primaryimage\",\"url\":\"https:\/\/www.noticiastornquist.com.ar\/imagen.php?imagen=2022-10\/a7ffd1e4c8d84e6b8a97ca984b55e640.jpg\",\"contentUrl\":\"https:\/\/www.noticiastornquist.com.ar\/imagen.php?imagen=2022-10\/a7ffd1e4c8d84e6b8a97ca984b55e640.jpg\"},{\"@type\":\"BreadcrumbList\",\"@id\":\"https:\/\/www.noticiasradioreflejos.com.ar\/2021\/vuelco-sin-consecuencias-en-el-ruta-33\/#breadcrumb\",\"itemListElement\":[{\"@type\":\"ListItem\",\"position\":1,\"name\":\"Portada\",\"item\":\"https:\/\/www.noticiasradioreflejos.com.ar\/2021\/\"},{\"@type\":\"ListItem\",\"position\":2,\"name\":\"Vuelco sin consecuencias en el ruta 33\"}]},{\"@type\":\"WebSite\",\"@id\":\"https:\/\/www.noticiasradioreflejos.com.ar\/2021\/#website\",\"url\":\"https:\/\/www.noticiasradioreflejos.com.ar\/2021\/\",\"name\":\"Noticias Radio Reflejos\",\"description\":\"Las noticias de mi comarca\",\"potentialAction\":[{\"@type\":\"SearchAction\",\"target\":{\"@type\":\"EntryPoint\",\"urlTemplate\":\"https:\/\/www.noticiasradioreflejos.com.ar\/2021\/?s={search_term_string}\"},\"query-input\":{\"@type\":\"PropertyValueSpecification\",\"valueRequired\":true,\"valueName\":\"search_term_string\"}}],\"inLanguage\":\"es\"},{\"@type\":\"Person\",\"@id\":\"https:\/\/www.noticiasradioreflejos.com.ar\/2021\/#\/schema\/person\/ad82545263dcc5ec0996818884fd5fb1\",\"name\":\"Arnaldo Botto\",\"image\":{\"@type\":\"ImageObject\",\"inLanguage\":\"es\",\"@id\":\"https:\/\/www.noticiasradioreflejos.com.ar\/2021\/#\/schema\/person\/image\/\",\"url\":\"https:\/\/secure.gravatar.com\/avatar\/55cb5e37c1efa326397366e6974cb338056df65cb50e7d64d1cf314e87504837?s=96&d=mm&r=g\",\"contentUrl\":\"https:\/\/secure.gravatar.com\/avatar\/55cb5e37c1efa326397366e6974cb338056df65cb50e7d64d1cf314e87504837?s=96&d=mm&r=g\",\"caption\":\"Arnaldo Botto\"},\"url\":\"https:\/\/www.noticiasradioreflejos.com.ar\/2021\/author\/arnaldo\/\"}]}<\/script>\n<!-- \/ Yoast SEO plugin. -->","yoast_head_json":{"title":"Vuelco sin consecuencias en el ruta 33 - Noticias Radio Reflejos","robots":{"index":"index","follow":"follow","max-snippet":"max-snippet:-1","max-image-preview":"max-image-preview:large","max-video-preview":"max-video-preview:-1"},"canonical":"https:\/\/www.noticiasradioreflejos.com.ar\/2021\/vuelco-sin-consecuencias-en-el-ruta-33\/","og_locale":"es_ES","og_type":"article","og_title":"Vuelco sin consecuencias en el ruta 33 - Noticias Radio Reflejos","og_description":"Cerca de la hora 22,30 se produjo un vuelco, en el kil\u00f3metro 36 de la ruta nacional 33(Partido de Bahia Blanca), acudieron los bomberos de Tornquist.","og_url":"https:\/\/www.noticiasradioreflejos.com.ar\/2021\/vuelco-sin-consecuencias-en-el-ruta-33\/","og_site_name":"Noticias Radio Reflejos","article_published_time":"2022-10-17T11:17:34+00:00","article_modified_time":"2022-10-17T11:21:25+00:00","og_image":[{"url":"https:\/\/www.noticiastornquist.com.ar\/imagen.php?imagen=2022-10\/a7ffd1e4c8d84e6b8a97ca984b55e640.jpg","type":"","width":"","height":""}],"author":"Arnaldo Botto","twitter_card":"summary_large_image","schema":{"@context":"https:\/\/schema.org","@graph":[{"@type":"WebPage","@id":"https:\/\/www.noticiasradioreflejos.com.ar\/2021\/vuelco-sin-consecuencias-en-el-ruta-33\/","url":"https:\/\/www.noticiasradioreflejos.com.ar\/2021\/vuelco-sin-consecuencias-en-el-ruta-33\/","name":"Vuelco sin consecuencias en el ruta 33 - Noticias Radio Reflejos","isPartOf":{"@id":"https:\/\/www.noticiasradioreflejos.com.ar\/2021\/#website"},"primaryImageOfPage":{"@id":"https:\/\/www.noticiasradioreflejos.com.ar\/2021\/vuelco-sin-consecuencias-en-el-ruta-33\/#primaryimage"},"image":{"@id":"https:\/\/www.noticiasradioreflejos.com.ar\/2021\/vuelco-sin-consecuencias-en-el-ruta-33\/#primaryimage"},"thumbnailUrl":"https:\/\/www.noticiastornquist.com.ar\/imagen.php?imagen=2022-10\/a7ffd1e4c8d84e6b8a97ca984b55e640.jpg","datePublished":"2022-10-17T11:17:34+00:00","dateModified":"2022-10-17T11:21:25+00:00","author":{"@id":"https:\/\/www.noticiasradioreflejos.com.ar\/2021\/#\/schema\/person\/ad82545263dcc5ec0996818884fd5fb1"},"breadcrumb":{"@id":"https:\/\/www.noticiasradioreflejos.com.ar\/2021\/vuelco-sin-consecuencias-en-el-ruta-33\/#breadcrumb"},"inLanguage":"es","potentialAction":[{"@type":"ReadAction","target":["https:\/\/www.noticiasradioreflejos.com.ar\/2021\/vuelco-sin-consecuencias-en-el-ruta-33\/"]}]},{"@type":"ImageObject","inLanguage":"es","@id":"https:\/\/www.noticiasradioreflejos.com.ar\/2021\/vuelco-sin-consecuencias-en-el-ruta-33\/#primaryimage","url":"https:\/\/www.noticiastornquist.com.ar\/imagen.php?imagen=2022-10\/a7ffd1e4c8d84e6b8a97ca984b55e640.jpg","contentUrl":"https:\/\/www.noticiastornquist.com.ar\/imagen.php?imagen=2022-10\/a7ffd1e4c8d84e6b8a97ca984b55e640.jpg"},{"@type":"BreadcrumbList","@id":"https:\/\/www.noticiasradioreflejos.com.ar\/2021\/vuelco-sin-consecuencias-en-el-ruta-33\/#breadcrumb","itemListElement":[{"@type":"ListItem","position":1,"name":"Portada","item":"https:\/\/www.noticiasradioreflejos.com.ar\/2021\/"},{"@type":"ListItem","position":2,"name":"Vuelco sin consecuencias en el ruta 33"}]},{"@type":"WebSite","@id":"https:\/\/www.noticiasradioreflejos.com.ar\/2021\/#website","url":"https:\/\/www.noticiasradioreflejos.com.ar\/2021\/","name":"Noticias Radio Reflejos","description":"Las noticias de mi comarca","potentialAction":[{"@type":"SearchAction","target":{"@type":"EntryPoint","urlTemplate":"https:\/\/www.noticiasradioreflejos.com.ar\/2021\/?s={search_term_string}"},"query-input":{"@type":"PropertyValueSpecification","valueRequired":true,"valueName":"search_term_string"}}],"inLanguage":"es"},{"@type":"Person","@id":"https:\/\/www.noticiasradioreflejos.com.ar\/2021\/#\/schema\/person\/ad82545263dcc5ec0996818884fd5fb1","name":"Arnaldo Botto","image":{"@type":"ImageObject","inLanguage":"es","@id":"https:\/\/www.noticiasradioreflejos.com.ar\/2021\/#\/schema\/person\/image\/","url":"https:\/\/secure.gravatar.com\/avatar\/55cb5e37c1efa326397366e6974cb338056df65cb50e7d64d1cf314e87504837?s=96&d=mm&r=g","contentUrl":"https:\/\/secure.gravatar.com\/avatar\/55cb5e37c1efa326397366e6974cb338056df65cb50e7d64d1cf314e87504837?s=96&d=mm&r=g","caption":"Arnaldo Botto"},"url":"https:\/\/www.noticiasradioreflejos.com.ar\/2021\/author\/arnaldo\/"}]}},"_links":{"self":[{"href":"https:\/\/www.noticiasradioreflejos.com.ar\/2021\/wp-json\/wp\/v2\/posts\/78982","targetHints":{"allow":["GET"]}}],"collection":[{"href":"https:\/\/www.noticiasradioreflejos.com.ar\/2021\/wp-json\/wp\/v2\/posts"}],"about":[{"href":"https:\/\/www.noticiasradioreflejos.com.ar\/2021\/wp-json\/wp\/v2\/types\/post"}],"author":[{"embeddable":true,"href":"https:\/\/www.noticiasradioreflejos.com.ar\/2021\/wp-json\/wp\/v2\/users\/3"}],"replies":[{"embeddable":true,"href":"https:\/\/www.noticiasradioreflejos.com.ar\/2021\/wp-json\/wp\/v2\/comments?post=78982"}],"version-history":[{"count":2,"href":"https:\/\/www.noticiasradioreflejos.com.ar\/2021\/wp-json\/wp\/v2\/posts\/78982\/revisions"}],"predecessor-version":[{"id":78985,"href":"https:\/\/www.noticiasradioreflejos.com.ar\/2021\/wp-json\/wp\/v2\/posts\/78982\/revisions\/78985"}],"wp:attachment":[{"href":"https:\/\/www.noticiasradioreflejos.com.ar\/2021\/wp-json\/wp\/v2\/media?parent=78982"}],"wp:term":[{"taxonomy":"category","embeddable":true,"href":"https:\/\/www.noticiasradioreflejos.com.ar\/2021\/wp-json\/wp\/v2\/categories?post=78982"},{"taxonomy":"post_tag","embeddable":true,"href":"https:\/\/www.noticiasradioreflejos.com.ar\/2021\/wp-json\/wp\/v2\/tags?post=78982"}],"curies":[{"name":"wp","href":"https:\/\/api.w.org\/{rel}","templated":true}]}}