{"id":78979,"date":"2022-10-17T10:54:41","date_gmt":"2022-10-17T10:54:41","guid":{"rendered":"http:\/\/www.noticiasradioreflejos.com.ar\/2021\/?p=78979"},"modified":"2022-10-17T10:54:41","modified_gmt":"2022-10-17T10:54:41","slug":"17-de-octubre-dia-mundial-contra-el-dolor","status":"publish","type":"post","link":"https:\/\/www.noticiasradioreflejos.com.ar\/2021\/17-de-octubre-dia-mundial-contra-el-dolor\/","title":{"rendered":"17 DE OCTUBRE &#8211; D\u00eda Mundial contra el dolor"},"content":{"rendered":"<p>Dolor cr\u00f3nico: construyendo un puente entre la investigaci\u00f3n y la pr\u00e1ctica cl\u00ednica<!--more--><\/p>\n<p>Buenos Aires, octubre de 2022\u00a0&#8211;\u00a0Hace a\u00f1os que \u201cSusana\u201d<strong>\u00a0vive con dolor<\/strong>. El tratamiento quimioter\u00e1pico que recibi\u00f3 hace un tiempo logr\u00f3 controlar el tumor, pero le dej\u00f3 un dolor persistente que la acompa\u00f1a d\u00eda y noche. Siente hormigueos, pinchazos, ardor y dolor punzante, principalmente en sus manos y pies. Algo tan simple como sacar alg\u00fan objeto de la heladera se ha convertido en una pesadilla, el contacto con el fr\u00edo le genera una sensaci\u00f3n horrible, como una descarga el\u00e9ctrica. Ni hablar de tomar un helado o una bebida fr\u00eda, el dolor en la boca resulta insoportable. Susana ya prob\u00f3 de todo, pero los remedios que toma no logran disminuir el dolor y algunos le generan malestar o le dan mucho sue\u00f1o. Pasa el d\u00eda encerrada y no quiere ver a nadie.<\/p>\n<p>La historia de Susana muestra\u00a0<strong>el impacto negativo que el dolor persistente ejerce en la vida de miles de personas en el mundo y refleja el desaf\u00edo que supone ofrecer una soluci\u00f3n definitiva al problema del dolor cr\u00f3nico<\/strong>. A diferencia del dolor agudo que ejerce una funci\u00f3n protectora (avisa al sujeto sobre la existencia de un da\u00f1o tisular y lo obliga a tomar acciones tendientes a remediarlo),\u00a0<strong>el dolor cr\u00f3nico es de car\u00e1cter patol\u00f3gico y profundamente inhabilitante<\/strong>. Se caracteriza por la presencia de dolor espont\u00e1neo -descripto como quemante, lacerante o similar a una descarga el\u00e9ctrica-, as\u00ed como por la presencia de dolor exagerado ante diferentes est\u00edmulos. Incluso el contacto con la ropa o una brisa suave pueden generar dolor en estos pacientes.<\/p>\n<p>Siendo por definici\u00f3n una compleja experiencia sensorial y emocional desagradable, el dolor se presenta frecuentemente asociado a un abanico de emociones negativas.\u00a0<strong>Los pacientes con dolor cr\u00f3nico sufren un deterioro progresivo de su estado general de salud y calidad de vida, con afectaci\u00f3n del sue\u00f1o y la alimentaci\u00f3n, alteraciones de la memoria y desarrollo de ansiedad, ira, miedo, frustraci\u00f3n y depresi\u00f3n<\/strong>.<\/p>\n<p>\u00bfC\u00f3mo llevar alivio al paciente que sufre? O dicho de otro modo, \u00bfc\u00f3mo lograr que la investigaci\u00f3n en dolor se traduzca en mejoras concretas en la pr\u00e1ctica cl\u00ednica? Al igual que ocurre con otras patolog\u00edas y, a pesar del crecimiento exponencial de la investigaci\u00f3n cient\u00edfica en los \u00faltimos a\u00f1os a nivel mundial, cientos de miles de personas a\u00fan viven con dolor mal controlado.<\/p>\n<p><strong>Lamentablemente, no se ha logrado forjar todav\u00eda una eficiente articulaci\u00f3n entre la gran cantidad de informaci\u00f3n que se genera en los laboratorios y la identificaci\u00f3n de estrategias efectivas y seguras para el tratamiento del dolor persistente<\/strong>.<\/p>\n<p>En este contexto, la Asociaci\u00f3n Internacional para el Estudio del Dolor ha declarado el a\u00f1o 2022 como el \u201cA\u00f1o Global para la Traslaci\u00f3n del Conocimiento del Dolor a la Pr\u00e1ctica Cl\u00ednica\u201d, con el objeto de atraer la atenci\u00f3n de la poblaci\u00f3n cient\u00edfica y m\u00e9dica sobre esta situaci\u00f3n preocupante. De esta forma, busca\u00a0<strong>generar espacios de discusi\u00f3n proactiva tanto para identificar desaf\u00edos y oportunidades de mejora en la investigaci\u00f3n pre-cl\u00ednica y cl\u00ednica<\/strong>, as\u00ed como para acortar la distancia y acelerar la transici\u00f3n entre la generaci\u00f3n de conocimientos y su aplicaci\u00f3n.<\/p>\n<p>La creaci\u00f3n de una interface entre la ciencia y la cl\u00ednica solo podr\u00e1 conseguirse con la adopci\u00f3n de un abordaje multidisciplinario y de un modelo de trabajo inter-organizacional. Para ello,\u00a0<strong>representantes de las comunidades cient\u00edfica, acad\u00e9mica, industrial y gubernamental deben trabajar juntos y desarrollar un plan de acci\u00f3n, monitorear su progreso y garantizar la estrategia m\u00e1s productiva y relevante para lograr el \u00e9xito traslacional<\/strong>.<\/p>\n<p>Esta nueva forma de plantear la ciencia y su traslaci\u00f3n al \u00e1mbito asistencial ser\u00e1 clave para que un d\u00eda se pueda liberar de las garras del dolor a tantas personas que, como Susana, ven coartada su vida a causa del dolor.<\/p>\n<p>&nbsp;<\/p>\n<p><strong>Por Dr. Marcelo Villar, Dr. Pablo Brumovsky<\/strong><br \/>\n<strong>y Dra. Florencia Coronel<\/strong><br \/>\n<strong>Grupo Dolor del Instituto de\u00a0<\/strong><strong>Investigaciones en Medicina Traslacional, CONICET-Universidad Austral.<\/strong><\/p>\n","protected":false},"excerpt":{"rendered":"<p>Dolor cr\u00f3nico: construyendo un puente entre la investigaci\u00f3n y la pr\u00e1ctica cl\u00ednica<\/p>\n","protected":false},"author":3,"featured_media":0,"comment_status":"closed","ping_status":"closed","sticky":false,"template":"","format":"standard","meta":{"footnotes":""},"categories":[46,30],"tags":[],"class_list":["post-78979","post","type-post","status-publish","format-standard","hentry","category-ciencia-y-tecnologia","category-salud"],"yoast_head":"<!-- This site is optimized with the Yoast SEO plugin v25.9 - https:\/\/yoast.com\/wordpress\/plugins\/seo\/ -->\n<title>17 DE OCTUBRE - D\u00eda Mundial contra el dolor - Noticias Radio Reflejos<\/title>\n<meta name=\"robots\" content=\"index, follow, max-snippet:-1, max-image-preview:large, max-video-preview:-1\" \/>\n<link rel=\"canonical\" href=\"https:\/\/www.noticiasradioreflejos.com.ar\/2021\/17-de-octubre-dia-mundial-contra-el-dolor\/\" \/>\n<meta property=\"og:locale\" content=\"es_ES\" \/>\n<meta property=\"og:type\" content=\"article\" \/>\n<meta property=\"og:title\" content=\"17 DE OCTUBRE - D\u00eda Mundial contra el dolor - Noticias Radio Reflejos\" \/>\n<meta property=\"og:description\" content=\"Dolor cr\u00f3nico: construyendo un puente entre la investigaci\u00f3n y la pr\u00e1ctica cl\u00ednica\" \/>\n<meta property=\"og:url\" content=\"https:\/\/www.noticiasradioreflejos.com.ar\/2021\/17-de-octubre-dia-mundial-contra-el-dolor\/\" \/>\n<meta property=\"og:site_name\" content=\"Noticias Radio Reflejos\" \/>\n<meta property=\"article:published_time\" content=\"2022-10-17T10:54:41+00:00\" \/>\n<meta property=\"og:image\" content=\"https:\/\/www.noticiasradioreflejos.com.ar\/2021\/wp-content\/uploads\/2021\/07\/logosol300x200.png\" \/>\n\t<meta property=\"og:image:width\" content=\"300\" \/>\n\t<meta property=\"og:image:height\" content=\"200\" \/>\n\t<meta property=\"og:image:type\" content=\"image\/png\" \/>\n<meta name=\"author\" content=\"Arnaldo Botto\" \/>\n<meta name=\"twitter:card\" content=\"summary_large_image\" \/>\n<script type=\"application\/ld+json\" class=\"yoast-schema-graph\">{\"@context\":\"https:\/\/schema.org\",\"@graph\":[{\"@type\":\"WebPage\",\"@id\":\"https:\/\/www.noticiasradioreflejos.com.ar\/2021\/17-de-octubre-dia-mundial-contra-el-dolor\/\",\"url\":\"https:\/\/www.noticiasradioreflejos.com.ar\/2021\/17-de-octubre-dia-mundial-contra-el-dolor\/\",\"name\":\"17 DE OCTUBRE - D\u00eda Mundial contra el dolor - Noticias Radio Reflejos\",\"isPartOf\":{\"@id\":\"https:\/\/www.noticiasradioreflejos.com.ar\/2021\/#website\"},\"datePublished\":\"2022-10-17T10:54:41+00:00\",\"author\":{\"@id\":\"https:\/\/www.noticiasradioreflejos.com.ar\/2021\/#\/schema\/person\/ad82545263dcc5ec0996818884fd5fb1\"},\"breadcrumb\":{\"@id\":\"https:\/\/www.noticiasradioreflejos.com.ar\/2021\/17-de-octubre-dia-mundial-contra-el-dolor\/#breadcrumb\"},\"inLanguage\":\"es\",\"potentialAction\":[{\"@type\":\"ReadAction\",\"target\":[\"https:\/\/www.noticiasradioreflejos.com.ar\/2021\/17-de-octubre-dia-mundial-contra-el-dolor\/\"]}]},{\"@type\":\"BreadcrumbList\",\"@id\":\"https:\/\/www.noticiasradioreflejos.com.ar\/2021\/17-de-octubre-dia-mundial-contra-el-dolor\/#breadcrumb\",\"itemListElement\":[{\"@type\":\"ListItem\",\"position\":1,\"name\":\"Portada\",\"item\":\"https:\/\/www.noticiasradioreflejos.com.ar\/2021\/\"},{\"@type\":\"ListItem\",\"position\":2,\"name\":\"17 DE OCTUBRE &#8211; D\u00eda Mundial contra el dolor\"}]},{\"@type\":\"WebSite\",\"@id\":\"https:\/\/www.noticiasradioreflejos.com.ar\/2021\/#website\",\"url\":\"https:\/\/www.noticiasradioreflejos.com.ar\/2021\/\",\"name\":\"Noticias Radio Reflejos\",\"description\":\"Las noticias de mi comarca\",\"potentialAction\":[{\"@type\":\"SearchAction\",\"target\":{\"@type\":\"EntryPoint\",\"urlTemplate\":\"https:\/\/www.noticiasradioreflejos.com.ar\/2021\/?s={search_term_string}\"},\"query-input\":{\"@type\":\"PropertyValueSpecification\",\"valueRequired\":true,\"valueName\":\"search_term_string\"}}],\"inLanguage\":\"es\"},{\"@type\":\"Person\",\"@id\":\"https:\/\/www.noticiasradioreflejos.com.ar\/2021\/#\/schema\/person\/ad82545263dcc5ec0996818884fd5fb1\",\"name\":\"Arnaldo Botto\",\"image\":{\"@type\":\"ImageObject\",\"inLanguage\":\"es\",\"@id\":\"https:\/\/www.noticiasradioreflejos.com.ar\/2021\/#\/schema\/person\/image\/\",\"url\":\"https:\/\/secure.gravatar.com\/avatar\/55cb5e37c1efa326397366e6974cb338056df65cb50e7d64d1cf314e87504837?s=96&d=mm&r=g\",\"contentUrl\":\"https:\/\/secure.gravatar.com\/avatar\/55cb5e37c1efa326397366e6974cb338056df65cb50e7d64d1cf314e87504837?s=96&d=mm&r=g\",\"caption\":\"Arnaldo Botto\"},\"url\":\"https:\/\/www.noticiasradioreflejos.com.ar\/2021\/author\/arnaldo\/\"}]}<\/script>\n<!-- \/ Yoast SEO plugin. -->","yoast_head_json":{"title":"17 DE OCTUBRE - D\u00eda Mundial contra el dolor - Noticias Radio Reflejos","robots":{"index":"index","follow":"follow","max-snippet":"max-snippet:-1","max-image-preview":"max-image-preview:large","max-video-preview":"max-video-preview:-1"},"canonical":"https:\/\/www.noticiasradioreflejos.com.ar\/2021\/17-de-octubre-dia-mundial-contra-el-dolor\/","og_locale":"es_ES","og_type":"article","og_title":"17 DE OCTUBRE - D\u00eda Mundial contra el dolor - Noticias Radio Reflejos","og_description":"Dolor cr\u00f3nico: construyendo un puente entre la investigaci\u00f3n y la pr\u00e1ctica cl\u00ednica","og_url":"https:\/\/www.noticiasradioreflejos.com.ar\/2021\/17-de-octubre-dia-mundial-contra-el-dolor\/","og_site_name":"Noticias Radio Reflejos","article_published_time":"2022-10-17T10:54:41+00:00","og_image":[{"width":300,"height":200,"url":"https:\/\/www.noticiasradioreflejos.com.ar\/2021\/wp-content\/uploads\/2021\/07\/logosol300x200.png","type":"image\/png"}],"author":"Arnaldo Botto","twitter_card":"summary_large_image","schema":{"@context":"https:\/\/schema.org","@graph":[{"@type":"WebPage","@id":"https:\/\/www.noticiasradioreflejos.com.ar\/2021\/17-de-octubre-dia-mundial-contra-el-dolor\/","url":"https:\/\/www.noticiasradioreflejos.com.ar\/2021\/17-de-octubre-dia-mundial-contra-el-dolor\/","name":"17 DE OCTUBRE - D\u00eda Mundial contra el dolor - Noticias Radio Reflejos","isPartOf":{"@id":"https:\/\/www.noticiasradioreflejos.com.ar\/2021\/#website"},"datePublished":"2022-10-17T10:54:41+00:00","author":{"@id":"https:\/\/www.noticiasradioreflejos.com.ar\/2021\/#\/schema\/person\/ad82545263dcc5ec0996818884fd5fb1"},"breadcrumb":{"@id":"https:\/\/www.noticiasradioreflejos.com.ar\/2021\/17-de-octubre-dia-mundial-contra-el-dolor\/#breadcrumb"},"inLanguage":"es","potentialAction":[{"@type":"ReadAction","target":["https:\/\/www.noticiasradioreflejos.com.ar\/2021\/17-de-octubre-dia-mundial-contra-el-dolor\/"]}]},{"@type":"BreadcrumbList","@id":"https:\/\/www.noticiasradioreflejos.com.ar\/2021\/17-de-octubre-dia-mundial-contra-el-dolor\/#breadcrumb","itemListElement":[{"@type":"ListItem","position":1,"name":"Portada","item":"https:\/\/www.noticiasradioreflejos.com.ar\/2021\/"},{"@type":"ListItem","position":2,"name":"17 DE OCTUBRE &#8211; D\u00eda Mundial contra el dolor"}]},{"@type":"WebSite","@id":"https:\/\/www.noticiasradioreflejos.com.ar\/2021\/#website","url":"https:\/\/www.noticiasradioreflejos.com.ar\/2021\/","name":"Noticias Radio Reflejos","description":"Las noticias de mi comarca","potentialAction":[{"@type":"SearchAction","target":{"@type":"EntryPoint","urlTemplate":"https:\/\/www.noticiasradioreflejos.com.ar\/2021\/?s={search_term_string}"},"query-input":{"@type":"PropertyValueSpecification","valueRequired":true,"valueName":"search_term_string"}}],"inLanguage":"es"},{"@type":"Person","@id":"https:\/\/www.noticiasradioreflejos.com.ar\/2021\/#\/schema\/person\/ad82545263dcc5ec0996818884fd5fb1","name":"Arnaldo Botto","image":{"@type":"ImageObject","inLanguage":"es","@id":"https:\/\/www.noticiasradioreflejos.com.ar\/2021\/#\/schema\/person\/image\/","url":"https:\/\/secure.gravatar.com\/avatar\/55cb5e37c1efa326397366e6974cb338056df65cb50e7d64d1cf314e87504837?s=96&d=mm&r=g","contentUrl":"https:\/\/secure.gravatar.com\/avatar\/55cb5e37c1efa326397366e6974cb338056df65cb50e7d64d1cf314e87504837?s=96&d=mm&r=g","caption":"Arnaldo Botto"},"url":"https:\/\/www.noticiasradioreflejos.com.ar\/2021\/author\/arnaldo\/"}]}},"_links":{"self":[{"href":"https:\/\/www.noticiasradioreflejos.com.ar\/2021\/wp-json\/wp\/v2\/posts\/78979","targetHints":{"allow":["GET"]}}],"collection":[{"href":"https:\/\/www.noticiasradioreflejos.com.ar\/2021\/wp-json\/wp\/v2\/posts"}],"about":[{"href":"https:\/\/www.noticiasradioreflejos.com.ar\/2021\/wp-json\/wp\/v2\/types\/post"}],"author":[{"embeddable":true,"href":"https:\/\/www.noticiasradioreflejos.com.ar\/2021\/wp-json\/wp\/v2\/users\/3"}],"replies":[{"embeddable":true,"href":"https:\/\/www.noticiasradioreflejos.com.ar\/2021\/wp-json\/wp\/v2\/comments?post=78979"}],"version-history":[{"count":1,"href":"https:\/\/www.noticiasradioreflejos.com.ar\/2021\/wp-json\/wp\/v2\/posts\/78979\/revisions"}],"predecessor-version":[{"id":78981,"href":"https:\/\/www.noticiasradioreflejos.com.ar\/2021\/wp-json\/wp\/v2\/posts\/78979\/revisions\/78981"}],"wp:attachment":[{"href":"https:\/\/www.noticiasradioreflejos.com.ar\/2021\/wp-json\/wp\/v2\/media?parent=78979"}],"wp:term":[{"taxonomy":"category","embeddable":true,"href":"https:\/\/www.noticiasradioreflejos.com.ar\/2021\/wp-json\/wp\/v2\/categories?post=78979"},{"taxonomy":"post_tag","embeddable":true,"href":"https:\/\/www.noticiasradioreflejos.com.ar\/2021\/wp-json\/wp\/v2\/tags?post=78979"}],"curies":[{"name":"wp","href":"https:\/\/api.w.org\/{rel}","templated":true}]}}