{"id":78958,"date":"2022-10-14T20:44:34","date_gmt":"2022-10-14T20:44:34","guid":{"rendered":"http:\/\/www.noticiasradioreflejos.com.ar\/2021\/?p=78958"},"modified":"2022-10-14T20:44:34","modified_gmt":"2022-10-14T20:44:34","slug":"fue-de-62-el-indice-de-precios-al-consumidor-bajo-casi-un-punto-en-septiembre","status":"publish","type":"post","link":"https:\/\/www.noticiasradioreflejos.com.ar\/2021\/fue-de-62-el-indice-de-precios-al-consumidor-bajo-casi-un-punto-en-septiembre\/","title":{"rendered":"FUE DE 6,2%: El \u00edndice de precios al consumidor baj\u00f3 casi un punto en septiembre"},"content":{"rendered":"<p>El Instituto Nacional de Estad\u00edstica y Censos inform\u00f3 que el indicador registr\u00f3 un retroceso del 0,8% respecto de agosto, y acumula un alza de 66,1% en los primeros nueve meses del a\u00f1o.<!--more--><\/p>\n<figure class=\"mb-3\"><img decoding=\"async\" src=\"https:\/\/www.telam.com.ar\/thumbs\/bluesteel\/advf\/imagenes\/2022\/04\/6256bc83720f2_900.jpg\" alt=\"Foto Camila Godoy\" width=\"100%\" height=\"100%\" \/><\/p>\n<div class=\"media-icons\"><\/div><figcaption>Foto: Camila Godoy.<\/figcaption><\/figure>\n<p>El \u00cdndice de Precios al Consumidor (IPC) aument\u00f3 en septiembre 6,2% respecto a agosto y se redujo ocho d\u00e9cimas con relaci\u00f3n al indicador de agosto (7%), inform\u00f3 este viernes el Instituto Nacional de Estad\u00edstica y Censos (Indec).<\/p>\n<p>El Nivel general del IPC acumul\u00f3 un alza de 66,1% en los primeros nueve meses del a\u00f1o; y en la comparaci\u00f3n interanual registr\u00f3 un incremento de 83%, precis\u00f3 el organismo.<\/p>\n<p>La divisi\u00f3n Prendas de vestir y calzado (10,6%) fue la de mayor aumento en el mes, seguida por Bebidas alcoh\u00f3licas y tabaco (9,4%), sobre la que se destac\u00f3 el alza de los cigarrillos.<\/p>\n<blockquote class=\"twitter-tweet\" data-width=\"500\" data-dnt=\"true\">\n<p lang=\"es\" dir=\"ltr\"><a href=\"https:\/\/twitter.com\/hashtag\/DatoINDEC?src=hash&amp;ref_src=twsrc%5Etfw\">#DatoINDEC<\/a> <br \/>Los precios al consumidor (<a href=\"https:\/\/twitter.com\/hashtag\/IPC?src=hash&amp;ref_src=twsrc%5Etfw\">#IPC<\/a>) subieron 6,2% en septiembre de 2022 respecto de agosto y 83% interanual. Acumularon un alza de 66,1% en los primeros nueve meses del a\u00f1o <a href=\"https:\/\/t.co\/lDqHgfM1ME\">https:\/\/t.co\/lDqHgfM1ME<\/a> <a href=\"https:\/\/t.co\/WUTqe7e98a\">pic.twitter.com\/WUTqe7e98a<\/a><\/p>\n<p>&mdash; INDEC Argentina (@INDECArgentina) <a href=\"https:\/\/twitter.com\/INDECArgentina\/status\/1580996922844012544?ref_src=twsrc%5Etfw\">October 14, 2022<\/a><\/p><\/blockquote>\n<p><script async src=\"https:\/\/platform.twitter.com\/widgets.js\" charset=\"utf-8\"><\/script><\/p>\n<p>Tambi\u00e9n sobresali\u00f3 el incremento salarial de trabajadores de casas particulares -que impact\u00f3 en Equipamiento y mantenimiento del hogar (6%)-, as\u00ed como las subas de las tarifas del transporte p\u00fablico y el arrastre que dej\u00f3 el aumento de los combustibles a fines de agosto, que impactaron sobre la divisi\u00f3n Transporte (5,8%).<\/p>\n<p>La suba de Alimentos y bebidas no alcoh\u00f3licas (6,7%) fue lo que m\u00e1s incidi\u00f3 en todas las regiones, dentro de la que se destac\u00f3 el aumento de Verduras, tub\u00e9rculos y legumbres; Aceites, grasas y manteca; y Frutas.<\/p>\n<p>A nivel de las categor\u00edas, lider\u00f3 el alza mensual Estacionales (11,7%) \u2013explicada, en parte, por las mencionadas subas en Prendas de vestir, Verduras, tub\u00e9rculos y legumbres, y Frutas\u2013 seguida por el IPC N\u00facleo (5,5%) y, finalmente, Regulados (4,5%).<\/p>\n","protected":false},"excerpt":{"rendered":"<p>El Instituto Nacional de Estad\u00edstica y Censos inform\u00f3 que el indicador registr\u00f3 un retroceso del 0,8% respecto de agosto, y acumula un alza de 66,1% en los primeros nueve meses del a\u00f1o.<\/p>\n","protected":false},"author":3,"featured_media":0,"comment_status":"closed","ping_status":"closed","sticky":false,"template":"","format":"standard","meta":{"footnotes":""},"categories":[36],"tags":[],"class_list":["post-78958","post","type-post","status-publish","format-standard","hentry","category-economia"],"yoast_head":"<!-- This site is optimized with the Yoast SEO plugin v25.9 - https:\/\/yoast.com\/wordpress\/plugins\/seo\/ -->\n<title>FUE DE 6,2%: El \u00edndice de precios al consumidor baj\u00f3 casi un punto en septiembre - Noticias Radio Reflejos<\/title>\n<meta name=\"robots\" content=\"index, follow, max-snippet:-1, max-image-preview:large, max-video-preview:-1\" \/>\n<link rel=\"canonical\" href=\"https:\/\/www.noticiasradioreflejos.com.ar\/2021\/fue-de-62-el-indice-de-precios-al-consumidor-bajo-casi-un-punto-en-septiembre\/\" \/>\n<meta property=\"og:locale\" content=\"es_ES\" \/>\n<meta property=\"og:type\" content=\"article\" \/>\n<meta property=\"og:title\" content=\"FUE DE 6,2%: El \u00edndice de precios al consumidor baj\u00f3 casi un punto en septiembre - Noticias Radio Reflejos\" \/>\n<meta property=\"og:description\" content=\"El Instituto Nacional de Estad\u00edstica y Censos inform\u00f3 que el indicador registr\u00f3 un retroceso del 0,8% respecto de agosto, y acumula un alza de 66,1% en los primeros nueve meses del a\u00f1o.\" \/>\n<meta property=\"og:url\" content=\"https:\/\/www.noticiasradioreflejos.com.ar\/2021\/fue-de-62-el-indice-de-precios-al-consumidor-bajo-casi-un-punto-en-septiembre\/\" \/>\n<meta property=\"og:site_name\" content=\"Noticias Radio Reflejos\" \/>\n<meta property=\"article:published_time\" content=\"2022-10-14T20:44:34+00:00\" \/>\n<meta property=\"og:image\" content=\"https:\/\/www.telam.com.ar\/thumbs\/bluesteel\/advf\/imagenes\/2022\/04\/6256bc83720f2_900.jpg\" \/>\n<meta name=\"author\" content=\"Arnaldo Botto\" \/>\n<meta name=\"twitter:card\" content=\"summary_large_image\" \/>\n<script type=\"application\/ld+json\" class=\"yoast-schema-graph\">{\"@context\":\"https:\/\/schema.org\",\"@graph\":[{\"@type\":\"WebPage\",\"@id\":\"https:\/\/www.noticiasradioreflejos.com.ar\/2021\/fue-de-62-el-indice-de-precios-al-consumidor-bajo-casi-un-punto-en-septiembre\/\",\"url\":\"https:\/\/www.noticiasradioreflejos.com.ar\/2021\/fue-de-62-el-indice-de-precios-al-consumidor-bajo-casi-un-punto-en-septiembre\/\",\"name\":\"FUE DE 6,2%: El \u00edndice de precios al consumidor baj\u00f3 casi un punto en septiembre - Noticias Radio Reflejos\",\"isPartOf\":{\"@id\":\"https:\/\/www.noticiasradioreflejos.com.ar\/2021\/#website\"},\"primaryImageOfPage\":{\"@id\":\"https:\/\/www.noticiasradioreflejos.com.ar\/2021\/fue-de-62-el-indice-de-precios-al-consumidor-bajo-casi-un-punto-en-septiembre\/#primaryimage\"},\"image\":{\"@id\":\"https:\/\/www.noticiasradioreflejos.com.ar\/2021\/fue-de-62-el-indice-de-precios-al-consumidor-bajo-casi-un-punto-en-septiembre\/#primaryimage\"},\"thumbnailUrl\":\"https:\/\/www.telam.com.ar\/thumbs\/bluesteel\/advf\/imagenes\/2022\/04\/6256bc83720f2_900.jpg\",\"datePublished\":\"2022-10-14T20:44:34+00:00\",\"author\":{\"@id\":\"https:\/\/www.noticiasradioreflejos.com.ar\/2021\/#\/schema\/person\/ad82545263dcc5ec0996818884fd5fb1\"},\"breadcrumb\":{\"@id\":\"https:\/\/www.noticiasradioreflejos.com.ar\/2021\/fue-de-62-el-indice-de-precios-al-consumidor-bajo-casi-un-punto-en-septiembre\/#breadcrumb\"},\"inLanguage\":\"es\",\"potentialAction\":[{\"@type\":\"ReadAction\",\"target\":[\"https:\/\/www.noticiasradioreflejos.com.ar\/2021\/fue-de-62-el-indice-de-precios-al-consumidor-bajo-casi-un-punto-en-septiembre\/\"]}]},{\"@type\":\"ImageObject\",\"inLanguage\":\"es\",\"@id\":\"https:\/\/www.noticiasradioreflejos.com.ar\/2021\/fue-de-62-el-indice-de-precios-al-consumidor-bajo-casi-un-punto-en-septiembre\/#primaryimage\",\"url\":\"https:\/\/www.telam.com.ar\/thumbs\/bluesteel\/advf\/imagenes\/2022\/04\/6256bc83720f2_900.jpg\",\"contentUrl\":\"https:\/\/www.telam.com.ar\/thumbs\/bluesteel\/advf\/imagenes\/2022\/04\/6256bc83720f2_900.jpg\"},{\"@type\":\"BreadcrumbList\",\"@id\":\"https:\/\/www.noticiasradioreflejos.com.ar\/2021\/fue-de-62-el-indice-de-precios-al-consumidor-bajo-casi-un-punto-en-septiembre\/#breadcrumb\",\"itemListElement\":[{\"@type\":\"ListItem\",\"position\":1,\"name\":\"Portada\",\"item\":\"https:\/\/www.noticiasradioreflejos.com.ar\/2021\/\"},{\"@type\":\"ListItem\",\"position\":2,\"name\":\"FUE DE 6,2%: El \u00edndice de precios al consumidor baj\u00f3 casi un punto en septiembre\"}]},{\"@type\":\"WebSite\",\"@id\":\"https:\/\/www.noticiasradioreflejos.com.ar\/2021\/#website\",\"url\":\"https:\/\/www.noticiasradioreflejos.com.ar\/2021\/\",\"name\":\"Noticias Radio Reflejos\",\"description\":\"Las noticias de mi comarca\",\"potentialAction\":[{\"@type\":\"SearchAction\",\"target\":{\"@type\":\"EntryPoint\",\"urlTemplate\":\"https:\/\/www.noticiasradioreflejos.com.ar\/2021\/?s={search_term_string}\"},\"query-input\":{\"@type\":\"PropertyValueSpecification\",\"valueRequired\":true,\"valueName\":\"search_term_string\"}}],\"inLanguage\":\"es\"},{\"@type\":\"Person\",\"@id\":\"https:\/\/www.noticiasradioreflejos.com.ar\/2021\/#\/schema\/person\/ad82545263dcc5ec0996818884fd5fb1\",\"name\":\"Arnaldo Botto\",\"image\":{\"@type\":\"ImageObject\",\"inLanguage\":\"es\",\"@id\":\"https:\/\/www.noticiasradioreflejos.com.ar\/2021\/#\/schema\/person\/image\/\",\"url\":\"https:\/\/secure.gravatar.com\/avatar\/55cb5e37c1efa326397366e6974cb338056df65cb50e7d64d1cf314e87504837?s=96&d=mm&r=g\",\"contentUrl\":\"https:\/\/secure.gravatar.com\/avatar\/55cb5e37c1efa326397366e6974cb338056df65cb50e7d64d1cf314e87504837?s=96&d=mm&r=g\",\"caption\":\"Arnaldo Botto\"},\"url\":\"https:\/\/www.noticiasradioreflejos.com.ar\/2021\/author\/arnaldo\/\"}]}<\/script>\n<!-- \/ Yoast SEO plugin. -->","yoast_head_json":{"title":"FUE DE 6,2%: El \u00edndice de precios al consumidor baj\u00f3 casi un punto en septiembre - Noticias Radio Reflejos","robots":{"index":"index","follow":"follow","max-snippet":"max-snippet:-1","max-image-preview":"max-image-preview:large","max-video-preview":"max-video-preview:-1"},"canonical":"https:\/\/www.noticiasradioreflejos.com.ar\/2021\/fue-de-62-el-indice-de-precios-al-consumidor-bajo-casi-un-punto-en-septiembre\/","og_locale":"es_ES","og_type":"article","og_title":"FUE DE 6,2%: El \u00edndice de precios al consumidor baj\u00f3 casi un punto en septiembre - Noticias Radio Reflejos","og_description":"El Instituto Nacional de Estad\u00edstica y Censos inform\u00f3 que el indicador registr\u00f3 un retroceso del 0,8% respecto de agosto, y acumula un alza de 66,1% en los primeros nueve meses del a\u00f1o.","og_url":"https:\/\/www.noticiasradioreflejos.com.ar\/2021\/fue-de-62-el-indice-de-precios-al-consumidor-bajo-casi-un-punto-en-septiembre\/","og_site_name":"Noticias Radio Reflejos","article_published_time":"2022-10-14T20:44:34+00:00","og_image":[{"url":"https:\/\/www.telam.com.ar\/thumbs\/bluesteel\/advf\/imagenes\/2022\/04\/6256bc83720f2_900.jpg","type":"","width":"","height":""}],"author":"Arnaldo Botto","twitter_card":"summary_large_image","schema":{"@context":"https:\/\/schema.org","@graph":[{"@type":"WebPage","@id":"https:\/\/www.noticiasradioreflejos.com.ar\/2021\/fue-de-62-el-indice-de-precios-al-consumidor-bajo-casi-un-punto-en-septiembre\/","url":"https:\/\/www.noticiasradioreflejos.com.ar\/2021\/fue-de-62-el-indice-de-precios-al-consumidor-bajo-casi-un-punto-en-septiembre\/","name":"FUE DE 6,2%: El \u00edndice de precios al consumidor baj\u00f3 casi un punto en septiembre - Noticias Radio Reflejos","isPartOf":{"@id":"https:\/\/www.noticiasradioreflejos.com.ar\/2021\/#website"},"primaryImageOfPage":{"@id":"https:\/\/www.noticiasradioreflejos.com.ar\/2021\/fue-de-62-el-indice-de-precios-al-consumidor-bajo-casi-un-punto-en-septiembre\/#primaryimage"},"image":{"@id":"https:\/\/www.noticiasradioreflejos.com.ar\/2021\/fue-de-62-el-indice-de-precios-al-consumidor-bajo-casi-un-punto-en-septiembre\/#primaryimage"},"thumbnailUrl":"https:\/\/www.telam.com.ar\/thumbs\/bluesteel\/advf\/imagenes\/2022\/04\/6256bc83720f2_900.jpg","datePublished":"2022-10-14T20:44:34+00:00","author":{"@id":"https:\/\/www.noticiasradioreflejos.com.ar\/2021\/#\/schema\/person\/ad82545263dcc5ec0996818884fd5fb1"},"breadcrumb":{"@id":"https:\/\/www.noticiasradioreflejos.com.ar\/2021\/fue-de-62-el-indice-de-precios-al-consumidor-bajo-casi-un-punto-en-septiembre\/#breadcrumb"},"inLanguage":"es","potentialAction":[{"@type":"ReadAction","target":["https:\/\/www.noticiasradioreflejos.com.ar\/2021\/fue-de-62-el-indice-de-precios-al-consumidor-bajo-casi-un-punto-en-septiembre\/"]}]},{"@type":"ImageObject","inLanguage":"es","@id":"https:\/\/www.noticiasradioreflejos.com.ar\/2021\/fue-de-62-el-indice-de-precios-al-consumidor-bajo-casi-un-punto-en-septiembre\/#primaryimage","url":"https:\/\/www.telam.com.ar\/thumbs\/bluesteel\/advf\/imagenes\/2022\/04\/6256bc83720f2_900.jpg","contentUrl":"https:\/\/www.telam.com.ar\/thumbs\/bluesteel\/advf\/imagenes\/2022\/04\/6256bc83720f2_900.jpg"},{"@type":"BreadcrumbList","@id":"https:\/\/www.noticiasradioreflejos.com.ar\/2021\/fue-de-62-el-indice-de-precios-al-consumidor-bajo-casi-un-punto-en-septiembre\/#breadcrumb","itemListElement":[{"@type":"ListItem","position":1,"name":"Portada","item":"https:\/\/www.noticiasradioreflejos.com.ar\/2021\/"},{"@type":"ListItem","position":2,"name":"FUE DE 6,2%: El \u00edndice de precios al consumidor baj\u00f3 casi un punto en septiembre"}]},{"@type":"WebSite","@id":"https:\/\/www.noticiasradioreflejos.com.ar\/2021\/#website","url":"https:\/\/www.noticiasradioreflejos.com.ar\/2021\/","name":"Noticias Radio Reflejos","description":"Las noticias de mi comarca","potentialAction":[{"@type":"SearchAction","target":{"@type":"EntryPoint","urlTemplate":"https:\/\/www.noticiasradioreflejos.com.ar\/2021\/?s={search_term_string}"},"query-input":{"@type":"PropertyValueSpecification","valueRequired":true,"valueName":"search_term_string"}}],"inLanguage":"es"},{"@type":"Person","@id":"https:\/\/www.noticiasradioreflejos.com.ar\/2021\/#\/schema\/person\/ad82545263dcc5ec0996818884fd5fb1","name":"Arnaldo Botto","image":{"@type":"ImageObject","inLanguage":"es","@id":"https:\/\/www.noticiasradioreflejos.com.ar\/2021\/#\/schema\/person\/image\/","url":"https:\/\/secure.gravatar.com\/avatar\/55cb5e37c1efa326397366e6974cb338056df65cb50e7d64d1cf314e87504837?s=96&d=mm&r=g","contentUrl":"https:\/\/secure.gravatar.com\/avatar\/55cb5e37c1efa326397366e6974cb338056df65cb50e7d64d1cf314e87504837?s=96&d=mm&r=g","caption":"Arnaldo Botto"},"url":"https:\/\/www.noticiasradioreflejos.com.ar\/2021\/author\/arnaldo\/"}]}},"_links":{"self":[{"href":"https:\/\/www.noticiasradioreflejos.com.ar\/2021\/wp-json\/wp\/v2\/posts\/78958","targetHints":{"allow":["GET"]}}],"collection":[{"href":"https:\/\/www.noticiasradioreflejos.com.ar\/2021\/wp-json\/wp\/v2\/posts"}],"about":[{"href":"https:\/\/www.noticiasradioreflejos.com.ar\/2021\/wp-json\/wp\/v2\/types\/post"}],"author":[{"embeddable":true,"href":"https:\/\/www.noticiasradioreflejos.com.ar\/2021\/wp-json\/wp\/v2\/users\/3"}],"replies":[{"embeddable":true,"href":"https:\/\/www.noticiasradioreflejos.com.ar\/2021\/wp-json\/wp\/v2\/comments?post=78958"}],"version-history":[{"count":1,"href":"https:\/\/www.noticiasradioreflejos.com.ar\/2021\/wp-json\/wp\/v2\/posts\/78958\/revisions"}],"predecessor-version":[{"id":78959,"href":"https:\/\/www.noticiasradioreflejos.com.ar\/2021\/wp-json\/wp\/v2\/posts\/78958\/revisions\/78959"}],"wp:attachment":[{"href":"https:\/\/www.noticiasradioreflejos.com.ar\/2021\/wp-json\/wp\/v2\/media?parent=78958"}],"wp:term":[{"taxonomy":"category","embeddable":true,"href":"https:\/\/www.noticiasradioreflejos.com.ar\/2021\/wp-json\/wp\/v2\/categories?post=78958"},{"taxonomy":"post_tag","embeddable":true,"href":"https:\/\/www.noticiasradioreflejos.com.ar\/2021\/wp-json\/wp\/v2\/tags?post=78958"}],"curies":[{"name":"wp","href":"https:\/\/api.w.org\/{rel}","templated":true}]}}