{"id":78953,"date":"2022-10-14T18:08:52","date_gmt":"2022-10-14T18:08:52","guid":{"rendered":"http:\/\/www.noticiasradioreflejos.com.ar\/2021\/?p=78953"},"modified":"2022-10-14T18:08:52","modified_gmt":"2022-10-14T18:08:52","slug":"sigue-el-combate-a-los-incendios-forestales-en-siete-provincias","status":"publish","type":"post","link":"https:\/\/www.noticiasradioreflejos.com.ar\/2021\/sigue-el-combate-a-los-incendios-forestales-en-siete-provincias\/","title":{"rendered":"Sigue el combate a los incendios forestales en siete provincias"},"content":{"rendered":"<p>Brigadistas y personal de apoyo continuaban con la extinci\u00f3n de focos \u00edgneos en la zona del Delta del r\u00edo Paran\u00e1 de Buenos Aires y Entre R\u00edos y en Jujuy, Salta, Catamarca, Mendoza y San Luis.<!--more--><\/p>\n<figure class=\"mb-3\"><img decoding=\"async\" src=\"https:\/\/www.telam.com.ar\/thumbs\/bluesteel\/advf\/imagenes\/2022\/09\/63247f1ded16d_900.jpg\" alt=\"Los brigadistas junto a personal de apoyo y con aviones hidrantes y helicpteros con helibaldes trabajan en siete provincias\" width=\"100%\" height=\"100%\" \/><\/p>\n<div class=\"media-icons\"><\/div><figcaption>Los brigadistas junto a personal de apoyo y con aviones hidrantes y helic\u00f3pteros con helibaldes, trabajan en siete provincias.<\/figcaption><\/figure>\n<p>Brigadistas continuaban combatiendo este viernes<strong>\u00a0incendios forestales en las provincias de Entre R\u00edos y Buenos Aires, en la zona del delta del r\u00edo Paran\u00e1, mientras que tambi\u00e9n se presentaban focos activos en Jujuy, Salta, Catamarca, Mendoza y San Luis<\/strong>, seg\u00fan el \u00faltimo reporte del Servicio Nacional de Manejo del Fuego (SNMF), que depende del Ministerio de Ambiente y Desarrollo Sostenible.<\/p>\n<p>En la provincia de Entre R\u00edos,<strong>\u00a0el fuego alcanzaba al departamento de Gualegua<\/strong>y (Noreste Retro y XL).<\/p>\n<p>En el Delta del Paran\u00e1 se encontraban\u00a0<strong>disponibles para operar tres aviones hidrantes, dos helic\u00f3pteros con helibalde y un avi\u00f3n observador<\/strong>\u00a0pertenecientes al SNMF y\u00a0<strong>dos helic\u00f3pteros para traslado de personal<\/strong>\u00a0pertenecientes al Ministerio de Defensa.<\/p>\n<p>Asimismo, estaban esta ma\u00f1ana a disposici\u00f3n\u00a0<strong>m\u00e1s de 60 brigadistas y personal de apoyo\u00a0<\/strong>afectado al combate de incendios convocados por el SNMF.<\/p>\n<p>Adem\u00e1s, para la jornada de este viernes se sumaron un avi\u00f3n hidrante, un helic\u00f3ptero con helibalde y un helic\u00f3ptero para traslado de personal.<\/p>\n<p>Seg\u00fan el reporte de incendios, tambi\u00e9n este viernes hab\u00eda focos activos de incendios\u00a0<strong>en los departamentos de Valle Viejo (Samuel Molina) en Catamarca, Or\u00e1n y San Mart\u00edn en Salta, Jun\u00edn en San Luis, Baradero en Buenos Aires y San Rafael (Colonia Colomer) en Mendoza.<\/strong><br \/>\nhttps:\/\/twitter.com\/AmbienteNacion\/status\/1580623160646701058?ref_src=twsrc%5Etfw%7Ctwcamp%5Etweetembed%7Ctwterm%5E1580623160646701058%7Ctwgr%5E2306fbfbb148425b05eaa6d2c91abd866bcda1c0%7Ctwcon%5Es1_c10&#038;ref_url=https%3A%2F%2Fwww.telam.com.ar%2Fnotas%2F202210%2F607820-incendios-forestales.html<\/p>\n<p>Adem\u00e1s,\u00a0<strong>en Jujuy los incendios se desplegaban en las localidades de Ledesma (Gran y Tutu) y Santa B\u00e1rbara (Ruta Provincial 1 \u2013 Arroyo Seco).<\/strong><\/p>\n<p>En esta provincia estaban disponibles\u00a0<strong>para operar tres aviones hidrantes y dos helic\u00f3pteros con helibalde pertenecientes al SNMF, 70 brigadistas y personal de apoyo<\/strong>\u00a0pertenecientes a la Administraci\u00f3n de Parques Nacionales, Brigada Nacional Sur y los Servicios provinciales de R\u00edo Negro, Neuqu\u00e9n, Tucum\u00e1n y Catamarca, convocados por el SNMF, adem\u00e1s de apoyo t\u00e9cnico con pron\u00f3stico meteorol\u00f3gico.<\/p>\n<h2 class=\"\">Llamas contenidas<\/h2>\n<p>En tanto,\u00a0<strong>las llamas fueron contenidas<\/strong>\u00a0en las localidades de Ledesma (Piroman\u00edaco) en Jujuy; Santa Mar\u00eda (Monte Ralo) en C\u00f3rdoba; Constituci\u00f3n (Sol), Castellanos (Zen\u00f3n Pereyra) y San Jer\u00f3nimo (Campo Petraco) en Santa Fe; Gualeguay (Reinicio El Cuadro, Vuelta del Caracol) en Entre R\u00edos; San Fernando (S\/N 2) en Buenos Aires; General Alvear (Costa del R\u00edo Atuel y Pozo Hondo) y San Rafael (Vuelta de Vela) en Mendoza.<\/p>\n<p>Por otra parte,<strong>\u00a0los focos de incendios ya fueron controlados\u00a0<\/strong>en los departamentos juje\u00f1os de Doctor Manuel Belgrano (El Colmo) y Ledesma (Rastrojo y El Puestero); las localidades de Taf\u00ed Viejo (Ruta 9), San Pedro De Colalao (Ceferino Namuncur\u00e1), Burrucayu (Ruta 304) y Monteros (Ruta 307 km 4) en Tucum\u00e1n; Calamuchita (Caraguasi) y San Alberto (RP n\u00b0 34 km 50 &#8211; PN Quebrada del Condorito) en C\u00f3rdoba; la capital de Santa Fe (Tunel); Victoria (Naranja, El Ojo De Montiel y El Zorro) en Entre R\u00edos; Campana (S\/N 1) y Tigre (S\/N 3) en Buenos Aires.<\/p>\n","protected":false},"excerpt":{"rendered":"<p>Brigadistas y personal de apoyo continuaban con la extinci\u00f3n de focos \u00edgneos en la zona del Delta del r\u00edo Paran\u00e1 de Buenos Aires y Entre R\u00edos y en Jujuy, Salta, Catamarca, Mendoza y San Luis.<\/p>\n","protected":false},"author":3,"featured_media":0,"comment_status":"closed","ping_status":"closed","sticky":false,"template":"","format":"standard","meta":{"footnotes":""},"categories":[46,24,26],"tags":[],"class_list":["post-78953","post","type-post","status-publish","format-standard","hentry","category-ciencia-y-tecnologia","category-politica","category-sociedad"],"yoast_head":"<!-- This site is optimized with the Yoast SEO plugin v25.9 - https:\/\/yoast.com\/wordpress\/plugins\/seo\/ -->\n<title>Sigue el combate a los incendios forestales en siete provincias - Noticias Radio Reflejos<\/title>\n<meta name=\"robots\" content=\"index, follow, max-snippet:-1, max-image-preview:large, max-video-preview:-1\" \/>\n<link rel=\"canonical\" href=\"https:\/\/www.noticiasradioreflejos.com.ar\/2021\/sigue-el-combate-a-los-incendios-forestales-en-siete-provincias\/\" \/>\n<meta property=\"og:locale\" content=\"es_ES\" \/>\n<meta property=\"og:type\" content=\"article\" \/>\n<meta property=\"og:title\" content=\"Sigue el combate a los incendios forestales en siete provincias - Noticias Radio Reflejos\" \/>\n<meta property=\"og:description\" content=\"Brigadistas y personal de apoyo continuaban con la extinci\u00f3n de focos \u00edgneos en la zona del Delta del r\u00edo Paran\u00e1 de Buenos Aires y Entre R\u00edos y en Jujuy, Salta, Catamarca, Mendoza y San Luis.\" \/>\n<meta property=\"og:url\" content=\"https:\/\/www.noticiasradioreflejos.com.ar\/2021\/sigue-el-combate-a-los-incendios-forestales-en-siete-provincias\/\" \/>\n<meta property=\"og:site_name\" content=\"Noticias Radio Reflejos\" \/>\n<meta property=\"article:published_time\" content=\"2022-10-14T18:08:52+00:00\" \/>\n<meta property=\"og:image\" content=\"https:\/\/www.telam.com.ar\/thumbs\/bluesteel\/advf\/imagenes\/2022\/09\/63247f1ded16d_900.jpg\" \/>\n<meta name=\"author\" content=\"Arnaldo Botto\" \/>\n<meta name=\"twitter:card\" content=\"summary_large_image\" \/>\n<script type=\"application\/ld+json\" class=\"yoast-schema-graph\">{\"@context\":\"https:\/\/schema.org\",\"@graph\":[{\"@type\":\"WebPage\",\"@id\":\"https:\/\/www.noticiasradioreflejos.com.ar\/2021\/sigue-el-combate-a-los-incendios-forestales-en-siete-provincias\/\",\"url\":\"https:\/\/www.noticiasradioreflejos.com.ar\/2021\/sigue-el-combate-a-los-incendios-forestales-en-siete-provincias\/\",\"name\":\"Sigue el combate a los incendios forestales en siete provincias - Noticias Radio Reflejos\",\"isPartOf\":{\"@id\":\"https:\/\/www.noticiasradioreflejos.com.ar\/2021\/#website\"},\"primaryImageOfPage\":{\"@id\":\"https:\/\/www.noticiasradioreflejos.com.ar\/2021\/sigue-el-combate-a-los-incendios-forestales-en-siete-provincias\/#primaryimage\"},\"image\":{\"@id\":\"https:\/\/www.noticiasradioreflejos.com.ar\/2021\/sigue-el-combate-a-los-incendios-forestales-en-siete-provincias\/#primaryimage\"},\"thumbnailUrl\":\"https:\/\/www.telam.com.ar\/thumbs\/bluesteel\/advf\/imagenes\/2022\/09\/63247f1ded16d_900.jpg\",\"datePublished\":\"2022-10-14T18:08:52+00:00\",\"author\":{\"@id\":\"https:\/\/www.noticiasradioreflejos.com.ar\/2021\/#\/schema\/person\/ad82545263dcc5ec0996818884fd5fb1\"},\"breadcrumb\":{\"@id\":\"https:\/\/www.noticiasradioreflejos.com.ar\/2021\/sigue-el-combate-a-los-incendios-forestales-en-siete-provincias\/#breadcrumb\"},\"inLanguage\":\"es\",\"potentialAction\":[{\"@type\":\"ReadAction\",\"target\":[\"https:\/\/www.noticiasradioreflejos.com.ar\/2021\/sigue-el-combate-a-los-incendios-forestales-en-siete-provincias\/\"]}]},{\"@type\":\"ImageObject\",\"inLanguage\":\"es\",\"@id\":\"https:\/\/www.noticiasradioreflejos.com.ar\/2021\/sigue-el-combate-a-los-incendios-forestales-en-siete-provincias\/#primaryimage\",\"url\":\"https:\/\/www.telam.com.ar\/thumbs\/bluesteel\/advf\/imagenes\/2022\/09\/63247f1ded16d_900.jpg\",\"contentUrl\":\"https:\/\/www.telam.com.ar\/thumbs\/bluesteel\/advf\/imagenes\/2022\/09\/63247f1ded16d_900.jpg\"},{\"@type\":\"BreadcrumbList\",\"@id\":\"https:\/\/www.noticiasradioreflejos.com.ar\/2021\/sigue-el-combate-a-los-incendios-forestales-en-siete-provincias\/#breadcrumb\",\"itemListElement\":[{\"@type\":\"ListItem\",\"position\":1,\"name\":\"Portada\",\"item\":\"https:\/\/www.noticiasradioreflejos.com.ar\/2021\/\"},{\"@type\":\"ListItem\",\"position\":2,\"name\":\"Sigue el combate a los incendios forestales en siete provincias\"}]},{\"@type\":\"WebSite\",\"@id\":\"https:\/\/www.noticiasradioreflejos.com.ar\/2021\/#website\",\"url\":\"https:\/\/www.noticiasradioreflejos.com.ar\/2021\/\",\"name\":\"Noticias Radio Reflejos\",\"description\":\"Las noticias de mi comarca\",\"potentialAction\":[{\"@type\":\"SearchAction\",\"target\":{\"@type\":\"EntryPoint\",\"urlTemplate\":\"https:\/\/www.noticiasradioreflejos.com.ar\/2021\/?s={search_term_string}\"},\"query-input\":{\"@type\":\"PropertyValueSpecification\",\"valueRequired\":true,\"valueName\":\"search_term_string\"}}],\"inLanguage\":\"es\"},{\"@type\":\"Person\",\"@id\":\"https:\/\/www.noticiasradioreflejos.com.ar\/2021\/#\/schema\/person\/ad82545263dcc5ec0996818884fd5fb1\",\"name\":\"Arnaldo Botto\",\"image\":{\"@type\":\"ImageObject\",\"inLanguage\":\"es\",\"@id\":\"https:\/\/www.noticiasradioreflejos.com.ar\/2021\/#\/schema\/person\/image\/\",\"url\":\"https:\/\/secure.gravatar.com\/avatar\/55cb5e37c1efa326397366e6974cb338056df65cb50e7d64d1cf314e87504837?s=96&d=mm&r=g\",\"contentUrl\":\"https:\/\/secure.gravatar.com\/avatar\/55cb5e37c1efa326397366e6974cb338056df65cb50e7d64d1cf314e87504837?s=96&d=mm&r=g\",\"caption\":\"Arnaldo Botto\"},\"url\":\"https:\/\/www.noticiasradioreflejos.com.ar\/2021\/author\/arnaldo\/\"}]}<\/script>\n<!-- \/ Yoast SEO plugin. -->","yoast_head_json":{"title":"Sigue el combate a los incendios forestales en siete provincias - Noticias Radio Reflejos","robots":{"index":"index","follow":"follow","max-snippet":"max-snippet:-1","max-image-preview":"max-image-preview:large","max-video-preview":"max-video-preview:-1"},"canonical":"https:\/\/www.noticiasradioreflejos.com.ar\/2021\/sigue-el-combate-a-los-incendios-forestales-en-siete-provincias\/","og_locale":"es_ES","og_type":"article","og_title":"Sigue el combate a los incendios forestales en siete provincias - Noticias Radio Reflejos","og_description":"Brigadistas y personal de apoyo continuaban con la extinci\u00f3n de focos \u00edgneos en la zona del Delta del r\u00edo Paran\u00e1 de Buenos Aires y Entre R\u00edos y en Jujuy, Salta, Catamarca, Mendoza y San Luis.","og_url":"https:\/\/www.noticiasradioreflejos.com.ar\/2021\/sigue-el-combate-a-los-incendios-forestales-en-siete-provincias\/","og_site_name":"Noticias Radio Reflejos","article_published_time":"2022-10-14T18:08:52+00:00","og_image":[{"url":"https:\/\/www.telam.com.ar\/thumbs\/bluesteel\/advf\/imagenes\/2022\/09\/63247f1ded16d_900.jpg","type":"","width":"","height":""}],"author":"Arnaldo Botto","twitter_card":"summary_large_image","schema":{"@context":"https:\/\/schema.org","@graph":[{"@type":"WebPage","@id":"https:\/\/www.noticiasradioreflejos.com.ar\/2021\/sigue-el-combate-a-los-incendios-forestales-en-siete-provincias\/","url":"https:\/\/www.noticiasradioreflejos.com.ar\/2021\/sigue-el-combate-a-los-incendios-forestales-en-siete-provincias\/","name":"Sigue el combate a los incendios forestales en siete provincias - Noticias Radio Reflejos","isPartOf":{"@id":"https:\/\/www.noticiasradioreflejos.com.ar\/2021\/#website"},"primaryImageOfPage":{"@id":"https:\/\/www.noticiasradioreflejos.com.ar\/2021\/sigue-el-combate-a-los-incendios-forestales-en-siete-provincias\/#primaryimage"},"image":{"@id":"https:\/\/www.noticiasradioreflejos.com.ar\/2021\/sigue-el-combate-a-los-incendios-forestales-en-siete-provincias\/#primaryimage"},"thumbnailUrl":"https:\/\/www.telam.com.ar\/thumbs\/bluesteel\/advf\/imagenes\/2022\/09\/63247f1ded16d_900.jpg","datePublished":"2022-10-14T18:08:52+00:00","author":{"@id":"https:\/\/www.noticiasradioreflejos.com.ar\/2021\/#\/schema\/person\/ad82545263dcc5ec0996818884fd5fb1"},"breadcrumb":{"@id":"https:\/\/www.noticiasradioreflejos.com.ar\/2021\/sigue-el-combate-a-los-incendios-forestales-en-siete-provincias\/#breadcrumb"},"inLanguage":"es","potentialAction":[{"@type":"ReadAction","target":["https:\/\/www.noticiasradioreflejos.com.ar\/2021\/sigue-el-combate-a-los-incendios-forestales-en-siete-provincias\/"]}]},{"@type":"ImageObject","inLanguage":"es","@id":"https:\/\/www.noticiasradioreflejos.com.ar\/2021\/sigue-el-combate-a-los-incendios-forestales-en-siete-provincias\/#primaryimage","url":"https:\/\/www.telam.com.ar\/thumbs\/bluesteel\/advf\/imagenes\/2022\/09\/63247f1ded16d_900.jpg","contentUrl":"https:\/\/www.telam.com.ar\/thumbs\/bluesteel\/advf\/imagenes\/2022\/09\/63247f1ded16d_900.jpg"},{"@type":"BreadcrumbList","@id":"https:\/\/www.noticiasradioreflejos.com.ar\/2021\/sigue-el-combate-a-los-incendios-forestales-en-siete-provincias\/#breadcrumb","itemListElement":[{"@type":"ListItem","position":1,"name":"Portada","item":"https:\/\/www.noticiasradioreflejos.com.ar\/2021\/"},{"@type":"ListItem","position":2,"name":"Sigue el combate a los incendios forestales en siete provincias"}]},{"@type":"WebSite","@id":"https:\/\/www.noticiasradioreflejos.com.ar\/2021\/#website","url":"https:\/\/www.noticiasradioreflejos.com.ar\/2021\/","name":"Noticias Radio Reflejos","description":"Las noticias de mi comarca","potentialAction":[{"@type":"SearchAction","target":{"@type":"EntryPoint","urlTemplate":"https:\/\/www.noticiasradioreflejos.com.ar\/2021\/?s={search_term_string}"},"query-input":{"@type":"PropertyValueSpecification","valueRequired":true,"valueName":"search_term_string"}}],"inLanguage":"es"},{"@type":"Person","@id":"https:\/\/www.noticiasradioreflejos.com.ar\/2021\/#\/schema\/person\/ad82545263dcc5ec0996818884fd5fb1","name":"Arnaldo Botto","image":{"@type":"ImageObject","inLanguage":"es","@id":"https:\/\/www.noticiasradioreflejos.com.ar\/2021\/#\/schema\/person\/image\/","url":"https:\/\/secure.gravatar.com\/avatar\/55cb5e37c1efa326397366e6974cb338056df65cb50e7d64d1cf314e87504837?s=96&d=mm&r=g","contentUrl":"https:\/\/secure.gravatar.com\/avatar\/55cb5e37c1efa326397366e6974cb338056df65cb50e7d64d1cf314e87504837?s=96&d=mm&r=g","caption":"Arnaldo Botto"},"url":"https:\/\/www.noticiasradioreflejos.com.ar\/2021\/author\/arnaldo\/"}]}},"_links":{"self":[{"href":"https:\/\/www.noticiasradioreflejos.com.ar\/2021\/wp-json\/wp\/v2\/posts\/78953","targetHints":{"allow":["GET"]}}],"collection":[{"href":"https:\/\/www.noticiasradioreflejos.com.ar\/2021\/wp-json\/wp\/v2\/posts"}],"about":[{"href":"https:\/\/www.noticiasradioreflejos.com.ar\/2021\/wp-json\/wp\/v2\/types\/post"}],"author":[{"embeddable":true,"href":"https:\/\/www.noticiasradioreflejos.com.ar\/2021\/wp-json\/wp\/v2\/users\/3"}],"replies":[{"embeddable":true,"href":"https:\/\/www.noticiasradioreflejos.com.ar\/2021\/wp-json\/wp\/v2\/comments?post=78953"}],"version-history":[{"count":1,"href":"https:\/\/www.noticiasradioreflejos.com.ar\/2021\/wp-json\/wp\/v2\/posts\/78953\/revisions"}],"predecessor-version":[{"id":78955,"href":"https:\/\/www.noticiasradioreflejos.com.ar\/2021\/wp-json\/wp\/v2\/posts\/78953\/revisions\/78955"}],"wp:attachment":[{"href":"https:\/\/www.noticiasradioreflejos.com.ar\/2021\/wp-json\/wp\/v2\/media?parent=78953"}],"wp:term":[{"taxonomy":"category","embeddable":true,"href":"https:\/\/www.noticiasradioreflejos.com.ar\/2021\/wp-json\/wp\/v2\/categories?post=78953"},{"taxonomy":"post_tag","embeddable":true,"href":"https:\/\/www.noticiasradioreflejos.com.ar\/2021\/wp-json\/wp\/v2\/tags?post=78953"}],"curies":[{"name":"wp","href":"https:\/\/api.w.org\/{rel}","templated":true}]}}