{"id":78949,"date":"2022-10-14T18:08:33","date_gmt":"2022-10-14T18:08:33","guid":{"rendered":"http:\/\/www.noticiasradioreflejos.com.ar\/2021\/?p=78949"},"modified":"2022-10-14T18:08:33","modified_gmt":"2022-10-14T18:08:33","slug":"excelente-participacion-de-la-escuela-municipal-de-atletismo-tornquist-en-la-copa-nacional-de-clubes-u18","status":"publish","type":"post","link":"https:\/\/www.noticiasradioreflejos.com.ar\/2021\/excelente-participacion-de-la-escuela-municipal-de-atletismo-tornquist-en-la-copa-nacional-de-clubes-u18\/","title":{"rendered":"Excelente participaci\u00f3n de la Escuela Municipal de Atletismo Tornquist en la Copa Nacional de Clubes U18"},"content":{"rendered":"<p>El s\u00e1bado 8 y domingo 9 de mayo en la ciudad de Neuqu\u00e9n, se desarroll\u00f3 la Copa Nacional de Clubes U18 de atletismo, con la participaci\u00f3n de la Escuela Municipal de Atletismo de Tornquist. <!--more--><\/p>\n<p><a data-flickr-embed=\"true\" href=\"https:\/\/www.flickr.com\/photos\/182279889@N02\/52427926490\/in\/dateposted-public\/\" title=\"copa2\"><img loading=\"lazy\" decoding=\"async\" src=\"https:\/\/live.staticflickr.com\/65535\/52427926490_4b5d96dd01_c.jpg\" width=\"450\" height=\"800\" alt=\"copa2\"><\/a><script async src=\"\/\/embedr.flickr.com\/assets\/client-code.js\" charset=\"utf-8\"><\/script><\/p>\n<p>El certamen, que reuni\u00f3 a los mejores exponentes de las disciplinas, conto con la organizaci\u00f3n conjunta de la Federaci\u00f3n Atletica Neuquina y su par rionegrina; y con la participaci\u00f3n de m\u00e1s de 400 atletas de todo el pa\u00eds. <\/p>\n<p><a data-flickr-embed=\"true\" href=\"https:\/\/www.flickr.com\/photos\/182279889@N02\/52427756049\/in\/dateposted-public\/\" title=\"copa3\"><img loading=\"lazy\" decoding=\"async\" src=\"https:\/\/live.staticflickr.com\/65535\/52427756049_00dbcfe195_c.jpg\" width=\"600\" height=\"800\" alt=\"copa3\"><\/a><script async src=\"\/\/embedr.flickr.com\/assets\/client-code.js\" charset=\"utf-8\"><\/script><\/p>\n<p>Entre los importantes resultados obtenidos por la EMAT, se destac\u00f3 sin dudas el 1\u00b0 puesto de Tomas Trevellini que se consagr\u00f3 Campe\u00f3n Nacional en Salto con garrocha.<\/p>\n<p><a data-flickr-embed=\"true\" href=\"https:\/\/www.flickr.com\/photos\/182279889@N02\/52427756009\/in\/dateposted-public\/\" title=\"copa4\"><img loading=\"lazy\" decoding=\"async\" src=\"https:\/\/live.staticflickr.com\/65535\/52427756009_1781fba57d_c.jpg\" width=\"450\" height=\"800\" alt=\"copa4\"><\/a><script async src=\"\/\/embedr.flickr.com\/assets\/client-code.js\" charset=\"utf-8\"><\/script><\/p>\n<p>Durante los dos d\u00edas que dur\u00f3 la competencia, los representantes de la EMAT, participaron en salto, velocidad con vallas y lanzamiento, logrando destacadas marcas personales y puestos.<\/p>\n<p>-Agostina Cozzi mejor\u00f3 su marca en 100 mts;<br \/>\n-Gianella Aranda hizo su debut en un torneo;<br \/>\n-Brenda Videla mejor\u00f3 marca en martillo, bala, y tuvo su primera marca con jabalina de 500 grs;<br \/>\n-Francisco Marrero mejor\u00f3 su marca en disco;<br \/>\n-Ariel Bonifacini mejor\u00f3 su marca en 100 mts, largo y bala;<br \/>\n-Carlos Peralta mejor\u00f3 su marca en 100 y 200 mts;<br \/>\n-Javier Gil mejor\u00f3 su marca en martillo;<br \/>\n-Lucas Scabuso mejor\u00f3 su marca en 100 mts;<br \/>\n-Mauricio Esmoli mejor\u00f3 su marca de jabalina;<br \/>\n-William Morales qued\u00f3 cuarto en bala y mejor\u00f3 su marca en disco;<br \/>\n-Tomas Trivellini sali\u00f3 campe\u00f3n nacional en salto con garrocha y 5to en salto en alto, marcando unas de sus mejores marcas;<br \/>\n-Nicol\u00e1s Sethman mejor\u00f3 sus marcas de disco, jabalina y martillo<br \/>\nCon estos resultados, la EMAT, de la Subsecretar\u00eda de Deportes de Tornquist Municipio, logr\u00f3 una destacada participaci\u00f3n en la Copa Nacional.<br \/>\nLa Escuela Municipal de Atletismo agradece el esfuerzo y acompa\u00f1amiento de las familias y de la Subsecretaria de Deportes; que sin su colaboraci\u00f3n estas competencias no ser\u00edan posibles. <\/p>\n","protected":false},"excerpt":{"rendered":"<p>El s\u00e1bado 8 y domingo 9 de mayo en la ciudad de Neuqu\u00e9n, se desarroll\u00f3 la Copa Nacional de Clubes U18 de atletismo, con la participaci\u00f3n de la Escuela Municipal de Atletismo de Tornquist.<\/p>\n","protected":false},"author":3,"featured_media":0,"comment_status":"closed","ping_status":"closed","sticky":false,"template":"","format":"standard","meta":{"footnotes":""},"categories":[27],"tags":[],"class_list":["post-78949","post","type-post","status-publish","format-standard","hentry","category-deportes"],"yoast_head":"<!-- This site is optimized with the Yoast SEO plugin v25.9 - https:\/\/yoast.com\/wordpress\/plugins\/seo\/ -->\n<title>Excelente participaci\u00f3n de la Escuela Municipal de Atletismo Tornquist en la Copa Nacional de Clubes U18 - Noticias Radio Reflejos<\/title>\n<meta name=\"robots\" content=\"index, follow, max-snippet:-1, max-image-preview:large, max-video-preview:-1\" \/>\n<link rel=\"canonical\" href=\"https:\/\/www.noticiasradioreflejos.com.ar\/2021\/excelente-participacion-de-la-escuela-municipal-de-atletismo-tornquist-en-la-copa-nacional-de-clubes-u18\/\" \/>\n<meta property=\"og:locale\" content=\"es_ES\" \/>\n<meta property=\"og:type\" content=\"article\" \/>\n<meta property=\"og:title\" content=\"Excelente participaci\u00f3n de la Escuela Municipal de Atletismo Tornquist en la Copa Nacional de Clubes U18 - Noticias Radio Reflejos\" \/>\n<meta property=\"og:description\" content=\"El s\u00e1bado 8 y domingo 9 de mayo en la ciudad de Neuqu\u00e9n, se desarroll\u00f3 la Copa Nacional de Clubes U18 de atletismo, con la participaci\u00f3n de la Escuela Municipal de Atletismo de Tornquist.\" \/>\n<meta property=\"og:url\" content=\"https:\/\/www.noticiasradioreflejos.com.ar\/2021\/excelente-participacion-de-la-escuela-municipal-de-atletismo-tornquist-en-la-copa-nacional-de-clubes-u18\/\" \/>\n<meta property=\"og:site_name\" content=\"Noticias Radio Reflejos\" \/>\n<meta property=\"article:published_time\" content=\"2022-10-14T18:08:33+00:00\" \/>\n<meta property=\"og:image\" content=\"https:\/\/live.staticflickr.com\/65535\/52427926490_4b5d96dd01_c.jpg\" \/>\n<meta name=\"author\" content=\"Arnaldo Botto\" \/>\n<meta name=\"twitter:card\" content=\"summary_large_image\" \/>\n<script type=\"application\/ld+json\" class=\"yoast-schema-graph\">{\"@context\":\"https:\/\/schema.org\",\"@graph\":[{\"@type\":\"WebPage\",\"@id\":\"https:\/\/www.noticiasradioreflejos.com.ar\/2021\/excelente-participacion-de-la-escuela-municipal-de-atletismo-tornquist-en-la-copa-nacional-de-clubes-u18\/\",\"url\":\"https:\/\/www.noticiasradioreflejos.com.ar\/2021\/excelente-participacion-de-la-escuela-municipal-de-atletismo-tornquist-en-la-copa-nacional-de-clubes-u18\/\",\"name\":\"Excelente participaci\u00f3n de la Escuela Municipal de Atletismo Tornquist en la Copa Nacional de Clubes U18 - Noticias Radio Reflejos\",\"isPartOf\":{\"@id\":\"https:\/\/www.noticiasradioreflejos.com.ar\/2021\/#website\"},\"primaryImageOfPage\":{\"@id\":\"https:\/\/www.noticiasradioreflejos.com.ar\/2021\/excelente-participacion-de-la-escuela-municipal-de-atletismo-tornquist-en-la-copa-nacional-de-clubes-u18\/#primaryimage\"},\"image\":{\"@id\":\"https:\/\/www.noticiasradioreflejos.com.ar\/2021\/excelente-participacion-de-la-escuela-municipal-de-atletismo-tornquist-en-la-copa-nacional-de-clubes-u18\/#primaryimage\"},\"thumbnailUrl\":\"https:\/\/live.staticflickr.com\/65535\/52427926490_4b5d96dd01_c.jpg\",\"datePublished\":\"2022-10-14T18:08:33+00:00\",\"author\":{\"@id\":\"https:\/\/www.noticiasradioreflejos.com.ar\/2021\/#\/schema\/person\/ad82545263dcc5ec0996818884fd5fb1\"},\"breadcrumb\":{\"@id\":\"https:\/\/www.noticiasradioreflejos.com.ar\/2021\/excelente-participacion-de-la-escuela-municipal-de-atletismo-tornquist-en-la-copa-nacional-de-clubes-u18\/#breadcrumb\"},\"inLanguage\":\"es\",\"potentialAction\":[{\"@type\":\"ReadAction\",\"target\":[\"https:\/\/www.noticiasradioreflejos.com.ar\/2021\/excelente-participacion-de-la-escuela-municipal-de-atletismo-tornquist-en-la-copa-nacional-de-clubes-u18\/\"]}]},{\"@type\":\"ImageObject\",\"inLanguage\":\"es\",\"@id\":\"https:\/\/www.noticiasradioreflejos.com.ar\/2021\/excelente-participacion-de-la-escuela-municipal-de-atletismo-tornquist-en-la-copa-nacional-de-clubes-u18\/#primaryimage\",\"url\":\"https:\/\/live.staticflickr.com\/65535\/52427926490_4b5d96dd01_c.jpg\",\"contentUrl\":\"https:\/\/live.staticflickr.com\/65535\/52427926490_4b5d96dd01_c.jpg\"},{\"@type\":\"BreadcrumbList\",\"@id\":\"https:\/\/www.noticiasradioreflejos.com.ar\/2021\/excelente-participacion-de-la-escuela-municipal-de-atletismo-tornquist-en-la-copa-nacional-de-clubes-u18\/#breadcrumb\",\"itemListElement\":[{\"@type\":\"ListItem\",\"position\":1,\"name\":\"Portada\",\"item\":\"https:\/\/www.noticiasradioreflejos.com.ar\/2021\/\"},{\"@type\":\"ListItem\",\"position\":2,\"name\":\"Excelente participaci\u00f3n de la Escuela Municipal de Atletismo Tornquist en la Copa Nacional de Clubes U18\"}]},{\"@type\":\"WebSite\",\"@id\":\"https:\/\/www.noticiasradioreflejos.com.ar\/2021\/#website\",\"url\":\"https:\/\/www.noticiasradioreflejos.com.ar\/2021\/\",\"name\":\"Noticias Radio Reflejos\",\"description\":\"Las noticias de mi comarca\",\"potentialAction\":[{\"@type\":\"SearchAction\",\"target\":{\"@type\":\"EntryPoint\",\"urlTemplate\":\"https:\/\/www.noticiasradioreflejos.com.ar\/2021\/?s={search_term_string}\"},\"query-input\":{\"@type\":\"PropertyValueSpecification\",\"valueRequired\":true,\"valueName\":\"search_term_string\"}}],\"inLanguage\":\"es\"},{\"@type\":\"Person\",\"@id\":\"https:\/\/www.noticiasradioreflejos.com.ar\/2021\/#\/schema\/person\/ad82545263dcc5ec0996818884fd5fb1\",\"name\":\"Arnaldo Botto\",\"image\":{\"@type\":\"ImageObject\",\"inLanguage\":\"es\",\"@id\":\"https:\/\/www.noticiasradioreflejos.com.ar\/2021\/#\/schema\/person\/image\/\",\"url\":\"https:\/\/secure.gravatar.com\/avatar\/55cb5e37c1efa326397366e6974cb338056df65cb50e7d64d1cf314e87504837?s=96&d=mm&r=g\",\"contentUrl\":\"https:\/\/secure.gravatar.com\/avatar\/55cb5e37c1efa326397366e6974cb338056df65cb50e7d64d1cf314e87504837?s=96&d=mm&r=g\",\"caption\":\"Arnaldo Botto\"},\"url\":\"https:\/\/www.noticiasradioreflejos.com.ar\/2021\/author\/arnaldo\/\"}]}<\/script>\n<!-- \/ Yoast SEO plugin. -->","yoast_head_json":{"title":"Excelente participaci\u00f3n de la Escuela Municipal de Atletismo Tornquist en la Copa Nacional de Clubes U18 - Noticias Radio Reflejos","robots":{"index":"index","follow":"follow","max-snippet":"max-snippet:-1","max-image-preview":"max-image-preview:large","max-video-preview":"max-video-preview:-1"},"canonical":"https:\/\/www.noticiasradioreflejos.com.ar\/2021\/excelente-participacion-de-la-escuela-municipal-de-atletismo-tornquist-en-la-copa-nacional-de-clubes-u18\/","og_locale":"es_ES","og_type":"article","og_title":"Excelente participaci\u00f3n de la Escuela Municipal de Atletismo Tornquist en la Copa Nacional de Clubes U18 - Noticias Radio Reflejos","og_description":"El s\u00e1bado 8 y domingo 9 de mayo en la ciudad de Neuqu\u00e9n, se desarroll\u00f3 la Copa Nacional de Clubes U18 de atletismo, con la participaci\u00f3n de la Escuela Municipal de Atletismo de Tornquist.","og_url":"https:\/\/www.noticiasradioreflejos.com.ar\/2021\/excelente-participacion-de-la-escuela-municipal-de-atletismo-tornquist-en-la-copa-nacional-de-clubes-u18\/","og_site_name":"Noticias Radio Reflejos","article_published_time":"2022-10-14T18:08:33+00:00","og_image":[{"url":"https:\/\/live.staticflickr.com\/65535\/52427926490_4b5d96dd01_c.jpg","type":"","width":"","height":""}],"author":"Arnaldo Botto","twitter_card":"summary_large_image","schema":{"@context":"https:\/\/schema.org","@graph":[{"@type":"WebPage","@id":"https:\/\/www.noticiasradioreflejos.com.ar\/2021\/excelente-participacion-de-la-escuela-municipal-de-atletismo-tornquist-en-la-copa-nacional-de-clubes-u18\/","url":"https:\/\/www.noticiasradioreflejos.com.ar\/2021\/excelente-participacion-de-la-escuela-municipal-de-atletismo-tornquist-en-la-copa-nacional-de-clubes-u18\/","name":"Excelente participaci\u00f3n de la Escuela Municipal de Atletismo Tornquist en la Copa Nacional de Clubes U18 - Noticias Radio Reflejos","isPartOf":{"@id":"https:\/\/www.noticiasradioreflejos.com.ar\/2021\/#website"},"primaryImageOfPage":{"@id":"https:\/\/www.noticiasradioreflejos.com.ar\/2021\/excelente-participacion-de-la-escuela-municipal-de-atletismo-tornquist-en-la-copa-nacional-de-clubes-u18\/#primaryimage"},"image":{"@id":"https:\/\/www.noticiasradioreflejos.com.ar\/2021\/excelente-participacion-de-la-escuela-municipal-de-atletismo-tornquist-en-la-copa-nacional-de-clubes-u18\/#primaryimage"},"thumbnailUrl":"https:\/\/live.staticflickr.com\/65535\/52427926490_4b5d96dd01_c.jpg","datePublished":"2022-10-14T18:08:33+00:00","author":{"@id":"https:\/\/www.noticiasradioreflejos.com.ar\/2021\/#\/schema\/person\/ad82545263dcc5ec0996818884fd5fb1"},"breadcrumb":{"@id":"https:\/\/www.noticiasradioreflejos.com.ar\/2021\/excelente-participacion-de-la-escuela-municipal-de-atletismo-tornquist-en-la-copa-nacional-de-clubes-u18\/#breadcrumb"},"inLanguage":"es","potentialAction":[{"@type":"ReadAction","target":["https:\/\/www.noticiasradioreflejos.com.ar\/2021\/excelente-participacion-de-la-escuela-municipal-de-atletismo-tornquist-en-la-copa-nacional-de-clubes-u18\/"]}]},{"@type":"ImageObject","inLanguage":"es","@id":"https:\/\/www.noticiasradioreflejos.com.ar\/2021\/excelente-participacion-de-la-escuela-municipal-de-atletismo-tornquist-en-la-copa-nacional-de-clubes-u18\/#primaryimage","url":"https:\/\/live.staticflickr.com\/65535\/52427926490_4b5d96dd01_c.jpg","contentUrl":"https:\/\/live.staticflickr.com\/65535\/52427926490_4b5d96dd01_c.jpg"},{"@type":"BreadcrumbList","@id":"https:\/\/www.noticiasradioreflejos.com.ar\/2021\/excelente-participacion-de-la-escuela-municipal-de-atletismo-tornquist-en-la-copa-nacional-de-clubes-u18\/#breadcrumb","itemListElement":[{"@type":"ListItem","position":1,"name":"Portada","item":"https:\/\/www.noticiasradioreflejos.com.ar\/2021\/"},{"@type":"ListItem","position":2,"name":"Excelente participaci\u00f3n de la Escuela Municipal de Atletismo Tornquist en la Copa Nacional de Clubes U18"}]},{"@type":"WebSite","@id":"https:\/\/www.noticiasradioreflejos.com.ar\/2021\/#website","url":"https:\/\/www.noticiasradioreflejos.com.ar\/2021\/","name":"Noticias Radio Reflejos","description":"Las noticias de mi comarca","potentialAction":[{"@type":"SearchAction","target":{"@type":"EntryPoint","urlTemplate":"https:\/\/www.noticiasradioreflejos.com.ar\/2021\/?s={search_term_string}"},"query-input":{"@type":"PropertyValueSpecification","valueRequired":true,"valueName":"search_term_string"}}],"inLanguage":"es"},{"@type":"Person","@id":"https:\/\/www.noticiasradioreflejos.com.ar\/2021\/#\/schema\/person\/ad82545263dcc5ec0996818884fd5fb1","name":"Arnaldo Botto","image":{"@type":"ImageObject","inLanguage":"es","@id":"https:\/\/www.noticiasradioreflejos.com.ar\/2021\/#\/schema\/person\/image\/","url":"https:\/\/secure.gravatar.com\/avatar\/55cb5e37c1efa326397366e6974cb338056df65cb50e7d64d1cf314e87504837?s=96&d=mm&r=g","contentUrl":"https:\/\/secure.gravatar.com\/avatar\/55cb5e37c1efa326397366e6974cb338056df65cb50e7d64d1cf314e87504837?s=96&d=mm&r=g","caption":"Arnaldo Botto"},"url":"https:\/\/www.noticiasradioreflejos.com.ar\/2021\/author\/arnaldo\/"}]}},"_links":{"self":[{"href":"https:\/\/www.noticiasradioreflejos.com.ar\/2021\/wp-json\/wp\/v2\/posts\/78949","targetHints":{"allow":["GET"]}}],"collection":[{"href":"https:\/\/www.noticiasradioreflejos.com.ar\/2021\/wp-json\/wp\/v2\/posts"}],"about":[{"href":"https:\/\/www.noticiasradioreflejos.com.ar\/2021\/wp-json\/wp\/v2\/types\/post"}],"author":[{"embeddable":true,"href":"https:\/\/www.noticiasradioreflejos.com.ar\/2021\/wp-json\/wp\/v2\/users\/3"}],"replies":[{"embeddable":true,"href":"https:\/\/www.noticiasradioreflejos.com.ar\/2021\/wp-json\/wp\/v2\/comments?post=78949"}],"version-history":[{"count":1,"href":"https:\/\/www.noticiasradioreflejos.com.ar\/2021\/wp-json\/wp\/v2\/posts\/78949\/revisions"}],"predecessor-version":[{"id":78954,"href":"https:\/\/www.noticiasradioreflejos.com.ar\/2021\/wp-json\/wp\/v2\/posts\/78949\/revisions\/78954"}],"wp:attachment":[{"href":"https:\/\/www.noticiasradioreflejos.com.ar\/2021\/wp-json\/wp\/v2\/media?parent=78949"}],"wp:term":[{"taxonomy":"category","embeddable":true,"href":"https:\/\/www.noticiasradioreflejos.com.ar\/2021\/wp-json\/wp\/v2\/categories?post=78949"},{"taxonomy":"post_tag","embeddable":true,"href":"https:\/\/www.noticiasradioreflejos.com.ar\/2021\/wp-json\/wp\/v2\/tags?post=78949"}],"curies":[{"name":"wp","href":"https:\/\/api.w.org\/{rel}","templated":true}]}}