{"id":78947,"date":"2022-10-14T18:05:07","date_gmt":"2022-10-14T18:05:07","guid":{"rendered":"http:\/\/www.noticiasradioreflejos.com.ar\/2021\/?p=78947"},"modified":"2022-10-14T18:05:07","modified_gmt":"2022-10-14T18:05:07","slug":"presentaron-el-primer-electrolizador-para-producir-hidrogeno-verde-desarrollado-en-el-pais","status":"publish","type":"post","link":"https:\/\/www.noticiasradioreflejos.com.ar\/2021\/presentaron-el-primer-electrolizador-para-producir-hidrogeno-verde-desarrollado-en-el-pais\/","title":{"rendered":"Presentaron el primer electrolizador para producir hidr\u00f3geno verde desarrollado en el pa\u00eds"},"content":{"rendered":"<p>Se trata de una tecnolog\u00eda clave para aprovechar las energ\u00edas solar y e\u00f3lica, y para el futuro de los autos el\u00e9ctricos realizado por investigadores de la Universidad Nacional de C\u00f3rdoba<!--more--><\/p>\n<figure class=\"mb-3\"><img decoding=\"async\" src=\"https:\/\/www.telam.com.ar\/thumbs\/bluesteel\/advf\/imagenes\/2022\/10\/634988f404b8a_900.jpg\" alt=\"Foto Irma Montiel\" width=\"100%\" height=\"100%\" \/><\/p>\n<div class=\"media-icons\"><\/div><figcaption>Foto: Irma Montiel<\/figcaption><\/figure>\n<p>Investigadores de la Universidad Nacional de C\u00f3rdoba (UNC) presentaron el primer electrolizador de mediana potencia fabricado \u00edntegramente en el pa\u00eds para producir hidr\u00f3geno verde, una tecnolog\u00eda clave para aprovechar las energ\u00edas solar y e\u00f3lica, y para el futuro de los autos el\u00e9ctricos.<\/p>\n<p><strong>\u00abLa importancia de este proyecto es que vamos a tener un electrolizador para producir hidr\u00f3geno en base a energ\u00edas alternativas como la e\u00f3lica o la solar\u00bb<\/strong>, explic\u00f3 a T\u00e9lam Daniel Barraco, investigador del Conicet y secretario de Ciencia y Tecnolog\u00eda de la UNC.<\/p>\n<p>El uso del hidr\u00f3geno en lugar de los combustibles f\u00f3siles se est\u00e1 impulsando a nivel mundial \u00abporque, ya sea que se utilice para producir energ\u00eda el\u00e9ctrica o como componente para otros motores a explosi\u00f3n, el resultado final es agua, o sea que no es contaminante\u00bb, a\u00f1adi\u00f3.<\/p>\n<p>La presentaci\u00f3n del prototipo se realiz\u00f3 en la Secretar\u00eda de Ciencia y Tecnolog\u00eda de la UNC, en Ciudad Universitaria, con la presencia de los investigadores que realizaron el desarrollo; el ministro de Ciencia de C\u00f3rdoba, Pablo de Chiara; y Barraco.<\/p>\n<p>Un electrolizador es un dispositivo electroqu\u00edmico que tiene electrodos sumergidos en agua y separados por una membrana porosa, los cuales aplican una corriente el\u00e9ctrica que provoca una reacci\u00f3n electroqu\u00edmica que separa al ox\u00edgeno del hidr\u00f3geno. Ese hidr\u00f3geno es un vector energ\u00e9tico que puede utilizarse en la industria y en veh\u00edculos, y cuando la energ\u00eda que utiliza el electrolizador proviene de fuentes sustentables como la solar y la e\u00f3lica se habla de hidr\u00f3geno verde.<\/p>\n<p>Se trata de un desarrollo realizado en conjunto por UNC, la Universidad Nacional de Catamarca y el Conicet, con el apoyo del Ministerio de Ciencia y Tecnolog\u00eda de C\u00f3rdoba, el Gobierno nacional y la empresa Fluorita C\u00f3rdoba.<\/p>\n<figure class=\"mb-3\"><img decoding=\"async\" src=\"https:\/\/www.telam.com.ar\/thumbs\/bluesteel\/advf\/imagenes\/2022\/10\/634988f3df8e8_900.jpg\" alt=\"Foto Irma Montiel\" width=\"100%\" height=\"100%\" \/><\/p>\n<div class=\"media-icons\"><\/div><figcaption>Foto: Irma Montiel<\/figcaption><\/figure>\n<p><strong>\u00abLo que desarrollamos fue un prototipo de electrolizador alcalino convencional para la producci\u00f3n de hidr\u00f3geno a partir de preferentemente energ\u00edas renovables, a lo que se llama hidr\u00f3geno verde. Es el primer electrolizador de mediana potencia que se realiza en Argentina; inicialmente iba a ser de 5 kilowatts pero pudimos extenderlo a 9\u00bb<\/strong>, explic\u00f3 Esteban Franceschini, investigador del Conicet y la UNC, y responsable del proyecto, que consta de tres etapas.<\/p>\n<p>\u00abEn la primera desarrollamos un prototipo monocelda de an\u00e1lisis de estanqueidad que tiene por objeto asegurar la ausencia de fugas; esta prueba se super\u00f3 satisfactoriamente\u00bb, dijo.<\/p>\n<p>El segundo punto, que se present\u00f3, \u00abes un prototipo para el acople de una celda electroqu\u00edmica de una potencia de 1.6 kilowatts a todos los perif\u00e9ricos donde se lleva adelante la separaci\u00f3n del hidr\u00f3geno y el ox\u00edgeno para su posterior uso, fuentes de corrientes, fuentes de potencia y los controladores\u00bb, detall\u00f3.<\/p>\n<blockquote class=\"\"><p>La ventaja de este tipo de energ\u00eda es que la combusti\u00f3n del hidr\u00f3geno no emite di\u00f3xido de carbono (CO2), el principal gas responsable del cambio clim\u00e1tico.<\/p><\/blockquote>\n<p>En ese marco, a\u00f1adi\u00f3 que, \u00abactualmente, se encuentra en desarrollo el lazo de control electr\u00f3nico digital para el control de la producci\u00f3n de hidr\u00f3geno de manera de poder realizarlo de manera segura; ese va a ser el prototipo tres que va a contactar con una celda de mayor potencia (9 kilowatts) y un lazo de control electr\u00f3nico digital que va a permitir no s\u00f3lo analizar el funcionamiento seguro del electrolizador sino tambi\u00e9n controlar v\u00eda web el funcionamiento del equipo para que sea conectado en el parque solar Cerro Negro\u00bb.<\/p>\n<p>El investigador describi\u00f3 que \u00abla idea es que durante el invierno, cuando la energ\u00eda de ese parque no se est\u00e1 utilizando, se genere el hidr\u00f3geno, se almacene y que, durante el verano, se utilice como reemplazo del gas que usa la empresa en su producci\u00f3n\u00bb.<\/p>\n<p>La ventaja de este tipo de energ\u00eda es que la combusti\u00f3n del hidr\u00f3geno no emite di\u00f3xido de carbono (CO2), el principal gas responsable del cambio clim\u00e1tico.<\/p>\n<p>A su vez, el hidr\u00f3geno se puede utilizar en los autos el\u00e9ctricos en reemplazo de bater\u00edas de litio, para lo que se necesita una tecnolog\u00eda llamada celda de combustible.<\/p>\n<p>Seg\u00fan inform\u00f3 la UNC en un comunicado al presentar el flamante electrolizador, los investigadores Ezequiel Leiva, Agust\u00edn Sigal y Ramiro Rodr\u00edguez estimaron que \u00abusando s\u00f3lo el 10 por ciento de tierras aptas para proyectos renovables ser\u00eda suficiente para reemplazar el total de la importaci\u00f3n de combustible de Argentina\u00bb.<\/p>\n<figure class=\"mb-3\"><img decoding=\"async\" src=\"https:\/\/www.telam.com.ar\/thumbs\/bluesteel\/advf\/imagenes\/2022\/10\/634988f41ea1a_900.jpg\" alt=\"Foto Irma Montiel\" width=\"100%\" height=\"100%\" \/><\/p>\n<div class=\"media-icons\"><\/div><figcaption>Foto: Irma Montiel<\/figcaption><\/figure>\n<p>Adem\u00e1s, indicaron que \u00abotra alternativa para iniciar la transici\u00f3n energ\u00e9tica consistir\u00eda en cortar con hidr\u00f3geno el GNC, al igual que ocurre ahora con las naftas y los biocombustibles, lo que no requiere ninguna modificaci\u00f3n en los motores\u00bb.<\/p>\n<p>En el mediano plazo se espera que el hidr\u00f3geno sea el combustible de los veh\u00edculos el\u00e9ctricos, y para fines del 2030 se estima que en el mundo ya circular\u00e1n 2,7 millones de veh\u00edculos el\u00e9ctricos a hidr\u00f3geno.<\/p>\n","protected":false},"excerpt":{"rendered":"<p>Se trata de una tecnolog\u00eda clave para aprovechar las energ\u00edas solar y e\u00f3lica, y para el futuro de los autos el\u00e9ctricos realizado por investigadores de la Universidad Nacional de C\u00f3rdoba<\/p>\n","protected":false},"author":3,"featured_media":0,"comment_status":"closed","ping_status":"closed","sticky":false,"template":"","format":"standard","meta":{"footnotes":""},"categories":[46],"tags":[],"class_list":["post-78947","post","type-post","status-publish","format-standard","hentry","category-ciencia-y-tecnologia"],"yoast_head":"<!-- This site is optimized with the Yoast SEO plugin v25.9 - https:\/\/yoast.com\/wordpress\/plugins\/seo\/ -->\n<title>Presentaron el primer electrolizador para producir hidr\u00f3geno verde desarrollado en el pa\u00eds - Noticias Radio Reflejos<\/title>\n<meta name=\"robots\" content=\"index, follow, max-snippet:-1, max-image-preview:large, max-video-preview:-1\" \/>\n<link rel=\"canonical\" href=\"https:\/\/www.noticiasradioreflejos.com.ar\/2021\/presentaron-el-primer-electrolizador-para-producir-hidrogeno-verde-desarrollado-en-el-pais\/\" \/>\n<meta property=\"og:locale\" content=\"es_ES\" \/>\n<meta property=\"og:type\" content=\"article\" \/>\n<meta property=\"og:title\" content=\"Presentaron el primer electrolizador para producir hidr\u00f3geno verde desarrollado en el pa\u00eds - Noticias Radio Reflejos\" \/>\n<meta property=\"og:description\" content=\"Se trata de una tecnolog\u00eda clave para aprovechar las energ\u00edas solar y e\u00f3lica, y para el futuro de los autos el\u00e9ctricos realizado por investigadores de la Universidad Nacional de C\u00f3rdoba\" \/>\n<meta property=\"og:url\" content=\"https:\/\/www.noticiasradioreflejos.com.ar\/2021\/presentaron-el-primer-electrolizador-para-producir-hidrogeno-verde-desarrollado-en-el-pais\/\" \/>\n<meta property=\"og:site_name\" content=\"Noticias Radio Reflejos\" \/>\n<meta property=\"article:published_time\" content=\"2022-10-14T18:05:07+00:00\" \/>\n<meta property=\"og:image\" content=\"https:\/\/www.telam.com.ar\/thumbs\/bluesteel\/advf\/imagenes\/2022\/10\/634988f404b8a_900.jpg\" \/>\n<meta name=\"author\" content=\"Arnaldo Botto\" \/>\n<meta name=\"twitter:card\" content=\"summary_large_image\" \/>\n<script type=\"application\/ld+json\" class=\"yoast-schema-graph\">{\"@context\":\"https:\/\/schema.org\",\"@graph\":[{\"@type\":\"WebPage\",\"@id\":\"https:\/\/www.noticiasradioreflejos.com.ar\/2021\/presentaron-el-primer-electrolizador-para-producir-hidrogeno-verde-desarrollado-en-el-pais\/\",\"url\":\"https:\/\/www.noticiasradioreflejos.com.ar\/2021\/presentaron-el-primer-electrolizador-para-producir-hidrogeno-verde-desarrollado-en-el-pais\/\",\"name\":\"Presentaron el primer electrolizador para producir hidr\u00f3geno verde desarrollado en el pa\u00eds - Noticias Radio Reflejos\",\"isPartOf\":{\"@id\":\"https:\/\/www.noticiasradioreflejos.com.ar\/2021\/#website\"},\"primaryImageOfPage\":{\"@id\":\"https:\/\/www.noticiasradioreflejos.com.ar\/2021\/presentaron-el-primer-electrolizador-para-producir-hidrogeno-verde-desarrollado-en-el-pais\/#primaryimage\"},\"image\":{\"@id\":\"https:\/\/www.noticiasradioreflejos.com.ar\/2021\/presentaron-el-primer-electrolizador-para-producir-hidrogeno-verde-desarrollado-en-el-pais\/#primaryimage\"},\"thumbnailUrl\":\"https:\/\/www.telam.com.ar\/thumbs\/bluesteel\/advf\/imagenes\/2022\/10\/634988f404b8a_900.jpg\",\"datePublished\":\"2022-10-14T18:05:07+00:00\",\"author\":{\"@id\":\"https:\/\/www.noticiasradioreflejos.com.ar\/2021\/#\/schema\/person\/ad82545263dcc5ec0996818884fd5fb1\"},\"breadcrumb\":{\"@id\":\"https:\/\/www.noticiasradioreflejos.com.ar\/2021\/presentaron-el-primer-electrolizador-para-producir-hidrogeno-verde-desarrollado-en-el-pais\/#breadcrumb\"},\"inLanguage\":\"es\",\"potentialAction\":[{\"@type\":\"ReadAction\",\"target\":[\"https:\/\/www.noticiasradioreflejos.com.ar\/2021\/presentaron-el-primer-electrolizador-para-producir-hidrogeno-verde-desarrollado-en-el-pais\/\"]}]},{\"@type\":\"ImageObject\",\"inLanguage\":\"es\",\"@id\":\"https:\/\/www.noticiasradioreflejos.com.ar\/2021\/presentaron-el-primer-electrolizador-para-producir-hidrogeno-verde-desarrollado-en-el-pais\/#primaryimage\",\"url\":\"https:\/\/www.telam.com.ar\/thumbs\/bluesteel\/advf\/imagenes\/2022\/10\/634988f404b8a_900.jpg\",\"contentUrl\":\"https:\/\/www.telam.com.ar\/thumbs\/bluesteel\/advf\/imagenes\/2022\/10\/634988f404b8a_900.jpg\"},{\"@type\":\"BreadcrumbList\",\"@id\":\"https:\/\/www.noticiasradioreflejos.com.ar\/2021\/presentaron-el-primer-electrolizador-para-producir-hidrogeno-verde-desarrollado-en-el-pais\/#breadcrumb\",\"itemListElement\":[{\"@type\":\"ListItem\",\"position\":1,\"name\":\"Portada\",\"item\":\"https:\/\/www.noticiasradioreflejos.com.ar\/2021\/\"},{\"@type\":\"ListItem\",\"position\":2,\"name\":\"Presentaron el primer electrolizador para producir hidr\u00f3geno verde desarrollado en el pa\u00eds\"}]},{\"@type\":\"WebSite\",\"@id\":\"https:\/\/www.noticiasradioreflejos.com.ar\/2021\/#website\",\"url\":\"https:\/\/www.noticiasradioreflejos.com.ar\/2021\/\",\"name\":\"Noticias Radio Reflejos\",\"description\":\"Las noticias de mi comarca\",\"potentialAction\":[{\"@type\":\"SearchAction\",\"target\":{\"@type\":\"EntryPoint\",\"urlTemplate\":\"https:\/\/www.noticiasradioreflejos.com.ar\/2021\/?s={search_term_string}\"},\"query-input\":{\"@type\":\"PropertyValueSpecification\",\"valueRequired\":true,\"valueName\":\"search_term_string\"}}],\"inLanguage\":\"es\"},{\"@type\":\"Person\",\"@id\":\"https:\/\/www.noticiasradioreflejos.com.ar\/2021\/#\/schema\/person\/ad82545263dcc5ec0996818884fd5fb1\",\"name\":\"Arnaldo Botto\",\"image\":{\"@type\":\"ImageObject\",\"inLanguage\":\"es\",\"@id\":\"https:\/\/www.noticiasradioreflejos.com.ar\/2021\/#\/schema\/person\/image\/\",\"url\":\"https:\/\/secure.gravatar.com\/avatar\/55cb5e37c1efa326397366e6974cb338056df65cb50e7d64d1cf314e87504837?s=96&d=mm&r=g\",\"contentUrl\":\"https:\/\/secure.gravatar.com\/avatar\/55cb5e37c1efa326397366e6974cb338056df65cb50e7d64d1cf314e87504837?s=96&d=mm&r=g\",\"caption\":\"Arnaldo Botto\"},\"url\":\"https:\/\/www.noticiasradioreflejos.com.ar\/2021\/author\/arnaldo\/\"}]}<\/script>\n<!-- \/ Yoast SEO plugin. -->","yoast_head_json":{"title":"Presentaron el primer electrolizador para producir hidr\u00f3geno verde desarrollado en el pa\u00eds - Noticias Radio Reflejos","robots":{"index":"index","follow":"follow","max-snippet":"max-snippet:-1","max-image-preview":"max-image-preview:large","max-video-preview":"max-video-preview:-1"},"canonical":"https:\/\/www.noticiasradioreflejos.com.ar\/2021\/presentaron-el-primer-electrolizador-para-producir-hidrogeno-verde-desarrollado-en-el-pais\/","og_locale":"es_ES","og_type":"article","og_title":"Presentaron el primer electrolizador para producir hidr\u00f3geno verde desarrollado en el pa\u00eds - Noticias Radio Reflejos","og_description":"Se trata de una tecnolog\u00eda clave para aprovechar las energ\u00edas solar y e\u00f3lica, y para el futuro de los autos el\u00e9ctricos realizado por investigadores de la Universidad Nacional de C\u00f3rdoba","og_url":"https:\/\/www.noticiasradioreflejos.com.ar\/2021\/presentaron-el-primer-electrolizador-para-producir-hidrogeno-verde-desarrollado-en-el-pais\/","og_site_name":"Noticias Radio Reflejos","article_published_time":"2022-10-14T18:05:07+00:00","og_image":[{"url":"https:\/\/www.telam.com.ar\/thumbs\/bluesteel\/advf\/imagenes\/2022\/10\/634988f404b8a_900.jpg","type":"","width":"","height":""}],"author":"Arnaldo Botto","twitter_card":"summary_large_image","schema":{"@context":"https:\/\/schema.org","@graph":[{"@type":"WebPage","@id":"https:\/\/www.noticiasradioreflejos.com.ar\/2021\/presentaron-el-primer-electrolizador-para-producir-hidrogeno-verde-desarrollado-en-el-pais\/","url":"https:\/\/www.noticiasradioreflejos.com.ar\/2021\/presentaron-el-primer-electrolizador-para-producir-hidrogeno-verde-desarrollado-en-el-pais\/","name":"Presentaron el primer electrolizador para producir hidr\u00f3geno verde desarrollado en el pa\u00eds - Noticias Radio Reflejos","isPartOf":{"@id":"https:\/\/www.noticiasradioreflejos.com.ar\/2021\/#website"},"primaryImageOfPage":{"@id":"https:\/\/www.noticiasradioreflejos.com.ar\/2021\/presentaron-el-primer-electrolizador-para-producir-hidrogeno-verde-desarrollado-en-el-pais\/#primaryimage"},"image":{"@id":"https:\/\/www.noticiasradioreflejos.com.ar\/2021\/presentaron-el-primer-electrolizador-para-producir-hidrogeno-verde-desarrollado-en-el-pais\/#primaryimage"},"thumbnailUrl":"https:\/\/www.telam.com.ar\/thumbs\/bluesteel\/advf\/imagenes\/2022\/10\/634988f404b8a_900.jpg","datePublished":"2022-10-14T18:05:07+00:00","author":{"@id":"https:\/\/www.noticiasradioreflejos.com.ar\/2021\/#\/schema\/person\/ad82545263dcc5ec0996818884fd5fb1"},"breadcrumb":{"@id":"https:\/\/www.noticiasradioreflejos.com.ar\/2021\/presentaron-el-primer-electrolizador-para-producir-hidrogeno-verde-desarrollado-en-el-pais\/#breadcrumb"},"inLanguage":"es","potentialAction":[{"@type":"ReadAction","target":["https:\/\/www.noticiasradioreflejos.com.ar\/2021\/presentaron-el-primer-electrolizador-para-producir-hidrogeno-verde-desarrollado-en-el-pais\/"]}]},{"@type":"ImageObject","inLanguage":"es","@id":"https:\/\/www.noticiasradioreflejos.com.ar\/2021\/presentaron-el-primer-electrolizador-para-producir-hidrogeno-verde-desarrollado-en-el-pais\/#primaryimage","url":"https:\/\/www.telam.com.ar\/thumbs\/bluesteel\/advf\/imagenes\/2022\/10\/634988f404b8a_900.jpg","contentUrl":"https:\/\/www.telam.com.ar\/thumbs\/bluesteel\/advf\/imagenes\/2022\/10\/634988f404b8a_900.jpg"},{"@type":"BreadcrumbList","@id":"https:\/\/www.noticiasradioreflejos.com.ar\/2021\/presentaron-el-primer-electrolizador-para-producir-hidrogeno-verde-desarrollado-en-el-pais\/#breadcrumb","itemListElement":[{"@type":"ListItem","position":1,"name":"Portada","item":"https:\/\/www.noticiasradioreflejos.com.ar\/2021\/"},{"@type":"ListItem","position":2,"name":"Presentaron el primer electrolizador para producir hidr\u00f3geno verde desarrollado en el pa\u00eds"}]},{"@type":"WebSite","@id":"https:\/\/www.noticiasradioreflejos.com.ar\/2021\/#website","url":"https:\/\/www.noticiasradioreflejos.com.ar\/2021\/","name":"Noticias Radio Reflejos","description":"Las noticias de mi comarca","potentialAction":[{"@type":"SearchAction","target":{"@type":"EntryPoint","urlTemplate":"https:\/\/www.noticiasradioreflejos.com.ar\/2021\/?s={search_term_string}"},"query-input":{"@type":"PropertyValueSpecification","valueRequired":true,"valueName":"search_term_string"}}],"inLanguage":"es"},{"@type":"Person","@id":"https:\/\/www.noticiasradioreflejos.com.ar\/2021\/#\/schema\/person\/ad82545263dcc5ec0996818884fd5fb1","name":"Arnaldo Botto","image":{"@type":"ImageObject","inLanguage":"es","@id":"https:\/\/www.noticiasradioreflejos.com.ar\/2021\/#\/schema\/person\/image\/","url":"https:\/\/secure.gravatar.com\/avatar\/55cb5e37c1efa326397366e6974cb338056df65cb50e7d64d1cf314e87504837?s=96&d=mm&r=g","contentUrl":"https:\/\/secure.gravatar.com\/avatar\/55cb5e37c1efa326397366e6974cb338056df65cb50e7d64d1cf314e87504837?s=96&d=mm&r=g","caption":"Arnaldo Botto"},"url":"https:\/\/www.noticiasradioreflejos.com.ar\/2021\/author\/arnaldo\/"}]}},"_links":{"self":[{"href":"https:\/\/www.noticiasradioreflejos.com.ar\/2021\/wp-json\/wp\/v2\/posts\/78947","targetHints":{"allow":["GET"]}}],"collection":[{"href":"https:\/\/www.noticiasradioreflejos.com.ar\/2021\/wp-json\/wp\/v2\/posts"}],"about":[{"href":"https:\/\/www.noticiasradioreflejos.com.ar\/2021\/wp-json\/wp\/v2\/types\/post"}],"author":[{"embeddable":true,"href":"https:\/\/www.noticiasradioreflejos.com.ar\/2021\/wp-json\/wp\/v2\/users\/3"}],"replies":[{"embeddable":true,"href":"https:\/\/www.noticiasradioreflejos.com.ar\/2021\/wp-json\/wp\/v2\/comments?post=78947"}],"version-history":[{"count":1,"href":"https:\/\/www.noticiasradioreflejos.com.ar\/2021\/wp-json\/wp\/v2\/posts\/78947\/revisions"}],"predecessor-version":[{"id":78951,"href":"https:\/\/www.noticiasradioreflejos.com.ar\/2021\/wp-json\/wp\/v2\/posts\/78947\/revisions\/78951"}],"wp:attachment":[{"href":"https:\/\/www.noticiasradioreflejos.com.ar\/2021\/wp-json\/wp\/v2\/media?parent=78947"}],"wp:term":[{"taxonomy":"category","embeddable":true,"href":"https:\/\/www.noticiasradioreflejos.com.ar\/2021\/wp-json\/wp\/v2\/categories?post=78947"},{"taxonomy":"post_tag","embeddable":true,"href":"https:\/\/www.noticiasradioreflejos.com.ar\/2021\/wp-json\/wp\/v2\/tags?post=78947"}],"curies":[{"name":"wp","href":"https:\/\/api.w.org\/{rel}","templated":true}]}}