{"id":78941,"date":"2022-10-14T17:56:51","date_gmt":"2022-10-14T17:56:51","guid":{"rendered":"http:\/\/www.noticiasradioreflejos.com.ar\/2021\/?p=78941"},"modified":"2022-10-14T17:56:51","modified_gmt":"2022-10-14T17:56:51","slug":"trabajos-de-la-comision-vial-del-1-al-14-de-octubre-en-caminos-rurales","status":"publish","type":"post","link":"https:\/\/www.noticiasradioreflejos.com.ar\/2021\/trabajos-de-la-comision-vial-del-1-al-14-de-octubre-en-caminos-rurales\/","title":{"rendered":"Trabajos de la Comisi\u00f3n Vial del 1 al 14 de octubre en caminos rurales"},"content":{"rendered":"<p>Tornquist Municipio, a trav\u00e9s de la Comisi\u00f3n Asesora Vial pone en conocimiento de la comunidad, los trabajos realizados por la dependencia en las \u00faltimas dos semanas.<!--more--><\/p>\n<p>Plan de trabajo:<br \/>\nCircunscripci\u00f3n III -Mantenimiento y conservaci\u00f3n<br \/>\n-Camino desde establecimiento \u201cFuerte Argentino\u201d a establecimiento \u201cMar\u00eda A. Vitalini de Failo\u201d.<br \/>\n-Camino desde establecimiento \u201cMar\u00eda A. Vitalini de Failo\u201d a establecimiento \u201cEl Recuerdo\u201d<br \/>\nCircunscripci\u00f3n V -Mantenimiento y conservaci\u00f3n<br \/>\n-Camino desde establecimiento \u201cR. Di Pace\u201d (intersecci\u00f3n con camino 106-04) a establecimiento \u201cAna I. de Fernandez\u201d.<br \/>\n-Camino desde establecimiento \u201cSara Dupuy de Cardelli\u201d (intersecci\u00f3n con camino 106-04) a establecimiento \u201cVictorio Gianotti\u201d.<br \/>\nTareas mejorativas \u2013 Equipo de reconstrucci\u00f3n<br \/>\n-Alteo y estabilizado granular en varios sectores de camino 106-04 (camino \u201cde arriba\u201d).<br \/>\nCircunscripci\u00f3n VI -Mantenimiento y conservaci\u00f3n<br \/>\n-Camino desde establecimiento \u201cAdri\u00e1n Belleli\u201d a establecimiento \u201cR. Blanco\u201d.<br \/>\n-Camino desde establecimiento \u201cLa Uni\u00f3n S.C.A.\u201d a establecimiento \u201cS. Perez de la Iglesia\u201d<br \/>\n-Camino desde establecimiento \u201cR. Blanco\u201d a establecimiento \u201cD. Castellucci\u201d<br \/>\nCircunscripci\u00f3n X-Mantenimiento y conservaci\u00f3n &#8211;<br \/>\n-Camino a establecimiento \u201cHogar R. Funke\u201d desde intersecci\u00f3n con RP N\u00b076 (pav.) a establecimiento \u201cK. Wendorff\u201c<br \/>\nPor consultas y\/o reclamos, comunicarse al (0291) 4940573, al mail cavmtornquist@gmail.com o personalmente de 8 a 14 hs.<\/p>\n","protected":false},"excerpt":{"rendered":"<p>Tornquist Municipio, a trav\u00e9s de la Comisi\u00f3n Asesora Vial pone en conocimiento de la comunidad, los trabajos realizados por la dependencia en las \u00faltimas dos semanas.<\/p>\n","protected":false},"author":3,"featured_media":0,"comment_status":"closed","ping_status":"closed","sticky":false,"template":"","format":"standard","meta":{"footnotes":""},"categories":[28],"tags":[],"class_list":["post-78941","post","type-post","status-publish","format-standard","hentry","category-municipales"],"yoast_head":"<!-- This site is optimized with the Yoast SEO plugin v25.9 - https:\/\/yoast.com\/wordpress\/plugins\/seo\/ -->\n<title>Trabajos de la Comisi\u00f3n Vial del 1 al 14 de octubre en caminos rurales - Noticias Radio Reflejos<\/title>\n<meta name=\"robots\" content=\"index, follow, max-snippet:-1, max-image-preview:large, max-video-preview:-1\" \/>\n<link rel=\"canonical\" href=\"https:\/\/www.noticiasradioreflejos.com.ar\/2021\/trabajos-de-la-comision-vial-del-1-al-14-de-octubre-en-caminos-rurales\/\" \/>\n<meta property=\"og:locale\" content=\"es_ES\" \/>\n<meta property=\"og:type\" content=\"article\" \/>\n<meta property=\"og:title\" content=\"Trabajos de la Comisi\u00f3n Vial del 1 al 14 de octubre en caminos rurales - Noticias Radio Reflejos\" \/>\n<meta property=\"og:description\" content=\"Tornquist Municipio, a trav\u00e9s de la Comisi\u00f3n Asesora Vial pone en conocimiento de la comunidad, los trabajos realizados por la dependencia en las \u00faltimas dos semanas.\" \/>\n<meta property=\"og:url\" content=\"https:\/\/www.noticiasradioreflejos.com.ar\/2021\/trabajos-de-la-comision-vial-del-1-al-14-de-octubre-en-caminos-rurales\/\" \/>\n<meta property=\"og:site_name\" content=\"Noticias Radio Reflejos\" \/>\n<meta property=\"article:published_time\" content=\"2022-10-14T17:56:51+00:00\" \/>\n<meta property=\"og:image\" content=\"https:\/\/www.noticiasradioreflejos.com.ar\/2021\/wp-content\/uploads\/2021\/07\/logosol300x200.png\" \/>\n\t<meta property=\"og:image:width\" content=\"300\" \/>\n\t<meta property=\"og:image:height\" content=\"200\" \/>\n\t<meta property=\"og:image:type\" content=\"image\/png\" \/>\n<meta name=\"author\" content=\"Arnaldo Botto\" \/>\n<meta name=\"twitter:card\" content=\"summary_large_image\" \/>\n<script type=\"application\/ld+json\" class=\"yoast-schema-graph\">{\"@context\":\"https:\/\/schema.org\",\"@graph\":[{\"@type\":\"WebPage\",\"@id\":\"https:\/\/www.noticiasradioreflejos.com.ar\/2021\/trabajos-de-la-comision-vial-del-1-al-14-de-octubre-en-caminos-rurales\/\",\"url\":\"https:\/\/www.noticiasradioreflejos.com.ar\/2021\/trabajos-de-la-comision-vial-del-1-al-14-de-octubre-en-caminos-rurales\/\",\"name\":\"Trabajos de la Comisi\u00f3n Vial del 1 al 14 de octubre en caminos rurales - Noticias Radio Reflejos\",\"isPartOf\":{\"@id\":\"https:\/\/www.noticiasradioreflejos.com.ar\/2021\/#website\"},\"datePublished\":\"2022-10-14T17:56:51+00:00\",\"author\":{\"@id\":\"https:\/\/www.noticiasradioreflejos.com.ar\/2021\/#\/schema\/person\/ad82545263dcc5ec0996818884fd5fb1\"},\"breadcrumb\":{\"@id\":\"https:\/\/www.noticiasradioreflejos.com.ar\/2021\/trabajos-de-la-comision-vial-del-1-al-14-de-octubre-en-caminos-rurales\/#breadcrumb\"},\"inLanguage\":\"es\",\"potentialAction\":[{\"@type\":\"ReadAction\",\"target\":[\"https:\/\/www.noticiasradioreflejos.com.ar\/2021\/trabajos-de-la-comision-vial-del-1-al-14-de-octubre-en-caminos-rurales\/\"]}]},{\"@type\":\"BreadcrumbList\",\"@id\":\"https:\/\/www.noticiasradioreflejos.com.ar\/2021\/trabajos-de-la-comision-vial-del-1-al-14-de-octubre-en-caminos-rurales\/#breadcrumb\",\"itemListElement\":[{\"@type\":\"ListItem\",\"position\":1,\"name\":\"Portada\",\"item\":\"https:\/\/www.noticiasradioreflejos.com.ar\/2021\/\"},{\"@type\":\"ListItem\",\"position\":2,\"name\":\"Trabajos de la Comisi\u00f3n Vial del 1 al 14 de octubre en caminos rurales\"}]},{\"@type\":\"WebSite\",\"@id\":\"https:\/\/www.noticiasradioreflejos.com.ar\/2021\/#website\",\"url\":\"https:\/\/www.noticiasradioreflejos.com.ar\/2021\/\",\"name\":\"Noticias Radio Reflejos\",\"description\":\"Las noticias de mi comarca\",\"potentialAction\":[{\"@type\":\"SearchAction\",\"target\":{\"@type\":\"EntryPoint\",\"urlTemplate\":\"https:\/\/www.noticiasradioreflejos.com.ar\/2021\/?s={search_term_string}\"},\"query-input\":{\"@type\":\"PropertyValueSpecification\",\"valueRequired\":true,\"valueName\":\"search_term_string\"}}],\"inLanguage\":\"es\"},{\"@type\":\"Person\",\"@id\":\"https:\/\/www.noticiasradioreflejos.com.ar\/2021\/#\/schema\/person\/ad82545263dcc5ec0996818884fd5fb1\",\"name\":\"Arnaldo Botto\",\"image\":{\"@type\":\"ImageObject\",\"inLanguage\":\"es\",\"@id\":\"https:\/\/www.noticiasradioreflejos.com.ar\/2021\/#\/schema\/person\/image\/\",\"url\":\"https:\/\/secure.gravatar.com\/avatar\/55cb5e37c1efa326397366e6974cb338056df65cb50e7d64d1cf314e87504837?s=96&d=mm&r=g\",\"contentUrl\":\"https:\/\/secure.gravatar.com\/avatar\/55cb5e37c1efa326397366e6974cb338056df65cb50e7d64d1cf314e87504837?s=96&d=mm&r=g\",\"caption\":\"Arnaldo Botto\"},\"url\":\"https:\/\/www.noticiasradioreflejos.com.ar\/2021\/author\/arnaldo\/\"}]}<\/script>\n<!-- \/ Yoast SEO plugin. -->","yoast_head_json":{"title":"Trabajos de la Comisi\u00f3n Vial del 1 al 14 de octubre en caminos rurales - Noticias Radio Reflejos","robots":{"index":"index","follow":"follow","max-snippet":"max-snippet:-1","max-image-preview":"max-image-preview:large","max-video-preview":"max-video-preview:-1"},"canonical":"https:\/\/www.noticiasradioreflejos.com.ar\/2021\/trabajos-de-la-comision-vial-del-1-al-14-de-octubre-en-caminos-rurales\/","og_locale":"es_ES","og_type":"article","og_title":"Trabajos de la Comisi\u00f3n Vial del 1 al 14 de octubre en caminos rurales - Noticias Radio Reflejos","og_description":"Tornquist Municipio, a trav\u00e9s de la Comisi\u00f3n Asesora Vial pone en conocimiento de la comunidad, los trabajos realizados por la dependencia en las \u00faltimas dos semanas.","og_url":"https:\/\/www.noticiasradioreflejos.com.ar\/2021\/trabajos-de-la-comision-vial-del-1-al-14-de-octubre-en-caminos-rurales\/","og_site_name":"Noticias Radio Reflejos","article_published_time":"2022-10-14T17:56:51+00:00","og_image":[{"width":300,"height":200,"url":"https:\/\/www.noticiasradioreflejos.com.ar\/2021\/wp-content\/uploads\/2021\/07\/logosol300x200.png","type":"image\/png"}],"author":"Arnaldo Botto","twitter_card":"summary_large_image","schema":{"@context":"https:\/\/schema.org","@graph":[{"@type":"WebPage","@id":"https:\/\/www.noticiasradioreflejos.com.ar\/2021\/trabajos-de-la-comision-vial-del-1-al-14-de-octubre-en-caminos-rurales\/","url":"https:\/\/www.noticiasradioreflejos.com.ar\/2021\/trabajos-de-la-comision-vial-del-1-al-14-de-octubre-en-caminos-rurales\/","name":"Trabajos de la Comisi\u00f3n Vial del 1 al 14 de octubre en caminos rurales - Noticias Radio Reflejos","isPartOf":{"@id":"https:\/\/www.noticiasradioreflejos.com.ar\/2021\/#website"},"datePublished":"2022-10-14T17:56:51+00:00","author":{"@id":"https:\/\/www.noticiasradioreflejos.com.ar\/2021\/#\/schema\/person\/ad82545263dcc5ec0996818884fd5fb1"},"breadcrumb":{"@id":"https:\/\/www.noticiasradioreflejos.com.ar\/2021\/trabajos-de-la-comision-vial-del-1-al-14-de-octubre-en-caminos-rurales\/#breadcrumb"},"inLanguage":"es","potentialAction":[{"@type":"ReadAction","target":["https:\/\/www.noticiasradioreflejos.com.ar\/2021\/trabajos-de-la-comision-vial-del-1-al-14-de-octubre-en-caminos-rurales\/"]}]},{"@type":"BreadcrumbList","@id":"https:\/\/www.noticiasradioreflejos.com.ar\/2021\/trabajos-de-la-comision-vial-del-1-al-14-de-octubre-en-caminos-rurales\/#breadcrumb","itemListElement":[{"@type":"ListItem","position":1,"name":"Portada","item":"https:\/\/www.noticiasradioreflejos.com.ar\/2021\/"},{"@type":"ListItem","position":2,"name":"Trabajos de la Comisi\u00f3n Vial del 1 al 14 de octubre en caminos rurales"}]},{"@type":"WebSite","@id":"https:\/\/www.noticiasradioreflejos.com.ar\/2021\/#website","url":"https:\/\/www.noticiasradioreflejos.com.ar\/2021\/","name":"Noticias Radio Reflejos","description":"Las noticias de mi comarca","potentialAction":[{"@type":"SearchAction","target":{"@type":"EntryPoint","urlTemplate":"https:\/\/www.noticiasradioreflejos.com.ar\/2021\/?s={search_term_string}"},"query-input":{"@type":"PropertyValueSpecification","valueRequired":true,"valueName":"search_term_string"}}],"inLanguage":"es"},{"@type":"Person","@id":"https:\/\/www.noticiasradioreflejos.com.ar\/2021\/#\/schema\/person\/ad82545263dcc5ec0996818884fd5fb1","name":"Arnaldo Botto","image":{"@type":"ImageObject","inLanguage":"es","@id":"https:\/\/www.noticiasradioreflejos.com.ar\/2021\/#\/schema\/person\/image\/","url":"https:\/\/secure.gravatar.com\/avatar\/55cb5e37c1efa326397366e6974cb338056df65cb50e7d64d1cf314e87504837?s=96&d=mm&r=g","contentUrl":"https:\/\/secure.gravatar.com\/avatar\/55cb5e37c1efa326397366e6974cb338056df65cb50e7d64d1cf314e87504837?s=96&d=mm&r=g","caption":"Arnaldo Botto"},"url":"https:\/\/www.noticiasradioreflejos.com.ar\/2021\/author\/arnaldo\/"}]}},"_links":{"self":[{"href":"https:\/\/www.noticiasradioreflejos.com.ar\/2021\/wp-json\/wp\/v2\/posts\/78941","targetHints":{"allow":["GET"]}}],"collection":[{"href":"https:\/\/www.noticiasradioreflejos.com.ar\/2021\/wp-json\/wp\/v2\/posts"}],"about":[{"href":"https:\/\/www.noticiasradioreflejos.com.ar\/2021\/wp-json\/wp\/v2\/types\/post"}],"author":[{"embeddable":true,"href":"https:\/\/www.noticiasradioreflejos.com.ar\/2021\/wp-json\/wp\/v2\/users\/3"}],"replies":[{"embeddable":true,"href":"https:\/\/www.noticiasradioreflejos.com.ar\/2021\/wp-json\/wp\/v2\/comments?post=78941"}],"version-history":[{"count":1,"href":"https:\/\/www.noticiasradioreflejos.com.ar\/2021\/wp-json\/wp\/v2\/posts\/78941\/revisions"}],"predecessor-version":[{"id":78943,"href":"https:\/\/www.noticiasradioreflejos.com.ar\/2021\/wp-json\/wp\/v2\/posts\/78941\/revisions\/78943"}],"wp:attachment":[{"href":"https:\/\/www.noticiasradioreflejos.com.ar\/2021\/wp-json\/wp\/v2\/media?parent=78941"}],"wp:term":[{"taxonomy":"category","embeddable":true,"href":"https:\/\/www.noticiasradioreflejos.com.ar\/2021\/wp-json\/wp\/v2\/categories?post=78941"},{"taxonomy":"post_tag","embeddable":true,"href":"https:\/\/www.noticiasradioreflejos.com.ar\/2021\/wp-json\/wp\/v2\/tags?post=78941"}],"curies":[{"name":"wp","href":"https:\/\/api.w.org\/{rel}","templated":true}]}}