{"id":78901,"date":"2022-10-13T17:32:54","date_gmt":"2022-10-13T17:32:54","guid":{"rendered":"http:\/\/www.noticiasradioreflejos.com.ar\/2021\/?p=78901"},"modified":"2022-10-13T17:32:54","modified_gmt":"2022-10-13T17:32:54","slug":"se-conmemoro-el-126-aniversario-de-chasico","status":"publish","type":"post","link":"https:\/\/www.noticiasradioreflejos.com.ar\/2021\/se-conmemoro-el-126-aniversario-de-chasico\/","title":{"rendered":"Se conmemor\u00f3 el 126\u00b0 aniversario de Chasic\u00f3"},"content":{"rendered":"<p>Chasic\u00f3 conmemor\u00f3, este mi\u00e9rcoles, un nuevo aniversario de su fundaci\u00f3n con un acto presidido por el intendente municipal Sergio Bordoni. <!--more--><\/p>\n<p><a data-flickr-embed=\"true\" href=\"https:\/\/www.flickr.com\/photos\/182279889@N02\/52425832118\/in\/dateposted-public\/\" title=\"aniversario8\"><img loading=\"lazy\" decoding=\"async\" src=\"https:\/\/live.staticflickr.com\/65535\/52425832118_005ac4e885_c.jpg\" width=\"450\" height=\"800\" alt=\"aniversario8\"><\/a><script async src=\"\/\/embedr.flickr.com\/assets\/client-code.js\" charset=\"utf-8\"><\/script><\/p>\n<p>El acto inicio con el izamiento del pabell\u00f3n nacional, el himno nacional y el local, para luego dar lugar a las palabras alusivas al 126\u00b0 aniversario de la localidad. <\/p>\n<p><a data-flickr-embed=\"true\" href=\"https:\/\/www.flickr.com\/photos\/182279889@N02\/52425310181\/in\/dateposted-public\/\" title=\"aniversario5\"><img loading=\"lazy\" decoding=\"async\" src=\"https:\/\/live.staticflickr.com\/65535\/52425310181_6e62b3c959_c.jpg\" width=\"800\" height=\"600\" alt=\"aniversario5\"><\/a><script async src=\"\/\/embedr.flickr.com\/assets\/client-code.js\" charset=\"utf-8\"><\/script><\/p>\n<p>En su discurso, el jefe comunal resalt\u00f3 el crecimiento que tuvo la localidad del oeste, y las grandes obras que se han conseguido para los vecinos del oeste, desde las viviendas hasta firma del convenio para la concreci\u00f3n de la pavimentaci\u00f3n del ingreso a la localidad y la Av. Cacique Catriel. Asimismo, el mandatario destac\u00f3 los grandes logros de la comunidad, como el nacimiento y crecimiento de una instituci\u00f3n como Bomberos Voluntarios. <\/p>\n<p><a data-flickr-embed=\"true\" href=\"https:\/\/www.flickr.com\/photos\/182279889@N02\/52425599454\/in\/dateposted-public\/\" title=\"aniversario1\"><img loading=\"lazy\" decoding=\"async\" src=\"https:\/\/live.staticflickr.com\/65535\/52425599454_43dc711978_c.jpg\" width=\"450\" height=\"800\" alt=\"aniversario1\"><\/a><script async src=\"\/\/embedr.flickr.com\/assets\/client-code.js\" charset=\"utf-8\"><\/script><\/p>\n<p>Acompa\u00f1aron al intendente, el Secretario de Gobierno y Seguridad, Ezequiel Gabella; la Subsecretaria de Desarrollo Social, Mar\u00eda Graciela \u201cTita\u201d Musso; la Subsecretaria de Cultura, Lucia Urriaga; y la delegada local, Betiana Cardelli Dupuy. <\/p>\n<p><a data-flickr-embed=\"true\" href=\"https:\/\/www.flickr.com\/photos\/182279889@N02\/52425310511\/in\/dateposted-public\/\" title=\"aniversario2\"><img loading=\"lazy\" decoding=\"async\" src=\"https:\/\/live.staticflickr.com\/65535\/52425310511_df1e7747e1_c.jpg\" width=\"600\" height=\"800\" alt=\"aniversario2\"><\/a><script async src=\"\/\/embedr.flickr.com\/assets\/client-code.js\" charset=\"utf-8\"><\/script><\/p>\n<p>Finalizada la parte protocolar, Bordoni junto a su equipo visitaron las nuevas instalaciones de los Bomberos Voluntarios de Chasic\u00f3 y participaron de una entrevista en la radio de la Escuela Secundaria n\u00b0 6. <\/p>\n","protected":false},"excerpt":{"rendered":"<p>Chasic\u00f3 conmemor\u00f3, este mi\u00e9rcoles, un nuevo aniversario de su fundaci\u00f3n con un acto presidido por el intendente municipal Sergio Bordoni.<\/p>\n","protected":false},"author":3,"featured_media":0,"comment_status":"closed","ping_status":"closed","sticky":false,"template":"","format":"standard","meta":{"footnotes":""},"categories":[28],"tags":[],"class_list":["post-78901","post","type-post","status-publish","format-standard","hentry","category-municipales"],"yoast_head":"<!-- This site is optimized with the Yoast SEO plugin v25.9 - https:\/\/yoast.com\/wordpress\/plugins\/seo\/ -->\n<title>Se conmemor\u00f3 el 126\u00b0 aniversario de Chasic\u00f3 - Noticias Radio Reflejos<\/title>\n<meta name=\"robots\" content=\"index, follow, max-snippet:-1, max-image-preview:large, max-video-preview:-1\" \/>\n<link rel=\"canonical\" href=\"https:\/\/www.noticiasradioreflejos.com.ar\/2021\/se-conmemoro-el-126-aniversario-de-chasico\/\" \/>\n<meta property=\"og:locale\" content=\"es_ES\" \/>\n<meta property=\"og:type\" content=\"article\" \/>\n<meta property=\"og:title\" content=\"Se conmemor\u00f3 el 126\u00b0 aniversario de Chasic\u00f3 - Noticias Radio Reflejos\" \/>\n<meta property=\"og:description\" content=\"Chasic\u00f3 conmemor\u00f3, este mi\u00e9rcoles, un nuevo aniversario de su fundaci\u00f3n con un acto presidido por el intendente municipal Sergio Bordoni.\" \/>\n<meta property=\"og:url\" content=\"https:\/\/www.noticiasradioreflejos.com.ar\/2021\/se-conmemoro-el-126-aniversario-de-chasico\/\" \/>\n<meta property=\"og:site_name\" content=\"Noticias Radio Reflejos\" \/>\n<meta property=\"article:published_time\" content=\"2022-10-13T17:32:54+00:00\" \/>\n<meta property=\"og:image\" content=\"https:\/\/live.staticflickr.com\/65535\/52425832118_005ac4e885_c.jpg\" \/>\n<meta name=\"author\" content=\"Arnaldo Botto\" \/>\n<meta name=\"twitter:card\" content=\"summary_large_image\" \/>\n<script type=\"application\/ld+json\" class=\"yoast-schema-graph\">{\"@context\":\"https:\/\/schema.org\",\"@graph\":[{\"@type\":\"WebPage\",\"@id\":\"https:\/\/www.noticiasradioreflejos.com.ar\/2021\/se-conmemoro-el-126-aniversario-de-chasico\/\",\"url\":\"https:\/\/www.noticiasradioreflejos.com.ar\/2021\/se-conmemoro-el-126-aniversario-de-chasico\/\",\"name\":\"Se conmemor\u00f3 el 126\u00b0 aniversario de Chasic\u00f3 - Noticias Radio Reflejos\",\"isPartOf\":{\"@id\":\"https:\/\/www.noticiasradioreflejos.com.ar\/2021\/#website\"},\"primaryImageOfPage\":{\"@id\":\"https:\/\/www.noticiasradioreflejos.com.ar\/2021\/se-conmemoro-el-126-aniversario-de-chasico\/#primaryimage\"},\"image\":{\"@id\":\"https:\/\/www.noticiasradioreflejos.com.ar\/2021\/se-conmemoro-el-126-aniversario-de-chasico\/#primaryimage\"},\"thumbnailUrl\":\"https:\/\/live.staticflickr.com\/65535\/52425832118_005ac4e885_c.jpg\",\"datePublished\":\"2022-10-13T17:32:54+00:00\",\"author\":{\"@id\":\"https:\/\/www.noticiasradioreflejos.com.ar\/2021\/#\/schema\/person\/ad82545263dcc5ec0996818884fd5fb1\"},\"breadcrumb\":{\"@id\":\"https:\/\/www.noticiasradioreflejos.com.ar\/2021\/se-conmemoro-el-126-aniversario-de-chasico\/#breadcrumb\"},\"inLanguage\":\"es\",\"potentialAction\":[{\"@type\":\"ReadAction\",\"target\":[\"https:\/\/www.noticiasradioreflejos.com.ar\/2021\/se-conmemoro-el-126-aniversario-de-chasico\/\"]}]},{\"@type\":\"ImageObject\",\"inLanguage\":\"es\",\"@id\":\"https:\/\/www.noticiasradioreflejos.com.ar\/2021\/se-conmemoro-el-126-aniversario-de-chasico\/#primaryimage\",\"url\":\"https:\/\/live.staticflickr.com\/65535\/52425832118_005ac4e885_c.jpg\",\"contentUrl\":\"https:\/\/live.staticflickr.com\/65535\/52425832118_005ac4e885_c.jpg\"},{\"@type\":\"BreadcrumbList\",\"@id\":\"https:\/\/www.noticiasradioreflejos.com.ar\/2021\/se-conmemoro-el-126-aniversario-de-chasico\/#breadcrumb\",\"itemListElement\":[{\"@type\":\"ListItem\",\"position\":1,\"name\":\"Portada\",\"item\":\"https:\/\/www.noticiasradioreflejos.com.ar\/2021\/\"},{\"@type\":\"ListItem\",\"position\":2,\"name\":\"Se conmemor\u00f3 el 126\u00b0 aniversario de Chasic\u00f3\"}]},{\"@type\":\"WebSite\",\"@id\":\"https:\/\/www.noticiasradioreflejos.com.ar\/2021\/#website\",\"url\":\"https:\/\/www.noticiasradioreflejos.com.ar\/2021\/\",\"name\":\"Noticias Radio Reflejos\",\"description\":\"Las noticias de mi comarca\",\"potentialAction\":[{\"@type\":\"SearchAction\",\"target\":{\"@type\":\"EntryPoint\",\"urlTemplate\":\"https:\/\/www.noticiasradioreflejos.com.ar\/2021\/?s={search_term_string}\"},\"query-input\":{\"@type\":\"PropertyValueSpecification\",\"valueRequired\":true,\"valueName\":\"search_term_string\"}}],\"inLanguage\":\"es\"},{\"@type\":\"Person\",\"@id\":\"https:\/\/www.noticiasradioreflejos.com.ar\/2021\/#\/schema\/person\/ad82545263dcc5ec0996818884fd5fb1\",\"name\":\"Arnaldo Botto\",\"image\":{\"@type\":\"ImageObject\",\"inLanguage\":\"es\",\"@id\":\"https:\/\/www.noticiasradioreflejos.com.ar\/2021\/#\/schema\/person\/image\/\",\"url\":\"https:\/\/secure.gravatar.com\/avatar\/55cb5e37c1efa326397366e6974cb338056df65cb50e7d64d1cf314e87504837?s=96&d=mm&r=g\",\"contentUrl\":\"https:\/\/secure.gravatar.com\/avatar\/55cb5e37c1efa326397366e6974cb338056df65cb50e7d64d1cf314e87504837?s=96&d=mm&r=g\",\"caption\":\"Arnaldo Botto\"},\"url\":\"https:\/\/www.noticiasradioreflejos.com.ar\/2021\/author\/arnaldo\/\"}]}<\/script>\n<!-- \/ Yoast SEO plugin. -->","yoast_head_json":{"title":"Se conmemor\u00f3 el 126\u00b0 aniversario de Chasic\u00f3 - Noticias Radio Reflejos","robots":{"index":"index","follow":"follow","max-snippet":"max-snippet:-1","max-image-preview":"max-image-preview:large","max-video-preview":"max-video-preview:-1"},"canonical":"https:\/\/www.noticiasradioreflejos.com.ar\/2021\/se-conmemoro-el-126-aniversario-de-chasico\/","og_locale":"es_ES","og_type":"article","og_title":"Se conmemor\u00f3 el 126\u00b0 aniversario de Chasic\u00f3 - Noticias Radio Reflejos","og_description":"Chasic\u00f3 conmemor\u00f3, este mi\u00e9rcoles, un nuevo aniversario de su fundaci\u00f3n con un acto presidido por el intendente municipal Sergio Bordoni.","og_url":"https:\/\/www.noticiasradioreflejos.com.ar\/2021\/se-conmemoro-el-126-aniversario-de-chasico\/","og_site_name":"Noticias Radio Reflejos","article_published_time":"2022-10-13T17:32:54+00:00","og_image":[{"url":"https:\/\/live.staticflickr.com\/65535\/52425832118_005ac4e885_c.jpg","type":"","width":"","height":""}],"author":"Arnaldo Botto","twitter_card":"summary_large_image","schema":{"@context":"https:\/\/schema.org","@graph":[{"@type":"WebPage","@id":"https:\/\/www.noticiasradioreflejos.com.ar\/2021\/se-conmemoro-el-126-aniversario-de-chasico\/","url":"https:\/\/www.noticiasradioreflejos.com.ar\/2021\/se-conmemoro-el-126-aniversario-de-chasico\/","name":"Se conmemor\u00f3 el 126\u00b0 aniversario de Chasic\u00f3 - Noticias Radio Reflejos","isPartOf":{"@id":"https:\/\/www.noticiasradioreflejos.com.ar\/2021\/#website"},"primaryImageOfPage":{"@id":"https:\/\/www.noticiasradioreflejos.com.ar\/2021\/se-conmemoro-el-126-aniversario-de-chasico\/#primaryimage"},"image":{"@id":"https:\/\/www.noticiasradioreflejos.com.ar\/2021\/se-conmemoro-el-126-aniversario-de-chasico\/#primaryimage"},"thumbnailUrl":"https:\/\/live.staticflickr.com\/65535\/52425832118_005ac4e885_c.jpg","datePublished":"2022-10-13T17:32:54+00:00","author":{"@id":"https:\/\/www.noticiasradioreflejos.com.ar\/2021\/#\/schema\/person\/ad82545263dcc5ec0996818884fd5fb1"},"breadcrumb":{"@id":"https:\/\/www.noticiasradioreflejos.com.ar\/2021\/se-conmemoro-el-126-aniversario-de-chasico\/#breadcrumb"},"inLanguage":"es","potentialAction":[{"@type":"ReadAction","target":["https:\/\/www.noticiasradioreflejos.com.ar\/2021\/se-conmemoro-el-126-aniversario-de-chasico\/"]}]},{"@type":"ImageObject","inLanguage":"es","@id":"https:\/\/www.noticiasradioreflejos.com.ar\/2021\/se-conmemoro-el-126-aniversario-de-chasico\/#primaryimage","url":"https:\/\/live.staticflickr.com\/65535\/52425832118_005ac4e885_c.jpg","contentUrl":"https:\/\/live.staticflickr.com\/65535\/52425832118_005ac4e885_c.jpg"},{"@type":"BreadcrumbList","@id":"https:\/\/www.noticiasradioreflejos.com.ar\/2021\/se-conmemoro-el-126-aniversario-de-chasico\/#breadcrumb","itemListElement":[{"@type":"ListItem","position":1,"name":"Portada","item":"https:\/\/www.noticiasradioreflejos.com.ar\/2021\/"},{"@type":"ListItem","position":2,"name":"Se conmemor\u00f3 el 126\u00b0 aniversario de Chasic\u00f3"}]},{"@type":"WebSite","@id":"https:\/\/www.noticiasradioreflejos.com.ar\/2021\/#website","url":"https:\/\/www.noticiasradioreflejos.com.ar\/2021\/","name":"Noticias Radio Reflejos","description":"Las noticias de mi comarca","potentialAction":[{"@type":"SearchAction","target":{"@type":"EntryPoint","urlTemplate":"https:\/\/www.noticiasradioreflejos.com.ar\/2021\/?s={search_term_string}"},"query-input":{"@type":"PropertyValueSpecification","valueRequired":true,"valueName":"search_term_string"}}],"inLanguage":"es"},{"@type":"Person","@id":"https:\/\/www.noticiasradioreflejos.com.ar\/2021\/#\/schema\/person\/ad82545263dcc5ec0996818884fd5fb1","name":"Arnaldo Botto","image":{"@type":"ImageObject","inLanguage":"es","@id":"https:\/\/www.noticiasradioreflejos.com.ar\/2021\/#\/schema\/person\/image\/","url":"https:\/\/secure.gravatar.com\/avatar\/55cb5e37c1efa326397366e6974cb338056df65cb50e7d64d1cf314e87504837?s=96&d=mm&r=g","contentUrl":"https:\/\/secure.gravatar.com\/avatar\/55cb5e37c1efa326397366e6974cb338056df65cb50e7d64d1cf314e87504837?s=96&d=mm&r=g","caption":"Arnaldo Botto"},"url":"https:\/\/www.noticiasradioreflejos.com.ar\/2021\/author\/arnaldo\/"}]}},"_links":{"self":[{"href":"https:\/\/www.noticiasradioreflejos.com.ar\/2021\/wp-json\/wp\/v2\/posts\/78901","targetHints":{"allow":["GET"]}}],"collection":[{"href":"https:\/\/www.noticiasradioreflejos.com.ar\/2021\/wp-json\/wp\/v2\/posts"}],"about":[{"href":"https:\/\/www.noticiasradioreflejos.com.ar\/2021\/wp-json\/wp\/v2\/types\/post"}],"author":[{"embeddable":true,"href":"https:\/\/www.noticiasradioreflejos.com.ar\/2021\/wp-json\/wp\/v2\/users\/3"}],"replies":[{"embeddable":true,"href":"https:\/\/www.noticiasradioreflejos.com.ar\/2021\/wp-json\/wp\/v2\/comments?post=78901"}],"version-history":[{"count":1,"href":"https:\/\/www.noticiasradioreflejos.com.ar\/2021\/wp-json\/wp\/v2\/posts\/78901\/revisions"}],"predecessor-version":[{"id":78903,"href":"https:\/\/www.noticiasradioreflejos.com.ar\/2021\/wp-json\/wp\/v2\/posts\/78901\/revisions\/78903"}],"wp:attachment":[{"href":"https:\/\/www.noticiasradioreflejos.com.ar\/2021\/wp-json\/wp\/v2\/media?parent=78901"}],"wp:term":[{"taxonomy":"category","embeddable":true,"href":"https:\/\/www.noticiasradioreflejos.com.ar\/2021\/wp-json\/wp\/v2\/categories?post=78901"},{"taxonomy":"post_tag","embeddable":true,"href":"https:\/\/www.noticiasradioreflejos.com.ar\/2021\/wp-json\/wp\/v2\/tags?post=78901"}],"curies":[{"name":"wp","href":"https:\/\/api.w.org\/{rel}","templated":true}]}}