{"id":78777,"date":"2022-10-12T11:04:38","date_gmt":"2022-10-12T11:04:38","guid":{"rendered":"http:\/\/www.noticiasradioreflejos.com.ar\/2021\/?p=78777"},"modified":"2022-10-12T11:04:38","modified_gmt":"2022-10-12T11:04:38","slug":"cuanto-valdra-el-dolar-para-turismo-y-el-de-contratos-artisticos","status":"publish","type":"post","link":"https:\/\/www.noticiasradioreflejos.com.ar\/2021\/cuanto-valdra-el-dolar-para-turismo-y-el-de-contratos-artisticos\/","title":{"rendered":"Cu\u00e1nto valdr\u00e1 el d\u00f3lar para turismo y el de contratos art\u00edsticos\u00a0"},"content":{"rendered":"<p>Se apunta a que s\u00f3lo las importaciones de bienes y servicios para la actividad productiva accedan al valor del d\u00f3lar oficial sin recargos, aseguran fuentes del gobierno. Los nuevos valores tienen vigencia a partir de este mi\u00e9rcoles.<!--more--><br \/>\nCon la intenci\u00f3n de \u00abcuidar las reservas para la producci\u00f3n y el empleo\u00bb, seg\u00fan se explic\u00f3, el gobierno dispuso que, a partir de los pagos o gastos que se efect\u00faen desde este mi\u00e9rcoles 12, se aplicar\u00e1n cargos adicionales sobre tres rubros: pasajes al exterior, paquetes tur\u00edsticos y gastos con tarjeta (cr\u00e9dito m\u00e1s d\u00e9bito) cuando el titular acumule m\u00e1s de 300 d\u00f3lares en el mes; compras de bienes suntuarios o \u00abde lujo\u00bb en el exterior; y servicios contratados en el exterior de recreaciones y actividades art\u00edsticas.<\/p>\n<div class=\"section-2-col article-main-content\">\n<div class=\"col 2-col\">\n<div class=\"article-main-content article-text \">\n<p>Para el primer rubro,\u00a0<b>turismo y gastos con tarjetas en divisas (mayores a u$s 300 en el mes),<\/b>\u00a0se establece una percepci\u00f3n adicional del 25% a cuenta del impuesto a los bienes personales. Como este tipo de gastos ya abonaba el impuesto PAIS con una tasa del 30% y una percepci\u00f3n a cuenta de Ganancias del 45%, a partir de ma\u00f1ana pagar\u00e1 por d\u00f3lar un adicional del 100% sobre el valor del d\u00f3lar oficial minorista. Es decir, que sobre un d\u00f3lar Banco Naci\u00f3n de 150 pesos, los pagos en los mencionados rubros<b>\u00a0tendr\u00edan un costo por d\u00f3lar de 300 pesos<\/b>\u00a0(aunque el 70% del recargo, 105 pesos por d\u00f3lar, se recuperar\u00eda al descontarlo como pago a cuenta de la liquidaci\u00f3n anual de Ganancias y Bienes Personales). Hasta este nartes, se pagaba a 262 pesos.<\/p>\n<div id=\"talkFireEvent\"><\/div>\n<p>Para las\u00a0<b>compras de bienes suntuarios<\/b>\u00a0o \u00b7de lujo\u00bb en el exterior se establece la aplicaci\u00f3n del impuesto PAIS del 30% (hasta ahora no estaban alcanzadas por el tributo), m\u00e1s las percepciones a cuenta de Ganancias (45%) y Bienes Personales (25%). Es decir, que sobre un d\u00f3lar Banco Naci\u00f3n de 150 pesos,\u00a0<b>pasar\u00edan a pagar 300 pesos<\/b>\u00a0como desembolso inmediato (ern el caso de las percepciones a cuenta, luego reintegrables, igual que en el caso anterior).<\/p>\n<p>Finalmente, para los\u00a0<b>servicios contratados en el exterior de actividades recreativas y actividades art\u00edsticas<\/b>\u00a0(recitales, actividades deportivas, entre otros gastos de esparcimiento) se establece la aplicaci\u00f3n del impuesto PAIS del 30%. Para un d\u00f3lar Banco Naci\u00f3n de 150 pesos, le corresponder\u00eda desembolsar al productor que contrate dichos servicios con el exterior,\u00a0<b>195 pesos<\/b>.<\/p>\n<p>Al comentar estas novedades, fuentes oficiales fueron muy enf\u00e1ticas en aclarar que \u00abse mantienen sin cambios las compras con tarjeta, de pasajes u operaciones concertas con anterioridad a la vigencia de las nuevas medidas, no habr\u00e1 cambios en el tratamiento de los gastos o consumos con tarjeta de hasta 300 d\u00f3lares mensuales, siguen sin cambios los consumos con tarjeta para el pago de aplicaci\u00f3n y streaming, tipo Netflix, como el r\u00e9gimen vigente para el d\u00f3lar ahorro\u00bb.<\/p>\n<p>Adem\u00e1s, sigue vigente la exenci\u00f3n del impuesto PAIS al pago en divisas de los pasajes terrestres a pa\u00edses lim\u00edtrofes, as\u00ed como otras operaciones descriptas en el art\u00edculo 36 de la ley 27541, que cre\u00f3 dicho tributo (gastos referidos a prestaciones de salud, libros en cualquier formato, utilizaci\u00f3n de plataformas y software con fines educativos, gastos asociados a proyectos de investigaci\u00f3n efectuados por personas que se desempe\u00f1en en el \u00e1mbito p\u00fablico, y materiales de equipamiento destinado a la lucha contra el fuego y la protecci\u00f3n civil de la poblaci\u00f3n).<\/p>\n<h3>Quienes pagar\u00e1n<\/h3>\n<p>Al comentar las medidas, fuentes oficiales subrayaron que \u00abno van a generar\u00a0<b>ning\u00fan tipo de ruido en la relaci\u00f3n con el FMI<\/b>, no son medidas de orden cambiario sino impositivo, y tampoco crea impuestos sino que establecen nuevos anticipos y, en el caso de los bienes suntuarios, ampl\u00eda el alcance de un impuesto ya existente\u00bb.<\/p>\n<p>En cuanto a los bienes suntuarios, se se\u00f1al\u00f3, como ejemplos, \u00ablos veh\u00edculos de alta gama, jets privados y peque\u00f1os aviones, embarcaciones de uso recreativo, bebidas alcoh\u00f3licas premium, relojes, piedras preciosas, m\u00e1quinas tragamonedas y m\u00e1quinas para minado de criptomonedas\u00bb.<\/p>\n<p>Con respecto al recargo en las percepciones para quienes tengan consumos con tarjetas en el exterior por m\u00e1s de 300 d\u00f3lares en un mes, se se\u00f1al\u00f3 que\u00a0<b>s\u00f3lo alcanzar\u00eda al 7% de los contribuyentes<\/b>. Con datos al mes de agosto de este a\u00f1o, la Afip registra 3 millones 7500 contribuyentes con gastos en el exterior con tarjeta, por viaje o por compras. Pero el 93%, 2 millones 807 mil, gastaron menos de 300 d\u00f3lares. Tan s\u00f3lo 199.800 contribuyentes super\u00f3 esa cifra, pero representan el 81% del total de gastos o compras en el exterior.<\/p>\n<p>\u00abLas percepciones adicionales sobre los pasajes y paquetes tur\u00edsticos al exterior comprometen a un n\u00famero reducido de contribuyentes que hace compras en d\u00f3lares con tarjeta:<b>\u00a0tan s\u00f3lo 199.800 si tomamos de referencia las cifras de agosto<\/b>\u00ab, indic\u00f3 una fuente oficial.<\/p>\n<h3>Qu\u00e9 se espera de las medidas<\/h3>\n<p>La misma fuente consider\u00f3 importante destacar que \u00ablas medidas<b>\u00a0no proh\u00edben la compra de bienes, ni paquetes tur\u00edsticos, ni consumo de actividades art\u00edsticas<\/b>, sino que fijan un valor superior para el d\u00f3lar que se use en esos casos\u00bb.<\/p>\n<p>En rigor, m\u00e1s que un efecto de desaliento a los gastos en el exterior,<b>\u00a0lo que se espera es quitarle atractivo a \u00abcomprarle d\u00f3lares baratos\u00bb al Banco Central\u00a0<\/b>para viajar, gastar en productos suntuarios importados o contratar espect\u00e1culos en el exterior.<\/p>\n<p>En el caso de\u00a0<b>los espect\u00e1culos, la salida de divisas<\/b>\u00a0representa en promedio\u00a0<b>unos 17 millones de d\u00f3lares mensuales,<\/b>\u00a0una cifra marginal como problema en las cuentas externas. Pero al aplicarle el impuesto PAIS, se marca una diferencia con los d\u00f3lares para la importaci\u00f3n de insumos para la industria.<\/p>\n<p>Las cifras del\u00a0<b>turismo en el exterior<\/b>\u00a0son m\u00e1s importantes. Estiman en el Banco Central que se van por mes unos\u00a0<b>400 millones de d\u00f3lares por pago de paquetes tur\u00edsticos y pasajes, y otros 400 millones por gastos con tarjeta\u00a0<\/b>en el exterior. \u00abEl encarecimiento del d\u00f3lar a 300 pesos a valor hoy no implica que van a viajar menos, pero s\u00ed puede hacer que muchos encuentren m\u00e1s econ\u00f3mico<b>\u00a0usar sus propios d\u00f3lares o buscarlos en mercados financieros legales o ilegales<\/b>. Eso le va a quitar presi\u00f3n a las reservas\u00bb, indic\u00f3 una muy alta fuente oficial vinculada al tema.<\/p>\n<\/div>\n<p>&nbsp;<\/p>\n<div class=\"article-main-content article-text \">\n<p>&nbsp;<\/p>\n<div class=\"author\">\n<div class=\"author-inner\">\n<div class=\"author-thumbnail\">\n<figure><img decoding=\"async\" class=\" \" src=\"https:\/\/images.pagina12.com.ar\/styles\/thumbnail\/public\/2016-11\/Rulo-Dela-Torre.png?itok=Nz194X8i\" alt=\"Ra\u00fal Dellatorre\" \/><\/figure>\n<\/div>\n<div class=\"author-name\"><em>Por Ra\u00fal Dellatorre para P\u00e1gina 12<\/em><\/div>\n<\/div>\n<\/div>\n<\/div>\n<\/div>\n<\/div>\n","protected":false},"excerpt":{"rendered":"<p>Se apunta a que s\u00f3lo las importaciones de bienes y servicios para la actividad productiva accedan al valor del d\u00f3lar oficial sin recargos, aseguran fuentes del gobierno. Los nuevos valores tienen vigencia a partir de este mi\u00e9rcoles.<\/p>\n","protected":false},"author":3,"featured_media":77237,"comment_status":"closed","ping_status":"closed","sticky":false,"template":"","format":"standard","meta":{"footnotes":""},"categories":[36],"tags":[],"class_list":["post-78777","post","type-post","status-publish","format-standard","has-post-thumbnail","hentry","category-economia"],"yoast_head":"<!-- This site is optimized with the Yoast SEO plugin v25.9 - https:\/\/yoast.com\/wordpress\/plugins\/seo\/ -->\n<title>Cu\u00e1nto valdr\u00e1 el d\u00f3lar para turismo y el de contratos art\u00edsticos\u00a0 - Noticias Radio Reflejos<\/title>\n<meta name=\"robots\" content=\"index, follow, max-snippet:-1, max-image-preview:large, max-video-preview:-1\" \/>\n<link rel=\"canonical\" href=\"https:\/\/www.noticiasradioreflejos.com.ar\/2021\/cuanto-valdra-el-dolar-para-turismo-y-el-de-contratos-artisticos\/\" \/>\n<meta property=\"og:locale\" content=\"es_ES\" \/>\n<meta property=\"og:type\" content=\"article\" \/>\n<meta property=\"og:title\" content=\"Cu\u00e1nto valdr\u00e1 el d\u00f3lar para turismo y el de contratos art\u00edsticos\u00a0 - Noticias Radio Reflejos\" \/>\n<meta property=\"og:description\" content=\"Se apunta a que s\u00f3lo las importaciones de bienes y servicios para la actividad productiva accedan al valor del d\u00f3lar oficial sin recargos, aseguran fuentes del gobierno. Los nuevos valores tienen vigencia a partir de este mi\u00e9rcoles.\" \/>\n<meta property=\"og:url\" content=\"https:\/\/www.noticiasradioreflejos.com.ar\/2021\/cuanto-valdra-el-dolar-para-turismo-y-el-de-contratos-artisticos\/\" \/>\n<meta property=\"og:site_name\" content=\"Noticias Radio Reflejos\" \/>\n<meta property=\"article:published_time\" content=\"2022-10-12T11:04:38+00:00\" \/>\n<meta property=\"og:image\" content=\"https:\/\/www.noticiasradioreflejos.com.ar\/2021\/wp-content\/uploads\/2022\/09\/dolares2.jpg.webp\" \/>\n\t<meta property=\"og:image:width\" content=\"1200\" \/>\n\t<meta property=\"og:image:height\" content=\"800\" \/>\n\t<meta property=\"og:image:type\" content=\"image\/webp\" \/>\n<meta name=\"author\" content=\"Arnaldo Botto\" \/>\n<meta name=\"twitter:card\" content=\"summary_large_image\" \/>\n<script type=\"application\/ld+json\" class=\"yoast-schema-graph\">{\"@context\":\"https:\/\/schema.org\",\"@graph\":[{\"@type\":\"WebPage\",\"@id\":\"https:\/\/www.noticiasradioreflejos.com.ar\/2021\/cuanto-valdra-el-dolar-para-turismo-y-el-de-contratos-artisticos\/\",\"url\":\"https:\/\/www.noticiasradioreflejos.com.ar\/2021\/cuanto-valdra-el-dolar-para-turismo-y-el-de-contratos-artisticos\/\",\"name\":\"Cu\u00e1nto valdr\u00e1 el d\u00f3lar para turismo y el de contratos art\u00edsticos\u00a0 - Noticias Radio Reflejos\",\"isPartOf\":{\"@id\":\"https:\/\/www.noticiasradioreflejos.com.ar\/2021\/#website\"},\"primaryImageOfPage\":{\"@id\":\"https:\/\/www.noticiasradioreflejos.com.ar\/2021\/cuanto-valdra-el-dolar-para-turismo-y-el-de-contratos-artisticos\/#primaryimage\"},\"image\":{\"@id\":\"https:\/\/www.noticiasradioreflejos.com.ar\/2021\/cuanto-valdra-el-dolar-para-turismo-y-el-de-contratos-artisticos\/#primaryimage\"},\"thumbnailUrl\":\"https:\/\/www.noticiasradioreflejos.com.ar\/2021\/wp-content\/uploads\/2022\/09\/dolares2.jpg.webp\",\"datePublished\":\"2022-10-12T11:04:38+00:00\",\"author\":{\"@id\":\"https:\/\/www.noticiasradioreflejos.com.ar\/2021\/#\/schema\/person\/ad82545263dcc5ec0996818884fd5fb1\"},\"breadcrumb\":{\"@id\":\"https:\/\/www.noticiasradioreflejos.com.ar\/2021\/cuanto-valdra-el-dolar-para-turismo-y-el-de-contratos-artisticos\/#breadcrumb\"},\"inLanguage\":\"es\",\"potentialAction\":[{\"@type\":\"ReadAction\",\"target\":[\"https:\/\/www.noticiasradioreflejos.com.ar\/2021\/cuanto-valdra-el-dolar-para-turismo-y-el-de-contratos-artisticos\/\"]}]},{\"@type\":\"ImageObject\",\"inLanguage\":\"es\",\"@id\":\"https:\/\/www.noticiasradioreflejos.com.ar\/2021\/cuanto-valdra-el-dolar-para-turismo-y-el-de-contratos-artisticos\/#primaryimage\",\"url\":\"https:\/\/www.noticiasradioreflejos.com.ar\/2021\/wp-content\/uploads\/2022\/09\/dolares2.jpg.webp\",\"contentUrl\":\"https:\/\/www.noticiasradioreflejos.com.ar\/2021\/wp-content\/uploads\/2022\/09\/dolares2.jpg.webp\",\"width\":1200,\"height\":800},{\"@type\":\"BreadcrumbList\",\"@id\":\"https:\/\/www.noticiasradioreflejos.com.ar\/2021\/cuanto-valdra-el-dolar-para-turismo-y-el-de-contratos-artisticos\/#breadcrumb\",\"itemListElement\":[{\"@type\":\"ListItem\",\"position\":1,\"name\":\"Portada\",\"item\":\"https:\/\/www.noticiasradioreflejos.com.ar\/2021\/\"},{\"@type\":\"ListItem\",\"position\":2,\"name\":\"Cu\u00e1nto valdr\u00e1 el d\u00f3lar para turismo y el de contratos art\u00edsticos\u00a0\"}]},{\"@type\":\"WebSite\",\"@id\":\"https:\/\/www.noticiasradioreflejos.com.ar\/2021\/#website\",\"url\":\"https:\/\/www.noticiasradioreflejos.com.ar\/2021\/\",\"name\":\"Noticias Radio Reflejos\",\"description\":\"Las noticias de mi comarca\",\"potentialAction\":[{\"@type\":\"SearchAction\",\"target\":{\"@type\":\"EntryPoint\",\"urlTemplate\":\"https:\/\/www.noticiasradioreflejos.com.ar\/2021\/?s={search_term_string}\"},\"query-input\":{\"@type\":\"PropertyValueSpecification\",\"valueRequired\":true,\"valueName\":\"search_term_string\"}}],\"inLanguage\":\"es\"},{\"@type\":\"Person\",\"@id\":\"https:\/\/www.noticiasradioreflejos.com.ar\/2021\/#\/schema\/person\/ad82545263dcc5ec0996818884fd5fb1\",\"name\":\"Arnaldo Botto\",\"image\":{\"@type\":\"ImageObject\",\"inLanguage\":\"es\",\"@id\":\"https:\/\/www.noticiasradioreflejos.com.ar\/2021\/#\/schema\/person\/image\/\",\"url\":\"https:\/\/secure.gravatar.com\/avatar\/55cb5e37c1efa326397366e6974cb338056df65cb50e7d64d1cf314e87504837?s=96&d=mm&r=g\",\"contentUrl\":\"https:\/\/secure.gravatar.com\/avatar\/55cb5e37c1efa326397366e6974cb338056df65cb50e7d64d1cf314e87504837?s=96&d=mm&r=g\",\"caption\":\"Arnaldo Botto\"},\"url\":\"https:\/\/www.noticiasradioreflejos.com.ar\/2021\/author\/arnaldo\/\"}]}<\/script>\n<!-- \/ Yoast SEO plugin. -->","yoast_head_json":{"title":"Cu\u00e1nto valdr\u00e1 el d\u00f3lar para turismo y el de contratos art\u00edsticos\u00a0 - Noticias Radio Reflejos","robots":{"index":"index","follow":"follow","max-snippet":"max-snippet:-1","max-image-preview":"max-image-preview:large","max-video-preview":"max-video-preview:-1"},"canonical":"https:\/\/www.noticiasradioreflejos.com.ar\/2021\/cuanto-valdra-el-dolar-para-turismo-y-el-de-contratos-artisticos\/","og_locale":"es_ES","og_type":"article","og_title":"Cu\u00e1nto valdr\u00e1 el d\u00f3lar para turismo y el de contratos art\u00edsticos\u00a0 - Noticias Radio Reflejos","og_description":"Se apunta a que s\u00f3lo las importaciones de bienes y servicios para la actividad productiva accedan al valor del d\u00f3lar oficial sin recargos, aseguran fuentes del gobierno. Los nuevos valores tienen vigencia a partir de este mi\u00e9rcoles.","og_url":"https:\/\/www.noticiasradioreflejos.com.ar\/2021\/cuanto-valdra-el-dolar-para-turismo-y-el-de-contratos-artisticos\/","og_site_name":"Noticias Radio Reflejos","article_published_time":"2022-10-12T11:04:38+00:00","og_image":[{"width":1200,"height":800,"url":"https:\/\/www.noticiasradioreflejos.com.ar\/2021\/wp-content\/uploads\/2022\/09\/dolares2.jpg.webp","type":"image\/webp"}],"author":"Arnaldo Botto","twitter_card":"summary_large_image","schema":{"@context":"https:\/\/schema.org","@graph":[{"@type":"WebPage","@id":"https:\/\/www.noticiasradioreflejos.com.ar\/2021\/cuanto-valdra-el-dolar-para-turismo-y-el-de-contratos-artisticos\/","url":"https:\/\/www.noticiasradioreflejos.com.ar\/2021\/cuanto-valdra-el-dolar-para-turismo-y-el-de-contratos-artisticos\/","name":"Cu\u00e1nto valdr\u00e1 el d\u00f3lar para turismo y el de contratos art\u00edsticos\u00a0 - Noticias Radio Reflejos","isPartOf":{"@id":"https:\/\/www.noticiasradioreflejos.com.ar\/2021\/#website"},"primaryImageOfPage":{"@id":"https:\/\/www.noticiasradioreflejos.com.ar\/2021\/cuanto-valdra-el-dolar-para-turismo-y-el-de-contratos-artisticos\/#primaryimage"},"image":{"@id":"https:\/\/www.noticiasradioreflejos.com.ar\/2021\/cuanto-valdra-el-dolar-para-turismo-y-el-de-contratos-artisticos\/#primaryimage"},"thumbnailUrl":"https:\/\/www.noticiasradioreflejos.com.ar\/2021\/wp-content\/uploads\/2022\/09\/dolares2.jpg.webp","datePublished":"2022-10-12T11:04:38+00:00","author":{"@id":"https:\/\/www.noticiasradioreflejos.com.ar\/2021\/#\/schema\/person\/ad82545263dcc5ec0996818884fd5fb1"},"breadcrumb":{"@id":"https:\/\/www.noticiasradioreflejos.com.ar\/2021\/cuanto-valdra-el-dolar-para-turismo-y-el-de-contratos-artisticos\/#breadcrumb"},"inLanguage":"es","potentialAction":[{"@type":"ReadAction","target":["https:\/\/www.noticiasradioreflejos.com.ar\/2021\/cuanto-valdra-el-dolar-para-turismo-y-el-de-contratos-artisticos\/"]}]},{"@type":"ImageObject","inLanguage":"es","@id":"https:\/\/www.noticiasradioreflejos.com.ar\/2021\/cuanto-valdra-el-dolar-para-turismo-y-el-de-contratos-artisticos\/#primaryimage","url":"https:\/\/www.noticiasradioreflejos.com.ar\/2021\/wp-content\/uploads\/2022\/09\/dolares2.jpg.webp","contentUrl":"https:\/\/www.noticiasradioreflejos.com.ar\/2021\/wp-content\/uploads\/2022\/09\/dolares2.jpg.webp","width":1200,"height":800},{"@type":"BreadcrumbList","@id":"https:\/\/www.noticiasradioreflejos.com.ar\/2021\/cuanto-valdra-el-dolar-para-turismo-y-el-de-contratos-artisticos\/#breadcrumb","itemListElement":[{"@type":"ListItem","position":1,"name":"Portada","item":"https:\/\/www.noticiasradioreflejos.com.ar\/2021\/"},{"@type":"ListItem","position":2,"name":"Cu\u00e1nto valdr\u00e1 el d\u00f3lar para turismo y el de contratos art\u00edsticos\u00a0"}]},{"@type":"WebSite","@id":"https:\/\/www.noticiasradioreflejos.com.ar\/2021\/#website","url":"https:\/\/www.noticiasradioreflejos.com.ar\/2021\/","name":"Noticias Radio Reflejos","description":"Las noticias de mi comarca","potentialAction":[{"@type":"SearchAction","target":{"@type":"EntryPoint","urlTemplate":"https:\/\/www.noticiasradioreflejos.com.ar\/2021\/?s={search_term_string}"},"query-input":{"@type":"PropertyValueSpecification","valueRequired":true,"valueName":"search_term_string"}}],"inLanguage":"es"},{"@type":"Person","@id":"https:\/\/www.noticiasradioreflejos.com.ar\/2021\/#\/schema\/person\/ad82545263dcc5ec0996818884fd5fb1","name":"Arnaldo Botto","image":{"@type":"ImageObject","inLanguage":"es","@id":"https:\/\/www.noticiasradioreflejos.com.ar\/2021\/#\/schema\/person\/image\/","url":"https:\/\/secure.gravatar.com\/avatar\/55cb5e37c1efa326397366e6974cb338056df65cb50e7d64d1cf314e87504837?s=96&d=mm&r=g","contentUrl":"https:\/\/secure.gravatar.com\/avatar\/55cb5e37c1efa326397366e6974cb338056df65cb50e7d64d1cf314e87504837?s=96&d=mm&r=g","caption":"Arnaldo Botto"},"url":"https:\/\/www.noticiasradioreflejos.com.ar\/2021\/author\/arnaldo\/"}]}},"_links":{"self":[{"href":"https:\/\/www.noticiasradioreflejos.com.ar\/2021\/wp-json\/wp\/v2\/posts\/78777","targetHints":{"allow":["GET"]}}],"collection":[{"href":"https:\/\/www.noticiasradioreflejos.com.ar\/2021\/wp-json\/wp\/v2\/posts"}],"about":[{"href":"https:\/\/www.noticiasradioreflejos.com.ar\/2021\/wp-json\/wp\/v2\/types\/post"}],"author":[{"embeddable":true,"href":"https:\/\/www.noticiasradioreflejos.com.ar\/2021\/wp-json\/wp\/v2\/users\/3"}],"replies":[{"embeddable":true,"href":"https:\/\/www.noticiasradioreflejos.com.ar\/2021\/wp-json\/wp\/v2\/comments?post=78777"}],"version-history":[{"count":1,"href":"https:\/\/www.noticiasradioreflejos.com.ar\/2021\/wp-json\/wp\/v2\/posts\/78777\/revisions"}],"predecessor-version":[{"id":78778,"href":"https:\/\/www.noticiasradioreflejos.com.ar\/2021\/wp-json\/wp\/v2\/posts\/78777\/revisions\/78778"}],"wp:featuredmedia":[{"embeddable":true,"href":"https:\/\/www.noticiasradioreflejos.com.ar\/2021\/wp-json\/wp\/v2\/media\/77237"}],"wp:attachment":[{"href":"https:\/\/www.noticiasradioreflejos.com.ar\/2021\/wp-json\/wp\/v2\/media?parent=78777"}],"wp:term":[{"taxonomy":"category","embeddable":true,"href":"https:\/\/www.noticiasradioreflejos.com.ar\/2021\/wp-json\/wp\/v2\/categories?post=78777"},{"taxonomy":"post_tag","embeddable":true,"href":"https:\/\/www.noticiasradioreflejos.com.ar\/2021\/wp-json\/wp\/v2\/tags?post=78777"}],"curies":[{"name":"wp","href":"https:\/\/api.w.org\/{rel}","templated":true}]}}