{"id":78752,"date":"2022-10-11T20:27:54","date_gmt":"2022-10-11T20:27:54","guid":{"rendered":"http:\/\/www.noticiasradioreflejos.com.ar\/2021\/?p=78752"},"modified":"2022-10-11T20:27:54","modified_gmt":"2022-10-11T20:27:54","slug":"el-patentamiento-de-maquinaria-agricola-crecio-un-192-interanual","status":"publish","type":"post","link":"https:\/\/www.noticiasradioreflejos.com.ar\/2021\/el-patentamiento-de-maquinaria-agricola-crecio-un-192-interanual\/","title":{"rendered":"El patentamiento de maquinaria agr\u00edcola creci\u00f3 un 19,2% interanual"},"content":{"rendered":"<p>Se registraron 6.159 unidades, aunque en septiembre de 2022 la compra de cosechadoras, tractores y pulverizadoras baj\u00f3 un 13,3% en relaci\u00f3n al mismo mes de 2021 y un 19% si se compara con las operaciones realizadas en agosto de este a\u00f1o.<!--more--><\/p>\n<figure class=\"mb-3\"><img decoding=\"async\" src=\"https:\/\/www.telam.com.ar\/thumbs\/bluesteel\/advf\/imagenes\/2022\/02\/620902972f066_900.jpg\" alt=\"El ltimo trimestre puede ser clave en la recuperacin del sector de ventas de maquinaria agrcola Foto Pablo Aeli\" width=\"100%\" height=\"100%\" \/><\/p>\n<div class=\"media-icons\"><\/div><figcaption>El \u00faltimo trimestre puede ser clave en la recuperaci\u00f3n del sector de ventas de maquinaria agr\u00edcola \/ Foto: Pablo A\u00f1eli.<\/figcaption><\/figure>\n<p>El patentamiento de maquinaria agr\u00edcola<strong>\u00a0alcanz\u00f3 en los primeros nueve meses del a\u00f1o a 6.159 unidades, un 19,2% m\u00e1s que en el mismo per\u00edodo de 2021,<\/strong>\u00a0inform\u00f3 este martes la Asociaci\u00f3n de Concesionarios de Automotores de la Rep\u00fablica Argentina (Acara).<\/p>\n<p>La Divisi\u00f3n de Maquinaria Agr\u00edcola de la entidad se\u00f1al\u00f3 que\u00a0<strong>en septiembre los patentamientos de cosechadoras, tractores y pulverizadoras fueron de 709 casos, con una baja del 13,3% interanual y del 19% en comparaci\u00f3n con agosto.<\/strong><\/p>\n<p>\u00abVemos un mes de septiembre que,<strong>\u00a0por primera vez en el a\u00f1o, nos muestra peores n\u00fameros que el mismo mes del 2021&#8243;,<\/strong>\u00a0destac\u00f3 Acara, en un comunicado en el que se pregunt\u00f3 si \u00abesta baja es una ca\u00edda temporal o es un cambio de tendencia\u00bb.<\/p>\n<p>Al respecto, sostuvo que\u00a0<strong>el descenso en el mes pasado fue \u00abesperable\u00bb debido a \u00ablas consecuencias de las medidas tomadas al momento de asumir (el ministro de Econom\u00eda) Sergio Massa,<\/strong>\u00a0principalmente por restricciones a la importaci\u00f3n en todos los rubros, que implica faltante de insumos para la producci\u00f3n nacional\u00bb.<\/p>\n<h2 class=\"\">El \u00faltimo trimestre<\/h2>\n<p>Asimismo,<strong>\u00a0los inconvenientes que hubo en la provisi\u00f3n de neum\u00e1ticos por el conflicto entre las empresas y el sindicato del sector<\/strong>\u00a0\u00abtambi\u00e9n afect\u00f3 a la maquinaria agr\u00edcola\u00bb, indic\u00f3.<\/p>\n<p>\u00abQueda un \u00faltimo trimestre en juego para un 2022 de crecimiento que, aparentemente por la macro y el clima seco,\u00a0<strong>culminar\u00eda moderando sus n\u00fameros para cerrar levemente por encima del a\u00f1o pasado\u00bb<\/strong>, complet\u00f3.<\/p>\n<p>El mes pasado se patentaron 49 cosechadoras,\u00a0<strong>una baja del 43% comparado contra las 86 unidades de agosto y baja del 30% si la comparaci\u00f3n es interanual,<\/strong>\u00a0ya que en septiembre de 2021 se hab\u00edan registrado 70 unidades.<\/p>\n<p>En cuota de mercado,\u00a0<strong>John Deere mantuvo el liderazgo con el 46% del total,<\/strong>\u00a0seguido por Case con 24% y New Holland con 18%.<\/p>\n<p>En lo que respecta a\u00a0<strong>tractores, se patentaron 596 unidades, con una baja del 15,1%\u00a0<\/strong>comparado con las 702 unidades de agosto y del 10,4% si la comparaci\u00f3n es interanual, ya que en septiembre de 2021 se hab\u00edan registrado 665 unidades.<\/p>\n<blockquote class=\"\"><p>\u00abVemos un mes de septiembre que,\u00a0por primera vez en el a\u00f1o, nos muestra peores n\u00fameros que el mismo mes del 2021\u00bb<strong>,<\/strong>\u00a0destac\u00f3 Acara, en un comunicado en el que se pregunt\u00f3 si \u00abesta baja es una ca\u00edda temporal o es un cambio de tendencia\u00bb<\/p><\/blockquote>\n<p>.<\/p>\n<p><strong>John Deere encabeza las posiciones con el 32%<\/strong>, seguido por Pauny con 22%, New Holland con 15%, perdiendo un punto respecto de \u00faltimos meses, y Case con 14%.<\/p>\n<p>En cuanto a pulverizadoras,<strong>\u00a0se patentaron 64 unidades, con una baja del 26,4% en relaci\u00f3n con las 87 unidades de agosto<\/strong>,\u00a0<strong>y una baja del 22,9% respecto del septiembre de 2021<\/strong>\u00a0cuando se hab\u00edan registrado 83 unidades.<\/p>\n<p>El mercado\u00a0<strong>lo lider\u00f3 PLA con el 35%, un punto porcentual menos que en agosto\u00a0<\/strong>que qued\u00f3 ahora en manos de Metalfor, que pas\u00f3 a tener 27%, mientras que Caiman con el 15% complet\u00f3 el podio.<\/p>\n","protected":false},"excerpt":{"rendered":"<p>Se registraron 6.159 unidades, aunque en septiembre de 2022 la compra de cosechadoras, tractores y pulverizadoras baj\u00f3 un 13,3% en relaci\u00f3n al mismo mes de 2021 y un 19% si se compara con las operaciones realizadas en agosto de este a\u00f1o.<\/p>\n","protected":false},"author":3,"featured_media":0,"comment_status":"closed","ping_status":"closed","sticky":false,"template":"","format":"standard","meta":{"footnotes":""},"categories":[36],"tags":[],"class_list":["post-78752","post","type-post","status-publish","format-standard","hentry","category-economia"],"yoast_head":"<!-- This site is optimized with the Yoast SEO plugin v25.9 - https:\/\/yoast.com\/wordpress\/plugins\/seo\/ -->\n<title>El patentamiento de maquinaria agr\u00edcola creci\u00f3 un 19,2% interanual - Noticias Radio Reflejos<\/title>\n<meta name=\"robots\" content=\"index, follow, max-snippet:-1, max-image-preview:large, max-video-preview:-1\" \/>\n<link rel=\"canonical\" href=\"https:\/\/www.noticiasradioreflejos.com.ar\/2021\/el-patentamiento-de-maquinaria-agricola-crecio-un-192-interanual\/\" \/>\n<meta property=\"og:locale\" content=\"es_ES\" \/>\n<meta property=\"og:type\" content=\"article\" \/>\n<meta property=\"og:title\" content=\"El patentamiento de maquinaria agr\u00edcola creci\u00f3 un 19,2% interanual - Noticias Radio Reflejos\" \/>\n<meta property=\"og:description\" content=\"Se registraron 6.159 unidades, aunque en septiembre de 2022 la compra de cosechadoras, tractores y pulverizadoras baj\u00f3 un 13,3% en relaci\u00f3n al mismo mes de 2021 y un 19% si se compara con las operaciones realizadas en agosto de este a\u00f1o.\" \/>\n<meta property=\"og:url\" content=\"https:\/\/www.noticiasradioreflejos.com.ar\/2021\/el-patentamiento-de-maquinaria-agricola-crecio-un-192-interanual\/\" \/>\n<meta property=\"og:site_name\" content=\"Noticias Radio Reflejos\" \/>\n<meta property=\"article:published_time\" content=\"2022-10-11T20:27:54+00:00\" \/>\n<meta property=\"og:image\" content=\"https:\/\/www.telam.com.ar\/thumbs\/bluesteel\/advf\/imagenes\/2022\/02\/620902972f066_900.jpg\" \/>\n<meta name=\"author\" content=\"Arnaldo Botto\" \/>\n<meta name=\"twitter:card\" content=\"summary_large_image\" \/>\n<script type=\"application\/ld+json\" class=\"yoast-schema-graph\">{\"@context\":\"https:\/\/schema.org\",\"@graph\":[{\"@type\":\"WebPage\",\"@id\":\"https:\/\/www.noticiasradioreflejos.com.ar\/2021\/el-patentamiento-de-maquinaria-agricola-crecio-un-192-interanual\/\",\"url\":\"https:\/\/www.noticiasradioreflejos.com.ar\/2021\/el-patentamiento-de-maquinaria-agricola-crecio-un-192-interanual\/\",\"name\":\"El patentamiento de maquinaria agr\u00edcola creci\u00f3 un 19,2% interanual - Noticias Radio Reflejos\",\"isPartOf\":{\"@id\":\"https:\/\/www.noticiasradioreflejos.com.ar\/2021\/#website\"},\"primaryImageOfPage\":{\"@id\":\"https:\/\/www.noticiasradioreflejos.com.ar\/2021\/el-patentamiento-de-maquinaria-agricola-crecio-un-192-interanual\/#primaryimage\"},\"image\":{\"@id\":\"https:\/\/www.noticiasradioreflejos.com.ar\/2021\/el-patentamiento-de-maquinaria-agricola-crecio-un-192-interanual\/#primaryimage\"},\"thumbnailUrl\":\"https:\/\/www.telam.com.ar\/thumbs\/bluesteel\/advf\/imagenes\/2022\/02\/620902972f066_900.jpg\",\"datePublished\":\"2022-10-11T20:27:54+00:00\",\"author\":{\"@id\":\"https:\/\/www.noticiasradioreflejos.com.ar\/2021\/#\/schema\/person\/ad82545263dcc5ec0996818884fd5fb1\"},\"breadcrumb\":{\"@id\":\"https:\/\/www.noticiasradioreflejos.com.ar\/2021\/el-patentamiento-de-maquinaria-agricola-crecio-un-192-interanual\/#breadcrumb\"},\"inLanguage\":\"es\",\"potentialAction\":[{\"@type\":\"ReadAction\",\"target\":[\"https:\/\/www.noticiasradioreflejos.com.ar\/2021\/el-patentamiento-de-maquinaria-agricola-crecio-un-192-interanual\/\"]}]},{\"@type\":\"ImageObject\",\"inLanguage\":\"es\",\"@id\":\"https:\/\/www.noticiasradioreflejos.com.ar\/2021\/el-patentamiento-de-maquinaria-agricola-crecio-un-192-interanual\/#primaryimage\",\"url\":\"https:\/\/www.telam.com.ar\/thumbs\/bluesteel\/advf\/imagenes\/2022\/02\/620902972f066_900.jpg\",\"contentUrl\":\"https:\/\/www.telam.com.ar\/thumbs\/bluesteel\/advf\/imagenes\/2022\/02\/620902972f066_900.jpg\"},{\"@type\":\"BreadcrumbList\",\"@id\":\"https:\/\/www.noticiasradioreflejos.com.ar\/2021\/el-patentamiento-de-maquinaria-agricola-crecio-un-192-interanual\/#breadcrumb\",\"itemListElement\":[{\"@type\":\"ListItem\",\"position\":1,\"name\":\"Portada\",\"item\":\"https:\/\/www.noticiasradioreflejos.com.ar\/2021\/\"},{\"@type\":\"ListItem\",\"position\":2,\"name\":\"El patentamiento de maquinaria agr\u00edcola creci\u00f3 un 19,2% interanual\"}]},{\"@type\":\"WebSite\",\"@id\":\"https:\/\/www.noticiasradioreflejos.com.ar\/2021\/#website\",\"url\":\"https:\/\/www.noticiasradioreflejos.com.ar\/2021\/\",\"name\":\"Noticias Radio Reflejos\",\"description\":\"Las noticias de mi comarca\",\"potentialAction\":[{\"@type\":\"SearchAction\",\"target\":{\"@type\":\"EntryPoint\",\"urlTemplate\":\"https:\/\/www.noticiasradioreflejos.com.ar\/2021\/?s={search_term_string}\"},\"query-input\":{\"@type\":\"PropertyValueSpecification\",\"valueRequired\":true,\"valueName\":\"search_term_string\"}}],\"inLanguage\":\"es\"},{\"@type\":\"Person\",\"@id\":\"https:\/\/www.noticiasradioreflejos.com.ar\/2021\/#\/schema\/person\/ad82545263dcc5ec0996818884fd5fb1\",\"name\":\"Arnaldo Botto\",\"image\":{\"@type\":\"ImageObject\",\"inLanguage\":\"es\",\"@id\":\"https:\/\/www.noticiasradioreflejos.com.ar\/2021\/#\/schema\/person\/image\/\",\"url\":\"https:\/\/secure.gravatar.com\/avatar\/55cb5e37c1efa326397366e6974cb338056df65cb50e7d64d1cf314e87504837?s=96&d=mm&r=g\",\"contentUrl\":\"https:\/\/secure.gravatar.com\/avatar\/55cb5e37c1efa326397366e6974cb338056df65cb50e7d64d1cf314e87504837?s=96&d=mm&r=g\",\"caption\":\"Arnaldo Botto\"},\"url\":\"https:\/\/www.noticiasradioreflejos.com.ar\/2021\/author\/arnaldo\/\"}]}<\/script>\n<!-- \/ Yoast SEO plugin. -->","yoast_head_json":{"title":"El patentamiento de maquinaria agr\u00edcola creci\u00f3 un 19,2% interanual - Noticias Radio Reflejos","robots":{"index":"index","follow":"follow","max-snippet":"max-snippet:-1","max-image-preview":"max-image-preview:large","max-video-preview":"max-video-preview:-1"},"canonical":"https:\/\/www.noticiasradioreflejos.com.ar\/2021\/el-patentamiento-de-maquinaria-agricola-crecio-un-192-interanual\/","og_locale":"es_ES","og_type":"article","og_title":"El patentamiento de maquinaria agr\u00edcola creci\u00f3 un 19,2% interanual - Noticias Radio Reflejos","og_description":"Se registraron 6.159 unidades, aunque en septiembre de 2022 la compra de cosechadoras, tractores y pulverizadoras baj\u00f3 un 13,3% en relaci\u00f3n al mismo mes de 2021 y un 19% si se compara con las operaciones realizadas en agosto de este a\u00f1o.","og_url":"https:\/\/www.noticiasradioreflejos.com.ar\/2021\/el-patentamiento-de-maquinaria-agricola-crecio-un-192-interanual\/","og_site_name":"Noticias Radio Reflejos","article_published_time":"2022-10-11T20:27:54+00:00","og_image":[{"url":"https:\/\/www.telam.com.ar\/thumbs\/bluesteel\/advf\/imagenes\/2022\/02\/620902972f066_900.jpg","type":"","width":"","height":""}],"author":"Arnaldo Botto","twitter_card":"summary_large_image","schema":{"@context":"https:\/\/schema.org","@graph":[{"@type":"WebPage","@id":"https:\/\/www.noticiasradioreflejos.com.ar\/2021\/el-patentamiento-de-maquinaria-agricola-crecio-un-192-interanual\/","url":"https:\/\/www.noticiasradioreflejos.com.ar\/2021\/el-patentamiento-de-maquinaria-agricola-crecio-un-192-interanual\/","name":"El patentamiento de maquinaria agr\u00edcola creci\u00f3 un 19,2% interanual - Noticias Radio Reflejos","isPartOf":{"@id":"https:\/\/www.noticiasradioreflejos.com.ar\/2021\/#website"},"primaryImageOfPage":{"@id":"https:\/\/www.noticiasradioreflejos.com.ar\/2021\/el-patentamiento-de-maquinaria-agricola-crecio-un-192-interanual\/#primaryimage"},"image":{"@id":"https:\/\/www.noticiasradioreflejos.com.ar\/2021\/el-patentamiento-de-maquinaria-agricola-crecio-un-192-interanual\/#primaryimage"},"thumbnailUrl":"https:\/\/www.telam.com.ar\/thumbs\/bluesteel\/advf\/imagenes\/2022\/02\/620902972f066_900.jpg","datePublished":"2022-10-11T20:27:54+00:00","author":{"@id":"https:\/\/www.noticiasradioreflejos.com.ar\/2021\/#\/schema\/person\/ad82545263dcc5ec0996818884fd5fb1"},"breadcrumb":{"@id":"https:\/\/www.noticiasradioreflejos.com.ar\/2021\/el-patentamiento-de-maquinaria-agricola-crecio-un-192-interanual\/#breadcrumb"},"inLanguage":"es","potentialAction":[{"@type":"ReadAction","target":["https:\/\/www.noticiasradioreflejos.com.ar\/2021\/el-patentamiento-de-maquinaria-agricola-crecio-un-192-interanual\/"]}]},{"@type":"ImageObject","inLanguage":"es","@id":"https:\/\/www.noticiasradioreflejos.com.ar\/2021\/el-patentamiento-de-maquinaria-agricola-crecio-un-192-interanual\/#primaryimage","url":"https:\/\/www.telam.com.ar\/thumbs\/bluesteel\/advf\/imagenes\/2022\/02\/620902972f066_900.jpg","contentUrl":"https:\/\/www.telam.com.ar\/thumbs\/bluesteel\/advf\/imagenes\/2022\/02\/620902972f066_900.jpg"},{"@type":"BreadcrumbList","@id":"https:\/\/www.noticiasradioreflejos.com.ar\/2021\/el-patentamiento-de-maquinaria-agricola-crecio-un-192-interanual\/#breadcrumb","itemListElement":[{"@type":"ListItem","position":1,"name":"Portada","item":"https:\/\/www.noticiasradioreflejos.com.ar\/2021\/"},{"@type":"ListItem","position":2,"name":"El patentamiento de maquinaria agr\u00edcola creci\u00f3 un 19,2% interanual"}]},{"@type":"WebSite","@id":"https:\/\/www.noticiasradioreflejos.com.ar\/2021\/#website","url":"https:\/\/www.noticiasradioreflejos.com.ar\/2021\/","name":"Noticias Radio Reflejos","description":"Las noticias de mi comarca","potentialAction":[{"@type":"SearchAction","target":{"@type":"EntryPoint","urlTemplate":"https:\/\/www.noticiasradioreflejos.com.ar\/2021\/?s={search_term_string}"},"query-input":{"@type":"PropertyValueSpecification","valueRequired":true,"valueName":"search_term_string"}}],"inLanguage":"es"},{"@type":"Person","@id":"https:\/\/www.noticiasradioreflejos.com.ar\/2021\/#\/schema\/person\/ad82545263dcc5ec0996818884fd5fb1","name":"Arnaldo Botto","image":{"@type":"ImageObject","inLanguage":"es","@id":"https:\/\/www.noticiasradioreflejos.com.ar\/2021\/#\/schema\/person\/image\/","url":"https:\/\/secure.gravatar.com\/avatar\/55cb5e37c1efa326397366e6974cb338056df65cb50e7d64d1cf314e87504837?s=96&d=mm&r=g","contentUrl":"https:\/\/secure.gravatar.com\/avatar\/55cb5e37c1efa326397366e6974cb338056df65cb50e7d64d1cf314e87504837?s=96&d=mm&r=g","caption":"Arnaldo Botto"},"url":"https:\/\/www.noticiasradioreflejos.com.ar\/2021\/author\/arnaldo\/"}]}},"_links":{"self":[{"href":"https:\/\/www.noticiasradioreflejos.com.ar\/2021\/wp-json\/wp\/v2\/posts\/78752","targetHints":{"allow":["GET"]}}],"collection":[{"href":"https:\/\/www.noticiasradioreflejos.com.ar\/2021\/wp-json\/wp\/v2\/posts"}],"about":[{"href":"https:\/\/www.noticiasradioreflejos.com.ar\/2021\/wp-json\/wp\/v2\/types\/post"}],"author":[{"embeddable":true,"href":"https:\/\/www.noticiasradioreflejos.com.ar\/2021\/wp-json\/wp\/v2\/users\/3"}],"replies":[{"embeddable":true,"href":"https:\/\/www.noticiasradioreflejos.com.ar\/2021\/wp-json\/wp\/v2\/comments?post=78752"}],"version-history":[{"count":1,"href":"https:\/\/www.noticiasradioreflejos.com.ar\/2021\/wp-json\/wp\/v2\/posts\/78752\/revisions"}],"predecessor-version":[{"id":78754,"href":"https:\/\/www.noticiasradioreflejos.com.ar\/2021\/wp-json\/wp\/v2\/posts\/78752\/revisions\/78754"}],"wp:attachment":[{"href":"https:\/\/www.noticiasradioreflejos.com.ar\/2021\/wp-json\/wp\/v2\/media?parent=78752"}],"wp:term":[{"taxonomy":"category","embeddable":true,"href":"https:\/\/www.noticiasradioreflejos.com.ar\/2021\/wp-json\/wp\/v2\/categories?post=78752"},{"taxonomy":"post_tag","embeddable":true,"href":"https:\/\/www.noticiasradioreflejos.com.ar\/2021\/wp-json\/wp\/v2\/tags?post=78752"}],"curies":[{"name":"wp","href":"https:\/\/api.w.org\/{rel}","templated":true}]}}