{"id":78749,"date":"2022-10-11T20:24:33","date_gmt":"2022-10-11T20:24:33","guid":{"rendered":"http:\/\/www.noticiasradioreflejos.com.ar\/2021\/?p=78749"},"modified":"2022-10-11T20:24:33","modified_gmt":"2022-10-11T20:24:33","slug":"el-fmi-preve-que-la-economia-argentina-sera-una-de-las-que-mas-crecera-en-2023","status":"publish","type":"post","link":"https:\/\/www.noticiasradioreflejos.com.ar\/2021\/el-fmi-preve-que-la-economia-argentina-sera-una-de-las-que-mas-crecera-en-2023\/","title":{"rendered":"El FMI prev\u00e9 que la econom\u00eda argentina ser\u00e1 una de las que m\u00e1s crecer\u00e1 en 2023"},"content":{"rendered":"<p>El organismo financiero confirm\u00f3, durante el World Economic Outlook, las proyecciones del 4% de crecimiento este a\u00f1o y un 2% el pr\u00f3ximo, por debajo de China (4,4%) India (6,1%) y Araba Saudita (3,7%), en un contexto mundial de alta inflaci\u00f3n y desaceleraci\u00f3n econ\u00f3mica.<!--more--><\/p>\n<figure class=\"mb-3\"><img decoding=\"async\" src=\"https:\/\/www.telam.com.ar\/thumbs\/bluesteel\/advf\/imagenes\/2022\/10\/6345933bce5c0_900.jpg\" alt=\"El FMI mantiene proyecciones de crecimiento de Argentina Foto FMI\" width=\"100%\" height=\"100%\" \/><\/p>\n<div class=\"media-icons\"><\/div><figcaption>El FMI mantiene proyecciones de crecimiento de Argentina \/ Foto: FMI<\/figcaption><\/figure>\n<p>El Fondo Monetario Internacional (FMI) mantuvo las proyecciones econ\u00f3micas para la Argentina, al estimar que crecer\u00e1 4% en 2022 y 2% en 2023, en un contexto de fuerte desaceleraci\u00f3n global.<\/p>\n<p>Los datos fueron dados a conocer hoy en Washington, un d\u00eda antes de la\u00a0<a href=\"https:\/\/www.telam.com.ar\/notas\/202210\/606941-sergio-massa-washington-fmi-cumbre-del-g20.html\" target=\"_blank\" rel=\"noopener\">visita del ministro de Econom\u00eda, Sergio Massa<\/a>, a la capital de EEUU para participar de la Asamblea Anual del FMI y del Banco Mundial, y tras la aprobaci\u00f3n del viernes \u00faltimo a la segunda revisi\u00f3n del programa que la Argentina tiene con el organismo, que gatill\u00f3 inmediatamente un\u00a0<strong>desembolso de US$ 3.800 millones para el pa\u00eds, que desde este martes se computar\u00e1n en las cuentas de las reservas.<\/strong><\/p>\n<p>Massa, quien viaja a la capital estadounidense hasta el 14 de octubre, estar\u00e1 acompa\u00f1ado por el secretario de Programaci\u00f3n Econ\u00f3mica,\u00a0<strong>Gabriel Rubinstein<\/strong>; el jefe de Asesores del Palacio de Hacienda,\u00a0<strong>Leonardo Madcur<\/strong>; el titular del Indec,\u00a0<strong>Marco Lavagna<\/strong>, y el asesor en temas internacionales\u00a0<strong>Gustavo Mart\u00ednez Pandiani<\/strong>, entre otros.<\/p>\n<h2 class=\"\">La agenda de Massa en EEUU<\/h2>\n<p>La agenda de trabajo incluye actividades en el marco del G20 como la reuni\u00f3n ministerial y un encuentro cerrado promovido por India, pa\u00eds que tendr\u00e1 la Presidencia del Grupo el pr\u00f3ximo a\u00f1o.<\/p>\n<p>En el FMI y el BM, Massa tiene previsto participar de las reuniones de trabajo del Comit\u00e9 Monetario y Financiero Internacional, como tambi\u00e9n de las actividades en el marco del Comit\u00e9 de Desarrollo.<\/p>\n<p>En Washington, Massa mantendr\u00e1 encuentros con autoridades econ\u00f3micas de Am\u00e9rica del Sur y M\u00e9xico organizados por Ilan Goldfajn, director del Departamento del Hemisferio Occidental del FMI, as\u00ed como una sesi\u00f3n de trabajo bilateral con Gita Gopinath, subdirectora gerente del organismo multilateral de cr\u00e9dito.<\/p>\n<p>Tambi\u00e9n est\u00e1n previstas reuniones bilaterales con Rogelio Ram\u00edrez de la O, secretario de Hacienda de M\u00e9xico; Nureddin Nebati, ministro de Finanzas de Turqu\u00eda; Nadia Calvi\u00f1o Santamar\u00eda, vicepresidenta de Gobierno y ministra de Asuntos Econ\u00f3micos de Espa\u00f1a; Pascal Saint-Amans, presidente del Comit\u00e9 Asuntos Fiscales de OCDE; Paulo Guedes, ministro de Econom\u00eda de Brasil; Paolo Gentiloni, comisario de Econom\u00eda de la Uni\u00f3n Europea, y con autoridades del Banco Europeo de Inversiones (BEI).<\/p>\n<p>Asimismo, Massa participar\u00e1 en el conversatorio de Ministros de Finanzas organizado por el Banco Interamericano de Desarrollo (BID) en el marco del 56\u00ba encuentro de la Red de Bancos Centrales y Ministerios de Finanzas de Am\u00e9rica Latina y el Caribe junto a Ram\u00edrez de la O, Mario Marcel (ministro de Hacienda de Chile), Jos\u00e9 Antonio Ocampo (ministro de Hacienda de Colombia) y Azucena Arbeleche (ministra de Econom\u00eda del Uruguay).<\/p>\n<p>Finalmente, tendr\u00e1 un encuentro de trabajo con\u00a0<strong>representantes del gobierno de Estados Unidos<\/strong>\u00a0y con ejecutivos de empresas estadounidenses con negocios e inversiones productivas en la Argentina, organizado por el Atlantic Council, uno de los think tanks locales m\u00e1s influyentes a nivel global.<\/p>\n<h2 class=\"\">Las proyecciones del Fondo<\/h2>\n<p>Este martes, el economista jefe del FMI, Pierre-Olivier Gourinchas, encabez\u00f3 la presentaci\u00f3n del World Economic Outlook (WEO).<\/p>\n<p>El informe prev\u00e9 que\u00a0<strong>la econom\u00eda argentina afrontar\u00e1 una inflaci\u00f3n de 95% para 2022 y de 60% para 2023, en l\u00ednea con las proyecciones del Gobierno estipuladas en el proyecto de Presupuesto 2023<\/strong>, y en el marco del acuerdo que el pa\u00eds mantiene con el FMI.<\/p>\n<figure class=\"mb-3\"><img decoding=\"async\" src=\"https:\/\/www.telam.com.ar\/thumbs\/bluesteel\/advf\/imagenes\/editadas\/6345b72cc262d_900.jpg\" alt=\"Telam SE\" width=\"100%\" height=\"100%\" \/><\/p>\n<div class=\"media-icons\"><\/div><figcaption><\/figcaption><\/figure>\n<p>El WEO proyecta para la Argentina un crecimiento de 4% para 2022 y de 2% en 2023, de lo que se desprende que\u00a0<strong>el pa\u00eds podr\u00eda ser una de las econom\u00edas que m\u00e1s crecer\u00eda el a\u00f1o pr\u00f3ximo, por debajo de China (4,4%) India (6,1%) y Araba Saudita (3,7%).<\/strong><\/p>\n<p>Esta situaci\u00f3n se dar\u00eda a\u00fan con la esperada baja de los precios de los commodities para el a\u00f1o pr\u00f3ximo estimada por el organismo internacional.<\/p>\n<p>A nivel global, seg\u00fan las proyecciones del FMI, Estados Unidos crecer\u00e1 apenas 1% y Jap\u00f3n 1,6%; mientras que en Europa, Alemania decrecer\u00e1 0,3%, Francia se expandir\u00e1 0,7% y Gran Breta\u00f1a 0,3%, entre las econom\u00edas m\u00e1s destacadas.<\/p>\n<p>\u00ab<a href=\"https:\/\/www.telam.com.ar\/notas\/202210\/607480-fmi-economia-argentina.html\" target=\"_blank\" rel=\"noopener\">La econom\u00eda global est\u00e1 experimentando una serie de desaf\u00edos turbulentos<\/a>. Una inflaci\u00f3n m\u00e1s alta que la vista en varias d\u00e9cadas, el endurecimiento de las condiciones financieras en la mayor\u00eda de las regiones, la invasi\u00f3n rusa de Ucrania y la persistente pandemia de Covid-19 pesan mucho en las perspectivas\u00bb, seg\u00fan resume el informe.<\/p>\n<p>En consecuencia,<strong>\u00a0\u00abse prev\u00e9 que el crecimiento mundial se desacelere del 6 % en 2021 al 3,2 % en 2022 y al 2,7 % en 2023\u00bb<\/strong>, en sinton\u00eda con la actualizaci\u00f3n de julio \u00faltimo para las proyecciones en 2022, aunque para 2023 se espera una desaceleraci\u00f3n mayor (0,2 puntos menos de crecimiento respecto de hace tres meses).<\/p>\n<p>Para el FMI, \u00abeste es el perfil de crecimiento m\u00e1s d\u00e9bil desde 2001, excepto por la crisis financiera mundial y la fase aguda de la pandemia de Covid-19, y refleja una desaceleraci\u00f3n significativa para las econom\u00edas m\u00e1s grandes: una contracci\u00f3n del PIB de EEUU en la primera mitad de 2022, una contracci\u00f3n de la zona del euro en la segunda mitad de 2022 y brotes y bloqueos prolongados de Covid-19 en China con una creciente crisis del sector inmobiliario\u00bb, expres\u00f3 sobre la econom\u00eda global.<\/p>\n<p>Para Am\u00e9rica latina, espera un crecimiento de las econom\u00edas de la regi\u00f3n de 3,5% para 2022 y de 1,7%. \u00abEs una regi\u00f3n que est\u00e1 expuesta a los precios de los commodities y la suba de tasas de inter\u00e9s, pero que\u00a0<strong>en algunos pa\u00edses tambi\u00e9n depende del turismo. Es muy heterog\u00e9nea<\/strong>\u00ab, sostuvo Petya Koeva Brooks, subdirectora del departamento de Investigaci\u00f3n del FMI, en conferencia de prensa.<\/p>\n","protected":false},"excerpt":{"rendered":"<p>El organismo financiero confirm\u00f3, durante el World Economic Outlook, las proyecciones del 4% de crecimiento este a\u00f1o y un 2% el pr\u00f3ximo, por debajo de China (4,4%) India (6,1%) y Araba Saudita (3,7%), en un contexto mundial de alta inflaci\u00f3n y desaceleraci\u00f3n econ\u00f3mica.<\/p>\n","protected":false},"author":3,"featured_media":0,"comment_status":"closed","ping_status":"closed","sticky":false,"template":"","format":"standard","meta":{"footnotes":""},"categories":[36],"tags":[],"class_list":["post-78749","post","type-post","status-publish","format-standard","hentry","category-economia"],"yoast_head":"<!-- This site is optimized with the Yoast SEO plugin v25.9 - https:\/\/yoast.com\/wordpress\/plugins\/seo\/ -->\n<title>El FMI prev\u00e9 que la econom\u00eda argentina ser\u00e1 una de las que m\u00e1s crecer\u00e1 en 2023 - Noticias Radio Reflejos<\/title>\n<meta name=\"robots\" content=\"index, follow, max-snippet:-1, max-image-preview:large, max-video-preview:-1\" \/>\n<link rel=\"canonical\" href=\"https:\/\/www.noticiasradioreflejos.com.ar\/2021\/el-fmi-preve-que-la-economia-argentina-sera-una-de-las-que-mas-crecera-en-2023\/\" \/>\n<meta property=\"og:locale\" content=\"es_ES\" \/>\n<meta property=\"og:type\" content=\"article\" \/>\n<meta property=\"og:title\" content=\"El FMI prev\u00e9 que la econom\u00eda argentina ser\u00e1 una de las que m\u00e1s crecer\u00e1 en 2023 - Noticias Radio Reflejos\" \/>\n<meta property=\"og:description\" content=\"El organismo financiero confirm\u00f3, durante el World Economic Outlook, las proyecciones del 4% de crecimiento este a\u00f1o y un 2% el pr\u00f3ximo, por debajo de China (4,4%) India (6,1%) y Araba Saudita (3,7%), en un contexto mundial de alta inflaci\u00f3n y desaceleraci\u00f3n econ\u00f3mica.\" \/>\n<meta property=\"og:url\" content=\"https:\/\/www.noticiasradioreflejos.com.ar\/2021\/el-fmi-preve-que-la-economia-argentina-sera-una-de-las-que-mas-crecera-en-2023\/\" \/>\n<meta property=\"og:site_name\" content=\"Noticias Radio Reflejos\" \/>\n<meta property=\"article:published_time\" content=\"2022-10-11T20:24:33+00:00\" \/>\n<meta property=\"og:image\" content=\"https:\/\/www.telam.com.ar\/thumbs\/bluesteel\/advf\/imagenes\/2022\/10\/6345933bce5c0_900.jpg\" \/>\n<meta name=\"author\" content=\"Arnaldo Botto\" \/>\n<meta name=\"twitter:card\" content=\"summary_large_image\" \/>\n<script type=\"application\/ld+json\" class=\"yoast-schema-graph\">{\"@context\":\"https:\/\/schema.org\",\"@graph\":[{\"@type\":\"WebPage\",\"@id\":\"https:\/\/www.noticiasradioreflejos.com.ar\/2021\/el-fmi-preve-que-la-economia-argentina-sera-una-de-las-que-mas-crecera-en-2023\/\",\"url\":\"https:\/\/www.noticiasradioreflejos.com.ar\/2021\/el-fmi-preve-que-la-economia-argentina-sera-una-de-las-que-mas-crecera-en-2023\/\",\"name\":\"El FMI prev\u00e9 que la econom\u00eda argentina ser\u00e1 una de las que m\u00e1s crecer\u00e1 en 2023 - Noticias Radio Reflejos\",\"isPartOf\":{\"@id\":\"https:\/\/www.noticiasradioreflejos.com.ar\/2021\/#website\"},\"primaryImageOfPage\":{\"@id\":\"https:\/\/www.noticiasradioreflejos.com.ar\/2021\/el-fmi-preve-que-la-economia-argentina-sera-una-de-las-que-mas-crecera-en-2023\/#primaryimage\"},\"image\":{\"@id\":\"https:\/\/www.noticiasradioreflejos.com.ar\/2021\/el-fmi-preve-que-la-economia-argentina-sera-una-de-las-que-mas-crecera-en-2023\/#primaryimage\"},\"thumbnailUrl\":\"https:\/\/www.telam.com.ar\/thumbs\/bluesteel\/advf\/imagenes\/2022\/10\/6345933bce5c0_900.jpg\",\"datePublished\":\"2022-10-11T20:24:33+00:00\",\"author\":{\"@id\":\"https:\/\/www.noticiasradioreflejos.com.ar\/2021\/#\/schema\/person\/ad82545263dcc5ec0996818884fd5fb1\"},\"breadcrumb\":{\"@id\":\"https:\/\/www.noticiasradioreflejos.com.ar\/2021\/el-fmi-preve-que-la-economia-argentina-sera-una-de-las-que-mas-crecera-en-2023\/#breadcrumb\"},\"inLanguage\":\"es\",\"potentialAction\":[{\"@type\":\"ReadAction\",\"target\":[\"https:\/\/www.noticiasradioreflejos.com.ar\/2021\/el-fmi-preve-que-la-economia-argentina-sera-una-de-las-que-mas-crecera-en-2023\/\"]}]},{\"@type\":\"ImageObject\",\"inLanguage\":\"es\",\"@id\":\"https:\/\/www.noticiasradioreflejos.com.ar\/2021\/el-fmi-preve-que-la-economia-argentina-sera-una-de-las-que-mas-crecera-en-2023\/#primaryimage\",\"url\":\"https:\/\/www.telam.com.ar\/thumbs\/bluesteel\/advf\/imagenes\/2022\/10\/6345933bce5c0_900.jpg\",\"contentUrl\":\"https:\/\/www.telam.com.ar\/thumbs\/bluesteel\/advf\/imagenes\/2022\/10\/6345933bce5c0_900.jpg\"},{\"@type\":\"BreadcrumbList\",\"@id\":\"https:\/\/www.noticiasradioreflejos.com.ar\/2021\/el-fmi-preve-que-la-economia-argentina-sera-una-de-las-que-mas-crecera-en-2023\/#breadcrumb\",\"itemListElement\":[{\"@type\":\"ListItem\",\"position\":1,\"name\":\"Portada\",\"item\":\"https:\/\/www.noticiasradioreflejos.com.ar\/2021\/\"},{\"@type\":\"ListItem\",\"position\":2,\"name\":\"El FMI prev\u00e9 que la econom\u00eda argentina ser\u00e1 una de las que m\u00e1s crecer\u00e1 en 2023\"}]},{\"@type\":\"WebSite\",\"@id\":\"https:\/\/www.noticiasradioreflejos.com.ar\/2021\/#website\",\"url\":\"https:\/\/www.noticiasradioreflejos.com.ar\/2021\/\",\"name\":\"Noticias Radio Reflejos\",\"description\":\"Las noticias de mi comarca\",\"potentialAction\":[{\"@type\":\"SearchAction\",\"target\":{\"@type\":\"EntryPoint\",\"urlTemplate\":\"https:\/\/www.noticiasradioreflejos.com.ar\/2021\/?s={search_term_string}\"},\"query-input\":{\"@type\":\"PropertyValueSpecification\",\"valueRequired\":true,\"valueName\":\"search_term_string\"}}],\"inLanguage\":\"es\"},{\"@type\":\"Person\",\"@id\":\"https:\/\/www.noticiasradioreflejos.com.ar\/2021\/#\/schema\/person\/ad82545263dcc5ec0996818884fd5fb1\",\"name\":\"Arnaldo Botto\",\"image\":{\"@type\":\"ImageObject\",\"inLanguage\":\"es\",\"@id\":\"https:\/\/www.noticiasradioreflejos.com.ar\/2021\/#\/schema\/person\/image\/\",\"url\":\"https:\/\/secure.gravatar.com\/avatar\/55cb5e37c1efa326397366e6974cb338056df65cb50e7d64d1cf314e87504837?s=96&d=mm&r=g\",\"contentUrl\":\"https:\/\/secure.gravatar.com\/avatar\/55cb5e37c1efa326397366e6974cb338056df65cb50e7d64d1cf314e87504837?s=96&d=mm&r=g\",\"caption\":\"Arnaldo Botto\"},\"url\":\"https:\/\/www.noticiasradioreflejos.com.ar\/2021\/author\/arnaldo\/\"}]}<\/script>\n<!-- \/ Yoast SEO plugin. -->","yoast_head_json":{"title":"El FMI prev\u00e9 que la econom\u00eda argentina ser\u00e1 una de las que m\u00e1s crecer\u00e1 en 2023 - Noticias Radio Reflejos","robots":{"index":"index","follow":"follow","max-snippet":"max-snippet:-1","max-image-preview":"max-image-preview:large","max-video-preview":"max-video-preview:-1"},"canonical":"https:\/\/www.noticiasradioreflejos.com.ar\/2021\/el-fmi-preve-que-la-economia-argentina-sera-una-de-las-que-mas-crecera-en-2023\/","og_locale":"es_ES","og_type":"article","og_title":"El FMI prev\u00e9 que la econom\u00eda argentina ser\u00e1 una de las que m\u00e1s crecer\u00e1 en 2023 - Noticias Radio Reflejos","og_description":"El organismo financiero confirm\u00f3, durante el World Economic Outlook, las proyecciones del 4% de crecimiento este a\u00f1o y un 2% el pr\u00f3ximo, por debajo de China (4,4%) India (6,1%) y Araba Saudita (3,7%), en un contexto mundial de alta inflaci\u00f3n y desaceleraci\u00f3n econ\u00f3mica.","og_url":"https:\/\/www.noticiasradioreflejos.com.ar\/2021\/el-fmi-preve-que-la-economia-argentina-sera-una-de-las-que-mas-crecera-en-2023\/","og_site_name":"Noticias Radio Reflejos","article_published_time":"2022-10-11T20:24:33+00:00","og_image":[{"url":"https:\/\/www.telam.com.ar\/thumbs\/bluesteel\/advf\/imagenes\/2022\/10\/6345933bce5c0_900.jpg","type":"","width":"","height":""}],"author":"Arnaldo Botto","twitter_card":"summary_large_image","schema":{"@context":"https:\/\/schema.org","@graph":[{"@type":"WebPage","@id":"https:\/\/www.noticiasradioreflejos.com.ar\/2021\/el-fmi-preve-que-la-economia-argentina-sera-una-de-las-que-mas-crecera-en-2023\/","url":"https:\/\/www.noticiasradioreflejos.com.ar\/2021\/el-fmi-preve-que-la-economia-argentina-sera-una-de-las-que-mas-crecera-en-2023\/","name":"El FMI prev\u00e9 que la econom\u00eda argentina ser\u00e1 una de las que m\u00e1s crecer\u00e1 en 2023 - Noticias Radio Reflejos","isPartOf":{"@id":"https:\/\/www.noticiasradioreflejos.com.ar\/2021\/#website"},"primaryImageOfPage":{"@id":"https:\/\/www.noticiasradioreflejos.com.ar\/2021\/el-fmi-preve-que-la-economia-argentina-sera-una-de-las-que-mas-crecera-en-2023\/#primaryimage"},"image":{"@id":"https:\/\/www.noticiasradioreflejos.com.ar\/2021\/el-fmi-preve-que-la-economia-argentina-sera-una-de-las-que-mas-crecera-en-2023\/#primaryimage"},"thumbnailUrl":"https:\/\/www.telam.com.ar\/thumbs\/bluesteel\/advf\/imagenes\/2022\/10\/6345933bce5c0_900.jpg","datePublished":"2022-10-11T20:24:33+00:00","author":{"@id":"https:\/\/www.noticiasradioreflejos.com.ar\/2021\/#\/schema\/person\/ad82545263dcc5ec0996818884fd5fb1"},"breadcrumb":{"@id":"https:\/\/www.noticiasradioreflejos.com.ar\/2021\/el-fmi-preve-que-la-economia-argentina-sera-una-de-las-que-mas-crecera-en-2023\/#breadcrumb"},"inLanguage":"es","potentialAction":[{"@type":"ReadAction","target":["https:\/\/www.noticiasradioreflejos.com.ar\/2021\/el-fmi-preve-que-la-economia-argentina-sera-una-de-las-que-mas-crecera-en-2023\/"]}]},{"@type":"ImageObject","inLanguage":"es","@id":"https:\/\/www.noticiasradioreflejos.com.ar\/2021\/el-fmi-preve-que-la-economia-argentina-sera-una-de-las-que-mas-crecera-en-2023\/#primaryimage","url":"https:\/\/www.telam.com.ar\/thumbs\/bluesteel\/advf\/imagenes\/2022\/10\/6345933bce5c0_900.jpg","contentUrl":"https:\/\/www.telam.com.ar\/thumbs\/bluesteel\/advf\/imagenes\/2022\/10\/6345933bce5c0_900.jpg"},{"@type":"BreadcrumbList","@id":"https:\/\/www.noticiasradioreflejos.com.ar\/2021\/el-fmi-preve-que-la-economia-argentina-sera-una-de-las-que-mas-crecera-en-2023\/#breadcrumb","itemListElement":[{"@type":"ListItem","position":1,"name":"Portada","item":"https:\/\/www.noticiasradioreflejos.com.ar\/2021\/"},{"@type":"ListItem","position":2,"name":"El FMI prev\u00e9 que la econom\u00eda argentina ser\u00e1 una de las que m\u00e1s crecer\u00e1 en 2023"}]},{"@type":"WebSite","@id":"https:\/\/www.noticiasradioreflejos.com.ar\/2021\/#website","url":"https:\/\/www.noticiasradioreflejos.com.ar\/2021\/","name":"Noticias Radio Reflejos","description":"Las noticias de mi comarca","potentialAction":[{"@type":"SearchAction","target":{"@type":"EntryPoint","urlTemplate":"https:\/\/www.noticiasradioreflejos.com.ar\/2021\/?s={search_term_string}"},"query-input":{"@type":"PropertyValueSpecification","valueRequired":true,"valueName":"search_term_string"}}],"inLanguage":"es"},{"@type":"Person","@id":"https:\/\/www.noticiasradioreflejos.com.ar\/2021\/#\/schema\/person\/ad82545263dcc5ec0996818884fd5fb1","name":"Arnaldo Botto","image":{"@type":"ImageObject","inLanguage":"es","@id":"https:\/\/www.noticiasradioreflejos.com.ar\/2021\/#\/schema\/person\/image\/","url":"https:\/\/secure.gravatar.com\/avatar\/55cb5e37c1efa326397366e6974cb338056df65cb50e7d64d1cf314e87504837?s=96&d=mm&r=g","contentUrl":"https:\/\/secure.gravatar.com\/avatar\/55cb5e37c1efa326397366e6974cb338056df65cb50e7d64d1cf314e87504837?s=96&d=mm&r=g","caption":"Arnaldo Botto"},"url":"https:\/\/www.noticiasradioreflejos.com.ar\/2021\/author\/arnaldo\/"}]}},"_links":{"self":[{"href":"https:\/\/www.noticiasradioreflejos.com.ar\/2021\/wp-json\/wp\/v2\/posts\/78749","targetHints":{"allow":["GET"]}}],"collection":[{"href":"https:\/\/www.noticiasradioreflejos.com.ar\/2021\/wp-json\/wp\/v2\/posts"}],"about":[{"href":"https:\/\/www.noticiasradioreflejos.com.ar\/2021\/wp-json\/wp\/v2\/types\/post"}],"author":[{"embeddable":true,"href":"https:\/\/www.noticiasradioreflejos.com.ar\/2021\/wp-json\/wp\/v2\/users\/3"}],"replies":[{"embeddable":true,"href":"https:\/\/www.noticiasradioreflejos.com.ar\/2021\/wp-json\/wp\/v2\/comments?post=78749"}],"version-history":[{"count":1,"href":"https:\/\/www.noticiasradioreflejos.com.ar\/2021\/wp-json\/wp\/v2\/posts\/78749\/revisions"}],"predecessor-version":[{"id":78751,"href":"https:\/\/www.noticiasradioreflejos.com.ar\/2021\/wp-json\/wp\/v2\/posts\/78749\/revisions\/78751"}],"wp:attachment":[{"href":"https:\/\/www.noticiasradioreflejos.com.ar\/2021\/wp-json\/wp\/v2\/media?parent=78749"}],"wp:term":[{"taxonomy":"category","embeddable":true,"href":"https:\/\/www.noticiasradioreflejos.com.ar\/2021\/wp-json\/wp\/v2\/categories?post=78749"},{"taxonomy":"post_tag","embeddable":true,"href":"https:\/\/www.noticiasradioreflejos.com.ar\/2021\/wp-json\/wp\/v2\/tags?post=78749"}],"curies":[{"name":"wp","href":"https:\/\/api.w.org\/{rel}","templated":true}]}}