{"id":78707,"date":"2022-10-11T11:46:51","date_gmt":"2022-10-11T11:46:51","guid":{"rendered":"http:\/\/www.noticiasradioreflejos.com.ar\/2021\/?p=78707"},"modified":"2022-10-12T11:01:12","modified_gmt":"2022-10-12T11:01:12","slug":"suspendieron-el-servicio-de-trenes-a-buenos-aires-del-domingo-y-de-hoy-martes","status":"publish","type":"post","link":"https:\/\/www.noticiasradioreflejos.com.ar\/2021\/suspendieron-el-servicio-de-trenes-a-buenos-aires-del-domingo-y-de-hoy-martes\/","title":{"rendered":"Suspendieron el servicio de trenes a Buenos Aires del  domingo y de hoy martes"},"content":{"rendered":"<p>La empresa Trenes Argentinos comunic\u00f3 que, desde el d\u00eda domingo, se encuentra cancelada la circulaci\u00f3n del tren que une a Bah\u00eda con Constituci\u00f3n.<!--more--><\/p>\n<p>Tanto el servicio del domingo 9, desde Bah\u00eda Blanca \u2013 Buenos Aires, como el del d\u00eda martes 11, Buenos Aires \u2013 Bah\u00eda Blanca, quedaron suspendidos.<\/p>\n<p>En di\u00e1logo con la redacci\u00f3n de LA BR\u00daJULA 24 el jefe de la Estaci\u00f3n de Trenes local, Mauricio Vives, confirm\u00f3 que los motivos de la medida \u201ctienen que ver con irregularidades en las v\u00edas a la altura del R\u00edo Salado\u201d.<\/p>\n<p>Por el momento no se sabe exactamente cu\u00e1ndo se normalizar\u00e1 el servicio, \u201cdepender\u00e1 de c\u00f3mo vayan evolucionando los trabajos\u201d, indic\u00f3 Vives.<\/p>\n","protected":false},"excerpt":{"rendered":"<p>La empresa Trenes Argentinos comunic\u00f3 que, desde el d\u00eda domingo, se encuentra cancelada la circulaci\u00f3n del tren que une a Bah\u00eda con Constituci\u00f3n.<\/p>\n","protected":false},"author":3,"featured_media":78708,"comment_status":"closed","ping_status":"closed","sticky":false,"template":"","format":"standard","meta":{"footnotes":""},"categories":[26],"tags":[],"class_list":["post-78707","post","type-post","status-publish","format-standard","has-post-thumbnail","hentry","category-sociedad"],"yoast_head":"<!-- This site is optimized with the Yoast SEO plugin v25.9 - https:\/\/yoast.com\/wordpress\/plugins\/seo\/ -->\n<title>Suspendieron el servicio de trenes a Buenos Aires del domingo y de hoy martes - Noticias Radio Reflejos<\/title>\n<meta name=\"robots\" content=\"index, follow, max-snippet:-1, max-image-preview:large, max-video-preview:-1\" \/>\n<link rel=\"canonical\" href=\"https:\/\/www.noticiasradioreflejos.com.ar\/2021\/suspendieron-el-servicio-de-trenes-a-buenos-aires-del-domingo-y-de-hoy-martes\/\" \/>\n<meta property=\"og:locale\" content=\"es_ES\" \/>\n<meta property=\"og:type\" content=\"article\" \/>\n<meta property=\"og:title\" content=\"Suspendieron el servicio de trenes a Buenos Aires del domingo y de hoy martes - Noticias Radio Reflejos\" \/>\n<meta property=\"og:description\" content=\"La empresa Trenes Argentinos comunic\u00f3 que, desde el d\u00eda domingo, se encuentra cancelada la circulaci\u00f3n del tren que une a Bah\u00eda con Constituci\u00f3n.\" \/>\n<meta property=\"og:url\" content=\"https:\/\/www.noticiasradioreflejos.com.ar\/2021\/suspendieron-el-servicio-de-trenes-a-buenos-aires-del-domingo-y-de-hoy-martes\/\" \/>\n<meta property=\"og:site_name\" content=\"Noticias Radio Reflejos\" \/>\n<meta property=\"article:published_time\" content=\"2022-10-11T11:46:51+00:00\" \/>\n<meta property=\"article:modified_time\" content=\"2022-10-12T11:01:12+00:00\" \/>\n<meta property=\"og:image\" content=\"https:\/\/www.noticiasradioreflejos.com.ar\/2021\/wp-content\/uploads\/2022\/10\/Tren-Tornquist.jpg\" \/>\n\t<meta property=\"og:image:width\" content=\"558\" \/>\n\t<meta property=\"og:image:height\" content=\"314\" \/>\n\t<meta property=\"og:image:type\" content=\"image\/jpeg\" \/>\n<meta name=\"author\" content=\"Arnaldo Botto\" \/>\n<meta name=\"twitter:card\" content=\"summary_large_image\" \/>\n<script type=\"application\/ld+json\" class=\"yoast-schema-graph\">{\"@context\":\"https:\/\/schema.org\",\"@graph\":[{\"@type\":\"WebPage\",\"@id\":\"https:\/\/www.noticiasradioreflejos.com.ar\/2021\/suspendieron-el-servicio-de-trenes-a-buenos-aires-del-domingo-y-de-hoy-martes\/\",\"url\":\"https:\/\/www.noticiasradioreflejos.com.ar\/2021\/suspendieron-el-servicio-de-trenes-a-buenos-aires-del-domingo-y-de-hoy-martes\/\",\"name\":\"Suspendieron el servicio de trenes a Buenos Aires del domingo y de hoy martes - Noticias Radio Reflejos\",\"isPartOf\":{\"@id\":\"https:\/\/www.noticiasradioreflejos.com.ar\/2021\/#website\"},\"primaryImageOfPage\":{\"@id\":\"https:\/\/www.noticiasradioreflejos.com.ar\/2021\/suspendieron-el-servicio-de-trenes-a-buenos-aires-del-domingo-y-de-hoy-martes\/#primaryimage\"},\"image\":{\"@id\":\"https:\/\/www.noticiasradioreflejos.com.ar\/2021\/suspendieron-el-servicio-de-trenes-a-buenos-aires-del-domingo-y-de-hoy-martes\/#primaryimage\"},\"thumbnailUrl\":\"https:\/\/www.noticiasradioreflejos.com.ar\/2021\/wp-content\/uploads\/2022\/10\/Tren-Tornquist.jpg\",\"datePublished\":\"2022-10-11T11:46:51+00:00\",\"dateModified\":\"2022-10-12T11:01:12+00:00\",\"author\":{\"@id\":\"https:\/\/www.noticiasradioreflejos.com.ar\/2021\/#\/schema\/person\/ad82545263dcc5ec0996818884fd5fb1\"},\"breadcrumb\":{\"@id\":\"https:\/\/www.noticiasradioreflejos.com.ar\/2021\/suspendieron-el-servicio-de-trenes-a-buenos-aires-del-domingo-y-de-hoy-martes\/#breadcrumb\"},\"inLanguage\":\"es\",\"potentialAction\":[{\"@type\":\"ReadAction\",\"target\":[\"https:\/\/www.noticiasradioreflejos.com.ar\/2021\/suspendieron-el-servicio-de-trenes-a-buenos-aires-del-domingo-y-de-hoy-martes\/\"]}]},{\"@type\":\"ImageObject\",\"inLanguage\":\"es\",\"@id\":\"https:\/\/www.noticiasradioreflejos.com.ar\/2021\/suspendieron-el-servicio-de-trenes-a-buenos-aires-del-domingo-y-de-hoy-martes\/#primaryimage\",\"url\":\"https:\/\/www.noticiasradioreflejos.com.ar\/2021\/wp-content\/uploads\/2022\/10\/Tren-Tornquist.jpg\",\"contentUrl\":\"https:\/\/www.noticiasradioreflejos.com.ar\/2021\/wp-content\/uploads\/2022\/10\/Tren-Tornquist.jpg\",\"width\":558,\"height\":314},{\"@type\":\"BreadcrumbList\",\"@id\":\"https:\/\/www.noticiasradioreflejos.com.ar\/2021\/suspendieron-el-servicio-de-trenes-a-buenos-aires-del-domingo-y-de-hoy-martes\/#breadcrumb\",\"itemListElement\":[{\"@type\":\"ListItem\",\"position\":1,\"name\":\"Portada\",\"item\":\"https:\/\/www.noticiasradioreflejos.com.ar\/2021\/\"},{\"@type\":\"ListItem\",\"position\":2,\"name\":\"Suspendieron el servicio de trenes a Buenos Aires del domingo y de hoy martes\"}]},{\"@type\":\"WebSite\",\"@id\":\"https:\/\/www.noticiasradioreflejos.com.ar\/2021\/#website\",\"url\":\"https:\/\/www.noticiasradioreflejos.com.ar\/2021\/\",\"name\":\"Noticias Radio Reflejos\",\"description\":\"Las noticias de mi comarca\",\"potentialAction\":[{\"@type\":\"SearchAction\",\"target\":{\"@type\":\"EntryPoint\",\"urlTemplate\":\"https:\/\/www.noticiasradioreflejos.com.ar\/2021\/?s={search_term_string}\"},\"query-input\":{\"@type\":\"PropertyValueSpecification\",\"valueRequired\":true,\"valueName\":\"search_term_string\"}}],\"inLanguage\":\"es\"},{\"@type\":\"Person\",\"@id\":\"https:\/\/www.noticiasradioreflejos.com.ar\/2021\/#\/schema\/person\/ad82545263dcc5ec0996818884fd5fb1\",\"name\":\"Arnaldo Botto\",\"image\":{\"@type\":\"ImageObject\",\"inLanguage\":\"es\",\"@id\":\"https:\/\/www.noticiasradioreflejos.com.ar\/2021\/#\/schema\/person\/image\/\",\"url\":\"https:\/\/secure.gravatar.com\/avatar\/55cb5e37c1efa326397366e6974cb338056df65cb50e7d64d1cf314e87504837?s=96&d=mm&r=g\",\"contentUrl\":\"https:\/\/secure.gravatar.com\/avatar\/55cb5e37c1efa326397366e6974cb338056df65cb50e7d64d1cf314e87504837?s=96&d=mm&r=g\",\"caption\":\"Arnaldo Botto\"},\"url\":\"https:\/\/www.noticiasradioreflejos.com.ar\/2021\/author\/arnaldo\/\"}]}<\/script>\n<!-- \/ Yoast SEO plugin. -->","yoast_head_json":{"title":"Suspendieron el servicio de trenes a Buenos Aires del domingo y de hoy martes - Noticias Radio Reflejos","robots":{"index":"index","follow":"follow","max-snippet":"max-snippet:-1","max-image-preview":"max-image-preview:large","max-video-preview":"max-video-preview:-1"},"canonical":"https:\/\/www.noticiasradioreflejos.com.ar\/2021\/suspendieron-el-servicio-de-trenes-a-buenos-aires-del-domingo-y-de-hoy-martes\/","og_locale":"es_ES","og_type":"article","og_title":"Suspendieron el servicio de trenes a Buenos Aires del domingo y de hoy martes - Noticias Radio Reflejos","og_description":"La empresa Trenes Argentinos comunic\u00f3 que, desde el d\u00eda domingo, se encuentra cancelada la circulaci\u00f3n del tren que une a Bah\u00eda con Constituci\u00f3n.","og_url":"https:\/\/www.noticiasradioreflejos.com.ar\/2021\/suspendieron-el-servicio-de-trenes-a-buenos-aires-del-domingo-y-de-hoy-martes\/","og_site_name":"Noticias Radio Reflejos","article_published_time":"2022-10-11T11:46:51+00:00","article_modified_time":"2022-10-12T11:01:12+00:00","og_image":[{"width":558,"height":314,"url":"https:\/\/www.noticiasradioreflejos.com.ar\/2021\/wp-content\/uploads\/2022\/10\/Tren-Tornquist.jpg","type":"image\/jpeg"}],"author":"Arnaldo Botto","twitter_card":"summary_large_image","schema":{"@context":"https:\/\/schema.org","@graph":[{"@type":"WebPage","@id":"https:\/\/www.noticiasradioreflejos.com.ar\/2021\/suspendieron-el-servicio-de-trenes-a-buenos-aires-del-domingo-y-de-hoy-martes\/","url":"https:\/\/www.noticiasradioreflejos.com.ar\/2021\/suspendieron-el-servicio-de-trenes-a-buenos-aires-del-domingo-y-de-hoy-martes\/","name":"Suspendieron el servicio de trenes a Buenos Aires del domingo y de hoy martes - Noticias Radio Reflejos","isPartOf":{"@id":"https:\/\/www.noticiasradioreflejos.com.ar\/2021\/#website"},"primaryImageOfPage":{"@id":"https:\/\/www.noticiasradioreflejos.com.ar\/2021\/suspendieron-el-servicio-de-trenes-a-buenos-aires-del-domingo-y-de-hoy-martes\/#primaryimage"},"image":{"@id":"https:\/\/www.noticiasradioreflejos.com.ar\/2021\/suspendieron-el-servicio-de-trenes-a-buenos-aires-del-domingo-y-de-hoy-martes\/#primaryimage"},"thumbnailUrl":"https:\/\/www.noticiasradioreflejos.com.ar\/2021\/wp-content\/uploads\/2022\/10\/Tren-Tornquist.jpg","datePublished":"2022-10-11T11:46:51+00:00","dateModified":"2022-10-12T11:01:12+00:00","author":{"@id":"https:\/\/www.noticiasradioreflejos.com.ar\/2021\/#\/schema\/person\/ad82545263dcc5ec0996818884fd5fb1"},"breadcrumb":{"@id":"https:\/\/www.noticiasradioreflejos.com.ar\/2021\/suspendieron-el-servicio-de-trenes-a-buenos-aires-del-domingo-y-de-hoy-martes\/#breadcrumb"},"inLanguage":"es","potentialAction":[{"@type":"ReadAction","target":["https:\/\/www.noticiasradioreflejos.com.ar\/2021\/suspendieron-el-servicio-de-trenes-a-buenos-aires-del-domingo-y-de-hoy-martes\/"]}]},{"@type":"ImageObject","inLanguage":"es","@id":"https:\/\/www.noticiasradioreflejos.com.ar\/2021\/suspendieron-el-servicio-de-trenes-a-buenos-aires-del-domingo-y-de-hoy-martes\/#primaryimage","url":"https:\/\/www.noticiasradioreflejos.com.ar\/2021\/wp-content\/uploads\/2022\/10\/Tren-Tornquist.jpg","contentUrl":"https:\/\/www.noticiasradioreflejos.com.ar\/2021\/wp-content\/uploads\/2022\/10\/Tren-Tornquist.jpg","width":558,"height":314},{"@type":"BreadcrumbList","@id":"https:\/\/www.noticiasradioreflejos.com.ar\/2021\/suspendieron-el-servicio-de-trenes-a-buenos-aires-del-domingo-y-de-hoy-martes\/#breadcrumb","itemListElement":[{"@type":"ListItem","position":1,"name":"Portada","item":"https:\/\/www.noticiasradioreflejos.com.ar\/2021\/"},{"@type":"ListItem","position":2,"name":"Suspendieron el servicio de trenes a Buenos Aires del domingo y de hoy martes"}]},{"@type":"WebSite","@id":"https:\/\/www.noticiasradioreflejos.com.ar\/2021\/#website","url":"https:\/\/www.noticiasradioreflejos.com.ar\/2021\/","name":"Noticias Radio Reflejos","description":"Las noticias de mi comarca","potentialAction":[{"@type":"SearchAction","target":{"@type":"EntryPoint","urlTemplate":"https:\/\/www.noticiasradioreflejos.com.ar\/2021\/?s={search_term_string}"},"query-input":{"@type":"PropertyValueSpecification","valueRequired":true,"valueName":"search_term_string"}}],"inLanguage":"es"},{"@type":"Person","@id":"https:\/\/www.noticiasradioreflejos.com.ar\/2021\/#\/schema\/person\/ad82545263dcc5ec0996818884fd5fb1","name":"Arnaldo Botto","image":{"@type":"ImageObject","inLanguage":"es","@id":"https:\/\/www.noticiasradioreflejos.com.ar\/2021\/#\/schema\/person\/image\/","url":"https:\/\/secure.gravatar.com\/avatar\/55cb5e37c1efa326397366e6974cb338056df65cb50e7d64d1cf314e87504837?s=96&d=mm&r=g","contentUrl":"https:\/\/secure.gravatar.com\/avatar\/55cb5e37c1efa326397366e6974cb338056df65cb50e7d64d1cf314e87504837?s=96&d=mm&r=g","caption":"Arnaldo Botto"},"url":"https:\/\/www.noticiasradioreflejos.com.ar\/2021\/author\/arnaldo\/"}]}},"_links":{"self":[{"href":"https:\/\/www.noticiasradioreflejos.com.ar\/2021\/wp-json\/wp\/v2\/posts\/78707","targetHints":{"allow":["GET"]}}],"collection":[{"href":"https:\/\/www.noticiasradioreflejos.com.ar\/2021\/wp-json\/wp\/v2\/posts"}],"about":[{"href":"https:\/\/www.noticiasradioreflejos.com.ar\/2021\/wp-json\/wp\/v2\/types\/post"}],"author":[{"embeddable":true,"href":"https:\/\/www.noticiasradioreflejos.com.ar\/2021\/wp-json\/wp\/v2\/users\/3"}],"replies":[{"embeddable":true,"href":"https:\/\/www.noticiasradioreflejos.com.ar\/2021\/wp-json\/wp\/v2\/comments?post=78707"}],"version-history":[{"count":1,"href":"https:\/\/www.noticiasradioreflejos.com.ar\/2021\/wp-json\/wp\/v2\/posts\/78707\/revisions"}],"predecessor-version":[{"id":78709,"href":"https:\/\/www.noticiasradioreflejos.com.ar\/2021\/wp-json\/wp\/v2\/posts\/78707\/revisions\/78709"}],"wp:featuredmedia":[{"embeddable":true,"href":"https:\/\/www.noticiasradioreflejos.com.ar\/2021\/wp-json\/wp\/v2\/media\/78708"}],"wp:attachment":[{"href":"https:\/\/www.noticiasradioreflejos.com.ar\/2021\/wp-json\/wp\/v2\/media?parent=78707"}],"wp:term":[{"taxonomy":"category","embeddable":true,"href":"https:\/\/www.noticiasradioreflejos.com.ar\/2021\/wp-json\/wp\/v2\/categories?post=78707"},{"taxonomy":"post_tag","embeddable":true,"href":"https:\/\/www.noticiasradioreflejos.com.ar\/2021\/wp-json\/wp\/v2\/tags?post=78707"}],"curies":[{"name":"wp","href":"https:\/\/api.w.org\/{rel}","templated":true}]}}