{"id":78704,"date":"2022-10-11T11:15:31","date_gmt":"2022-10-11T11:15:31","guid":{"rendered":"http:\/\/www.noticiasradioreflejos.com.ar\/2021\/?p=78704"},"modified":"2022-10-11T11:15:31","modified_gmt":"2022-10-11T11:15:31","slug":"aseguran-que-el-hallazgo-de-rastros-de-cardumenes-en-batan-es-algo-unico-en-el-mundo","status":"publish","type":"post","link":"https:\/\/www.noticiasradioreflejos.com.ar\/2021\/aseguran-que-el-hallazgo-de-rastros-de-cardumenes-en-batan-es-algo-unico-en-el-mundo\/","title":{"rendered":"Aseguran que el hallazgo de rastros de card\u00famenes en Bat\u00e1n es \u00abalgo \u00fanico en el mundo\u00bb"},"content":{"rendered":"<p>El resultado de la investigaci\u00f3n, que fue publicado en una revista cient\u00edfica la semana pasada, es la primera evidencia documentada de trazas de peces en la regi\u00f3n, y es a su vez el registro m\u00e1s antiguo a nivel mundial de este tipo de vertebrados nadando en grupo.<!--more--><\/p>\n<figure class=\"mb-3\"><img decoding=\"async\" src=\"https:\/\/www.telam.com.ar\/thumbs\/bluesteel\/advf\/imagenes\/2022\/10\/634492dcd27ba_900.jpg\" alt=\"Telam SE\" width=\"100%\" height=\"100%\" \/><\/p>\n<div class=\"media-icons\"><\/div><figcaption><\/figcaption><\/figure>\n<p>El descubrimiento de lo que podr\u00edan ser rastros f\u00f3siles de card\u00famenes en una cantera de la localidad de Bat\u00e1n \u00abconvierte el hallazgo en algo \u00fanico a nivel mundial\u00bb, afirm\u00f3 este lunes Mat\u00edas Taglioretti, investigador del Museo Municipal de Ciencias Naturales de Mar del Plata.<\/p>\n<p>Lo que los cient\u00edficos descubrieron y estudiaron fue\u00a0<strong>el molde que dejaron m\u00e1s de 120 peces con sus vientres recostados sobre el lecho marino durante la era paleozoica inferior,<\/strong>\u00a0en una superficie que forma parte de la denominada Formaci\u00f3n Balcarce, un afloramiento de roca del sudeste bonaerense.<\/p>\n<p>El hallazgo, difundido d\u00edas atr\u00e1s a trav\u00e9s de un art\u00edculo en la publicaci\u00f3n cient\u00edfica Palaios, es la\u00a0<strong>primera evidencia documentada de trazas de peces en la regi\u00f3n,<\/strong>\u00a0y es a su vez el registro m\u00e1s antiguo a nivel mundial de este tipo de vertebrados nadando en cardumen.<\/p>\n<h2 class=\"\">Una larga investigaci\u00f3n<\/h2>\n<p>El descubrimiento fue el resultado de un camino de m\u00e1s de doce a\u00f1os, que se inici\u00f3 en 2009, con una huella que llam\u00f3 la atenci\u00f3n de uno de los cient\u00edficos que intervinieron en \u00e9l trabajo, en una defensa de piedra construida al sur de Mar del Plata para frenar la erosi\u00f3n costera.<\/p>\n<p>Seg\u00fan record\u00f3 Mat\u00edas Taglioretti, investigador del Museo Municipal de Ciencias Naturales de Mar del Plata, fue\u00a0<strong>el ojo entrenado de su colega Fernando Scaglia el que advirti\u00f3 entonces los primeros rastros en una roca ubicada en la costa de la zona de El Marquesado<\/strong>, a la vera de la ruta 11 que conduce a Miramar.<\/p>\n<p>\u00abBusc\u00e1bamos otra cosa, trabajando en esa zona de acantilados, pero Fernando me mostr\u00f3 unas trazas sobre un bloque de piedra. No encajaban con nada conocido en la zona. Esos bloques vienen de las canteras de la zona de Bat\u00e1n, que guardan parte de lo que alguna vez fue mar, as\u00ed que empezamos a buscar de d\u00f3nde proven\u00edan\u00bb, cont\u00f3 Taglioretti en di\u00e1logo con T\u00e9lam.<\/p>\n<p>Aunque no lograron identificar inicialmente de qu\u00e9 cantera hab\u00edan sido extra\u00eddas esas rocas para construir las defensas, casi siete a\u00f1os m\u00e1s tarde pudieron hacerlo, a partir de informaci\u00f3n aportada por otra investigadora, Karen Halpern, del Consejo Nacional de Investigaciones Cient\u00edficas y T\u00e9cnicas (Conicet) y del Instituto de Geolog\u00eda de Costas del Cuaternario (IGCyC), dependiente a su vez de la Comisi\u00f3n de Investigaciones Cient\u00edficas bonaerense y la Universidad Nacional de Mar del Plata.<\/p>\n<p><strong>Halpern comparti\u00f3 con Taglioretti y Scaglia un hallazgo realizado por el ge\u00f3logo del IGCYC Julio Luis del R\u00edo, quien sab\u00eda de aquellas trazas encontradas en la costa a\u00f1os atr\u00e1s<\/strong>\u00a0y detect\u00f3 otras similares en una superficie rocosa de 5.000 metros cuadrados en una cantera ubicada 20 kil\u00f3metros al oeste de Mar del Plata.<\/p>\n<p>Desde entonces,\u00a0<strong>esos rastros fueron analizados de manera conjunta, y m\u00e1s de cinco a\u00f1os despu\u00e9s pudieron cristalizarse en la reciente publicaci\u00f3n cient\u00edfica.<\/strong><\/p>\n<figure class=\"mb-3\"><img decoding=\"async\" src=\"https:\/\/www.telam.com.ar\/thumbs\/bluesteel\/advf\/imagenes\/2022\/10\/634492dcf06e8_900.jpg\" alt=\"Telam SE\" width=\"100%\" height=\"100%\" \/><\/p>\n<div class=\"media-icons\"><\/div><figcaption><\/figcaption><\/figure>\n<p>Las trazas se encontraban sobre piedra cuarcita, conocida como \u00abpiedra Mar del Plata\u00bb, y por su dureza tuvieron que usar amoladoras con discos diamantados y mechas doble de vidia para perforarlas y tomar moldes de las muestras.<\/p>\n<p>El trabajo de an\u00e1lisis y estudio de las muestras, y de preparaci\u00f3n del informe, incluy\u00f3 adem\u00e1s la intervenci\u00f3n de Soledad Gouiric-Cavalli, del Museo de La Plata y Conicet, de Lydia Calvo Marcilese, del \u00c1rea de Geociencias de YPF Tecnolog\u00eda S.A.<\/p>\n<p><strong>\u00abEl primer hallazgo estaba descontextualizado, o sea fuera de su yacimiento original.<\/strong>\u00a0Eso implicaba que hab\u00eda mucha informaci\u00f3n que no ten\u00edamos entre 2009 y 2017, hasta su redescubrimiento en las canteras. Ahora ten\u00edamos toda la informaci\u00f3n completa del contexto geol\u00f3gico y un gran n\u00famero de trazas que nos permiti\u00f3 ver nuevas y m\u00e1s cosas\u00bb, asegur\u00f3.<\/p>\n<p>As\u00ed pudieron establecer que\u00a0<strong>las trazas pertenecer\u00edan a peces a los que denominaron Raederichnus Dondasi, que vivieron en los mares de poca profundidad y aguas tranquilas de la regi\u00f3n, entre 450 y 430 millones atr\u00e1s.<\/strong><\/p>\n<p>\u00abComparamos las huellas en tama\u00f1o y forma con invertebrados y vertebrados marinos que pudiera haber en aquel momento. Por su tama\u00f1o, de unos 35 cent\u00edmetros, impropio de invertebrados conocidos para la \u00e9poca, y por su volumen y ciertas marcas de arrastre propias de una suerte de cola, y tambi\u00e9n porque no hab\u00eda marcas de patas y s\u00ed en cambio otras que podr\u00edan corresponder a aletas, inferimos que se trataba de peces\u00bb, explic\u00f3 Taglioretti.<\/p>\n<p>La conclusi\u00f3n a la que llegaron fue que estos peces podr\u00edan haber tenido forma batoidea, como las rayas o mantas, pero con una cola m\u00e1s gruesa, similar a la del pez guitarra.<\/p>\n<figure class=\"mb-3\"><img decoding=\"async\" src=\"https:\/\/www.telam.com.ar\/thumbs\/bluesteel\/advf\/imagenes\/2022\/10\/634493137e775_900.jpg\" alt=\"Telam SE\" width=\"100%\" height=\"100%\" \/><\/p>\n<div class=\"media-icons\"><\/div><figcaption><\/figcaption><\/figure>\n<p>Taglioretti agreg\u00f3 que\u00a0<strong>otro punto clave del hallazgo fue que \u00abse trata de huellas que ten\u00edan la misma direcci\u00f3n, son trazas grupales y muestran un comportamiento de cardumen\u00bb.<\/strong><\/p>\n<p>\u00abEstos peces nadaban juntos y descansaban en el lecho marino, como podr\u00eda ser el caso del lenguado actual\u00bb, explic\u00f3, y se\u00f1al\u00f3 en ese sentido que ese dato \u00abconvierte al hallazgo en algo \u00fanico tanto en la Argentina como a nivel mundial\u00bb.<\/p>\n<p>Tras la difusi\u00f3n en la revista acad\u00e9mica bimensual Palaios, dedicada al estudio del impacto de la vida en la historia de la Tierra, el investigador expres\u00f3 su confianza en que el descubrimiento \u00abrenueve el inter\u00e9s por investigar esta formaci\u00f3n geol\u00f3gica\u00bb.<\/p>\n<p>\u00abComparamos las huellas en tama\u00f1o y forma con invertebrados y vertebrados marinos que pudiera haber en aquel momento. Por su tama\u00f1o, de unos 35 cent\u00edmetros, impropio de invertebrados conocidos para la \u00e9poca, y por su volumen y ciertas marcas de arrastre propias de una suerte de cola, y tambi\u00e9n porque no hab\u00eda marcas de patas y s\u00ed en cambio otras que podr\u00edan corresponder a aletas, inferimos que se trataba de peces\u00bb, concluy\u00f3 Taglioretti.<\/p>\n","protected":false},"excerpt":{"rendered":"<p>El resultado de la investigaci\u00f3n, que fue publicado en una revista cient\u00edfica la semana pasada, es la primera evidencia documentada de trazas de peces en la regi\u00f3n, y es a su vez el registro m\u00e1s antiguo a nivel mundial de este tipo de vertebrados nadando en grupo.<\/p>\n","protected":false},"author":3,"featured_media":0,"comment_status":"closed","ping_status":"closed","sticky":false,"template":"","format":"standard","meta":{"footnotes":""},"categories":[46],"tags":[],"class_list":["post-78704","post","type-post","status-publish","format-standard","hentry","category-ciencia-y-tecnologia"],"yoast_head":"<!-- This site is optimized with the Yoast SEO plugin v25.9 - https:\/\/yoast.com\/wordpress\/plugins\/seo\/ -->\n<title>Aseguran que el hallazgo de rastros de card\u00famenes en Bat\u00e1n es &quot;algo \u00fanico en el mundo&quot; - Noticias Radio Reflejos<\/title>\n<meta name=\"robots\" content=\"index, follow, max-snippet:-1, max-image-preview:large, max-video-preview:-1\" \/>\n<link rel=\"canonical\" href=\"https:\/\/www.noticiasradioreflejos.com.ar\/2021\/aseguran-que-el-hallazgo-de-rastros-de-cardumenes-en-batan-es-algo-unico-en-el-mundo\/\" \/>\n<meta property=\"og:locale\" content=\"es_ES\" \/>\n<meta property=\"og:type\" content=\"article\" \/>\n<meta property=\"og:title\" content=\"Aseguran que el hallazgo de rastros de card\u00famenes en Bat\u00e1n es &quot;algo \u00fanico en el mundo&quot; - Noticias Radio Reflejos\" \/>\n<meta property=\"og:description\" content=\"El resultado de la investigaci\u00f3n, que fue publicado en una revista cient\u00edfica la semana pasada, es la primera evidencia documentada de trazas de peces en la regi\u00f3n, y es a su vez el registro m\u00e1s antiguo a nivel mundial de este tipo de vertebrados nadando en grupo.\" \/>\n<meta property=\"og:url\" content=\"https:\/\/www.noticiasradioreflejos.com.ar\/2021\/aseguran-que-el-hallazgo-de-rastros-de-cardumenes-en-batan-es-algo-unico-en-el-mundo\/\" \/>\n<meta property=\"og:site_name\" content=\"Noticias Radio Reflejos\" \/>\n<meta property=\"article:published_time\" content=\"2022-10-11T11:15:31+00:00\" \/>\n<meta property=\"og:image\" content=\"https:\/\/www.telam.com.ar\/thumbs\/bluesteel\/advf\/imagenes\/2022\/10\/634492dcd27ba_900.jpg\" \/>\n<meta name=\"author\" content=\"Arnaldo Botto\" \/>\n<meta name=\"twitter:card\" content=\"summary_large_image\" \/>\n<script type=\"application\/ld+json\" class=\"yoast-schema-graph\">{\"@context\":\"https:\/\/schema.org\",\"@graph\":[{\"@type\":\"WebPage\",\"@id\":\"https:\/\/www.noticiasradioreflejos.com.ar\/2021\/aseguran-que-el-hallazgo-de-rastros-de-cardumenes-en-batan-es-algo-unico-en-el-mundo\/\",\"url\":\"https:\/\/www.noticiasradioreflejos.com.ar\/2021\/aseguran-que-el-hallazgo-de-rastros-de-cardumenes-en-batan-es-algo-unico-en-el-mundo\/\",\"name\":\"Aseguran que el hallazgo de rastros de card\u00famenes en Bat\u00e1n es \\\"algo \u00fanico en el mundo\\\" - Noticias Radio Reflejos\",\"isPartOf\":{\"@id\":\"https:\/\/www.noticiasradioreflejos.com.ar\/2021\/#website\"},\"primaryImageOfPage\":{\"@id\":\"https:\/\/www.noticiasradioreflejos.com.ar\/2021\/aseguran-que-el-hallazgo-de-rastros-de-cardumenes-en-batan-es-algo-unico-en-el-mundo\/#primaryimage\"},\"image\":{\"@id\":\"https:\/\/www.noticiasradioreflejos.com.ar\/2021\/aseguran-que-el-hallazgo-de-rastros-de-cardumenes-en-batan-es-algo-unico-en-el-mundo\/#primaryimage\"},\"thumbnailUrl\":\"https:\/\/www.telam.com.ar\/thumbs\/bluesteel\/advf\/imagenes\/2022\/10\/634492dcd27ba_900.jpg\",\"datePublished\":\"2022-10-11T11:15:31+00:00\",\"author\":{\"@id\":\"https:\/\/www.noticiasradioreflejos.com.ar\/2021\/#\/schema\/person\/ad82545263dcc5ec0996818884fd5fb1\"},\"breadcrumb\":{\"@id\":\"https:\/\/www.noticiasradioreflejos.com.ar\/2021\/aseguran-que-el-hallazgo-de-rastros-de-cardumenes-en-batan-es-algo-unico-en-el-mundo\/#breadcrumb\"},\"inLanguage\":\"es\",\"potentialAction\":[{\"@type\":\"ReadAction\",\"target\":[\"https:\/\/www.noticiasradioreflejos.com.ar\/2021\/aseguran-que-el-hallazgo-de-rastros-de-cardumenes-en-batan-es-algo-unico-en-el-mundo\/\"]}]},{\"@type\":\"ImageObject\",\"inLanguage\":\"es\",\"@id\":\"https:\/\/www.noticiasradioreflejos.com.ar\/2021\/aseguran-que-el-hallazgo-de-rastros-de-cardumenes-en-batan-es-algo-unico-en-el-mundo\/#primaryimage\",\"url\":\"https:\/\/www.telam.com.ar\/thumbs\/bluesteel\/advf\/imagenes\/2022\/10\/634492dcd27ba_900.jpg\",\"contentUrl\":\"https:\/\/www.telam.com.ar\/thumbs\/bluesteel\/advf\/imagenes\/2022\/10\/634492dcd27ba_900.jpg\"},{\"@type\":\"BreadcrumbList\",\"@id\":\"https:\/\/www.noticiasradioreflejos.com.ar\/2021\/aseguran-que-el-hallazgo-de-rastros-de-cardumenes-en-batan-es-algo-unico-en-el-mundo\/#breadcrumb\",\"itemListElement\":[{\"@type\":\"ListItem\",\"position\":1,\"name\":\"Portada\",\"item\":\"https:\/\/www.noticiasradioreflejos.com.ar\/2021\/\"},{\"@type\":\"ListItem\",\"position\":2,\"name\":\"Aseguran que el hallazgo de rastros de card\u00famenes en Bat\u00e1n es \u00abalgo \u00fanico en el mundo\u00bb\"}]},{\"@type\":\"WebSite\",\"@id\":\"https:\/\/www.noticiasradioreflejos.com.ar\/2021\/#website\",\"url\":\"https:\/\/www.noticiasradioreflejos.com.ar\/2021\/\",\"name\":\"Noticias Radio Reflejos\",\"description\":\"Las noticias de mi comarca\",\"potentialAction\":[{\"@type\":\"SearchAction\",\"target\":{\"@type\":\"EntryPoint\",\"urlTemplate\":\"https:\/\/www.noticiasradioreflejos.com.ar\/2021\/?s={search_term_string}\"},\"query-input\":{\"@type\":\"PropertyValueSpecification\",\"valueRequired\":true,\"valueName\":\"search_term_string\"}}],\"inLanguage\":\"es\"},{\"@type\":\"Person\",\"@id\":\"https:\/\/www.noticiasradioreflejos.com.ar\/2021\/#\/schema\/person\/ad82545263dcc5ec0996818884fd5fb1\",\"name\":\"Arnaldo Botto\",\"image\":{\"@type\":\"ImageObject\",\"inLanguage\":\"es\",\"@id\":\"https:\/\/www.noticiasradioreflejos.com.ar\/2021\/#\/schema\/person\/image\/\",\"url\":\"https:\/\/secure.gravatar.com\/avatar\/55cb5e37c1efa326397366e6974cb338056df65cb50e7d64d1cf314e87504837?s=96&d=mm&r=g\",\"contentUrl\":\"https:\/\/secure.gravatar.com\/avatar\/55cb5e37c1efa326397366e6974cb338056df65cb50e7d64d1cf314e87504837?s=96&d=mm&r=g\",\"caption\":\"Arnaldo Botto\"},\"url\":\"https:\/\/www.noticiasradioreflejos.com.ar\/2021\/author\/arnaldo\/\"}]}<\/script>\n<!-- \/ Yoast SEO plugin. -->","yoast_head_json":{"title":"Aseguran que el hallazgo de rastros de card\u00famenes en Bat\u00e1n es \"algo \u00fanico en el mundo\" - Noticias Radio Reflejos","robots":{"index":"index","follow":"follow","max-snippet":"max-snippet:-1","max-image-preview":"max-image-preview:large","max-video-preview":"max-video-preview:-1"},"canonical":"https:\/\/www.noticiasradioreflejos.com.ar\/2021\/aseguran-que-el-hallazgo-de-rastros-de-cardumenes-en-batan-es-algo-unico-en-el-mundo\/","og_locale":"es_ES","og_type":"article","og_title":"Aseguran que el hallazgo de rastros de card\u00famenes en Bat\u00e1n es \"algo \u00fanico en el mundo\" - Noticias Radio Reflejos","og_description":"El resultado de la investigaci\u00f3n, que fue publicado en una revista cient\u00edfica la semana pasada, es la primera evidencia documentada de trazas de peces en la regi\u00f3n, y es a su vez el registro m\u00e1s antiguo a nivel mundial de este tipo de vertebrados nadando en grupo.","og_url":"https:\/\/www.noticiasradioreflejos.com.ar\/2021\/aseguran-que-el-hallazgo-de-rastros-de-cardumenes-en-batan-es-algo-unico-en-el-mundo\/","og_site_name":"Noticias Radio Reflejos","article_published_time":"2022-10-11T11:15:31+00:00","og_image":[{"url":"https:\/\/www.telam.com.ar\/thumbs\/bluesteel\/advf\/imagenes\/2022\/10\/634492dcd27ba_900.jpg","type":"","width":"","height":""}],"author":"Arnaldo Botto","twitter_card":"summary_large_image","schema":{"@context":"https:\/\/schema.org","@graph":[{"@type":"WebPage","@id":"https:\/\/www.noticiasradioreflejos.com.ar\/2021\/aseguran-que-el-hallazgo-de-rastros-de-cardumenes-en-batan-es-algo-unico-en-el-mundo\/","url":"https:\/\/www.noticiasradioreflejos.com.ar\/2021\/aseguran-que-el-hallazgo-de-rastros-de-cardumenes-en-batan-es-algo-unico-en-el-mundo\/","name":"Aseguran que el hallazgo de rastros de card\u00famenes en Bat\u00e1n es \"algo \u00fanico en el mundo\" - Noticias Radio Reflejos","isPartOf":{"@id":"https:\/\/www.noticiasradioreflejos.com.ar\/2021\/#website"},"primaryImageOfPage":{"@id":"https:\/\/www.noticiasradioreflejos.com.ar\/2021\/aseguran-que-el-hallazgo-de-rastros-de-cardumenes-en-batan-es-algo-unico-en-el-mundo\/#primaryimage"},"image":{"@id":"https:\/\/www.noticiasradioreflejos.com.ar\/2021\/aseguran-que-el-hallazgo-de-rastros-de-cardumenes-en-batan-es-algo-unico-en-el-mundo\/#primaryimage"},"thumbnailUrl":"https:\/\/www.telam.com.ar\/thumbs\/bluesteel\/advf\/imagenes\/2022\/10\/634492dcd27ba_900.jpg","datePublished":"2022-10-11T11:15:31+00:00","author":{"@id":"https:\/\/www.noticiasradioreflejos.com.ar\/2021\/#\/schema\/person\/ad82545263dcc5ec0996818884fd5fb1"},"breadcrumb":{"@id":"https:\/\/www.noticiasradioreflejos.com.ar\/2021\/aseguran-que-el-hallazgo-de-rastros-de-cardumenes-en-batan-es-algo-unico-en-el-mundo\/#breadcrumb"},"inLanguage":"es","potentialAction":[{"@type":"ReadAction","target":["https:\/\/www.noticiasradioreflejos.com.ar\/2021\/aseguran-que-el-hallazgo-de-rastros-de-cardumenes-en-batan-es-algo-unico-en-el-mundo\/"]}]},{"@type":"ImageObject","inLanguage":"es","@id":"https:\/\/www.noticiasradioreflejos.com.ar\/2021\/aseguran-que-el-hallazgo-de-rastros-de-cardumenes-en-batan-es-algo-unico-en-el-mundo\/#primaryimage","url":"https:\/\/www.telam.com.ar\/thumbs\/bluesteel\/advf\/imagenes\/2022\/10\/634492dcd27ba_900.jpg","contentUrl":"https:\/\/www.telam.com.ar\/thumbs\/bluesteel\/advf\/imagenes\/2022\/10\/634492dcd27ba_900.jpg"},{"@type":"BreadcrumbList","@id":"https:\/\/www.noticiasradioreflejos.com.ar\/2021\/aseguran-que-el-hallazgo-de-rastros-de-cardumenes-en-batan-es-algo-unico-en-el-mundo\/#breadcrumb","itemListElement":[{"@type":"ListItem","position":1,"name":"Portada","item":"https:\/\/www.noticiasradioreflejos.com.ar\/2021\/"},{"@type":"ListItem","position":2,"name":"Aseguran que el hallazgo de rastros de card\u00famenes en Bat\u00e1n es \u00abalgo \u00fanico en el mundo\u00bb"}]},{"@type":"WebSite","@id":"https:\/\/www.noticiasradioreflejos.com.ar\/2021\/#website","url":"https:\/\/www.noticiasradioreflejos.com.ar\/2021\/","name":"Noticias Radio Reflejos","description":"Las noticias de mi comarca","potentialAction":[{"@type":"SearchAction","target":{"@type":"EntryPoint","urlTemplate":"https:\/\/www.noticiasradioreflejos.com.ar\/2021\/?s={search_term_string}"},"query-input":{"@type":"PropertyValueSpecification","valueRequired":true,"valueName":"search_term_string"}}],"inLanguage":"es"},{"@type":"Person","@id":"https:\/\/www.noticiasradioreflejos.com.ar\/2021\/#\/schema\/person\/ad82545263dcc5ec0996818884fd5fb1","name":"Arnaldo Botto","image":{"@type":"ImageObject","inLanguage":"es","@id":"https:\/\/www.noticiasradioreflejos.com.ar\/2021\/#\/schema\/person\/image\/","url":"https:\/\/secure.gravatar.com\/avatar\/55cb5e37c1efa326397366e6974cb338056df65cb50e7d64d1cf314e87504837?s=96&d=mm&r=g","contentUrl":"https:\/\/secure.gravatar.com\/avatar\/55cb5e37c1efa326397366e6974cb338056df65cb50e7d64d1cf314e87504837?s=96&d=mm&r=g","caption":"Arnaldo Botto"},"url":"https:\/\/www.noticiasradioreflejos.com.ar\/2021\/author\/arnaldo\/"}]}},"_links":{"self":[{"href":"https:\/\/www.noticiasradioreflejos.com.ar\/2021\/wp-json\/wp\/v2\/posts\/78704","targetHints":{"allow":["GET"]}}],"collection":[{"href":"https:\/\/www.noticiasradioreflejos.com.ar\/2021\/wp-json\/wp\/v2\/posts"}],"about":[{"href":"https:\/\/www.noticiasradioreflejos.com.ar\/2021\/wp-json\/wp\/v2\/types\/post"}],"author":[{"embeddable":true,"href":"https:\/\/www.noticiasradioreflejos.com.ar\/2021\/wp-json\/wp\/v2\/users\/3"}],"replies":[{"embeddable":true,"href":"https:\/\/www.noticiasradioreflejos.com.ar\/2021\/wp-json\/wp\/v2\/comments?post=78704"}],"version-history":[{"count":1,"href":"https:\/\/www.noticiasradioreflejos.com.ar\/2021\/wp-json\/wp\/v2\/posts\/78704\/revisions"}],"predecessor-version":[{"id":78706,"href":"https:\/\/www.noticiasradioreflejos.com.ar\/2021\/wp-json\/wp\/v2\/posts\/78704\/revisions\/78706"}],"wp:attachment":[{"href":"https:\/\/www.noticiasradioreflejos.com.ar\/2021\/wp-json\/wp\/v2\/media?parent=78704"}],"wp:term":[{"taxonomy":"category","embeddable":true,"href":"https:\/\/www.noticiasradioreflejos.com.ar\/2021\/wp-json\/wp\/v2\/categories?post=78704"},{"taxonomy":"post_tag","embeddable":true,"href":"https:\/\/www.noticiasradioreflejos.com.ar\/2021\/wp-json\/wp\/v2\/tags?post=78704"}],"curies":[{"name":"wp","href":"https:\/\/api.w.org\/{rel}","templated":true}]}}