{"id":78702,"date":"2022-10-11T11:11:46","date_gmt":"2022-10-11T11:11:46","guid":{"rendered":"http:\/\/www.noticiasradioreflejos.com.ar\/2021\/?p=78702"},"modified":"2022-10-11T12:10:13","modified_gmt":"2022-10-11T12:10:13","slug":"mas-de-32-millones-de-turistas-y-excursionistas-viajaron-por-todo-el-pais","status":"publish","type":"post","link":"https:\/\/www.noticiasradioreflejos.com.ar\/2021\/mas-de-32-millones-de-turistas-y-excursionistas-viajaron-por-todo-el-pais\/","title":{"rendered":"M\u00e1s de 3,2 millones de turistas y excursionistas viajaron por todo el pa\u00eds"},"content":{"rendered":"<p>El gasto total de los viajeros sum\u00f3 42.646 millones de pesos, mientras que el promedio diario por persona registr\u00f3\u00a0$8.312, seg\u00fan\u00a0 inform\u00f3 la\u00a0Confederaci\u00f3n Argentina de la Mediana Empresa.\u00a0\u00abHubo un aumento real de 34,8%\u00bb respecto del a\u00f1o pasado\u00bb, precisaron desde la entidad.<!--more--><\/p>\n<figure class=\"mb-3\"><img decoding=\"async\" src=\"https:\/\/www.telam.com.ar\/thumbs\/bluesteel\/advf\/imagenes\/2022\/10\/6340649280078_900.jpg\" alt=\"Pasajeros en la estacin de Rosario Foto Sebastin Granata\" width=\"100%\" height=\"100%\" \/><\/p>\n<div class=\"media-icons\"><\/div><figcaption>Pasajeros en la estaci\u00f3n de Rosario.\/ Foto: Sebasti\u00e1n Granata<\/figcaption><\/figure>\n<p>El fin de semana extra largo concluy\u00f3 con un saldo de 3,2 millones de turistas y excursionistas que\u00a0<strong>gastaron un total de $ 42.646 millones en el circuito tur\u00edstico argentino<\/strong>, de acuerdo a un informe de la Confederaci\u00f3n Argentina de la Mediana Empresa (CAME).<\/p>\n<p>De esta manera, entre el pasado jueves 6 y este lunes,\u00a0<strong>1.320.000 turistas y 1.887.600 excursionistas recorrieron el pa\u00eds<\/strong>, aunque en una cantidad de viajes menor a 2021, y\u00a0<strong>con gasto promedio diario por persona de $ 8.312<\/strong>, report\u00f3 CAME.<\/p>\n<p>\u00abEl resultado econ\u00f3mico tuvo un aumento real de 34,8% frente al mismo fin de semana del a\u00f1o pasado\u00bb, destac\u00f3 el informe y precis\u00f3 que, si bien \u00abla cantidad de turistas fue menor a 2021, el impacto econ\u00f3mico en t\u00e9rminos reales fue mejor este a\u00f1o, porque se hicieron viajes a distancias m\u00e1s largas y hubo mucha m\u00e1s oferta de servicios pagos para disfrutar, que en la temporada pasada\u00bb.<\/p>\n<blockquote class=\"\"><p>\u00abEl resultado econ\u00f3mico tuvo un aumento real de 34,8% frente al mismo fin de semana del a\u00f1o pasado\u00bb<cite class=\"author\">CAME<\/cite><\/p><\/blockquote>\n<h2 class=\"\">Ocupaci\u00f3n<\/h2>\n<p>La subsecretaria de Turismo bonaerense, Soledad Mart\u00ednez, asegur\u00f3 este martes que el balance del fin de semana largo \u00abes s\u00faper positivo\u00bb, detall\u00f3 que \u00aben los destinos m\u00e1s elegidos\u00bb<strong>\u00a0se registr\u00f3 un 90% de ocupaci\u00f3n y \u00aben los m\u00e1s tradicionales y en los emergentes\u00bb se lleg\u00f3 al 100%.<\/strong><\/p>\n<p>En declaraciones a radio Provincia, la funcionaria consider\u00f3 que ello \u00abes muy prometedor\u00bb y estim\u00f3 que \u00abhay buenas proyecciones de cara a la temporada 2023\u00bb.<\/p>\n<p>\u00abEn este caso por ser un fin de s\u00faper largo hace que la gente disfrute m\u00e1s las salidas\u201d, expres\u00f3 Mart\u00ednez y manifest\u00f3 que \u201chay muchos lugares que est\u00e1n sin poder satisfacer la demanda, que es much\u00edsima\u00bb.<\/p>\n<p>Grafic\u00f3 que \u00abCarhu\u00e9 estaba al 100% y ya el jueves y viernes tuve noticias de que estaban pasados de ocupaci\u00f3n y derivando turistas hacia localidades cercanas\u00bb, y a\u00f1adi\u00f3 que ese \u00abes el caso de muchos destinos no tan tradicionales\u201d.<\/p>\n<p>Finalmente, proyect\u00f3 para el verano 2023 \u201cuna muy buena temporada\u00bb, dijo que el Gobierno est\u00e1 \u00absuper atento\u00bb a la cuesti\u00f3n de los precios \u00aby c\u00f3mo se desarrolla eso, porque esto no es ajeno a la crisis econ\u00f3mica a nivel pa\u00eds\u00bb.<\/p>\n<p>\u00abTeniendo en cuenta esa situaci\u00f3n a la que estamos pendientes, estimamos que va a ser una muy buena temporada. Por eso estamos con todos los destinos trabajando a pleno y preparando promociones para el verano que viene\u201d, cerr\u00f3.<\/p>\n<h2 class=\"\">Turistas<\/h2>\n<p>Respecto de los turistas,<strong>\u00a0la fecha concluy\u00f3 con un total 1.320.000 turistas<\/strong>, lo que represent\u00f3 un 20% menos que en el mismo feriado del a\u00f1o pasado, debido a que\u00a0<strong>\u00aben 2021 hab\u00eda sobreexplotado el turismo por la necesidad de viajar luego de tanto tiempo en confinamiento\u00bb<\/strong>, explicaron.<\/p>\n<p>Sin embargo,<strong>\u00a0este a\u00f1o tuvo un mayor volumen \u00abla presencia del turista internacional\u00bb<\/strong>, agregaron.<\/p>\n<p>De esta forma,<strong>\u00a0los turistas gastaron $ 37.305 millones, 42,2% m\u00e1s que en 2021<\/strong>, a precios constantes, por lo que \u00absi bien viaj\u00f3 menos gente, el gasto promedio diario se triplic\u00f3 no s\u00f3lo por la inflaci\u00f3n interanual, sino porque las mayores distancias recorridas, los eventos y otras actividades pagas que estuvieron disponibles al 100%, obligaron destinar m\u00e1s recursos a las mini vacaciones\u00bb.<\/p>\n<figure class=\"mb-3\"><img decoding=\"async\" src=\"https:\/\/www.telam.com.ar\/thumbs\/bluesteel\/advf\/imagenes\/2013\/11\/528fdf8fbf8d2_900.jpg\" alt=\"Autos con destino al partido de la Costa por el fin de semana largo \" width=\"100%\" height=\"100%\" \/><\/p>\n<div class=\"media-icons\"><\/div><figcaption>Autos con destino al partido de la Costa por el fin de semana largo.<\/figcaption><\/figure>\n<p>As\u00ed,\u00a0<strong>el gasto promedio diario por persona este a\u00f1o fue de $ 8.312 que signific\u00f3 un 207,9% mayor al a\u00f1o pasado<\/strong>, \u00abque a precios reales implica un aumento de 72,5%\u00bb, destacaron.<\/p>\n<p>Adem\u00e1s, cada turista promedi\u00f3 una estad\u00eda de 3,4 d\u00edas, \u00abalgo por encima del 2021 (3,3 d\u00edas), b\u00e1sicamente porque el visitante internacional permaneci\u00f3 m\u00e1s tiempo y porque volvieron los destinos patag\u00f3nicos a pleno que son los que atraen estancias m\u00e1s largas\u00bb.<\/p>\n<h2 class=\"\">Excursionistas<\/h2>\n<p>En su caso,\u00a0<strong>viajaron 1.887.600 personas con un gasto promedio de $ 2.829 cada uno<\/strong>, y \u00abgeneraron un\u00a0<strong>impacto econ\u00f3mico directo de $ 5.341 millones<\/strong>\u00a0el fin de semana\u00bb, acotaron desde CAME.<\/p>\n<p>Tambi\u00e9n \u00ablas propuestas de turismo rural fueron una de las protagonistas de este fin de semana XXL, con ofertas en todo el pa\u00eds que quedaron casi sin cupos\u00bb, resaltaron.<\/p>\n<p>Por otro lado,\u00a0<strong>Mar del Plata continu\u00f3 posicion\u00e1ndose como la primera elecci\u00f3n tur\u00edstica del pa\u00eds<\/strong>, de acuerdo a la C\u00e1mara de la Costa Atl\u00e1ntica para Actividades Comerciales y Desarrollo (Cameco).<\/p>\n<figure class=\"mb-3\"><img decoding=\"async\" src=\"https:\/\/www.telam.com.ar\/thumbs\/bluesteel\/advf\/imagenes\/2022\/09\/632b6e0ba6dad_900.jpg\" alt=\"Jvenes disfrutan del sol en Mar del Plata Foto Diego Izquierdo\" width=\"100%\" height=\"100%\" \/><\/p>\n<div class=\"media-icons\"><\/div><figcaption>J\u00f3venes disfrutan del sol en Mar del Plata. \/Foto: Diego Izquierdo<\/figcaption><\/figure>\n<p>Desde Cameco aseguraron que el fin de semana extra largo arroj\u00f3 un resultado positivo con una<strong>\u00a0\u00abocupaci\u00f3n hotelera del 90%\u00bb,<\/strong>\u00a0y confirmaron que \u00abla ciudad sigue posicion\u00e1ndose como la primera elecci\u00f3n tur\u00edstica a nivel nacional \u00ab.<\/p>\n<p>Al mismo tiempo, auguraron \u00abuna temporada m\u00e1s que positiva\u00bb y resaltaron que en los \u00faltimos d\u00edas el turismo gener\u00f3 una \u00abexplosi\u00f3n gastron\u00f3mica\u00bb en la ciudad, que<strong>\u00a0tuvo relaci\u00f3n directa con el 90% de ocupaci\u00f3n hotelera y los 168.876 visitantes que visitaron la ciudad.<\/strong><\/p>\n<p>Coincidentemente, desde el Ente Municipal de Turismo (Emtur) sostuvieron que arribaron a esa ciudad 168.876 turistas, \u00abuna cifra que marca un 73% m\u00e1s de ingresos que en 2019 previo a la pandemia y demuestra que culmina un excelente fin de semana\u00bb.<\/p>\n","protected":false},"excerpt":{"rendered":"<p>El gasto total de los viajeros sum\u00f3 42.646 millones de pesos, mientras que el promedio diario por persona registr\u00f3\u00a0$8.312, seg\u00fan\u00a0 inform\u00f3 la\u00a0Confederaci\u00f3n Argentina de la Mediana Empresa.\u00a0\u00abHubo un aumento real de 34,8%\u00bb respecto del a\u00f1o pasado\u00bb, precisaron desde la entidad.<\/p>\n","protected":false},"author":3,"featured_media":60391,"comment_status":"closed","ping_status":"closed","sticky":false,"template":"","format":"standard","meta":{"footnotes":""},"categories":[33],"tags":[48],"class_list":["post-78702","post","type-post","status-publish","format-standard","has-post-thumbnail","hentry","category-turismo","tag-destacada"],"yoast_head":"<!-- This site is optimized with the Yoast SEO plugin v25.9 - https:\/\/yoast.com\/wordpress\/plugins\/seo\/ -->\n<title>M\u00e1s de 3,2 millones de turistas y excursionistas viajaron por todo el pa\u00eds - Noticias Radio Reflejos<\/title>\n<meta name=\"robots\" content=\"index, follow, max-snippet:-1, max-image-preview:large, max-video-preview:-1\" \/>\n<link rel=\"canonical\" href=\"https:\/\/www.noticiasradioreflejos.com.ar\/2021\/mas-de-32-millones-de-turistas-y-excursionistas-viajaron-por-todo-el-pais\/\" \/>\n<meta property=\"og:locale\" content=\"es_ES\" \/>\n<meta property=\"og:type\" content=\"article\" \/>\n<meta property=\"og:title\" content=\"M\u00e1s de 3,2 millones de turistas y excursionistas viajaron por todo el pa\u00eds - Noticias Radio Reflejos\" \/>\n<meta property=\"og:description\" content=\"El gasto total de los viajeros sum\u00f3 42.646 millones de pesos, mientras que el promedio diario por persona registr\u00f3\u00a0$8.312, seg\u00fan\u00a0 inform\u00f3 la\u00a0Confederaci\u00f3n Argentina de la Mediana Empresa.\u00a0\u00abHubo un aumento real de 34,8%\u00bb respecto del a\u00f1o pasado\u00bb, precisaron desde la entidad.\" \/>\n<meta property=\"og:url\" content=\"https:\/\/www.noticiasradioreflejos.com.ar\/2021\/mas-de-32-millones-de-turistas-y-excursionistas-viajaron-por-todo-el-pais\/\" \/>\n<meta property=\"og:site_name\" content=\"Noticias Radio Reflejos\" \/>\n<meta property=\"article:published_time\" content=\"2022-10-11T11:11:46+00:00\" \/>\n<meta property=\"article:modified_time\" content=\"2022-10-11T12:10:13+00:00\" \/>\n<meta property=\"og:image\" content=\"https:\/\/www.noticiasradioreflejos.com.ar\/2021\/wp-content\/uploads\/2021\/07\/Turismo-Domingo-18-14.jpg\" \/>\n\t<meta property=\"og:image:width\" content=\"2304\" \/>\n\t<meta property=\"og:image:height\" content=\"1296\" \/>\n\t<meta property=\"og:image:type\" content=\"image\/jpeg\" \/>\n<meta name=\"author\" content=\"Arnaldo Botto\" \/>\n<meta name=\"twitter:card\" content=\"summary_large_image\" \/>\n<script type=\"application\/ld+json\" class=\"yoast-schema-graph\">{\"@context\":\"https:\/\/schema.org\",\"@graph\":[{\"@type\":\"WebPage\",\"@id\":\"https:\/\/www.noticiasradioreflejos.com.ar\/2021\/mas-de-32-millones-de-turistas-y-excursionistas-viajaron-por-todo-el-pais\/\",\"url\":\"https:\/\/www.noticiasradioreflejos.com.ar\/2021\/mas-de-32-millones-de-turistas-y-excursionistas-viajaron-por-todo-el-pais\/\",\"name\":\"M\u00e1s de 3,2 millones de turistas y excursionistas viajaron por todo el pa\u00eds - Noticias Radio Reflejos\",\"isPartOf\":{\"@id\":\"https:\/\/www.noticiasradioreflejos.com.ar\/2021\/#website\"},\"primaryImageOfPage\":{\"@id\":\"https:\/\/www.noticiasradioreflejos.com.ar\/2021\/mas-de-32-millones-de-turistas-y-excursionistas-viajaron-por-todo-el-pais\/#primaryimage\"},\"image\":{\"@id\":\"https:\/\/www.noticiasradioreflejos.com.ar\/2021\/mas-de-32-millones-de-turistas-y-excursionistas-viajaron-por-todo-el-pais\/#primaryimage\"},\"thumbnailUrl\":\"https:\/\/www.noticiasradioreflejos.com.ar\/2021\/wp-content\/uploads\/2021\/07\/Turismo-Domingo-18-14.jpg\",\"datePublished\":\"2022-10-11T11:11:46+00:00\",\"dateModified\":\"2022-10-11T12:10:13+00:00\",\"author\":{\"@id\":\"https:\/\/www.noticiasradioreflejos.com.ar\/2021\/#\/schema\/person\/ad82545263dcc5ec0996818884fd5fb1\"},\"breadcrumb\":{\"@id\":\"https:\/\/www.noticiasradioreflejos.com.ar\/2021\/mas-de-32-millones-de-turistas-y-excursionistas-viajaron-por-todo-el-pais\/#breadcrumb\"},\"inLanguage\":\"es\",\"potentialAction\":[{\"@type\":\"ReadAction\",\"target\":[\"https:\/\/www.noticiasradioreflejos.com.ar\/2021\/mas-de-32-millones-de-turistas-y-excursionistas-viajaron-por-todo-el-pais\/\"]}]},{\"@type\":\"ImageObject\",\"inLanguage\":\"es\",\"@id\":\"https:\/\/www.noticiasradioreflejos.com.ar\/2021\/mas-de-32-millones-de-turistas-y-excursionistas-viajaron-por-todo-el-pais\/#primaryimage\",\"url\":\"https:\/\/www.noticiasradioreflejos.com.ar\/2021\/wp-content\/uploads\/2021\/07\/Turismo-Domingo-18-14.jpg\",\"contentUrl\":\"https:\/\/www.noticiasradioreflejos.com.ar\/2021\/wp-content\/uploads\/2021\/07\/Turismo-Domingo-18-14.jpg\",\"width\":2304,\"height\":1296},{\"@type\":\"BreadcrumbList\",\"@id\":\"https:\/\/www.noticiasradioreflejos.com.ar\/2021\/mas-de-32-millones-de-turistas-y-excursionistas-viajaron-por-todo-el-pais\/#breadcrumb\",\"itemListElement\":[{\"@type\":\"ListItem\",\"position\":1,\"name\":\"Portada\",\"item\":\"https:\/\/www.noticiasradioreflejos.com.ar\/2021\/\"},{\"@type\":\"ListItem\",\"position\":2,\"name\":\"M\u00e1s de 3,2 millones de turistas y excursionistas viajaron por todo el pa\u00eds\"}]},{\"@type\":\"WebSite\",\"@id\":\"https:\/\/www.noticiasradioreflejos.com.ar\/2021\/#website\",\"url\":\"https:\/\/www.noticiasradioreflejos.com.ar\/2021\/\",\"name\":\"Noticias Radio Reflejos\",\"description\":\"Las noticias de mi comarca\",\"potentialAction\":[{\"@type\":\"SearchAction\",\"target\":{\"@type\":\"EntryPoint\",\"urlTemplate\":\"https:\/\/www.noticiasradioreflejos.com.ar\/2021\/?s={search_term_string}\"},\"query-input\":{\"@type\":\"PropertyValueSpecification\",\"valueRequired\":true,\"valueName\":\"search_term_string\"}}],\"inLanguage\":\"es\"},{\"@type\":\"Person\",\"@id\":\"https:\/\/www.noticiasradioreflejos.com.ar\/2021\/#\/schema\/person\/ad82545263dcc5ec0996818884fd5fb1\",\"name\":\"Arnaldo Botto\",\"image\":{\"@type\":\"ImageObject\",\"inLanguage\":\"es\",\"@id\":\"https:\/\/www.noticiasradioreflejos.com.ar\/2021\/#\/schema\/person\/image\/\",\"url\":\"https:\/\/secure.gravatar.com\/avatar\/55cb5e37c1efa326397366e6974cb338056df65cb50e7d64d1cf314e87504837?s=96&d=mm&r=g\",\"contentUrl\":\"https:\/\/secure.gravatar.com\/avatar\/55cb5e37c1efa326397366e6974cb338056df65cb50e7d64d1cf314e87504837?s=96&d=mm&r=g\",\"caption\":\"Arnaldo Botto\"},\"url\":\"https:\/\/www.noticiasradioreflejos.com.ar\/2021\/author\/arnaldo\/\"}]}<\/script>\n<!-- \/ Yoast SEO plugin. -->","yoast_head_json":{"title":"M\u00e1s de 3,2 millones de turistas y excursionistas viajaron por todo el pa\u00eds - Noticias Radio Reflejos","robots":{"index":"index","follow":"follow","max-snippet":"max-snippet:-1","max-image-preview":"max-image-preview:large","max-video-preview":"max-video-preview:-1"},"canonical":"https:\/\/www.noticiasradioreflejos.com.ar\/2021\/mas-de-32-millones-de-turistas-y-excursionistas-viajaron-por-todo-el-pais\/","og_locale":"es_ES","og_type":"article","og_title":"M\u00e1s de 3,2 millones de turistas y excursionistas viajaron por todo el pa\u00eds - Noticias Radio Reflejos","og_description":"El gasto total de los viajeros sum\u00f3 42.646 millones de pesos, mientras que el promedio diario por persona registr\u00f3\u00a0$8.312, seg\u00fan\u00a0 inform\u00f3 la\u00a0Confederaci\u00f3n Argentina de la Mediana Empresa.\u00a0\u00abHubo un aumento real de 34,8%\u00bb respecto del a\u00f1o pasado\u00bb, precisaron desde la entidad.","og_url":"https:\/\/www.noticiasradioreflejos.com.ar\/2021\/mas-de-32-millones-de-turistas-y-excursionistas-viajaron-por-todo-el-pais\/","og_site_name":"Noticias Radio Reflejos","article_published_time":"2022-10-11T11:11:46+00:00","article_modified_time":"2022-10-11T12:10:13+00:00","og_image":[{"width":2304,"height":1296,"url":"https:\/\/www.noticiasradioreflejos.com.ar\/2021\/wp-content\/uploads\/2021\/07\/Turismo-Domingo-18-14.jpg","type":"image\/jpeg"}],"author":"Arnaldo Botto","twitter_card":"summary_large_image","schema":{"@context":"https:\/\/schema.org","@graph":[{"@type":"WebPage","@id":"https:\/\/www.noticiasradioreflejos.com.ar\/2021\/mas-de-32-millones-de-turistas-y-excursionistas-viajaron-por-todo-el-pais\/","url":"https:\/\/www.noticiasradioreflejos.com.ar\/2021\/mas-de-32-millones-de-turistas-y-excursionistas-viajaron-por-todo-el-pais\/","name":"M\u00e1s de 3,2 millones de turistas y excursionistas viajaron por todo el pa\u00eds - Noticias Radio Reflejos","isPartOf":{"@id":"https:\/\/www.noticiasradioreflejos.com.ar\/2021\/#website"},"primaryImageOfPage":{"@id":"https:\/\/www.noticiasradioreflejos.com.ar\/2021\/mas-de-32-millones-de-turistas-y-excursionistas-viajaron-por-todo-el-pais\/#primaryimage"},"image":{"@id":"https:\/\/www.noticiasradioreflejos.com.ar\/2021\/mas-de-32-millones-de-turistas-y-excursionistas-viajaron-por-todo-el-pais\/#primaryimage"},"thumbnailUrl":"https:\/\/www.noticiasradioreflejos.com.ar\/2021\/wp-content\/uploads\/2021\/07\/Turismo-Domingo-18-14.jpg","datePublished":"2022-10-11T11:11:46+00:00","dateModified":"2022-10-11T12:10:13+00:00","author":{"@id":"https:\/\/www.noticiasradioreflejos.com.ar\/2021\/#\/schema\/person\/ad82545263dcc5ec0996818884fd5fb1"},"breadcrumb":{"@id":"https:\/\/www.noticiasradioreflejos.com.ar\/2021\/mas-de-32-millones-de-turistas-y-excursionistas-viajaron-por-todo-el-pais\/#breadcrumb"},"inLanguage":"es","potentialAction":[{"@type":"ReadAction","target":["https:\/\/www.noticiasradioreflejos.com.ar\/2021\/mas-de-32-millones-de-turistas-y-excursionistas-viajaron-por-todo-el-pais\/"]}]},{"@type":"ImageObject","inLanguage":"es","@id":"https:\/\/www.noticiasradioreflejos.com.ar\/2021\/mas-de-32-millones-de-turistas-y-excursionistas-viajaron-por-todo-el-pais\/#primaryimage","url":"https:\/\/www.noticiasradioreflejos.com.ar\/2021\/wp-content\/uploads\/2021\/07\/Turismo-Domingo-18-14.jpg","contentUrl":"https:\/\/www.noticiasradioreflejos.com.ar\/2021\/wp-content\/uploads\/2021\/07\/Turismo-Domingo-18-14.jpg","width":2304,"height":1296},{"@type":"BreadcrumbList","@id":"https:\/\/www.noticiasradioreflejos.com.ar\/2021\/mas-de-32-millones-de-turistas-y-excursionistas-viajaron-por-todo-el-pais\/#breadcrumb","itemListElement":[{"@type":"ListItem","position":1,"name":"Portada","item":"https:\/\/www.noticiasradioreflejos.com.ar\/2021\/"},{"@type":"ListItem","position":2,"name":"M\u00e1s de 3,2 millones de turistas y excursionistas viajaron por todo el pa\u00eds"}]},{"@type":"WebSite","@id":"https:\/\/www.noticiasradioreflejos.com.ar\/2021\/#website","url":"https:\/\/www.noticiasradioreflejos.com.ar\/2021\/","name":"Noticias Radio Reflejos","description":"Las noticias de mi comarca","potentialAction":[{"@type":"SearchAction","target":{"@type":"EntryPoint","urlTemplate":"https:\/\/www.noticiasradioreflejos.com.ar\/2021\/?s={search_term_string}"},"query-input":{"@type":"PropertyValueSpecification","valueRequired":true,"valueName":"search_term_string"}}],"inLanguage":"es"},{"@type":"Person","@id":"https:\/\/www.noticiasradioreflejos.com.ar\/2021\/#\/schema\/person\/ad82545263dcc5ec0996818884fd5fb1","name":"Arnaldo Botto","image":{"@type":"ImageObject","inLanguage":"es","@id":"https:\/\/www.noticiasradioreflejos.com.ar\/2021\/#\/schema\/person\/image\/","url":"https:\/\/secure.gravatar.com\/avatar\/55cb5e37c1efa326397366e6974cb338056df65cb50e7d64d1cf314e87504837?s=96&d=mm&r=g","contentUrl":"https:\/\/secure.gravatar.com\/avatar\/55cb5e37c1efa326397366e6974cb338056df65cb50e7d64d1cf314e87504837?s=96&d=mm&r=g","caption":"Arnaldo Botto"},"url":"https:\/\/www.noticiasradioreflejos.com.ar\/2021\/author\/arnaldo\/"}]}},"_links":{"self":[{"href":"https:\/\/www.noticiasradioreflejos.com.ar\/2021\/wp-json\/wp\/v2\/posts\/78702","targetHints":{"allow":["GET"]}}],"collection":[{"href":"https:\/\/www.noticiasradioreflejos.com.ar\/2021\/wp-json\/wp\/v2\/posts"}],"about":[{"href":"https:\/\/www.noticiasradioreflejos.com.ar\/2021\/wp-json\/wp\/v2\/types\/post"}],"author":[{"embeddable":true,"href":"https:\/\/www.noticiasradioreflejos.com.ar\/2021\/wp-json\/wp\/v2\/users\/3"}],"replies":[{"embeddable":true,"href":"https:\/\/www.noticiasradioreflejos.com.ar\/2021\/wp-json\/wp\/v2\/comments?post=78702"}],"version-history":[{"count":1,"href":"https:\/\/www.noticiasradioreflejos.com.ar\/2021\/wp-json\/wp\/v2\/posts\/78702\/revisions"}],"predecessor-version":[{"id":78703,"href":"https:\/\/www.noticiasradioreflejos.com.ar\/2021\/wp-json\/wp\/v2\/posts\/78702\/revisions\/78703"}],"wp:featuredmedia":[{"embeddable":true,"href":"https:\/\/www.noticiasradioreflejos.com.ar\/2021\/wp-json\/wp\/v2\/media\/60391"}],"wp:attachment":[{"href":"https:\/\/www.noticiasradioreflejos.com.ar\/2021\/wp-json\/wp\/v2\/media?parent=78702"}],"wp:term":[{"taxonomy":"category","embeddable":true,"href":"https:\/\/www.noticiasradioreflejos.com.ar\/2021\/wp-json\/wp\/v2\/categories?post=78702"},{"taxonomy":"post_tag","embeddable":true,"href":"https:\/\/www.noticiasradioreflejos.com.ar\/2021\/wp-json\/wp\/v2\/tags?post=78702"}],"curies":[{"name":"wp","href":"https:\/\/api.w.org\/{rel}","templated":true}]}}