{"id":78677,"date":"2022-10-10T14:19:10","date_gmt":"2022-10-10T14:19:10","guid":{"rendered":"http:\/\/www.noticiasradioreflejos.com.ar\/2021\/?p=78677"},"modified":"2022-10-10T14:19:10","modified_gmt":"2022-10-10T14:19:10","slug":"el-gobierno-anuncia-cambios-en-los-ministerios-de-mujeres-desarrollo-social-y-trabajo","status":"publish","type":"post","link":"https:\/\/www.noticiasradioreflejos.com.ar\/2021\/el-gobierno-anuncia-cambios-en-los-ministerios-de-mujeres-desarrollo-social-y-trabajo\/","title":{"rendered":"El gobierno anuncia cambios en los ministerios de Mujeres, Desarrollo Social y Trabajo"},"content":{"rendered":"<p>Tras la renuncia de Elizabeth G\u00f3mez Alcorta, el jefe de Estado dar\u00e1 a conocer este lunes su reemplazo como as\u00ed tambi\u00e9n los de Juan Zabaleta y Claudio Moroni.<!--more--><\/p>\n<figure class=\"mb-3\"><img decoding=\"async\" src=\"https:\/\/www.telam.com.ar\/thumbs\/bluesteel\/advf\/imagenes\/2022\/10\/634339f0ade4e_900.jpg\" alt=\"Alberto Fernndez designar este lunes los reemplazos en tres ministerios\" width=\"100%\" height=\"100%\" \/><\/p>\n<div class=\"media-icons\"><\/div><figcaption>Alberto Fern\u00e1ndez designar\u00e1 este lunes los reemplazos en tres ministerios.<\/figcaption><\/figure>\n<p>El presidente Alberto Fern\u00e1ndez anunciar\u00e1 este lunes una serie de cambios en el equipo ministerial,\u00a0<a href=\"https:\/\/www.telam.com.ar\/notas\/202210\/607131-renuncia-elizabeth-gomez-alcorta.html\" target=\"_blank\" rel=\"noopener\">tras la renuncia el viernes \u00faltimo de Elizabeth G\u00f3mez Alcorta a la cartera de Mujeres, G\u00e9neros y Diversidades<\/a>.<\/p>\n<p>Formalizada el viernes \u00faltimo la dimisi\u00f3n de G\u00f3mez Alcorta, este lunes se dar\u00e1 a conocer a la reemplazante para ese cargo junto a los nuevos titulares de las carteras de Trabajo y Desarrollo Social, donde el jefe de Estado tambi\u00e9n producir\u00e1 cambios.<\/p>\n<p>En estos dos casos, el Presidente estuvo analizando las designaciones, luego de que Claudio Moroni y Juan Zabaleta le adelantaran en distintos momentos que antes de fin de a\u00f1o tendr\u00edan que dejar sus lugares.<\/p>\n<p><strong>La renovaci\u00f3n de estos tres ministerios del gobierno fue el eje de las conversaciones que mantuvo el jefe de Estado este fin de semana en la Residencia de Olivos junto a sus colaboradores m\u00e1s cercanos<\/strong>, seg\u00fan pudo saber T\u00e9lam de fuentes oficiales.<\/p>\n<p>Luego de aceptar la renuncia presentada por G\u00f3mez Alcorta el viernes \u00faltimo, Fern\u00e1ndez le agradeci\u00f3 la labor desempe\u00f1ada y decidi\u00f3 realizar recambios en las otras \u00e1reas del Gabinete.<\/p>\n<p>En su carta de renuncia \u00abindeclinable\u00bb, la ahora exfuncionaria critic\u00f3 el desalojo por orden judicial realizado por fuerzas federales el martes \u00faltimo en los predios que ocupaba la comunidad Lof Lafken Winkul Mapu en Villa Mascardi, en la provincia de R\u00edo Negro.<\/p>\n<p>El ministro de Seguridad, An\u00edbal Fern\u00e1ndez, defendi\u00f3 este domingo la labor de las fuerzas y diferenci\u00f3 lo hecho bajo su gesti\u00f3n en Villa Mascardi respecto a lo actuado cuando la cartera era ocupada por Patricia Bullrich, en el Gobierno de Cambiemos.<\/p>\n<p>En un hilo de tuits, Fern\u00e1ndez subray\u00f3 que \u00ab<strong>el primer derecho humano fundamental es la vida\u00bb<\/strong>\u00a0y\u00a0<a href=\"https:\/\/www.telam.com.ar\/notas\/202210\/607315-anibal-fernandez-villa-mascardi-comparacion-cambiemos.html\" target=\"_blank\" rel=\"noopener\">record\u00f3 que el operativo del martes pasado fue \u00aben cumplimiento de la ley y de \u00f3rdenes judiciales\u00bb<\/a>, una obligaci\u00f3n que \u00abno es un men\u00fa a la carta\u00bb, advirti\u00f3.<\/p>\n","protected":false},"excerpt":{"rendered":"<p>Tras la renuncia de Elizabeth G\u00f3mez Alcorta, el jefe de Estado dar\u00e1 a conocer este lunes su reemplazo como as\u00ed tambi\u00e9n los de Juan Zabaleta y Claudio Moroni.<\/p>\n","protected":false},"author":3,"featured_media":0,"comment_status":"closed","ping_status":"closed","sticky":false,"template":"","format":"standard","meta":{"footnotes":""},"categories":[1],"tags":[],"class_list":["post-78677","post","type-post","status-publish","format-standard","hentry","category-sin-categoria"],"yoast_head":"<!-- This site is optimized with the Yoast SEO plugin v25.9 - https:\/\/yoast.com\/wordpress\/plugins\/seo\/ -->\n<title>El gobierno anuncia cambios en los ministerios de Mujeres, Desarrollo Social y Trabajo - Noticias Radio Reflejos<\/title>\n<meta name=\"robots\" content=\"index, follow, max-snippet:-1, max-image-preview:large, max-video-preview:-1\" \/>\n<link rel=\"canonical\" href=\"https:\/\/www.noticiasradioreflejos.com.ar\/2021\/el-gobierno-anuncia-cambios-en-los-ministerios-de-mujeres-desarrollo-social-y-trabajo\/\" \/>\n<meta property=\"og:locale\" content=\"es_ES\" \/>\n<meta property=\"og:type\" content=\"article\" \/>\n<meta property=\"og:title\" content=\"El gobierno anuncia cambios en los ministerios de Mujeres, Desarrollo Social y Trabajo - Noticias Radio Reflejos\" \/>\n<meta property=\"og:description\" content=\"Tras la renuncia de Elizabeth G\u00f3mez Alcorta, el jefe de Estado dar\u00e1 a conocer este lunes su reemplazo como as\u00ed tambi\u00e9n los de Juan Zabaleta y Claudio Moroni.\" \/>\n<meta property=\"og:url\" content=\"https:\/\/www.noticiasradioreflejos.com.ar\/2021\/el-gobierno-anuncia-cambios-en-los-ministerios-de-mujeres-desarrollo-social-y-trabajo\/\" \/>\n<meta property=\"og:site_name\" content=\"Noticias Radio Reflejos\" \/>\n<meta property=\"article:published_time\" content=\"2022-10-10T14:19:10+00:00\" \/>\n<meta property=\"og:image\" content=\"https:\/\/www.telam.com.ar\/thumbs\/bluesteel\/advf\/imagenes\/2022\/10\/634339f0ade4e_900.jpg\" \/>\n<meta name=\"author\" content=\"Arnaldo Botto\" \/>\n<meta name=\"twitter:card\" content=\"summary_large_image\" \/>\n<script type=\"application\/ld+json\" class=\"yoast-schema-graph\">{\"@context\":\"https:\/\/schema.org\",\"@graph\":[{\"@type\":\"WebPage\",\"@id\":\"https:\/\/www.noticiasradioreflejos.com.ar\/2021\/el-gobierno-anuncia-cambios-en-los-ministerios-de-mujeres-desarrollo-social-y-trabajo\/\",\"url\":\"https:\/\/www.noticiasradioreflejos.com.ar\/2021\/el-gobierno-anuncia-cambios-en-los-ministerios-de-mujeres-desarrollo-social-y-trabajo\/\",\"name\":\"El gobierno anuncia cambios en los ministerios de Mujeres, Desarrollo Social y Trabajo - Noticias Radio Reflejos\",\"isPartOf\":{\"@id\":\"https:\/\/www.noticiasradioreflejos.com.ar\/2021\/#website\"},\"primaryImageOfPage\":{\"@id\":\"https:\/\/www.noticiasradioreflejos.com.ar\/2021\/el-gobierno-anuncia-cambios-en-los-ministerios-de-mujeres-desarrollo-social-y-trabajo\/#primaryimage\"},\"image\":{\"@id\":\"https:\/\/www.noticiasradioreflejos.com.ar\/2021\/el-gobierno-anuncia-cambios-en-los-ministerios-de-mujeres-desarrollo-social-y-trabajo\/#primaryimage\"},\"thumbnailUrl\":\"https:\/\/www.telam.com.ar\/thumbs\/bluesteel\/advf\/imagenes\/2022\/10\/634339f0ade4e_900.jpg\",\"datePublished\":\"2022-10-10T14:19:10+00:00\",\"author\":{\"@id\":\"https:\/\/www.noticiasradioreflejos.com.ar\/2021\/#\/schema\/person\/ad82545263dcc5ec0996818884fd5fb1\"},\"breadcrumb\":{\"@id\":\"https:\/\/www.noticiasradioreflejos.com.ar\/2021\/el-gobierno-anuncia-cambios-en-los-ministerios-de-mujeres-desarrollo-social-y-trabajo\/#breadcrumb\"},\"inLanguage\":\"es\",\"potentialAction\":[{\"@type\":\"ReadAction\",\"target\":[\"https:\/\/www.noticiasradioreflejos.com.ar\/2021\/el-gobierno-anuncia-cambios-en-los-ministerios-de-mujeres-desarrollo-social-y-trabajo\/\"]}]},{\"@type\":\"ImageObject\",\"inLanguage\":\"es\",\"@id\":\"https:\/\/www.noticiasradioreflejos.com.ar\/2021\/el-gobierno-anuncia-cambios-en-los-ministerios-de-mujeres-desarrollo-social-y-trabajo\/#primaryimage\",\"url\":\"https:\/\/www.telam.com.ar\/thumbs\/bluesteel\/advf\/imagenes\/2022\/10\/634339f0ade4e_900.jpg\",\"contentUrl\":\"https:\/\/www.telam.com.ar\/thumbs\/bluesteel\/advf\/imagenes\/2022\/10\/634339f0ade4e_900.jpg\"},{\"@type\":\"BreadcrumbList\",\"@id\":\"https:\/\/www.noticiasradioreflejos.com.ar\/2021\/el-gobierno-anuncia-cambios-en-los-ministerios-de-mujeres-desarrollo-social-y-trabajo\/#breadcrumb\",\"itemListElement\":[{\"@type\":\"ListItem\",\"position\":1,\"name\":\"Portada\",\"item\":\"https:\/\/www.noticiasradioreflejos.com.ar\/2021\/\"},{\"@type\":\"ListItem\",\"position\":2,\"name\":\"El gobierno anuncia cambios en los ministerios de Mujeres, Desarrollo Social y Trabajo\"}]},{\"@type\":\"WebSite\",\"@id\":\"https:\/\/www.noticiasradioreflejos.com.ar\/2021\/#website\",\"url\":\"https:\/\/www.noticiasradioreflejos.com.ar\/2021\/\",\"name\":\"Noticias Radio Reflejos\",\"description\":\"Las noticias de mi comarca\",\"potentialAction\":[{\"@type\":\"SearchAction\",\"target\":{\"@type\":\"EntryPoint\",\"urlTemplate\":\"https:\/\/www.noticiasradioreflejos.com.ar\/2021\/?s={search_term_string}\"},\"query-input\":{\"@type\":\"PropertyValueSpecification\",\"valueRequired\":true,\"valueName\":\"search_term_string\"}}],\"inLanguage\":\"es\"},{\"@type\":\"Person\",\"@id\":\"https:\/\/www.noticiasradioreflejos.com.ar\/2021\/#\/schema\/person\/ad82545263dcc5ec0996818884fd5fb1\",\"name\":\"Arnaldo Botto\",\"image\":{\"@type\":\"ImageObject\",\"inLanguage\":\"es\",\"@id\":\"https:\/\/www.noticiasradioreflejos.com.ar\/2021\/#\/schema\/person\/image\/\",\"url\":\"https:\/\/secure.gravatar.com\/avatar\/55cb5e37c1efa326397366e6974cb338056df65cb50e7d64d1cf314e87504837?s=96&d=mm&r=g\",\"contentUrl\":\"https:\/\/secure.gravatar.com\/avatar\/55cb5e37c1efa326397366e6974cb338056df65cb50e7d64d1cf314e87504837?s=96&d=mm&r=g\",\"caption\":\"Arnaldo Botto\"},\"url\":\"https:\/\/www.noticiasradioreflejos.com.ar\/2021\/author\/arnaldo\/\"}]}<\/script>\n<!-- \/ Yoast SEO plugin. -->","yoast_head_json":{"title":"El gobierno anuncia cambios en los ministerios de Mujeres, Desarrollo Social y Trabajo - Noticias Radio Reflejos","robots":{"index":"index","follow":"follow","max-snippet":"max-snippet:-1","max-image-preview":"max-image-preview:large","max-video-preview":"max-video-preview:-1"},"canonical":"https:\/\/www.noticiasradioreflejos.com.ar\/2021\/el-gobierno-anuncia-cambios-en-los-ministerios-de-mujeres-desarrollo-social-y-trabajo\/","og_locale":"es_ES","og_type":"article","og_title":"El gobierno anuncia cambios en los ministerios de Mujeres, Desarrollo Social y Trabajo - Noticias Radio Reflejos","og_description":"Tras la renuncia de Elizabeth G\u00f3mez Alcorta, el jefe de Estado dar\u00e1 a conocer este lunes su reemplazo como as\u00ed tambi\u00e9n los de Juan Zabaleta y Claudio Moroni.","og_url":"https:\/\/www.noticiasradioreflejos.com.ar\/2021\/el-gobierno-anuncia-cambios-en-los-ministerios-de-mujeres-desarrollo-social-y-trabajo\/","og_site_name":"Noticias Radio Reflejos","article_published_time":"2022-10-10T14:19:10+00:00","og_image":[{"url":"https:\/\/www.telam.com.ar\/thumbs\/bluesteel\/advf\/imagenes\/2022\/10\/634339f0ade4e_900.jpg","type":"","width":"","height":""}],"author":"Arnaldo Botto","twitter_card":"summary_large_image","schema":{"@context":"https:\/\/schema.org","@graph":[{"@type":"WebPage","@id":"https:\/\/www.noticiasradioreflejos.com.ar\/2021\/el-gobierno-anuncia-cambios-en-los-ministerios-de-mujeres-desarrollo-social-y-trabajo\/","url":"https:\/\/www.noticiasradioreflejos.com.ar\/2021\/el-gobierno-anuncia-cambios-en-los-ministerios-de-mujeres-desarrollo-social-y-trabajo\/","name":"El gobierno anuncia cambios en los ministerios de Mujeres, Desarrollo Social y Trabajo - Noticias Radio Reflejos","isPartOf":{"@id":"https:\/\/www.noticiasradioreflejos.com.ar\/2021\/#website"},"primaryImageOfPage":{"@id":"https:\/\/www.noticiasradioreflejos.com.ar\/2021\/el-gobierno-anuncia-cambios-en-los-ministerios-de-mujeres-desarrollo-social-y-trabajo\/#primaryimage"},"image":{"@id":"https:\/\/www.noticiasradioreflejos.com.ar\/2021\/el-gobierno-anuncia-cambios-en-los-ministerios-de-mujeres-desarrollo-social-y-trabajo\/#primaryimage"},"thumbnailUrl":"https:\/\/www.telam.com.ar\/thumbs\/bluesteel\/advf\/imagenes\/2022\/10\/634339f0ade4e_900.jpg","datePublished":"2022-10-10T14:19:10+00:00","author":{"@id":"https:\/\/www.noticiasradioreflejos.com.ar\/2021\/#\/schema\/person\/ad82545263dcc5ec0996818884fd5fb1"},"breadcrumb":{"@id":"https:\/\/www.noticiasradioreflejos.com.ar\/2021\/el-gobierno-anuncia-cambios-en-los-ministerios-de-mujeres-desarrollo-social-y-trabajo\/#breadcrumb"},"inLanguage":"es","potentialAction":[{"@type":"ReadAction","target":["https:\/\/www.noticiasradioreflejos.com.ar\/2021\/el-gobierno-anuncia-cambios-en-los-ministerios-de-mujeres-desarrollo-social-y-trabajo\/"]}]},{"@type":"ImageObject","inLanguage":"es","@id":"https:\/\/www.noticiasradioreflejos.com.ar\/2021\/el-gobierno-anuncia-cambios-en-los-ministerios-de-mujeres-desarrollo-social-y-trabajo\/#primaryimage","url":"https:\/\/www.telam.com.ar\/thumbs\/bluesteel\/advf\/imagenes\/2022\/10\/634339f0ade4e_900.jpg","contentUrl":"https:\/\/www.telam.com.ar\/thumbs\/bluesteel\/advf\/imagenes\/2022\/10\/634339f0ade4e_900.jpg"},{"@type":"BreadcrumbList","@id":"https:\/\/www.noticiasradioreflejos.com.ar\/2021\/el-gobierno-anuncia-cambios-en-los-ministerios-de-mujeres-desarrollo-social-y-trabajo\/#breadcrumb","itemListElement":[{"@type":"ListItem","position":1,"name":"Portada","item":"https:\/\/www.noticiasradioreflejos.com.ar\/2021\/"},{"@type":"ListItem","position":2,"name":"El gobierno anuncia cambios en los ministerios de Mujeres, Desarrollo Social y Trabajo"}]},{"@type":"WebSite","@id":"https:\/\/www.noticiasradioreflejos.com.ar\/2021\/#website","url":"https:\/\/www.noticiasradioreflejos.com.ar\/2021\/","name":"Noticias Radio Reflejos","description":"Las noticias de mi comarca","potentialAction":[{"@type":"SearchAction","target":{"@type":"EntryPoint","urlTemplate":"https:\/\/www.noticiasradioreflejos.com.ar\/2021\/?s={search_term_string}"},"query-input":{"@type":"PropertyValueSpecification","valueRequired":true,"valueName":"search_term_string"}}],"inLanguage":"es"},{"@type":"Person","@id":"https:\/\/www.noticiasradioreflejos.com.ar\/2021\/#\/schema\/person\/ad82545263dcc5ec0996818884fd5fb1","name":"Arnaldo Botto","image":{"@type":"ImageObject","inLanguage":"es","@id":"https:\/\/www.noticiasradioreflejos.com.ar\/2021\/#\/schema\/person\/image\/","url":"https:\/\/secure.gravatar.com\/avatar\/55cb5e37c1efa326397366e6974cb338056df65cb50e7d64d1cf314e87504837?s=96&d=mm&r=g","contentUrl":"https:\/\/secure.gravatar.com\/avatar\/55cb5e37c1efa326397366e6974cb338056df65cb50e7d64d1cf314e87504837?s=96&d=mm&r=g","caption":"Arnaldo Botto"},"url":"https:\/\/www.noticiasradioreflejos.com.ar\/2021\/author\/arnaldo\/"}]}},"_links":{"self":[{"href":"https:\/\/www.noticiasradioreflejos.com.ar\/2021\/wp-json\/wp\/v2\/posts\/78677","targetHints":{"allow":["GET"]}}],"collection":[{"href":"https:\/\/www.noticiasradioreflejos.com.ar\/2021\/wp-json\/wp\/v2\/posts"}],"about":[{"href":"https:\/\/www.noticiasradioreflejos.com.ar\/2021\/wp-json\/wp\/v2\/types\/post"}],"author":[{"embeddable":true,"href":"https:\/\/www.noticiasradioreflejos.com.ar\/2021\/wp-json\/wp\/v2\/users\/3"}],"replies":[{"embeddable":true,"href":"https:\/\/www.noticiasradioreflejos.com.ar\/2021\/wp-json\/wp\/v2\/comments?post=78677"}],"version-history":[{"count":1,"href":"https:\/\/www.noticiasradioreflejos.com.ar\/2021\/wp-json\/wp\/v2\/posts\/78677\/revisions"}],"predecessor-version":[{"id":78678,"href":"https:\/\/www.noticiasradioreflejos.com.ar\/2021\/wp-json\/wp\/v2\/posts\/78677\/revisions\/78678"}],"wp:attachment":[{"href":"https:\/\/www.noticiasradioreflejos.com.ar\/2021\/wp-json\/wp\/v2\/media?parent=78677"}],"wp:term":[{"taxonomy":"category","embeddable":true,"href":"https:\/\/www.noticiasradioreflejos.com.ar\/2021\/wp-json\/wp\/v2\/categories?post=78677"},{"taxonomy":"post_tag","embeddable":true,"href":"https:\/\/www.noticiasradioreflejos.com.ar\/2021\/wp-json\/wp\/v2\/tags?post=78677"}],"curies":[{"name":"wp","href":"https:\/\/api.w.org\/{rel}","templated":true}]}}