{"id":78655,"date":"2022-10-08T14:35:51","date_gmt":"2022-10-08T14:35:51","guid":{"rendered":"http:\/\/www.noticiasradioreflejos.com.ar\/2021\/?p=78655"},"modified":"2022-10-08T14:35:51","modified_gmt":"2022-10-08T14:35:51","slug":"murieron-250-ballenas-piloto-que-quedaron-varadas-en-nueva-zelanda","status":"publish","type":"post","link":"https:\/\/www.noticiasradioreflejos.com.ar\/2021\/murieron-250-ballenas-piloto-que-quedaron-varadas-en-nueva-zelanda\/","title":{"rendered":"Murieron 250 ballenas piloto que quedaron varadas en Nueva Zelanda"},"content":{"rendered":"<p>Los ejemplares aparecieron en la isla Chatham. Los equipos de conservaci\u00f3n no pudieron devolverlas al mar debido a la presencia de tiburones en la zona, lo que representaba un peligro para los rescatistas.<!--more--><\/p>\n<p>Unas\u00a0<strong>250 ballenas piloto<\/strong>\u00a0murieron tras quedarse varadas\u00a0<strong>en la isla Chatham de Nueva Zelanda<\/strong>, donde los equipos de conservaci\u00f3n\u00a0<strong>no pudieron devolverlas al mar debido a la presencia de tiburones<\/strong>\u00a0en la zona, informaron este s\u00e1bado las autoridades locales.<\/p>\n<p>Las ballenas piloto fueron vistas varadas el viernes en la parte noroccidental de esta isla, indic\u00f3 el Departamento de Conservaci\u00f3n de Nueva Zelanda, seg\u00fan la agencia de noticias AFP.<\/p>\n<p>\u00abEn la isla Chatham no reflotamos activamente a las ballenas por el riesgo de ataques de tiburones tanto a los humanos como a las propias ballenas\u00bb, explic\u00f3 en un comunicado el Departamento, que a\u00f1adi\u00f3 que los cet\u00e1ceos que sobrevivieron fueron sacrificados para evitarles un mayor sufrimiento.<\/p>\n<figure class=\"mb-3\"><img decoding=\"async\" src=\"https:\/\/www.telam.com.ar\/thumbs\/bluesteel\/advf\/imagenes\/2022\/10\/63417531ad2b6_900.jpg\" alt=\"Las autoridades decidieron que las ballenas se descompongan in situ de manera natural Foto Tw Project Jonah New Zealand\" width=\"100%\" height=\"100%\" \/><\/p>\n<div class=\"media-icons\"><\/div><figcaption>Las autoridades decidieron que las ballenas \u00abse descompongan in situ de manera natural\u00bb. (Foto Tw Project Jonah New Zealand)<\/figcaption><\/figure>\n<p>\u00ab<strong>Todas las ballenas piloto varadas est\u00e1n ahora muertas<\/strong>, y se dejar\u00e1 que sus cuerpos se descompongan in situ de manera natural\u00bb, indic\u00f3 el Departamento.<\/p>\n<p>Estos varamientos \u00abno son inusuales\u00bb en la isla Chatham, al este de la Isla Sur de Nueva Zelanda, seg\u00fan se inform\u00f3.<\/p>\n<p>El r\u00e9cord se produjo en 1918, cuando quedaron varadas unas 1.000 ballenas.<\/p>\n<p>Hace poco m\u00e1s de dos semanas, casi 200 ballenas piloto fallecieron tambi\u00e9n en una playa en la isla australiana de Tasmania.<\/p>\n","protected":false},"excerpt":{"rendered":"<p>Los ejemplares aparecieron en la isla Chatham. Los equipos de conservaci\u00f3n no pudieron devolverlas al mar debido a la presencia de tiburones en la zona, lo que representaba un peligro para los rescatistas.<\/p>\n","protected":false},"author":3,"featured_media":0,"comment_status":"closed","ping_status":"closed","sticky":false,"template":"","format":"standard","meta":{"footnotes":""},"categories":[46],"tags":[],"class_list":["post-78655","post","type-post","status-publish","format-standard","hentry","category-ciencia-y-tecnologia"],"yoast_head":"<!-- This site is optimized with the Yoast SEO plugin v25.9 - https:\/\/yoast.com\/wordpress\/plugins\/seo\/ -->\n<title>Murieron 250 ballenas piloto que quedaron varadas en Nueva Zelanda - Noticias Radio Reflejos<\/title>\n<meta name=\"robots\" content=\"index, follow, max-snippet:-1, max-image-preview:large, max-video-preview:-1\" \/>\n<link rel=\"canonical\" href=\"https:\/\/www.noticiasradioreflejos.com.ar\/2021\/murieron-250-ballenas-piloto-que-quedaron-varadas-en-nueva-zelanda\/\" \/>\n<meta property=\"og:locale\" content=\"es_ES\" \/>\n<meta property=\"og:type\" content=\"article\" \/>\n<meta property=\"og:title\" content=\"Murieron 250 ballenas piloto que quedaron varadas en Nueva Zelanda - Noticias Radio Reflejos\" \/>\n<meta property=\"og:description\" content=\"Los ejemplares aparecieron en la isla Chatham. Los equipos de conservaci\u00f3n no pudieron devolverlas al mar debido a la presencia de tiburones en la zona, lo que representaba un peligro para los rescatistas.\" \/>\n<meta property=\"og:url\" content=\"https:\/\/www.noticiasradioreflejos.com.ar\/2021\/murieron-250-ballenas-piloto-que-quedaron-varadas-en-nueva-zelanda\/\" \/>\n<meta property=\"og:site_name\" content=\"Noticias Radio Reflejos\" \/>\n<meta property=\"article:published_time\" content=\"2022-10-08T14:35:51+00:00\" \/>\n<meta property=\"og:image\" content=\"https:\/\/www.telam.com.ar\/thumbs\/bluesteel\/advf\/imagenes\/2022\/10\/63417531ad2b6_900.jpg\" \/>\n<meta name=\"author\" content=\"Arnaldo Botto\" \/>\n<meta name=\"twitter:card\" content=\"summary_large_image\" \/>\n<script type=\"application\/ld+json\" class=\"yoast-schema-graph\">{\"@context\":\"https:\/\/schema.org\",\"@graph\":[{\"@type\":\"WebPage\",\"@id\":\"https:\/\/www.noticiasradioreflejos.com.ar\/2021\/murieron-250-ballenas-piloto-que-quedaron-varadas-en-nueva-zelanda\/\",\"url\":\"https:\/\/www.noticiasradioreflejos.com.ar\/2021\/murieron-250-ballenas-piloto-que-quedaron-varadas-en-nueva-zelanda\/\",\"name\":\"Murieron 250 ballenas piloto que quedaron varadas en Nueva Zelanda - Noticias Radio Reflejos\",\"isPartOf\":{\"@id\":\"https:\/\/www.noticiasradioreflejos.com.ar\/2021\/#website\"},\"primaryImageOfPage\":{\"@id\":\"https:\/\/www.noticiasradioreflejos.com.ar\/2021\/murieron-250-ballenas-piloto-que-quedaron-varadas-en-nueva-zelanda\/#primaryimage\"},\"image\":{\"@id\":\"https:\/\/www.noticiasradioreflejos.com.ar\/2021\/murieron-250-ballenas-piloto-que-quedaron-varadas-en-nueva-zelanda\/#primaryimage\"},\"thumbnailUrl\":\"https:\/\/www.telam.com.ar\/thumbs\/bluesteel\/advf\/imagenes\/2022\/10\/63417531ad2b6_900.jpg\",\"datePublished\":\"2022-10-08T14:35:51+00:00\",\"author\":{\"@id\":\"https:\/\/www.noticiasradioreflejos.com.ar\/2021\/#\/schema\/person\/ad82545263dcc5ec0996818884fd5fb1\"},\"breadcrumb\":{\"@id\":\"https:\/\/www.noticiasradioreflejos.com.ar\/2021\/murieron-250-ballenas-piloto-que-quedaron-varadas-en-nueva-zelanda\/#breadcrumb\"},\"inLanguage\":\"es\",\"potentialAction\":[{\"@type\":\"ReadAction\",\"target\":[\"https:\/\/www.noticiasradioreflejos.com.ar\/2021\/murieron-250-ballenas-piloto-que-quedaron-varadas-en-nueva-zelanda\/\"]}]},{\"@type\":\"ImageObject\",\"inLanguage\":\"es\",\"@id\":\"https:\/\/www.noticiasradioreflejos.com.ar\/2021\/murieron-250-ballenas-piloto-que-quedaron-varadas-en-nueva-zelanda\/#primaryimage\",\"url\":\"https:\/\/www.telam.com.ar\/thumbs\/bluesteel\/advf\/imagenes\/2022\/10\/63417531ad2b6_900.jpg\",\"contentUrl\":\"https:\/\/www.telam.com.ar\/thumbs\/bluesteel\/advf\/imagenes\/2022\/10\/63417531ad2b6_900.jpg\"},{\"@type\":\"BreadcrumbList\",\"@id\":\"https:\/\/www.noticiasradioreflejos.com.ar\/2021\/murieron-250-ballenas-piloto-que-quedaron-varadas-en-nueva-zelanda\/#breadcrumb\",\"itemListElement\":[{\"@type\":\"ListItem\",\"position\":1,\"name\":\"Portada\",\"item\":\"https:\/\/www.noticiasradioreflejos.com.ar\/2021\/\"},{\"@type\":\"ListItem\",\"position\":2,\"name\":\"Murieron 250 ballenas piloto que quedaron varadas en Nueva Zelanda\"}]},{\"@type\":\"WebSite\",\"@id\":\"https:\/\/www.noticiasradioreflejos.com.ar\/2021\/#website\",\"url\":\"https:\/\/www.noticiasradioreflejos.com.ar\/2021\/\",\"name\":\"Noticias Radio Reflejos\",\"description\":\"Las noticias de mi comarca\",\"potentialAction\":[{\"@type\":\"SearchAction\",\"target\":{\"@type\":\"EntryPoint\",\"urlTemplate\":\"https:\/\/www.noticiasradioreflejos.com.ar\/2021\/?s={search_term_string}\"},\"query-input\":{\"@type\":\"PropertyValueSpecification\",\"valueRequired\":true,\"valueName\":\"search_term_string\"}}],\"inLanguage\":\"es\"},{\"@type\":\"Person\",\"@id\":\"https:\/\/www.noticiasradioreflejos.com.ar\/2021\/#\/schema\/person\/ad82545263dcc5ec0996818884fd5fb1\",\"name\":\"Arnaldo Botto\",\"image\":{\"@type\":\"ImageObject\",\"inLanguage\":\"es\",\"@id\":\"https:\/\/www.noticiasradioreflejos.com.ar\/2021\/#\/schema\/person\/image\/\",\"url\":\"https:\/\/secure.gravatar.com\/avatar\/55cb5e37c1efa326397366e6974cb338056df65cb50e7d64d1cf314e87504837?s=96&d=mm&r=g\",\"contentUrl\":\"https:\/\/secure.gravatar.com\/avatar\/55cb5e37c1efa326397366e6974cb338056df65cb50e7d64d1cf314e87504837?s=96&d=mm&r=g\",\"caption\":\"Arnaldo Botto\"},\"url\":\"https:\/\/www.noticiasradioreflejos.com.ar\/2021\/author\/arnaldo\/\"}]}<\/script>\n<!-- \/ Yoast SEO plugin. -->","yoast_head_json":{"title":"Murieron 250 ballenas piloto que quedaron varadas en Nueva Zelanda - Noticias Radio Reflejos","robots":{"index":"index","follow":"follow","max-snippet":"max-snippet:-1","max-image-preview":"max-image-preview:large","max-video-preview":"max-video-preview:-1"},"canonical":"https:\/\/www.noticiasradioreflejos.com.ar\/2021\/murieron-250-ballenas-piloto-que-quedaron-varadas-en-nueva-zelanda\/","og_locale":"es_ES","og_type":"article","og_title":"Murieron 250 ballenas piloto que quedaron varadas en Nueva Zelanda - Noticias Radio Reflejos","og_description":"Los ejemplares aparecieron en la isla Chatham. Los equipos de conservaci\u00f3n no pudieron devolverlas al mar debido a la presencia de tiburones en la zona, lo que representaba un peligro para los rescatistas.","og_url":"https:\/\/www.noticiasradioreflejos.com.ar\/2021\/murieron-250-ballenas-piloto-que-quedaron-varadas-en-nueva-zelanda\/","og_site_name":"Noticias Radio Reflejos","article_published_time":"2022-10-08T14:35:51+00:00","og_image":[{"url":"https:\/\/www.telam.com.ar\/thumbs\/bluesteel\/advf\/imagenes\/2022\/10\/63417531ad2b6_900.jpg","type":"","width":"","height":""}],"author":"Arnaldo Botto","twitter_card":"summary_large_image","schema":{"@context":"https:\/\/schema.org","@graph":[{"@type":"WebPage","@id":"https:\/\/www.noticiasradioreflejos.com.ar\/2021\/murieron-250-ballenas-piloto-que-quedaron-varadas-en-nueva-zelanda\/","url":"https:\/\/www.noticiasradioreflejos.com.ar\/2021\/murieron-250-ballenas-piloto-que-quedaron-varadas-en-nueva-zelanda\/","name":"Murieron 250 ballenas piloto que quedaron varadas en Nueva Zelanda - Noticias Radio Reflejos","isPartOf":{"@id":"https:\/\/www.noticiasradioreflejos.com.ar\/2021\/#website"},"primaryImageOfPage":{"@id":"https:\/\/www.noticiasradioreflejos.com.ar\/2021\/murieron-250-ballenas-piloto-que-quedaron-varadas-en-nueva-zelanda\/#primaryimage"},"image":{"@id":"https:\/\/www.noticiasradioreflejos.com.ar\/2021\/murieron-250-ballenas-piloto-que-quedaron-varadas-en-nueva-zelanda\/#primaryimage"},"thumbnailUrl":"https:\/\/www.telam.com.ar\/thumbs\/bluesteel\/advf\/imagenes\/2022\/10\/63417531ad2b6_900.jpg","datePublished":"2022-10-08T14:35:51+00:00","author":{"@id":"https:\/\/www.noticiasradioreflejos.com.ar\/2021\/#\/schema\/person\/ad82545263dcc5ec0996818884fd5fb1"},"breadcrumb":{"@id":"https:\/\/www.noticiasradioreflejos.com.ar\/2021\/murieron-250-ballenas-piloto-que-quedaron-varadas-en-nueva-zelanda\/#breadcrumb"},"inLanguage":"es","potentialAction":[{"@type":"ReadAction","target":["https:\/\/www.noticiasradioreflejos.com.ar\/2021\/murieron-250-ballenas-piloto-que-quedaron-varadas-en-nueva-zelanda\/"]}]},{"@type":"ImageObject","inLanguage":"es","@id":"https:\/\/www.noticiasradioreflejos.com.ar\/2021\/murieron-250-ballenas-piloto-que-quedaron-varadas-en-nueva-zelanda\/#primaryimage","url":"https:\/\/www.telam.com.ar\/thumbs\/bluesteel\/advf\/imagenes\/2022\/10\/63417531ad2b6_900.jpg","contentUrl":"https:\/\/www.telam.com.ar\/thumbs\/bluesteel\/advf\/imagenes\/2022\/10\/63417531ad2b6_900.jpg"},{"@type":"BreadcrumbList","@id":"https:\/\/www.noticiasradioreflejos.com.ar\/2021\/murieron-250-ballenas-piloto-que-quedaron-varadas-en-nueva-zelanda\/#breadcrumb","itemListElement":[{"@type":"ListItem","position":1,"name":"Portada","item":"https:\/\/www.noticiasradioreflejos.com.ar\/2021\/"},{"@type":"ListItem","position":2,"name":"Murieron 250 ballenas piloto que quedaron varadas en Nueva Zelanda"}]},{"@type":"WebSite","@id":"https:\/\/www.noticiasradioreflejos.com.ar\/2021\/#website","url":"https:\/\/www.noticiasradioreflejos.com.ar\/2021\/","name":"Noticias Radio Reflejos","description":"Las noticias de mi comarca","potentialAction":[{"@type":"SearchAction","target":{"@type":"EntryPoint","urlTemplate":"https:\/\/www.noticiasradioreflejos.com.ar\/2021\/?s={search_term_string}"},"query-input":{"@type":"PropertyValueSpecification","valueRequired":true,"valueName":"search_term_string"}}],"inLanguage":"es"},{"@type":"Person","@id":"https:\/\/www.noticiasradioreflejos.com.ar\/2021\/#\/schema\/person\/ad82545263dcc5ec0996818884fd5fb1","name":"Arnaldo Botto","image":{"@type":"ImageObject","inLanguage":"es","@id":"https:\/\/www.noticiasradioreflejos.com.ar\/2021\/#\/schema\/person\/image\/","url":"https:\/\/secure.gravatar.com\/avatar\/55cb5e37c1efa326397366e6974cb338056df65cb50e7d64d1cf314e87504837?s=96&d=mm&r=g","contentUrl":"https:\/\/secure.gravatar.com\/avatar\/55cb5e37c1efa326397366e6974cb338056df65cb50e7d64d1cf314e87504837?s=96&d=mm&r=g","caption":"Arnaldo Botto"},"url":"https:\/\/www.noticiasradioreflejos.com.ar\/2021\/author\/arnaldo\/"}]}},"_links":{"self":[{"href":"https:\/\/www.noticiasradioreflejos.com.ar\/2021\/wp-json\/wp\/v2\/posts\/78655","targetHints":{"allow":["GET"]}}],"collection":[{"href":"https:\/\/www.noticiasradioreflejos.com.ar\/2021\/wp-json\/wp\/v2\/posts"}],"about":[{"href":"https:\/\/www.noticiasradioreflejos.com.ar\/2021\/wp-json\/wp\/v2\/types\/post"}],"author":[{"embeddable":true,"href":"https:\/\/www.noticiasradioreflejos.com.ar\/2021\/wp-json\/wp\/v2\/users\/3"}],"replies":[{"embeddable":true,"href":"https:\/\/www.noticiasradioreflejos.com.ar\/2021\/wp-json\/wp\/v2\/comments?post=78655"}],"version-history":[{"count":1,"href":"https:\/\/www.noticiasradioreflejos.com.ar\/2021\/wp-json\/wp\/v2\/posts\/78655\/revisions"}],"predecessor-version":[{"id":78657,"href":"https:\/\/www.noticiasradioreflejos.com.ar\/2021\/wp-json\/wp\/v2\/posts\/78655\/revisions\/78657"}],"wp:attachment":[{"href":"https:\/\/www.noticiasradioreflejos.com.ar\/2021\/wp-json\/wp\/v2\/media?parent=78655"}],"wp:term":[{"taxonomy":"category","embeddable":true,"href":"https:\/\/www.noticiasradioreflejos.com.ar\/2021\/wp-json\/wp\/v2\/categories?post=78655"},{"taxonomy":"post_tag","embeddable":true,"href":"https:\/\/www.noticiasradioreflejos.com.ar\/2021\/wp-json\/wp\/v2\/tags?post=78655"}],"curies":[{"name":"wp","href":"https:\/\/api.w.org\/{rel}","templated":true}]}}