{"id":78652,"date":"2022-10-08T14:32:16","date_gmt":"2022-10-08T14:32:16","guid":{"rendered":"http:\/\/www.noticiasradioreflejos.com.ar\/2021\/?p=78652"},"modified":"2022-10-08T14:32:16","modified_gmt":"2022-10-08T14:32:16","slug":"el-papa-proclamara-santo-a-artemides-zatti-el-enfermero-de-los-humildes-de-la-patagonia","status":"publish","type":"post","link":"https:\/\/www.noticiasradioreflejos.com.ar\/2021\/el-papa-proclamara-santo-a-artemides-zatti-el-enfermero-de-los-humildes-de-la-patagonia\/","title":{"rendered":"El Papa proclamar\u00e1 santo a Art\u00e9mides Zatti, el enfermero de los humildes de la Patagonia"},"content":{"rendered":"<p>El Patrono de la ciudad de Viedma ser\u00e1 canonizado en la Plaza San Pedro. Una delegaci\u00f3n de sacerdotes salesianos del centro y sur del pa\u00eds participar\u00e1 de la ceremonia encabezada por Francisco. El proceso para su canonizaci\u00f3n inici\u00f3 en 1977 y en 2002 lo beatific\u00f3 Juan Pablo II.<!--more--><\/p>\n<p><strong>El enfermero \u00edtalo-argentino Art\u00e9mides Zatti<\/strong>, conocido por su labor\u00a0<strong>en la Patagonia al servicio de las personas necesitadas<\/strong>\u00a0durante los inicios del siglo XX, y que enfoc\u00f3 su labor en \u00ablas casas humildes de las periferias\u00bb,\u00a0<strong>ser\u00e1 proclamado Santo este domingo<\/strong>\u00a0por el papa Francisco con una ceremonia\u00a0<strong>en la Plaza San Pedro<\/strong>\u00a0luego de que el Vaticano confirmara un milagro atribuido a su intercesi\u00f3n.<\/p>\n<p>Nacido en Boretto (Regio Emilia, Italia) el 12 de octubre de 1880,\u00a0<strong>Zatti vivi\u00f3 en Argentina desde 1897 hasta su muerte en 1951<\/strong>, en donde desarroll\u00f3 una carrera como enfermero que lo acerc\u00f3 a los m\u00e1s necesitados a partir de su incorporaci\u00f3n al movimiento de los Salesianos de Don Bosco.<\/p>\n<p>Su pasi\u00f3n por el trabajo en la Patagonia lo llev\u00f3 incluso a obtener la ciudadan\u00eda argentina en 1914.<\/p>\n<p>A m\u00e1s de 70 a\u00f1os de su muerte y cuando se encamina a ser proclamado santo, Zatti es reconocido en su Viedma adoptiva con un monumento y, desde 1975, le da su nombre al hospital regional.<\/p>\n<figure class=\"mb-3\"><img decoding=\"async\" src=\"https:\/\/www.telam.com.ar\/thumbs\/bluesteel\/advf\/imagenes\/2022\/10\/63417eb3d5f44_900.jpg\" alt=\"Foto AFP\" width=\"100%\" height=\"100%\" \/><\/p>\n<div class=\"media-icons\"><\/div><figcaption>Foto AFP<\/figcaption><\/figure>\n<p>\u00abArt\u00e9mides conoci\u00f3 a los salesianos en Bah\u00eda Blanca, donde hab\u00eda llegado en 1897 junto con su familia. Lamentablemente, muchos inmigrantes perd\u00edan el valor de la fe, absorbidos por el trabajo y los problemas que encontraban. Pero los Zatti, gracias a Dios, fueron una excepci\u00f3n\u00bb, record\u00f3 este s\u00e1bado el papa Francisco.<\/p>\n<p>Al recibir a un grupo de salesianos que participar\u00e1n de la canonizaci\u00f3n, record\u00f3 que luego el enfermero se traslad\u00f3 a Viedma.<\/p>\n<p>\u00abEn esa peque\u00f1a porci\u00f3n de tierra de la Patagonia donde transcurri\u00f3 la vida de nuestro beato, volvi\u00f3 a escribirse una p\u00e1gina del Evangelio: el Buen Samaritano encontr\u00f3 en \u00e9l un coraz\u00f3n, unas manos y una pasi\u00f3n, principalmente para los peque\u00f1os, los pobres, los pecadores y los \u00faltimos\u00bb, destac\u00f3 el Sumo Pont\u00edfice.<\/p>\n<p>De cara a la ceremonia que encabezar\u00e1 el papa Francisco\u00a0<strong>este domingo desde las 10.15 locales (5.15 de Argentina)<\/strong>, el Vaticano resalt\u00f3 en el libreto oficial de la ceremonia al que accedi\u00f3 T\u00e9lam la figura de Zatti como alguien que\u00a0<strong>\u00abamaba servir a quienes no ten\u00edan nada, en las casas humildes de las periferias\u00bb<\/strong>.<\/p>\n<p>\u00abPara atender a los enfermos en su domicilio recorr\u00eda la ciudad en bicicleta e, incluso, cruzaba R\u00edo Negro para llegar a Patagones. Vestido con la bata y llevando el malet\u00edn con medicinas e instrumentos, sosten\u00eda el manubrio con una mano y con la otra desgranaba las cuentas del Rosario\u00bb, plantea un tramo de la biograf\u00eda que lo presenta la Santa Sede.<\/p>\n<p>Zatti, que\u00a0<strong>hab\u00eda sido declarado beato por Juan Pablo II en 2022<\/strong>, ser\u00e1 canonizado luego de que se reconociera el milagro logrado a trav\u00e9s de su intercesi\u00f3n\u00a0<strong>en la curaci\u00f3n de un hombre que san\u00f3 de un \u00abictus isqu\u00e9mico cerebeloso derecho, complicado con lesi\u00f3n hemorr\u00e1gica voluminosa\u00bb<\/strong>, en agosto de 2016 en Lipa, Filipinas.<\/p>\n<p>El milagro,\u00a0<strong>sin explicaci\u00f3n m\u00e9dica<\/strong>\u00a0seg\u00fan el informe del tribunal can\u00f3nico que lo aprob\u00f3, se dio con la curaci\u00f3n repentina del paciente que ya hab\u00eda sido trasladado a su domicilio para pasar sus \u00faltimas horas con sus familiares luego de estar internado m\u00e1s de diez d\u00edas por una hemorragia cerebral.<\/p>\n<figure class=\"mb-3\"><img decoding=\"async\" src=\"https:\/\/www.telam.com.ar\/thumbs\/bluesteel\/advf\/imagenes\/2022\/10\/63417eb3b4858_900.jpg\" alt=\"Foto AFP\" width=\"100%\" height=\"100%\" \/><\/p>\n<div class=\"media-icons\"><\/div><figcaption>Foto AFP<\/figcaption><\/figure>\n<p>La Santa Sede atribuye al hermano del paciente, tambi\u00e9n salesiano, el rezo a Zatti que deriv\u00f3 en el milagro por el que el \u00abenfermero de los pobres\u00bb ser\u00e1 declarado Santo.<\/p>\n<p>Siempre cercano a las personas con necesidades, Zatti\u00a0<strong>lleg\u00f3 a estar en c\u00e1rcel por dar asistencia sanitaria a un preso<\/strong>\u00a0y trat\u00f3 al tambi\u00e9n salesiano Ceferino Namuncur\u00e1.<\/p>\n<p>A\u00f1os despu\u00e9s, el propio Francisco se mostr\u00f3 \u00abimpresionado\u00bb por su vida dedicada a los pacientes patag\u00f3nicos m\u00e1s necesitados.<\/p>\n<p>Fue tambi\u00e9n en Argentina en donde Zatti obtuvo su \u00abCredencial Profesional\u00bb, emitida por la Secretar\u00eda de la Salud P\u00fablica con el n\u00famero de matr\u00edcula de enfermero N\u00b0 07253.<\/p>\n<p>Tras una vida ayudando a las poblaciones de la zona de Viedma en la que se hab\u00eda instalado, alcanz\u00f3 la certificaci\u00f3n oficial en la Universidad Nacional de La Plata en 1948, a sus 67 a\u00f1os, ya que durante m\u00e1s de medio siglo se hab\u00eda dedicado antes a ayudar a los enfermos con una certificaci\u00f3n de 1917, que lo declaraba \u00abId\u00f3neo\u00bb en Farmacia.<\/p>\n<figure class=\"mb-3\"><img decoding=\"async\" src=\"https:\/\/www.telam.com.ar\/thumbs\/bluesteel\/advf\/imagenes\/2022\/10\/6340701df4169_900.jpg\" alt=\"Viedma se prepara para la beatificacin de Zatti Foto Marcelo Ochoa \" width=\"100%\" height=\"100%\" \/><\/p>\n<div class=\"media-icons\"><\/div><figcaption>Viedma se prepara para la beatificaci\u00f3n de Zatti. Foto Marcelo Ochoa<\/figcaption><\/figure>\n<p>La vida de entrega de Zatti comenz\u00f3 casi al inicio del siglo pasado:<strong>\u00a0A los 20 a\u00f1os ingres\u00f3 como seminarista en la casa de formaci\u00f3n de los salesianos en la localidad bonaerense de Bernal<\/strong>, donde cuid\u00f3 a un sacerdote con tuberculosis y contrajo la enfermedad.<\/p>\n<p>En 1902 fue enviado al hospital de San Jos\u00e9, en Viedma, donde mientras se recuperaba rez\u00f3 para sanar y prometi\u00f3 una vida de entrega y servicio si se recuperaba. Seg\u00fan sus biograf\u00edas, es en ese momento promete dedicar su vida al cuidado de los enfermos.<\/p>\n<p><strong>\u00abCre\u00ed, promet\u00ed, cur\u00e9\u00bb<\/strong>, fue su frase de cabecera para explicar su inmersi\u00f3n en el mundo de la fe y el cuidado de los necesitados. Seg\u00fan las cr\u00f3nicas sobre su actividad, recorr\u00eda en bicicleta los pueblos y localidades vecinas para llevar ayuda y medicamentos.<\/p>\n<p>En 1908, ya recuperado, fue admitido a ingresar en la Congregaci\u00f3n Salesiana como hermano coadjutor, donde se ocup\u00f3 de la farmacia anexa al hospital, la \u00fanica del pueblo.<\/p>\n<figure class=\"mb-3\"><img decoding=\"async\" src=\"https:\/\/www.telam.com.ar\/thumbs\/bluesteel\/advf\/imagenes\/2022\/10\/6340701e146b2_900.jpg\" alt=\"Zatti es el patrono de la ciudad de Viedma Foto Marcelo Ochoa \" width=\"100%\" height=\"100%\" \/><\/p>\n<div class=\"media-icons\"><\/div><figcaption>Zatti es el patrono de la ciudad de Viedma. Foto Marcelo Ochoa<\/figcaption><\/figure>\n<p>\u00abEl 18 de febrero de 1911 hizo la profesi\u00f3n perpetua como salesiano laico y enseguida se puso a trabajar con los enfermos, primero distribuyendo las medicinas, y luego en la gesti\u00f3n de todo el hospital de Viedma\u00bb, lo recuerda el Vaticano en la biograf\u00eda oficial.<\/p>\n<p>Zatti, desde ese rol, ampli\u00f3 el lugar hasta transformarlo en el primer hospital de la Patagonia argentina.\u00a0En 1950, tras cuarenta a\u00f1os de vida consagrada al servicio de los enfermos de la zona de Viedma y Carmen de Patagones, especialmente los m\u00e1s pobres, Zatti se\u00a0<strong>cae de una escalera y es obligado al reposo<\/strong>. Despu\u00e9s de unos meses se manifestaron los\u00a0<strong>s\u00edntomas de un c\u00e1ncer y muri\u00f3 el 15 de marzo de 1951<\/strong>.<\/p>\n<p>El proceso para su canonizaci\u00f3n inici\u00f3 en 1977 y\u00a0<strong>en 2002 lo beatific\u00f3 Juan Pablo II<\/strong>.<\/p>\n<p>Con la ceremonia que encabezar\u00e1 Francisco, Zatti se convertir\u00e1 en\u00a0<strong>el tercer Santo \u00abargentino\u00bb, tras H\u00e9ctor Valdivieso<\/strong>, quien desempe\u00f1\u00f3 su sacerdocio en la ciudad de Buenos Aires y fue canonizado en 1999 tras ser asesinado en la Revoluci\u00f3n de Asturias espa\u00f1ola de 1934,\u00a0<strong>y luego de Jos\u00e9 Gabriel Brochero<\/strong>, el \u00abcura gaucho\u00bb canonizado por Jorge Bergoglio en 2016.<\/p>\n","protected":false},"excerpt":{"rendered":"<p>El Patrono de la ciudad de Viedma ser\u00e1 canonizado en la Plaza San Pedro. Una delegaci\u00f3n de sacerdotes salesianos del centro y sur del pa\u00eds participar\u00e1 de la ceremonia encabezada por Francisco. El proceso para su canonizaci\u00f3n inici\u00f3 en 1977 y en 2002 lo beatific\u00f3 Juan Pablo II.<\/p>\n","protected":false},"author":3,"featured_media":0,"comment_status":"closed","ping_status":"closed","sticky":false,"template":"","format":"standard","meta":{"footnotes":""},"categories":[24,26],"tags":[],"class_list":["post-78652","post","type-post","status-publish","format-standard","hentry","category-politica","category-sociedad"],"yoast_head":"<!-- This site is optimized with the Yoast SEO plugin v25.9 - https:\/\/yoast.com\/wordpress\/plugins\/seo\/ -->\n<title>El Papa proclamar\u00e1 santo a Art\u00e9mides Zatti, el enfermero de los humildes de la Patagonia - Noticias Radio Reflejos<\/title>\n<meta name=\"robots\" content=\"index, follow, max-snippet:-1, max-image-preview:large, max-video-preview:-1\" \/>\n<link rel=\"canonical\" href=\"https:\/\/www.noticiasradioreflejos.com.ar\/2021\/el-papa-proclamara-santo-a-artemides-zatti-el-enfermero-de-los-humildes-de-la-patagonia\/\" \/>\n<meta property=\"og:locale\" content=\"es_ES\" \/>\n<meta property=\"og:type\" content=\"article\" \/>\n<meta property=\"og:title\" content=\"El Papa proclamar\u00e1 santo a Art\u00e9mides Zatti, el enfermero de los humildes de la Patagonia - Noticias Radio Reflejos\" \/>\n<meta property=\"og:description\" content=\"El Patrono de la ciudad de Viedma ser\u00e1 canonizado en la Plaza San Pedro. Una delegaci\u00f3n de sacerdotes salesianos del centro y sur del pa\u00eds participar\u00e1 de la ceremonia encabezada por Francisco. El proceso para su canonizaci\u00f3n inici\u00f3 en 1977 y en 2002 lo beatific\u00f3 Juan Pablo II.\" \/>\n<meta property=\"og:url\" content=\"https:\/\/www.noticiasradioreflejos.com.ar\/2021\/el-papa-proclamara-santo-a-artemides-zatti-el-enfermero-de-los-humildes-de-la-patagonia\/\" \/>\n<meta property=\"og:site_name\" content=\"Noticias Radio Reflejos\" \/>\n<meta property=\"article:published_time\" content=\"2022-10-08T14:32:16+00:00\" \/>\n<meta property=\"og:image\" content=\"https:\/\/www.telam.com.ar\/thumbs\/bluesteel\/advf\/imagenes\/2022\/10\/63417eb3d5f44_900.jpg\" \/>\n<meta name=\"author\" content=\"Arnaldo Botto\" \/>\n<meta name=\"twitter:card\" content=\"summary_large_image\" \/>\n<script type=\"application\/ld+json\" class=\"yoast-schema-graph\">{\"@context\":\"https:\/\/schema.org\",\"@graph\":[{\"@type\":\"WebPage\",\"@id\":\"https:\/\/www.noticiasradioreflejos.com.ar\/2021\/el-papa-proclamara-santo-a-artemides-zatti-el-enfermero-de-los-humildes-de-la-patagonia\/\",\"url\":\"https:\/\/www.noticiasradioreflejos.com.ar\/2021\/el-papa-proclamara-santo-a-artemides-zatti-el-enfermero-de-los-humildes-de-la-patagonia\/\",\"name\":\"El Papa proclamar\u00e1 santo a Art\u00e9mides Zatti, el enfermero de los humildes de la Patagonia - Noticias Radio Reflejos\",\"isPartOf\":{\"@id\":\"https:\/\/www.noticiasradioreflejos.com.ar\/2021\/#website\"},\"primaryImageOfPage\":{\"@id\":\"https:\/\/www.noticiasradioreflejos.com.ar\/2021\/el-papa-proclamara-santo-a-artemides-zatti-el-enfermero-de-los-humildes-de-la-patagonia\/#primaryimage\"},\"image\":{\"@id\":\"https:\/\/www.noticiasradioreflejos.com.ar\/2021\/el-papa-proclamara-santo-a-artemides-zatti-el-enfermero-de-los-humildes-de-la-patagonia\/#primaryimage\"},\"thumbnailUrl\":\"https:\/\/www.telam.com.ar\/thumbs\/bluesteel\/advf\/imagenes\/2022\/10\/63417eb3d5f44_900.jpg\",\"datePublished\":\"2022-10-08T14:32:16+00:00\",\"author\":{\"@id\":\"https:\/\/www.noticiasradioreflejos.com.ar\/2021\/#\/schema\/person\/ad82545263dcc5ec0996818884fd5fb1\"},\"breadcrumb\":{\"@id\":\"https:\/\/www.noticiasradioreflejos.com.ar\/2021\/el-papa-proclamara-santo-a-artemides-zatti-el-enfermero-de-los-humildes-de-la-patagonia\/#breadcrumb\"},\"inLanguage\":\"es\",\"potentialAction\":[{\"@type\":\"ReadAction\",\"target\":[\"https:\/\/www.noticiasradioreflejos.com.ar\/2021\/el-papa-proclamara-santo-a-artemides-zatti-el-enfermero-de-los-humildes-de-la-patagonia\/\"]}]},{\"@type\":\"ImageObject\",\"inLanguage\":\"es\",\"@id\":\"https:\/\/www.noticiasradioreflejos.com.ar\/2021\/el-papa-proclamara-santo-a-artemides-zatti-el-enfermero-de-los-humildes-de-la-patagonia\/#primaryimage\",\"url\":\"https:\/\/www.telam.com.ar\/thumbs\/bluesteel\/advf\/imagenes\/2022\/10\/63417eb3d5f44_900.jpg\",\"contentUrl\":\"https:\/\/www.telam.com.ar\/thumbs\/bluesteel\/advf\/imagenes\/2022\/10\/63417eb3d5f44_900.jpg\"},{\"@type\":\"BreadcrumbList\",\"@id\":\"https:\/\/www.noticiasradioreflejos.com.ar\/2021\/el-papa-proclamara-santo-a-artemides-zatti-el-enfermero-de-los-humildes-de-la-patagonia\/#breadcrumb\",\"itemListElement\":[{\"@type\":\"ListItem\",\"position\":1,\"name\":\"Portada\",\"item\":\"https:\/\/www.noticiasradioreflejos.com.ar\/2021\/\"},{\"@type\":\"ListItem\",\"position\":2,\"name\":\"El Papa proclamar\u00e1 santo a Art\u00e9mides Zatti, el enfermero de los humildes de la Patagonia\"}]},{\"@type\":\"WebSite\",\"@id\":\"https:\/\/www.noticiasradioreflejos.com.ar\/2021\/#website\",\"url\":\"https:\/\/www.noticiasradioreflejos.com.ar\/2021\/\",\"name\":\"Noticias Radio Reflejos\",\"description\":\"Las noticias de mi comarca\",\"potentialAction\":[{\"@type\":\"SearchAction\",\"target\":{\"@type\":\"EntryPoint\",\"urlTemplate\":\"https:\/\/www.noticiasradioreflejos.com.ar\/2021\/?s={search_term_string}\"},\"query-input\":{\"@type\":\"PropertyValueSpecification\",\"valueRequired\":true,\"valueName\":\"search_term_string\"}}],\"inLanguage\":\"es\"},{\"@type\":\"Person\",\"@id\":\"https:\/\/www.noticiasradioreflejos.com.ar\/2021\/#\/schema\/person\/ad82545263dcc5ec0996818884fd5fb1\",\"name\":\"Arnaldo Botto\",\"image\":{\"@type\":\"ImageObject\",\"inLanguage\":\"es\",\"@id\":\"https:\/\/www.noticiasradioreflejos.com.ar\/2021\/#\/schema\/person\/image\/\",\"url\":\"https:\/\/secure.gravatar.com\/avatar\/55cb5e37c1efa326397366e6974cb338056df65cb50e7d64d1cf314e87504837?s=96&d=mm&r=g\",\"contentUrl\":\"https:\/\/secure.gravatar.com\/avatar\/55cb5e37c1efa326397366e6974cb338056df65cb50e7d64d1cf314e87504837?s=96&d=mm&r=g\",\"caption\":\"Arnaldo Botto\"},\"url\":\"https:\/\/www.noticiasradioreflejos.com.ar\/2021\/author\/arnaldo\/\"}]}<\/script>\n<!-- \/ Yoast SEO plugin. -->","yoast_head_json":{"title":"El Papa proclamar\u00e1 santo a Art\u00e9mides Zatti, el enfermero de los humildes de la Patagonia - Noticias Radio Reflejos","robots":{"index":"index","follow":"follow","max-snippet":"max-snippet:-1","max-image-preview":"max-image-preview:large","max-video-preview":"max-video-preview:-1"},"canonical":"https:\/\/www.noticiasradioreflejos.com.ar\/2021\/el-papa-proclamara-santo-a-artemides-zatti-el-enfermero-de-los-humildes-de-la-patagonia\/","og_locale":"es_ES","og_type":"article","og_title":"El Papa proclamar\u00e1 santo a Art\u00e9mides Zatti, el enfermero de los humildes de la Patagonia - Noticias Radio Reflejos","og_description":"El Patrono de la ciudad de Viedma ser\u00e1 canonizado en la Plaza San Pedro. Una delegaci\u00f3n de sacerdotes salesianos del centro y sur del pa\u00eds participar\u00e1 de la ceremonia encabezada por Francisco. El proceso para su canonizaci\u00f3n inici\u00f3 en 1977 y en 2002 lo beatific\u00f3 Juan Pablo II.","og_url":"https:\/\/www.noticiasradioreflejos.com.ar\/2021\/el-papa-proclamara-santo-a-artemides-zatti-el-enfermero-de-los-humildes-de-la-patagonia\/","og_site_name":"Noticias Radio Reflejos","article_published_time":"2022-10-08T14:32:16+00:00","og_image":[{"url":"https:\/\/www.telam.com.ar\/thumbs\/bluesteel\/advf\/imagenes\/2022\/10\/63417eb3d5f44_900.jpg","type":"","width":"","height":""}],"author":"Arnaldo Botto","twitter_card":"summary_large_image","schema":{"@context":"https:\/\/schema.org","@graph":[{"@type":"WebPage","@id":"https:\/\/www.noticiasradioreflejos.com.ar\/2021\/el-papa-proclamara-santo-a-artemides-zatti-el-enfermero-de-los-humildes-de-la-patagonia\/","url":"https:\/\/www.noticiasradioreflejos.com.ar\/2021\/el-papa-proclamara-santo-a-artemides-zatti-el-enfermero-de-los-humildes-de-la-patagonia\/","name":"El Papa proclamar\u00e1 santo a Art\u00e9mides Zatti, el enfermero de los humildes de la Patagonia - Noticias Radio Reflejos","isPartOf":{"@id":"https:\/\/www.noticiasradioreflejos.com.ar\/2021\/#website"},"primaryImageOfPage":{"@id":"https:\/\/www.noticiasradioreflejos.com.ar\/2021\/el-papa-proclamara-santo-a-artemides-zatti-el-enfermero-de-los-humildes-de-la-patagonia\/#primaryimage"},"image":{"@id":"https:\/\/www.noticiasradioreflejos.com.ar\/2021\/el-papa-proclamara-santo-a-artemides-zatti-el-enfermero-de-los-humildes-de-la-patagonia\/#primaryimage"},"thumbnailUrl":"https:\/\/www.telam.com.ar\/thumbs\/bluesteel\/advf\/imagenes\/2022\/10\/63417eb3d5f44_900.jpg","datePublished":"2022-10-08T14:32:16+00:00","author":{"@id":"https:\/\/www.noticiasradioreflejos.com.ar\/2021\/#\/schema\/person\/ad82545263dcc5ec0996818884fd5fb1"},"breadcrumb":{"@id":"https:\/\/www.noticiasradioreflejos.com.ar\/2021\/el-papa-proclamara-santo-a-artemides-zatti-el-enfermero-de-los-humildes-de-la-patagonia\/#breadcrumb"},"inLanguage":"es","potentialAction":[{"@type":"ReadAction","target":["https:\/\/www.noticiasradioreflejos.com.ar\/2021\/el-papa-proclamara-santo-a-artemides-zatti-el-enfermero-de-los-humildes-de-la-patagonia\/"]}]},{"@type":"ImageObject","inLanguage":"es","@id":"https:\/\/www.noticiasradioreflejos.com.ar\/2021\/el-papa-proclamara-santo-a-artemides-zatti-el-enfermero-de-los-humildes-de-la-patagonia\/#primaryimage","url":"https:\/\/www.telam.com.ar\/thumbs\/bluesteel\/advf\/imagenes\/2022\/10\/63417eb3d5f44_900.jpg","contentUrl":"https:\/\/www.telam.com.ar\/thumbs\/bluesteel\/advf\/imagenes\/2022\/10\/63417eb3d5f44_900.jpg"},{"@type":"BreadcrumbList","@id":"https:\/\/www.noticiasradioreflejos.com.ar\/2021\/el-papa-proclamara-santo-a-artemides-zatti-el-enfermero-de-los-humildes-de-la-patagonia\/#breadcrumb","itemListElement":[{"@type":"ListItem","position":1,"name":"Portada","item":"https:\/\/www.noticiasradioreflejos.com.ar\/2021\/"},{"@type":"ListItem","position":2,"name":"El Papa proclamar\u00e1 santo a Art\u00e9mides Zatti, el enfermero de los humildes de la Patagonia"}]},{"@type":"WebSite","@id":"https:\/\/www.noticiasradioreflejos.com.ar\/2021\/#website","url":"https:\/\/www.noticiasradioreflejos.com.ar\/2021\/","name":"Noticias Radio Reflejos","description":"Las noticias de mi comarca","potentialAction":[{"@type":"SearchAction","target":{"@type":"EntryPoint","urlTemplate":"https:\/\/www.noticiasradioreflejos.com.ar\/2021\/?s={search_term_string}"},"query-input":{"@type":"PropertyValueSpecification","valueRequired":true,"valueName":"search_term_string"}}],"inLanguage":"es"},{"@type":"Person","@id":"https:\/\/www.noticiasradioreflejos.com.ar\/2021\/#\/schema\/person\/ad82545263dcc5ec0996818884fd5fb1","name":"Arnaldo Botto","image":{"@type":"ImageObject","inLanguage":"es","@id":"https:\/\/www.noticiasradioreflejos.com.ar\/2021\/#\/schema\/person\/image\/","url":"https:\/\/secure.gravatar.com\/avatar\/55cb5e37c1efa326397366e6974cb338056df65cb50e7d64d1cf314e87504837?s=96&d=mm&r=g","contentUrl":"https:\/\/secure.gravatar.com\/avatar\/55cb5e37c1efa326397366e6974cb338056df65cb50e7d64d1cf314e87504837?s=96&d=mm&r=g","caption":"Arnaldo Botto"},"url":"https:\/\/www.noticiasradioreflejos.com.ar\/2021\/author\/arnaldo\/"}]}},"_links":{"self":[{"href":"https:\/\/www.noticiasradioreflejos.com.ar\/2021\/wp-json\/wp\/v2\/posts\/78652","targetHints":{"allow":["GET"]}}],"collection":[{"href":"https:\/\/www.noticiasradioreflejos.com.ar\/2021\/wp-json\/wp\/v2\/posts"}],"about":[{"href":"https:\/\/www.noticiasradioreflejos.com.ar\/2021\/wp-json\/wp\/v2\/types\/post"}],"author":[{"embeddable":true,"href":"https:\/\/www.noticiasradioreflejos.com.ar\/2021\/wp-json\/wp\/v2\/users\/3"}],"replies":[{"embeddable":true,"href":"https:\/\/www.noticiasradioreflejos.com.ar\/2021\/wp-json\/wp\/v2\/comments?post=78652"}],"version-history":[{"count":1,"href":"https:\/\/www.noticiasradioreflejos.com.ar\/2021\/wp-json\/wp\/v2\/posts\/78652\/revisions"}],"predecessor-version":[{"id":78654,"href":"https:\/\/www.noticiasradioreflejos.com.ar\/2021\/wp-json\/wp\/v2\/posts\/78652\/revisions\/78654"}],"wp:attachment":[{"href":"https:\/\/www.noticiasradioreflejos.com.ar\/2021\/wp-json\/wp\/v2\/media?parent=78652"}],"wp:term":[{"taxonomy":"category","embeddable":true,"href":"https:\/\/www.noticiasradioreflejos.com.ar\/2021\/wp-json\/wp\/v2\/categories?post=78652"},{"taxonomy":"post_tag","embeddable":true,"href":"https:\/\/www.noticiasradioreflejos.com.ar\/2021\/wp-json\/wp\/v2\/tags?post=78652"}],"curies":[{"name":"wp","href":"https:\/\/api.w.org\/{rel}","templated":true}]}}