{"id":78649,"date":"2022-10-08T14:22:12","date_gmt":"2022-10-08T14:22:12","guid":{"rendered":"http:\/\/www.noticiasradioreflejos.com.ar\/2021\/?p=78649"},"modified":"2022-10-08T14:22:12","modified_gmt":"2022-10-08T14:22:12","slug":"tres-muertos-por-la-explosion-de-un-camion-bomba-en-el-puente-de-crimea","status":"publish","type":"post","link":"https:\/\/www.noticiasradioreflejos.com.ar\/2021\/tres-muertos-por-la-explosion-de-un-camion-bomba-en-el-puente-de-crimea\/","title":{"rendered":"Tres muertos por la explosi\u00f3n de un cami\u00f3n bomba en el puente de Crimea"},"content":{"rendered":"<p>Se trata de una infraestructura clave y s\u00edmbolo de la anexi\u00f3n de la pen\u00ednsula ucraniana por parte de Rusia. El due\u00f1o del veh\u00edculo ser\u00eda un habitante de la regi\u00f3n de Krasnodar, en el sur de Rusia.<!--more--><\/p>\n<p>Al menos tres personas murieron este s\u00e1bado por una<strong>\u00a0explosi\u00f3n atribuida a un cami\u00f3n bomba en el puente de Crimea<\/strong>, una infraestructura clave y s\u00edmbolo de la anexi\u00f3n de la pen\u00ednsula ucraniana por parte de Rusia, que abri\u00f3 una investigaci\u00f3n sin acusar en lo inmediato a Ucrania.<\/p>\n<p>\u00abSeg\u00fan los datos preliminares, tres personas murieron\u00bb, probablemente \u00ablos pasajeros de un veh\u00edculo que se encontraba cerca del cami\u00f3n cuando este explot\u00f3\u00bb, indic\u00f3 en un comunicado la comisi\u00f3n rusa que investiga el hecho.<\/p>\n<p>El texto precisa que\u00a0<strong>los muertos posiblemente son pasajeros de un autom\u00f3vil que estaba al lado del cami\u00f3n que deton\u00f3<\/strong>. Dos cuerpos, un hombre y una mujer, ya fueron recuperados del estrecho de Kerch, zona por la que pasa el puente.<\/p>\n<p>El Comit\u00e9 Nacional Antiterrorista de Rusia comunic\u00f3 antes que la explosi\u00f3n de un cami\u00f3n provoc\u00f3 el incendio de siete vagones cisterna de un tren y la destrucci\u00f3n parcial del puente de Crimea.<\/p>\n<p>El organismo, encargado de las principales investigaciones penales en Rusia, afirm\u00f3 tambi\u00e9n haber identificado\u00a0<strong>el cami\u00f3n y a su propietario, sospechosos de estar detr\u00e1s de la explosi\u00f3n<\/strong>.<\/p>\n<p>El due\u00f1o ser\u00eda un habitante de la regi\u00f3n de Krasnodar, en el sur de Rusia. \u00abSe ha abierto una investigaci\u00f3n sobre su lugar de residencia. Se est\u00e1 estudiando el trayecto del cami\u00f3n y los documentos pertinentes\u00bb, a\u00f1adieron los investigadores.<\/p>\n<p>Im\u00e1genes de c\u00e1maras de seguridad que circulan por internet muestran una enorme explosi\u00f3n durante la noche, que parece haberse producido al paso de un cami\u00f3n. Otras im\u00e1genes exhiben la l\u00ednea de ferrocarril en llamas y un tramo de la autopista derrumbado.<\/p>\n<blockquote class=\"twitter-tweet\" data-width=\"500\" data-dnt=\"true\">\n<p lang=\"es\" dir=\"ltr\">Varias personas por una explosi\u00f3n atribuida a un cami\u00f3n bomba en el puente de Crimea, una infraestructura clave y s\u00edmbolo de la anexi\u00f3n de la pen\u00ednsula ucraniana por parte de Rusia, que abri\u00f3 una investigaci\u00f3n sin acusar en lo inmediato a Ucrania <a href=\"https:\/\/t.co\/yvbHstMBbf\">pic.twitter.com\/yvbHstMBbf<\/a><\/p>\n<p>&mdash; Agencia T\u00e9lam (@AgenciaTelam) <a href=\"https:\/\/twitter.com\/AgenciaTelam\/status\/1578722270293688321?ref_src=twsrc%5Etfw\">October 8, 2022<\/a><\/p><\/blockquote>\n<p><script async src=\"https:\/\/platform.twitter.com\/widgets.js\" charset=\"utf-8\"><\/script><\/p>\n<h2 class=\"\">Un s\u00edmbolo de la anexi\u00f3n rusa<\/h2>\n<p>El puente, inaugurado en 2018 y construido por orden del presidente\u00a0<strong>Vladimir Putin<\/strong>, es el s\u00edmbolo de la anexi\u00f3n de esta pen\u00ednsula ucraniana por parte de Rusia en 2014.<\/p>\n<p><strong>Si Ucrania resulta estar detr\u00e1s de esta explosi\u00f3n, ser\u00eda un grave rev\u00e9s para Rusia<\/strong>, ya que se trata de una infraestructura fundamental y alejada del frente.<\/p>\n<p><strong>Kiev no reivindic\u00f3 el ataque<\/strong>, pero varios responsables formularon comentarios ir\u00f3nicos y burlones. La oficina ucraniana de correos dijo que fabricar\u00eda un sello para celebrar la ocasi\u00f3n y que ten\u00eda ya listo el dise\u00f1o, consign\u00f3 la agencia de noticias AFP.<\/p>\n<p>\u00abTodo lo que es ilegal debe ser destruido, todo lo que fue robado debe ser devuelto a Ucrania\u00bb, coment\u00f3 en Twitter\u00a0<strong>Mijail Podoliak<\/strong>, asesor del presidente ucraniano\u00a0<strong>Volodimir Zelenski<\/strong>.<\/p>\n<figure class=\"mb-3\"><img decoding=\"async\" src=\"https:\/\/www.telam.com.ar\/thumbs\/bluesteel\/advf\/imagenes\/2022\/10\/63416a7b76d4a_900.jpg\" alt=\"Foto AFP\" width=\"100%\" height=\"100%\" \/><\/p>\n<div class=\"media-icons\"><\/div><figcaption>Foto: AFP.<\/figcaption><\/figure>\n<p>En el mismo sentido, las fuerzas a\u00e9reas de Ucrania informaron en su cuenta de Telegram de la \u00abdestrucci\u00f3n\u00bb del puente: \u00abEsta ma\u00f1ana en el puente de Crimea. Los tanques de combustible est\u00e1n en llamas. \u00a1Parte de la calzada tambi\u00e9n fue destruida! \u00a1Todo ser\u00e1 Ucrania!\u00bb.<\/p>\n<p>Estas reacciones llevaron a la portavoz de la diplomacia rusa,\u00a0<strong>Maria Zajarova<\/strong>, a considerar este hecho como una muestra de la \u00abnaturaleza terrorista\u00bb de las autoridades ucranianas.<\/p>\n<p>El jefe de la Asamblea de Crimea, el parlamento regional instalado por Rusia,\u00a0<strong>Vladimir Konstantinov<\/strong>, no tard\u00f3 a su vez en denunciar lo sucedido como un golpe de \u00abv\u00e1ndalos ucranianos\u00bb.<\/p>\n<p>El portavoz del Kremlin,\u00a0<strong>Dmitri Peskov<\/strong>, indic\u00f3 r\u00e1pidamente a la agencia Ria Novosti que Putin orden\u00f3 la creaci\u00f3n de una comisi\u00f3n gubernamental para esclarecer los hechos.<\/p>\n<p>Seg\u00fan el Comit\u00e9 Antiterrorista resultaron da\u00f1ados dos carriles para veh\u00edculos, aunque el arco del puente, desplegado sobre el estrecho de Kerch, no se vio afectado.<\/p>\n<figure class=\"mb-3\"><img decoding=\"async\" src=\"https:\/\/www.telam.com.ar\/thumbs\/bluesteel\/advf\/imagenes\/2022\/10\/63416a7b8a956_900.jpg\" alt=\"Foto AFP\" width=\"100%\" height=\"100%\" \/><\/p>\n<div class=\"media-icons\"><\/div><figcaption>Foto: AFP.<\/figcaption><\/figure>\n<h2 class=\"\">Despu\u00e9s de la explosi\u00f3n<\/h2>\n<p>El incendio en el puente de Crimea, que sirve para veh\u00edculos y para trenes, oblig\u00f3 a parar todo el tr\u00e1fico. Se habilitaron ferris para facilitar el cruce, seg\u00fan las agencias rusas.<\/p>\n<p><strong>El puente es esencial para el transporte de personas y mercanc\u00edas hacia la pen\u00ednsula<\/strong>, pero tambi\u00e9n para el aprovisionamiento de las tropas rusas desplegadas en Ucrania.<\/p>\n<p>El jefe de la pen\u00ednsula, instalado por Mosc\u00fa, Serguei Aksyonov, pidi\u00f3 a los habitantes de Crimea\u00a0<strong>mantener la \u00abcalma\u00bb<\/strong>.\u00a0Las autoridades tambi\u00e9n trataron de calmar los temores de escasez de alimentos y combustible.<\/p>\n<p>Rusia siempre afirm\u00f3 que el puente no corr\u00eda riesgo pese a los combates en Ucrania, pero amenaz\u00f3 a Kiev con represalias si las fuerzas ucranianas atacaban esta infraestructura u otras en Crimea.<\/p>\n<p>El diputado ruso\u00a0<strong>Oleg Morozov<\/strong>, citado por la agencia Ria Novosti, pidi\u00f3 una respuesta \u00abadecuada\u00bb. \u00abDe lo contrario, este tipo de ataques terroristas se multiplicar\u00e1n\u00bb, dijo.<\/p>\n<p>Desde el inicio de la guerra se produjeron\u00a0<strong>varias explosiones en instalaciones militares rusas de la pen\u00ednsula<\/strong>, cuya responsabilidad no fue reivindicada por Ucrania hasta meses despu\u00e9s.<\/p>\n","protected":false},"excerpt":{"rendered":"<p>Se trata de una infraestructura clave y s\u00edmbolo de la anexi\u00f3n de la pen\u00ednsula ucraniana por parte de Rusia. El due\u00f1o del veh\u00edculo ser\u00eda un habitante de la regi\u00f3n de Krasnodar, en el sur de Rusia.<\/p>\n","protected":false},"author":3,"featured_media":0,"comment_status":"closed","ping_status":"closed","sticky":false,"template":"","format":"standard","meta":{"footnotes":""},"categories":[24],"tags":[],"class_list":["post-78649","post","type-post","status-publish","format-standard","hentry","category-politica"],"yoast_head":"<!-- This site is optimized with the Yoast SEO plugin v25.9 - https:\/\/yoast.com\/wordpress\/plugins\/seo\/ -->\n<title>Tres muertos por la explosi\u00f3n de un cami\u00f3n bomba en el puente de Crimea - Noticias Radio Reflejos<\/title>\n<meta name=\"robots\" content=\"index, follow, max-snippet:-1, max-image-preview:large, max-video-preview:-1\" \/>\n<link rel=\"canonical\" href=\"https:\/\/www.noticiasradioreflejos.com.ar\/2021\/tres-muertos-por-la-explosion-de-un-camion-bomba-en-el-puente-de-crimea\/\" \/>\n<meta property=\"og:locale\" content=\"es_ES\" \/>\n<meta property=\"og:type\" content=\"article\" \/>\n<meta property=\"og:title\" content=\"Tres muertos por la explosi\u00f3n de un cami\u00f3n bomba en el puente de Crimea - Noticias Radio Reflejos\" \/>\n<meta property=\"og:description\" content=\"Se trata de una infraestructura clave y s\u00edmbolo de la anexi\u00f3n de la pen\u00ednsula ucraniana por parte de Rusia. El due\u00f1o del veh\u00edculo ser\u00eda un habitante de la regi\u00f3n de Krasnodar, en el sur de Rusia.\" \/>\n<meta property=\"og:url\" content=\"https:\/\/www.noticiasradioreflejos.com.ar\/2021\/tres-muertos-por-la-explosion-de-un-camion-bomba-en-el-puente-de-crimea\/\" \/>\n<meta property=\"og:site_name\" content=\"Noticias Radio Reflejos\" \/>\n<meta property=\"article:published_time\" content=\"2022-10-08T14:22:12+00:00\" \/>\n<meta property=\"og:image\" content=\"https:\/\/www.telam.com.ar\/thumbs\/bluesteel\/advf\/imagenes\/2022\/10\/63416a7b76d4a_900.jpg\" \/>\n<meta name=\"author\" content=\"Arnaldo Botto\" \/>\n<meta name=\"twitter:card\" content=\"summary_large_image\" \/>\n<script type=\"application\/ld+json\" class=\"yoast-schema-graph\">{\"@context\":\"https:\/\/schema.org\",\"@graph\":[{\"@type\":\"WebPage\",\"@id\":\"https:\/\/www.noticiasradioreflejos.com.ar\/2021\/tres-muertos-por-la-explosion-de-un-camion-bomba-en-el-puente-de-crimea\/\",\"url\":\"https:\/\/www.noticiasradioreflejos.com.ar\/2021\/tres-muertos-por-la-explosion-de-un-camion-bomba-en-el-puente-de-crimea\/\",\"name\":\"Tres muertos por la explosi\u00f3n de un cami\u00f3n bomba en el puente de Crimea - Noticias Radio Reflejos\",\"isPartOf\":{\"@id\":\"https:\/\/www.noticiasradioreflejos.com.ar\/2021\/#website\"},\"primaryImageOfPage\":{\"@id\":\"https:\/\/www.noticiasradioreflejos.com.ar\/2021\/tres-muertos-por-la-explosion-de-un-camion-bomba-en-el-puente-de-crimea\/#primaryimage\"},\"image\":{\"@id\":\"https:\/\/www.noticiasradioreflejos.com.ar\/2021\/tres-muertos-por-la-explosion-de-un-camion-bomba-en-el-puente-de-crimea\/#primaryimage\"},\"thumbnailUrl\":\"https:\/\/www.telam.com.ar\/thumbs\/bluesteel\/advf\/imagenes\/2022\/10\/63416a7b76d4a_900.jpg\",\"datePublished\":\"2022-10-08T14:22:12+00:00\",\"author\":{\"@id\":\"https:\/\/www.noticiasradioreflejos.com.ar\/2021\/#\/schema\/person\/ad82545263dcc5ec0996818884fd5fb1\"},\"breadcrumb\":{\"@id\":\"https:\/\/www.noticiasradioreflejos.com.ar\/2021\/tres-muertos-por-la-explosion-de-un-camion-bomba-en-el-puente-de-crimea\/#breadcrumb\"},\"inLanguage\":\"es\",\"potentialAction\":[{\"@type\":\"ReadAction\",\"target\":[\"https:\/\/www.noticiasradioreflejos.com.ar\/2021\/tres-muertos-por-la-explosion-de-un-camion-bomba-en-el-puente-de-crimea\/\"]}]},{\"@type\":\"ImageObject\",\"inLanguage\":\"es\",\"@id\":\"https:\/\/www.noticiasradioreflejos.com.ar\/2021\/tres-muertos-por-la-explosion-de-un-camion-bomba-en-el-puente-de-crimea\/#primaryimage\",\"url\":\"https:\/\/www.telam.com.ar\/thumbs\/bluesteel\/advf\/imagenes\/2022\/10\/63416a7b76d4a_900.jpg\",\"contentUrl\":\"https:\/\/www.telam.com.ar\/thumbs\/bluesteel\/advf\/imagenes\/2022\/10\/63416a7b76d4a_900.jpg\"},{\"@type\":\"BreadcrumbList\",\"@id\":\"https:\/\/www.noticiasradioreflejos.com.ar\/2021\/tres-muertos-por-la-explosion-de-un-camion-bomba-en-el-puente-de-crimea\/#breadcrumb\",\"itemListElement\":[{\"@type\":\"ListItem\",\"position\":1,\"name\":\"Portada\",\"item\":\"https:\/\/www.noticiasradioreflejos.com.ar\/2021\/\"},{\"@type\":\"ListItem\",\"position\":2,\"name\":\"Tres muertos por la explosi\u00f3n de un cami\u00f3n bomba en el puente de Crimea\"}]},{\"@type\":\"WebSite\",\"@id\":\"https:\/\/www.noticiasradioreflejos.com.ar\/2021\/#website\",\"url\":\"https:\/\/www.noticiasradioreflejos.com.ar\/2021\/\",\"name\":\"Noticias Radio Reflejos\",\"description\":\"Las noticias de mi comarca\",\"potentialAction\":[{\"@type\":\"SearchAction\",\"target\":{\"@type\":\"EntryPoint\",\"urlTemplate\":\"https:\/\/www.noticiasradioreflejos.com.ar\/2021\/?s={search_term_string}\"},\"query-input\":{\"@type\":\"PropertyValueSpecification\",\"valueRequired\":true,\"valueName\":\"search_term_string\"}}],\"inLanguage\":\"es\"},{\"@type\":\"Person\",\"@id\":\"https:\/\/www.noticiasradioreflejos.com.ar\/2021\/#\/schema\/person\/ad82545263dcc5ec0996818884fd5fb1\",\"name\":\"Arnaldo Botto\",\"image\":{\"@type\":\"ImageObject\",\"inLanguage\":\"es\",\"@id\":\"https:\/\/www.noticiasradioreflejos.com.ar\/2021\/#\/schema\/person\/image\/\",\"url\":\"https:\/\/secure.gravatar.com\/avatar\/55cb5e37c1efa326397366e6974cb338056df65cb50e7d64d1cf314e87504837?s=96&d=mm&r=g\",\"contentUrl\":\"https:\/\/secure.gravatar.com\/avatar\/55cb5e37c1efa326397366e6974cb338056df65cb50e7d64d1cf314e87504837?s=96&d=mm&r=g\",\"caption\":\"Arnaldo Botto\"},\"url\":\"https:\/\/www.noticiasradioreflejos.com.ar\/2021\/author\/arnaldo\/\"}]}<\/script>\n<!-- \/ Yoast SEO plugin. -->","yoast_head_json":{"title":"Tres muertos por la explosi\u00f3n de un cami\u00f3n bomba en el puente de Crimea - Noticias Radio Reflejos","robots":{"index":"index","follow":"follow","max-snippet":"max-snippet:-1","max-image-preview":"max-image-preview:large","max-video-preview":"max-video-preview:-1"},"canonical":"https:\/\/www.noticiasradioreflejos.com.ar\/2021\/tres-muertos-por-la-explosion-de-un-camion-bomba-en-el-puente-de-crimea\/","og_locale":"es_ES","og_type":"article","og_title":"Tres muertos por la explosi\u00f3n de un cami\u00f3n bomba en el puente de Crimea - Noticias Radio Reflejos","og_description":"Se trata de una infraestructura clave y s\u00edmbolo de la anexi\u00f3n de la pen\u00ednsula ucraniana por parte de Rusia. El due\u00f1o del veh\u00edculo ser\u00eda un habitante de la regi\u00f3n de Krasnodar, en el sur de Rusia.","og_url":"https:\/\/www.noticiasradioreflejos.com.ar\/2021\/tres-muertos-por-la-explosion-de-un-camion-bomba-en-el-puente-de-crimea\/","og_site_name":"Noticias Radio Reflejos","article_published_time":"2022-10-08T14:22:12+00:00","og_image":[{"url":"https:\/\/www.telam.com.ar\/thumbs\/bluesteel\/advf\/imagenes\/2022\/10\/63416a7b76d4a_900.jpg","type":"","width":"","height":""}],"author":"Arnaldo Botto","twitter_card":"summary_large_image","schema":{"@context":"https:\/\/schema.org","@graph":[{"@type":"WebPage","@id":"https:\/\/www.noticiasradioreflejos.com.ar\/2021\/tres-muertos-por-la-explosion-de-un-camion-bomba-en-el-puente-de-crimea\/","url":"https:\/\/www.noticiasradioreflejos.com.ar\/2021\/tres-muertos-por-la-explosion-de-un-camion-bomba-en-el-puente-de-crimea\/","name":"Tres muertos por la explosi\u00f3n de un cami\u00f3n bomba en el puente de Crimea - Noticias Radio Reflejos","isPartOf":{"@id":"https:\/\/www.noticiasradioreflejos.com.ar\/2021\/#website"},"primaryImageOfPage":{"@id":"https:\/\/www.noticiasradioreflejos.com.ar\/2021\/tres-muertos-por-la-explosion-de-un-camion-bomba-en-el-puente-de-crimea\/#primaryimage"},"image":{"@id":"https:\/\/www.noticiasradioreflejos.com.ar\/2021\/tres-muertos-por-la-explosion-de-un-camion-bomba-en-el-puente-de-crimea\/#primaryimage"},"thumbnailUrl":"https:\/\/www.telam.com.ar\/thumbs\/bluesteel\/advf\/imagenes\/2022\/10\/63416a7b76d4a_900.jpg","datePublished":"2022-10-08T14:22:12+00:00","author":{"@id":"https:\/\/www.noticiasradioreflejos.com.ar\/2021\/#\/schema\/person\/ad82545263dcc5ec0996818884fd5fb1"},"breadcrumb":{"@id":"https:\/\/www.noticiasradioreflejos.com.ar\/2021\/tres-muertos-por-la-explosion-de-un-camion-bomba-en-el-puente-de-crimea\/#breadcrumb"},"inLanguage":"es","potentialAction":[{"@type":"ReadAction","target":["https:\/\/www.noticiasradioreflejos.com.ar\/2021\/tres-muertos-por-la-explosion-de-un-camion-bomba-en-el-puente-de-crimea\/"]}]},{"@type":"ImageObject","inLanguage":"es","@id":"https:\/\/www.noticiasradioreflejos.com.ar\/2021\/tres-muertos-por-la-explosion-de-un-camion-bomba-en-el-puente-de-crimea\/#primaryimage","url":"https:\/\/www.telam.com.ar\/thumbs\/bluesteel\/advf\/imagenes\/2022\/10\/63416a7b76d4a_900.jpg","contentUrl":"https:\/\/www.telam.com.ar\/thumbs\/bluesteel\/advf\/imagenes\/2022\/10\/63416a7b76d4a_900.jpg"},{"@type":"BreadcrumbList","@id":"https:\/\/www.noticiasradioreflejos.com.ar\/2021\/tres-muertos-por-la-explosion-de-un-camion-bomba-en-el-puente-de-crimea\/#breadcrumb","itemListElement":[{"@type":"ListItem","position":1,"name":"Portada","item":"https:\/\/www.noticiasradioreflejos.com.ar\/2021\/"},{"@type":"ListItem","position":2,"name":"Tres muertos por la explosi\u00f3n de un cami\u00f3n bomba en el puente de Crimea"}]},{"@type":"WebSite","@id":"https:\/\/www.noticiasradioreflejos.com.ar\/2021\/#website","url":"https:\/\/www.noticiasradioreflejos.com.ar\/2021\/","name":"Noticias Radio Reflejos","description":"Las noticias de mi comarca","potentialAction":[{"@type":"SearchAction","target":{"@type":"EntryPoint","urlTemplate":"https:\/\/www.noticiasradioreflejos.com.ar\/2021\/?s={search_term_string}"},"query-input":{"@type":"PropertyValueSpecification","valueRequired":true,"valueName":"search_term_string"}}],"inLanguage":"es"},{"@type":"Person","@id":"https:\/\/www.noticiasradioreflejos.com.ar\/2021\/#\/schema\/person\/ad82545263dcc5ec0996818884fd5fb1","name":"Arnaldo Botto","image":{"@type":"ImageObject","inLanguage":"es","@id":"https:\/\/www.noticiasradioreflejos.com.ar\/2021\/#\/schema\/person\/image\/","url":"https:\/\/secure.gravatar.com\/avatar\/55cb5e37c1efa326397366e6974cb338056df65cb50e7d64d1cf314e87504837?s=96&d=mm&r=g","contentUrl":"https:\/\/secure.gravatar.com\/avatar\/55cb5e37c1efa326397366e6974cb338056df65cb50e7d64d1cf314e87504837?s=96&d=mm&r=g","caption":"Arnaldo Botto"},"url":"https:\/\/www.noticiasradioreflejos.com.ar\/2021\/author\/arnaldo\/"}]}},"_links":{"self":[{"href":"https:\/\/www.noticiasradioreflejos.com.ar\/2021\/wp-json\/wp\/v2\/posts\/78649","targetHints":{"allow":["GET"]}}],"collection":[{"href":"https:\/\/www.noticiasradioreflejos.com.ar\/2021\/wp-json\/wp\/v2\/posts"}],"about":[{"href":"https:\/\/www.noticiasradioreflejos.com.ar\/2021\/wp-json\/wp\/v2\/types\/post"}],"author":[{"embeddable":true,"href":"https:\/\/www.noticiasradioreflejos.com.ar\/2021\/wp-json\/wp\/v2\/users\/3"}],"replies":[{"embeddable":true,"href":"https:\/\/www.noticiasradioreflejos.com.ar\/2021\/wp-json\/wp\/v2\/comments?post=78649"}],"version-history":[{"count":1,"href":"https:\/\/www.noticiasradioreflejos.com.ar\/2021\/wp-json\/wp\/v2\/posts\/78649\/revisions"}],"predecessor-version":[{"id":78651,"href":"https:\/\/www.noticiasradioreflejos.com.ar\/2021\/wp-json\/wp\/v2\/posts\/78649\/revisions\/78651"}],"wp:attachment":[{"href":"https:\/\/www.noticiasradioreflejos.com.ar\/2021\/wp-json\/wp\/v2\/media?parent=78649"}],"wp:term":[{"taxonomy":"category","embeddable":true,"href":"https:\/\/www.noticiasradioreflejos.com.ar\/2021\/wp-json\/wp\/v2\/categories?post=78649"},{"taxonomy":"post_tag","embeddable":true,"href":"https:\/\/www.noticiasradioreflejos.com.ar\/2021\/wp-json\/wp\/v2\/tags?post=78649"}],"curies":[{"name":"wp","href":"https:\/\/api.w.org\/{rel}","templated":true}]}}