{"id":78620,"date":"2022-10-07T16:56:38","date_gmt":"2022-10-07T16:56:38","guid":{"rendered":"http:\/\/www.noticiasradioreflejos.com.ar\/2021\/?p=78620"},"modified":"2022-10-11T12:31:01","modified_gmt":"2022-10-11T12:31:01","slug":"alerta-meteorologico-por-fuertes-vientos-4","status":"publish","type":"post","link":"https:\/\/www.noticiasradioreflejos.com.ar\/2021\/alerta-meteorologico-por-fuertes-vientos-4\/","title":{"rendered":"Alerta meteorol\u00f3gico por fuertes vientos."},"content":{"rendered":"<p>Viernes ventoso, en la tarde comienza a entrar un frente frio de origen polar a 1500 mts de altura.<!--more-->Viento en la ma\u00f1ana y hasta el mediod\u00eda leve del norte rotando al oeste leve a moderado entre 20 a 35 con r\u00e1fagas de 30 a 60km y en aumento.<\/p>\n<p>Desde el mediod\u00eda hasta aproximadamente las 18 sigue del oeste, ah\u00ed empieza a rotar al oeste sudoeste con velocidades que alcanzar\u00edan entre 35 a 38km y con r\u00e1fagas de 60 a casi 70km hasta las 16. A partir de esa hora, baja un poco la intensidad de 26 a 30 km con r\u00e1fagas se 50 a 60km;\u00a0 desde las 21 horas el viento ser\u00e1 leve.<\/p>\n<p>Cielo despejado hasta media tarde, luego se nubla y en la noche posibilidad de lluvias d\u00e9biles<br \/>\nHumedad moderada a bajas, al final del d\u00eda muy alta. Presi\u00f3n atmosf\u00e9rica baja y desde las 18 hs. aproximadamente muy baja. Temperaturas m\u00ednimas 8\/9, m\u00e1xima 25\/26, sobre la medianoche en los 14\u00b0<\/p>\n<p>S\u00e1bado, frio, posibilidad de lluvias, muy ventoso, va a estar toda la costa sudoeste y sudeste en alerta, <strong>desde Monte Hermoso, Pehuen Co hasta Necochea<\/strong> donde los vientos pueden llegar a tener r\u00e1fagas de 90 a 110km del sector\u00a0sur sudoeste, en la madrugada moderado entre 25 a 30km, r\u00e1fagas de 40 a 55km<br \/>\nDesde las 7 de la ma\u00f1ana aumenta su intensidad de moderado a regular con periodos de fuertes entre 35 a 40km o m\u00e1s con r\u00e1fagas de 55 a 75km, su intensidad m\u00e1s alta entre las 11 hasta las 14, luego baja un poco la intensidad entre 40 bajando 35 con r\u00e1fagas entre 65 bajando a 60 hasta las 18; a desde las 19 ya no generar\u00eda problemas.<br \/>\nCielo mayormente nublado con posibilidad de lluvias hasta media tarde, estimando entre 7 a 10mm<br \/>\nPresi\u00f3n atmosf\u00e9rica muy baja en la madrugada, luego va en aumento, a media tarde normal y al final del d\u00eda alta<br \/>\nTemperatura m\u00ednima 5\/6 m\u00e1xima no m\u00e1s halla de los 14 grados, producto del frente polar, el cual el d\u00eda domingo ya no afectar\u00eda la zona, pero habr\u00eda las chances de heladas d\u00e9biles<\/p>\n<p>Domingo y lunes ning\u00fan problema, ambos d\u00edas, con aumento de temperaturas, Cielo totalmente despejado, viento leve a muy leve&#8230;<\/p>\n<p><a title=\"Alerta\" href=\"https:\/\/www.flickr.com\/photos\/182279889@N02\/52410465527\/in\/dateposted-public\/\" data-flickr-embed=\"true\"><img loading=\"lazy\" decoding=\"async\" src=\"https:\/\/live.staticflickr.com\/31337\/52410465527_89341d4e95_o.jpg\" alt=\"Alerta\" width=\"426\" height=\"426\" \/><\/a><\/p>\n<p>&nbsp;<\/p>\n<p>&nbsp;<\/p>\n<div class=\"xdj266r x11i5rnm xat24cr x1mh8g0r x1vvkbs x126k92a\">\n<div dir=\"auto\">ACTUALIZACI\u00d3N SISTEMA DE ALERTA TEMPRANA DEL SERVICIO METEOROL\u00d3GICO NACIONAL PARA ESTE VIERNES <span class=\"x3nfvp2 x1j61x8r x1fcty0u xdj266r xhhsvwb xat24cr xgzva0m xxymvpz xlup9mm x1kky2od\"><img loading=\"lazy\" decoding=\"async\" src=\"https:\/\/static.xx.fbcdn.net\/images\/emoji.php\/v9\/tdc\/1\/16\/26a0.png\" alt=\"\u26a0\ufe0f\" width=\"16\" height=\"16\" \/><\/span><\/div>\n<div dir=\"auto\"><\/div>\n<\/div>\n<div class=\"x11i5rnm xat24cr x1mh8g0r x1vvkbs xtlvy1s x126k92a\">\n<div dir=\"auto\"><span class=\"x3nfvp2 x1j61x8r x1fcty0u xdj266r xhhsvwb xat24cr xgzva0m xxymvpz xlup9mm x1kky2od\"><img loading=\"lazy\" decoding=\"async\" src=\"https:\/\/static.xx.fbcdn.net\/images\/emoji.php\/v9\/t7b\/1\/16\/1f7e1.png\" alt=\"\ud83d\udfe1\" width=\"16\" height=\"16\" \/><\/span> Alerta nivel AMARILLO por NEVADA. El \u00e1rea ser\u00e1 afectada por NEVADAS de VARIADA INTENSIDAD, algunas FUERTES. Se esperan valores de nieve acumulada entre 20 y 30 cent\u00edmetros de altura, pudiendo ser superados de forma local. En zonas m\u00e1s bajas, las precipitaciones ser\u00e1n en forma de lluvia y mezcla de lluvia y nieve.<\/div>\n<\/div>\n<div class=\"x11i5rnm xat24cr x1mh8g0r x1vvkbs xtlvy1s x126k92a\">\n<div dir=\"auto\"><span class=\"x3nfvp2 x1j61x8r x1fcty0u xdj266r xhhsvwb xat24cr xgzva0m xxymvpz xlup9mm x1kky2od\"><img loading=\"lazy\" decoding=\"async\" src=\"https:\/\/static.xx.fbcdn.net\/images\/emoji.php\/v9\/t7b\/1\/16\/1f7e1.png\" alt=\"\ud83d\udfe1\" width=\"16\" height=\"16\" \/><\/span> Alerta nivel AMARILLO por VIENTO. El \u00e1rea comprendida por Cuyo y San Luis ser\u00e1 afectada por vientos del sector oeste que luego rotar\u00e1n al sector sur con velocidades entre 40 y 60 kil\u00f3metros por hora, con r\u00e1fagas que pueden alcanzar los 85 kil\u00f3metros por hora.<\/div>\n<div dir=\"auto\">En zonas de alta cordillera se prev\u00e9n vientos del sector oeste con velocidades entre los 60 y 80 kil\u00f3metros por hora con r\u00e1fagas que podr\u00edan alcanzar los 120 kil\u00f3metros por hora.<\/div>\n<\/div>\n<p><a title=\"311291641_440658714824195_8898927102255103527_n\" href=\"https:\/\/www.flickr.com\/photos\/182279889@N02\/52411309544\/in\/dateposted-public\/\" data-flickr-embed=\"true\"><img loading=\"lazy\" decoding=\"async\" class=\"alignleft\" src=\"https:\/\/live.staticflickr.com\/65535\/52411309544_7da30cbaff_o.jpg\" alt=\"311291641_440658714824195_8898927102255103527_n\" width=\"472\" height=\"800\" \/><\/a><\/p>\n<div class=\"x11i5rnm xat24cr x1mh8g0r x1vvkbs xtlvy1s x126k92a\">\n<div dir=\"auto\">La regi\u00f3n patag\u00f3nica ser\u00e1 afectada por vientos del sector oeste con velocidades entre 50 y 60 kil\u00f3metros por hora, y r\u00e1fagas que pueden superar los 90 kil\u00f3metros por hora. Durante el d\u00eda s\u00e1bado 8 los vientos rotar\u00e1n al sudoeste.<\/div>\n<\/div>\n<div class=\"x11i5rnm xat24cr x1mh8g0r x1vvkbs xtlvy1s x126k92a\">\n<div dir=\"auto\">Por \u00faltimo, La Pampa y el sudoeste de Buenos Aires ser\u00e1 afectada por vientos del sector oeste que luego rotar\u00e1n al sudoeste con velocidades entre 40 y 60 kil\u00f3metros pro hora, con r\u00e1fagas que podr\u00edan superar los 80 kil\u00f3metros por hora.<\/div>\n<\/div>\n<div class=\"x11i5rnm xat24cr x1mh8g0r x1vvkbs xtlvy1s x126k92a\">\n<div dir=\"auto\"><\/div>\n<div dir=\"auto\">VIENTO ZONDA<\/div>\n<div dir=\"auto\"><span class=\"x3nfvp2 x1j61x8r x1fcty0u xdj266r xhhsvwb xat24cr xgzva0m xxymvpz xlup9mm x1kky2od\"><img loading=\"lazy\" decoding=\"async\" src=\"https:\/\/static.xx.fbcdn.net\/images\/emoji.php\/v9\/t7b\/1\/16\/1f7e1.png\" alt=\"\ud83d\udfe1\" width=\"16\" height=\"16\" \/><\/span> El \u00e1rea ser\u00e1 afectada por viento Zonda con intensidades entre 50 y 65 kil\u00f3metros por hora, con r\u00e1fagas que pueden superar los 75 kil\u00f3metros por hora. Este fen\u00f3meno puede provocar reducci\u00f3n de la visibilidad, un repentino aumento de temperaturas y condiciones muy secas.<\/div>\n<\/div>\n<div class=\"x11i5rnm xat24cr x1mh8g0r x1vvkbs xtlvy1s x126k92a\">\n<div dir=\"auto\"><span class=\"x3nfvp2 x1j61x8r x1fcty0u xdj266r xhhsvwb xat24cr xgzva0m xxymvpz xlup9mm x1kky2od\"><img loading=\"lazy\" decoding=\"async\" src=\"https:\/\/static.xx.fbcdn.net\/images\/emoji.php\/v9\/tfa\/1\/16\/1f7e0.png\" alt=\"\ud83d\udfe0\" width=\"16\" height=\"16\" \/><\/span> El \u00e1rea ser\u00e1 afectada por viento Zonda con intensidades entre 55 y 70 kil\u00f3metros por hora, con r\u00e1fagas que pueden superar los 85 kil\u00f3metros por hora. Este fen\u00f3meno puede provocar reducci\u00f3n de la visibilidad, un repentino aumento de temperaturas y condiciones muy secas.<\/div>\n<\/div>\n<p>&nbsp;<\/p>\n","protected":false},"excerpt":{"rendered":"<p>Viernes ventoso, en la tarde comienza a entrar un frente frio de origen polar a 1500 mts de altura.<\/p>\n","protected":false},"author":3,"featured_media":36042,"comment_status":"closed","ping_status":"closed","sticky":false,"template":"","format":"standard","meta":{"footnotes":""},"categories":[46],"tags":[],"class_list":["post-78620","post","type-post","status-publish","format-standard","has-post-thumbnail","hentry","category-ciencia-y-tecnologia"],"yoast_head":"<!-- This site is optimized with the Yoast SEO plugin v25.9 - https:\/\/yoast.com\/wordpress\/plugins\/seo\/ -->\n<title>Alerta meteorol\u00f3gico por fuertes vientos. - Noticias Radio Reflejos<\/title>\n<meta name=\"robots\" content=\"index, follow, max-snippet:-1, max-image-preview:large, max-video-preview:-1\" \/>\n<link rel=\"canonical\" href=\"https:\/\/www.noticiasradioreflejos.com.ar\/2021\/alerta-meteorologico-por-fuertes-vientos-4\/\" \/>\n<meta property=\"og:locale\" content=\"es_ES\" \/>\n<meta property=\"og:type\" content=\"article\" \/>\n<meta property=\"og:title\" content=\"Alerta meteorol\u00f3gico por fuertes vientos. - Noticias Radio Reflejos\" \/>\n<meta property=\"og:description\" content=\"Viernes ventoso, en la tarde comienza a entrar un frente frio de origen polar a 1500 mts de altura.\" \/>\n<meta property=\"og:url\" content=\"https:\/\/www.noticiasradioreflejos.com.ar\/2021\/alerta-meteorologico-por-fuertes-vientos-4\/\" \/>\n<meta property=\"og:site_name\" content=\"Noticias Radio Reflejos\" \/>\n<meta property=\"article:published_time\" content=\"2022-10-07T16:56:38+00:00\" \/>\n<meta property=\"article:modified_time\" content=\"2022-10-11T12:31:01+00:00\" \/>\n<meta property=\"og:image\" content=\"https:\/\/www.noticiasradioreflejos.com.ar\/2021\/wp-content\/uploads\/2019\/11\/Alerta-Mete.png\" \/>\n\t<meta property=\"og:image:width\" content=\"877\" \/>\n\t<meta property=\"og:image:height\" content=\"395\" \/>\n\t<meta property=\"og:image:type\" content=\"image\/png\" \/>\n<meta name=\"author\" content=\"Arnaldo Botto\" \/>\n<meta name=\"twitter:card\" content=\"summary_large_image\" \/>\n<script type=\"application\/ld+json\" class=\"yoast-schema-graph\">{\"@context\":\"https:\/\/schema.org\",\"@graph\":[{\"@type\":\"WebPage\",\"@id\":\"https:\/\/www.noticiasradioreflejos.com.ar\/2021\/alerta-meteorologico-por-fuertes-vientos-4\/\",\"url\":\"https:\/\/www.noticiasradioreflejos.com.ar\/2021\/alerta-meteorologico-por-fuertes-vientos-4\/\",\"name\":\"Alerta meteorol\u00f3gico por fuertes vientos. - Noticias Radio Reflejos\",\"isPartOf\":{\"@id\":\"https:\/\/www.noticiasradioreflejos.com.ar\/2021\/#website\"},\"primaryImageOfPage\":{\"@id\":\"https:\/\/www.noticiasradioreflejos.com.ar\/2021\/alerta-meteorologico-por-fuertes-vientos-4\/#primaryimage\"},\"image\":{\"@id\":\"https:\/\/www.noticiasradioreflejos.com.ar\/2021\/alerta-meteorologico-por-fuertes-vientos-4\/#primaryimage\"},\"thumbnailUrl\":\"https:\/\/www.noticiasradioreflejos.com.ar\/2021\/wp-content\/uploads\/2019\/11\/Alerta-Mete.png\",\"datePublished\":\"2022-10-07T16:56:38+00:00\",\"dateModified\":\"2022-10-11T12:31:01+00:00\",\"author\":{\"@id\":\"https:\/\/www.noticiasradioreflejos.com.ar\/2021\/#\/schema\/person\/ad82545263dcc5ec0996818884fd5fb1\"},\"breadcrumb\":{\"@id\":\"https:\/\/www.noticiasradioreflejos.com.ar\/2021\/alerta-meteorologico-por-fuertes-vientos-4\/#breadcrumb\"},\"inLanguage\":\"es\",\"potentialAction\":[{\"@type\":\"ReadAction\",\"target\":[\"https:\/\/www.noticiasradioreflejos.com.ar\/2021\/alerta-meteorologico-por-fuertes-vientos-4\/\"]}]},{\"@type\":\"ImageObject\",\"inLanguage\":\"es\",\"@id\":\"https:\/\/www.noticiasradioreflejos.com.ar\/2021\/alerta-meteorologico-por-fuertes-vientos-4\/#primaryimage\",\"url\":\"https:\/\/www.noticiasradioreflejos.com.ar\/2021\/wp-content\/uploads\/2019\/11\/Alerta-Mete.png\",\"contentUrl\":\"https:\/\/www.noticiasradioreflejos.com.ar\/2021\/wp-content\/uploads\/2019\/11\/Alerta-Mete.png\",\"width\":877,\"height\":395},{\"@type\":\"BreadcrumbList\",\"@id\":\"https:\/\/www.noticiasradioreflejos.com.ar\/2021\/alerta-meteorologico-por-fuertes-vientos-4\/#breadcrumb\",\"itemListElement\":[{\"@type\":\"ListItem\",\"position\":1,\"name\":\"Portada\",\"item\":\"https:\/\/www.noticiasradioreflejos.com.ar\/2021\/\"},{\"@type\":\"ListItem\",\"position\":2,\"name\":\"Alerta meteorol\u00f3gico por fuertes vientos.\"}]},{\"@type\":\"WebSite\",\"@id\":\"https:\/\/www.noticiasradioreflejos.com.ar\/2021\/#website\",\"url\":\"https:\/\/www.noticiasradioreflejos.com.ar\/2021\/\",\"name\":\"Noticias Radio Reflejos\",\"description\":\"Las noticias de mi comarca\",\"potentialAction\":[{\"@type\":\"SearchAction\",\"target\":{\"@type\":\"EntryPoint\",\"urlTemplate\":\"https:\/\/www.noticiasradioreflejos.com.ar\/2021\/?s={search_term_string}\"},\"query-input\":{\"@type\":\"PropertyValueSpecification\",\"valueRequired\":true,\"valueName\":\"search_term_string\"}}],\"inLanguage\":\"es\"},{\"@type\":\"Person\",\"@id\":\"https:\/\/www.noticiasradioreflejos.com.ar\/2021\/#\/schema\/person\/ad82545263dcc5ec0996818884fd5fb1\",\"name\":\"Arnaldo Botto\",\"image\":{\"@type\":\"ImageObject\",\"inLanguage\":\"es\",\"@id\":\"https:\/\/www.noticiasradioreflejos.com.ar\/2021\/#\/schema\/person\/image\/\",\"url\":\"https:\/\/secure.gravatar.com\/avatar\/55cb5e37c1efa326397366e6974cb338056df65cb50e7d64d1cf314e87504837?s=96&d=mm&r=g\",\"contentUrl\":\"https:\/\/secure.gravatar.com\/avatar\/55cb5e37c1efa326397366e6974cb338056df65cb50e7d64d1cf314e87504837?s=96&d=mm&r=g\",\"caption\":\"Arnaldo Botto\"},\"url\":\"https:\/\/www.noticiasradioreflejos.com.ar\/2021\/author\/arnaldo\/\"}]}<\/script>\n<!-- \/ Yoast SEO plugin. -->","yoast_head_json":{"title":"Alerta meteorol\u00f3gico por fuertes vientos. - Noticias Radio Reflejos","robots":{"index":"index","follow":"follow","max-snippet":"max-snippet:-1","max-image-preview":"max-image-preview:large","max-video-preview":"max-video-preview:-1"},"canonical":"https:\/\/www.noticiasradioreflejos.com.ar\/2021\/alerta-meteorologico-por-fuertes-vientos-4\/","og_locale":"es_ES","og_type":"article","og_title":"Alerta meteorol\u00f3gico por fuertes vientos. - Noticias Radio Reflejos","og_description":"Viernes ventoso, en la tarde comienza a entrar un frente frio de origen polar a 1500 mts de altura.","og_url":"https:\/\/www.noticiasradioreflejos.com.ar\/2021\/alerta-meteorologico-por-fuertes-vientos-4\/","og_site_name":"Noticias Radio Reflejos","article_published_time":"2022-10-07T16:56:38+00:00","article_modified_time":"2022-10-11T12:31:01+00:00","og_image":[{"width":877,"height":395,"url":"https:\/\/www.noticiasradioreflejos.com.ar\/2021\/wp-content\/uploads\/2019\/11\/Alerta-Mete.png","type":"image\/png"}],"author":"Arnaldo Botto","twitter_card":"summary_large_image","schema":{"@context":"https:\/\/schema.org","@graph":[{"@type":"WebPage","@id":"https:\/\/www.noticiasradioreflejos.com.ar\/2021\/alerta-meteorologico-por-fuertes-vientos-4\/","url":"https:\/\/www.noticiasradioreflejos.com.ar\/2021\/alerta-meteorologico-por-fuertes-vientos-4\/","name":"Alerta meteorol\u00f3gico por fuertes vientos. - Noticias Radio Reflejos","isPartOf":{"@id":"https:\/\/www.noticiasradioreflejos.com.ar\/2021\/#website"},"primaryImageOfPage":{"@id":"https:\/\/www.noticiasradioreflejos.com.ar\/2021\/alerta-meteorologico-por-fuertes-vientos-4\/#primaryimage"},"image":{"@id":"https:\/\/www.noticiasradioreflejos.com.ar\/2021\/alerta-meteorologico-por-fuertes-vientos-4\/#primaryimage"},"thumbnailUrl":"https:\/\/www.noticiasradioreflejos.com.ar\/2021\/wp-content\/uploads\/2019\/11\/Alerta-Mete.png","datePublished":"2022-10-07T16:56:38+00:00","dateModified":"2022-10-11T12:31:01+00:00","author":{"@id":"https:\/\/www.noticiasradioreflejos.com.ar\/2021\/#\/schema\/person\/ad82545263dcc5ec0996818884fd5fb1"},"breadcrumb":{"@id":"https:\/\/www.noticiasradioreflejos.com.ar\/2021\/alerta-meteorologico-por-fuertes-vientos-4\/#breadcrumb"},"inLanguage":"es","potentialAction":[{"@type":"ReadAction","target":["https:\/\/www.noticiasradioreflejos.com.ar\/2021\/alerta-meteorologico-por-fuertes-vientos-4\/"]}]},{"@type":"ImageObject","inLanguage":"es","@id":"https:\/\/www.noticiasradioreflejos.com.ar\/2021\/alerta-meteorologico-por-fuertes-vientos-4\/#primaryimage","url":"https:\/\/www.noticiasradioreflejos.com.ar\/2021\/wp-content\/uploads\/2019\/11\/Alerta-Mete.png","contentUrl":"https:\/\/www.noticiasradioreflejos.com.ar\/2021\/wp-content\/uploads\/2019\/11\/Alerta-Mete.png","width":877,"height":395},{"@type":"BreadcrumbList","@id":"https:\/\/www.noticiasradioreflejos.com.ar\/2021\/alerta-meteorologico-por-fuertes-vientos-4\/#breadcrumb","itemListElement":[{"@type":"ListItem","position":1,"name":"Portada","item":"https:\/\/www.noticiasradioreflejos.com.ar\/2021\/"},{"@type":"ListItem","position":2,"name":"Alerta meteorol\u00f3gico por fuertes vientos."}]},{"@type":"WebSite","@id":"https:\/\/www.noticiasradioreflejos.com.ar\/2021\/#website","url":"https:\/\/www.noticiasradioreflejos.com.ar\/2021\/","name":"Noticias Radio Reflejos","description":"Las noticias de mi comarca","potentialAction":[{"@type":"SearchAction","target":{"@type":"EntryPoint","urlTemplate":"https:\/\/www.noticiasradioreflejos.com.ar\/2021\/?s={search_term_string}"},"query-input":{"@type":"PropertyValueSpecification","valueRequired":true,"valueName":"search_term_string"}}],"inLanguage":"es"},{"@type":"Person","@id":"https:\/\/www.noticiasradioreflejos.com.ar\/2021\/#\/schema\/person\/ad82545263dcc5ec0996818884fd5fb1","name":"Arnaldo Botto","image":{"@type":"ImageObject","inLanguage":"es","@id":"https:\/\/www.noticiasradioreflejos.com.ar\/2021\/#\/schema\/person\/image\/","url":"https:\/\/secure.gravatar.com\/avatar\/55cb5e37c1efa326397366e6974cb338056df65cb50e7d64d1cf314e87504837?s=96&d=mm&r=g","contentUrl":"https:\/\/secure.gravatar.com\/avatar\/55cb5e37c1efa326397366e6974cb338056df65cb50e7d64d1cf314e87504837?s=96&d=mm&r=g","caption":"Arnaldo Botto"},"url":"https:\/\/www.noticiasradioreflejos.com.ar\/2021\/author\/arnaldo\/"}]}},"_links":{"self":[{"href":"https:\/\/www.noticiasradioreflejos.com.ar\/2021\/wp-json\/wp\/v2\/posts\/78620","targetHints":{"allow":["GET"]}}],"collection":[{"href":"https:\/\/www.noticiasradioreflejos.com.ar\/2021\/wp-json\/wp\/v2\/posts"}],"about":[{"href":"https:\/\/www.noticiasradioreflejos.com.ar\/2021\/wp-json\/wp\/v2\/types\/post"}],"author":[{"embeddable":true,"href":"https:\/\/www.noticiasradioreflejos.com.ar\/2021\/wp-json\/wp\/v2\/users\/3"}],"replies":[{"embeddable":true,"href":"https:\/\/www.noticiasradioreflejos.com.ar\/2021\/wp-json\/wp\/v2\/comments?post=78620"}],"version-history":[{"count":3,"href":"https:\/\/www.noticiasradioreflejos.com.ar\/2021\/wp-json\/wp\/v2\/posts\/78620\/revisions"}],"predecessor-version":[{"id":78631,"href":"https:\/\/www.noticiasradioreflejos.com.ar\/2021\/wp-json\/wp\/v2\/posts\/78620\/revisions\/78631"}],"wp:featuredmedia":[{"embeddable":true,"href":"https:\/\/www.noticiasradioreflejos.com.ar\/2021\/wp-json\/wp\/v2\/media\/36042"}],"wp:attachment":[{"href":"https:\/\/www.noticiasradioreflejos.com.ar\/2021\/wp-json\/wp\/v2\/media?parent=78620"}],"wp:term":[{"taxonomy":"category","embeddable":true,"href":"https:\/\/www.noticiasradioreflejos.com.ar\/2021\/wp-json\/wp\/v2\/categories?post=78620"},{"taxonomy":"post_tag","embeddable":true,"href":"https:\/\/www.noticiasradioreflejos.com.ar\/2021\/wp-json\/wp\/v2\/tags?post=78620"}],"curies":[{"name":"wp","href":"https:\/\/api.w.org\/{rel}","templated":true}]}}