{"id":78559,"date":"2022-10-06T11:02:40","date_gmt":"2022-10-06T11:02:40","guid":{"rendered":"http:\/\/www.noticiasradioreflejos.com.ar\/2021\/?p=78559"},"modified":"2022-10-06T11:02:40","modified_gmt":"2022-10-06T11:02:40","slug":"fin-de-semana-largo-por-que-viernes-y-lunes-son-feriados","status":"publish","type":"post","link":"https:\/\/www.noticiasradioreflejos.com.ar\/2021\/fin-de-semana-largo-por-que-viernes-y-lunes-son-feriados\/","title":{"rendered":"Fin de semana largo: por qu\u00e9 viernes y lunes son feriados"},"content":{"rendered":"<header id=\"mvp-post-head\" class=\"left relative\">Octubre trae un fin de semana largo de cuatro d\u00edas en el que los trabajadores sumar\u00e1n dos jornadas de descanso para el \u00faltimo trimestre del a\u00f1o.<\/p>\n<\/header>\n<p><!--more--><\/p>\n<div class=\"mvp-post-main-out left relative\">\n<div class=\"mvp-post-main-in\">\n<div id=\"mvp-post-content\" class=\"left relative\">\n<div id=\"mvp-content-wrap\" class=\"left relative\">\n<div class=\"mvp-post-soc-out right relative\">\n<div class=\"mvp-post-soc-in\">\n<div id=\"mvp-content-body\" class=\"left relative\">\n<div id=\"mvp-content-body-top\" class=\"left relative\">\n<div id=\"mvp-content-main\" class=\"left relative\">\n<div id=\"textbody\">\n<p>Con el fin de potenciar el turismo,\u00a0Alberto Fern\u00e1ndez\u00a0estableci\u00f3 que el\u00a0feriado\u00a0del 12 de octubre, fecha en que se conmemora el\u00a0D\u00eda del Respeto a la Diversidad\u00a0Cultural, ser\u00e1 trasladado, por lo que se agregar\u00e1 una fecha de descanso adicional.<\/p>\n<div id=\"itb_mobile_intext_div\">\n<div><\/div>\n<\/div>\n<p>Esta propuesta es la oportunidad perfecta para descansar viendo una\u00a0pel\u00edcula\u00a0desde la comodidad de tu casa o haciendo esa\u00a0escapada\u00a0por Argentina.<\/p>\n<p><strong>OCTUBRE: \u00bfC\u00d3MO SER\u00c1 EL PR\u00d3XIMO FERIADO LARGO?<\/strong><\/p>\n<p>El pr\u00f3ximo feriado nacional es el 12 de octubre por el\u00a0D\u00eda del Respeto a la Diversidad Cultural. Esta fecha la traslad\u00f3 el Gobierno nacional al lunes 10 y le sum\u00f3 el viernes 7 para convertirlo en\u00a0feriado puente con fines tur\u00edsticos. De esta forma, el fin de semana largo queda conformado por el viernes, s\u00e1bado, domingo y lunes.<\/p>\n<p><strong>\u00bfC\u00d3MO SE PAGAN LOS FERIADOS TRABAJADOS EN ARGENTINA?<\/strong><\/p>\n<p>A pesar de ser feriado, ciertas personas deber\u00e1n continuar con sus jornadas laborales.<\/p>\n<p>Es fundamental diferenciar los d\u00edas feriados de los d\u00edas no laborales.\u00a0Los feriados deben otorgarse obligatoriamente a los\u00a0empleados. En cambio, los d\u00edas no laborales son establecidos por los empleadores, salvo \u201cbancos, seguros y actividades a fines\u201d, tal cual indica la normativa.<\/p>\n<p>La\u00a0Ley de Contrato de Trabajo, en su art\u00edculo 166, indica que los d\u00edas feriados trabajados deben cargarse como una jornada adicional. Por ende,\u00a0se deber\u00e1 cobrar la remuneraci\u00f3n normal de una jornada laboral m\u00e1s un monto de igual cantidad. Por eso se dice que\u00a0los feriados se pagan doble.<\/p>\n<p>En cambio, en el caso de los d\u00edas no laborales, el empleado recibir\u00e1 su salario simple.<\/p>\n<p>La\u00a0Ley N\u00b0 27.399\u00a0aclara que los\u00a0fines de semana con fines tur\u00edsticos\u00a0se justifican como d\u00edas no laborables.\u00a0En base a esto,\u00a0quienes trabajen el 8 de octubre cobrar\u00e1n sus haberes de forma normal. Mientras que, quienes tengan que cumplir funciones tanto\u00a0el viernes 7, como el lunes 11 cobrar\u00e1n doble jornada por ser ambos feriado nacional.<\/p>\n<p><strong>NOVIEMBRE Y DICIEMBRE: \u00bfC\u00daALES SON LOS FERIADOS PROGRAMADOS?<\/strong><\/p>\n<p>Despu\u00e9s del feriado extenso de octubre, el pr\u00f3ximo ser\u00e1 el domingo 20 de noviembre, que se celebra el\u00a0D\u00eda de la Soberan\u00eda Nacional.\u00a0A esta fecha se le sumar\u00e1 el lunes 21 con fines tur\u00edsticos.<\/p>\n<p>Los \u00faltimos descansos del a\u00f1o programados ser\u00e1n el jueves 8 de diciembre por\u00a0D\u00eda de la Inmaculada Concepci\u00f3n de Mar\u00eda, el viernes 9 con fines tur\u00edsticos y, finalmente, el 25 de diciembre, fecha en que se celebra\u00a0Navidad.<\/p>\n<p><strong>EL CALENDARIO DE FERIADOS 2022<\/strong><\/p>\n<p>-7 de octubre:\u00a0feriado con fines tur\u00edsticos<\/p>\n<p>-10 de octubre: D\u00eda del Respeto a la Diversidad Cultural, se pasa del 12 al lunes 10 y ser\u00e1 fin de semana largo.<\/p>\n<p>-20 de noviembre: D\u00eda de la Soberan\u00eda Nacional.<\/p>\n<p>-21 de noviembre:\u00a0feriado con fines tur\u00edsticos, ser\u00e1 fin de semana largo desde el s\u00e1bado 19.<\/p>\n<p>-8 de diciembre: Inmaculada Concepci\u00f3n de Mar\u00eda.<\/p>\n<p>-9 de diciembre:\u00a0feriado con fines tur\u00edsticos.<\/p>\n<p>-25 de diciembre: Navidad.<\/p>\n<p>Fuente: El Cronista<\/p>\n<\/div>\n<\/div>\n<\/div>\n<\/div>\n<\/div>\n<\/div>\n<\/div>\n<\/div>\n<\/div>\n<\/div>\n","protected":false},"excerpt":{"rendered":"<p>Octubre trae un fin de semana largo de cuatro d\u00edas en el que los trabajadores sumar\u00e1n dos jornadas de descanso para el \u00faltimo trimestre del a\u00f1o.<\/p>\n","protected":false},"author":3,"featured_media":0,"comment_status":"closed","ping_status":"closed","sticky":false,"template":"","format":"standard","meta":{"footnotes":""},"categories":[26],"tags":[],"class_list":["post-78559","post","type-post","status-publish","format-standard","hentry","category-sociedad"],"yoast_head":"<!-- This site is optimized with the Yoast SEO plugin v25.9 - https:\/\/yoast.com\/wordpress\/plugins\/seo\/ -->\n<title>Fin de semana largo: por qu\u00e9 viernes y lunes son feriados - Noticias Radio Reflejos<\/title>\n<meta name=\"robots\" content=\"index, follow, max-snippet:-1, max-image-preview:large, max-video-preview:-1\" \/>\n<link rel=\"canonical\" href=\"https:\/\/www.noticiasradioreflejos.com.ar\/2021\/fin-de-semana-largo-por-que-viernes-y-lunes-son-feriados\/\" \/>\n<meta property=\"og:locale\" content=\"es_ES\" \/>\n<meta property=\"og:type\" content=\"article\" \/>\n<meta property=\"og:title\" content=\"Fin de semana largo: por qu\u00e9 viernes y lunes son feriados - Noticias Radio Reflejos\" \/>\n<meta property=\"og:description\" content=\"Octubre trae un fin de semana largo de cuatro d\u00edas en el que los trabajadores sumar\u00e1n dos jornadas de descanso para el \u00faltimo trimestre del a\u00f1o.\" \/>\n<meta property=\"og:url\" content=\"https:\/\/www.noticiasradioreflejos.com.ar\/2021\/fin-de-semana-largo-por-que-viernes-y-lunes-son-feriados\/\" \/>\n<meta property=\"og:site_name\" content=\"Noticias Radio Reflejos\" \/>\n<meta property=\"article:published_time\" content=\"2022-10-06T11:02:40+00:00\" \/>\n<meta property=\"og:image\" content=\"https:\/\/www.noticiasradioreflejos.com.ar\/2021\/wp-content\/uploads\/2021\/07\/logosol300x200.png\" \/>\n\t<meta property=\"og:image:width\" content=\"300\" \/>\n\t<meta property=\"og:image:height\" content=\"200\" \/>\n\t<meta property=\"og:image:type\" content=\"image\/png\" \/>\n<meta name=\"author\" content=\"Arnaldo Botto\" \/>\n<meta name=\"twitter:card\" content=\"summary_large_image\" \/>\n<script type=\"application\/ld+json\" class=\"yoast-schema-graph\">{\"@context\":\"https:\/\/schema.org\",\"@graph\":[{\"@type\":\"WebPage\",\"@id\":\"https:\/\/www.noticiasradioreflejos.com.ar\/2021\/fin-de-semana-largo-por-que-viernes-y-lunes-son-feriados\/\",\"url\":\"https:\/\/www.noticiasradioreflejos.com.ar\/2021\/fin-de-semana-largo-por-que-viernes-y-lunes-son-feriados\/\",\"name\":\"Fin de semana largo: por qu\u00e9 viernes y lunes son feriados - Noticias Radio Reflejos\",\"isPartOf\":{\"@id\":\"https:\/\/www.noticiasradioreflejos.com.ar\/2021\/#website\"},\"datePublished\":\"2022-10-06T11:02:40+00:00\",\"author\":{\"@id\":\"https:\/\/www.noticiasradioreflejos.com.ar\/2021\/#\/schema\/person\/ad82545263dcc5ec0996818884fd5fb1\"},\"breadcrumb\":{\"@id\":\"https:\/\/www.noticiasradioreflejos.com.ar\/2021\/fin-de-semana-largo-por-que-viernes-y-lunes-son-feriados\/#breadcrumb\"},\"inLanguage\":\"es\",\"potentialAction\":[{\"@type\":\"ReadAction\",\"target\":[\"https:\/\/www.noticiasradioreflejos.com.ar\/2021\/fin-de-semana-largo-por-que-viernes-y-lunes-son-feriados\/\"]}]},{\"@type\":\"BreadcrumbList\",\"@id\":\"https:\/\/www.noticiasradioreflejos.com.ar\/2021\/fin-de-semana-largo-por-que-viernes-y-lunes-son-feriados\/#breadcrumb\",\"itemListElement\":[{\"@type\":\"ListItem\",\"position\":1,\"name\":\"Portada\",\"item\":\"https:\/\/www.noticiasradioreflejos.com.ar\/2021\/\"},{\"@type\":\"ListItem\",\"position\":2,\"name\":\"Fin de semana largo: por qu\u00e9 viernes y lunes son feriados\"}]},{\"@type\":\"WebSite\",\"@id\":\"https:\/\/www.noticiasradioreflejos.com.ar\/2021\/#website\",\"url\":\"https:\/\/www.noticiasradioreflejos.com.ar\/2021\/\",\"name\":\"Noticias Radio Reflejos\",\"description\":\"Las noticias de mi comarca\",\"potentialAction\":[{\"@type\":\"SearchAction\",\"target\":{\"@type\":\"EntryPoint\",\"urlTemplate\":\"https:\/\/www.noticiasradioreflejos.com.ar\/2021\/?s={search_term_string}\"},\"query-input\":{\"@type\":\"PropertyValueSpecification\",\"valueRequired\":true,\"valueName\":\"search_term_string\"}}],\"inLanguage\":\"es\"},{\"@type\":\"Person\",\"@id\":\"https:\/\/www.noticiasradioreflejos.com.ar\/2021\/#\/schema\/person\/ad82545263dcc5ec0996818884fd5fb1\",\"name\":\"Arnaldo Botto\",\"image\":{\"@type\":\"ImageObject\",\"inLanguage\":\"es\",\"@id\":\"https:\/\/www.noticiasradioreflejos.com.ar\/2021\/#\/schema\/person\/image\/\",\"url\":\"https:\/\/secure.gravatar.com\/avatar\/55cb5e37c1efa326397366e6974cb338056df65cb50e7d64d1cf314e87504837?s=96&d=mm&r=g\",\"contentUrl\":\"https:\/\/secure.gravatar.com\/avatar\/55cb5e37c1efa326397366e6974cb338056df65cb50e7d64d1cf314e87504837?s=96&d=mm&r=g\",\"caption\":\"Arnaldo Botto\"},\"url\":\"https:\/\/www.noticiasradioreflejos.com.ar\/2021\/author\/arnaldo\/\"}]}<\/script>\n<!-- \/ Yoast SEO plugin. -->","yoast_head_json":{"title":"Fin de semana largo: por qu\u00e9 viernes y lunes son feriados - Noticias Radio Reflejos","robots":{"index":"index","follow":"follow","max-snippet":"max-snippet:-1","max-image-preview":"max-image-preview:large","max-video-preview":"max-video-preview:-1"},"canonical":"https:\/\/www.noticiasradioreflejos.com.ar\/2021\/fin-de-semana-largo-por-que-viernes-y-lunes-son-feriados\/","og_locale":"es_ES","og_type":"article","og_title":"Fin de semana largo: por qu\u00e9 viernes y lunes son feriados - Noticias Radio Reflejos","og_description":"Octubre trae un fin de semana largo de cuatro d\u00edas en el que los trabajadores sumar\u00e1n dos jornadas de descanso para el \u00faltimo trimestre del a\u00f1o.","og_url":"https:\/\/www.noticiasradioreflejos.com.ar\/2021\/fin-de-semana-largo-por-que-viernes-y-lunes-son-feriados\/","og_site_name":"Noticias Radio Reflejos","article_published_time":"2022-10-06T11:02:40+00:00","og_image":[{"width":300,"height":200,"url":"https:\/\/www.noticiasradioreflejos.com.ar\/2021\/wp-content\/uploads\/2021\/07\/logosol300x200.png","type":"image\/png"}],"author":"Arnaldo Botto","twitter_card":"summary_large_image","schema":{"@context":"https:\/\/schema.org","@graph":[{"@type":"WebPage","@id":"https:\/\/www.noticiasradioreflejos.com.ar\/2021\/fin-de-semana-largo-por-que-viernes-y-lunes-son-feriados\/","url":"https:\/\/www.noticiasradioreflejos.com.ar\/2021\/fin-de-semana-largo-por-que-viernes-y-lunes-son-feriados\/","name":"Fin de semana largo: por qu\u00e9 viernes y lunes son feriados - Noticias Radio Reflejos","isPartOf":{"@id":"https:\/\/www.noticiasradioreflejos.com.ar\/2021\/#website"},"datePublished":"2022-10-06T11:02:40+00:00","author":{"@id":"https:\/\/www.noticiasradioreflejos.com.ar\/2021\/#\/schema\/person\/ad82545263dcc5ec0996818884fd5fb1"},"breadcrumb":{"@id":"https:\/\/www.noticiasradioreflejos.com.ar\/2021\/fin-de-semana-largo-por-que-viernes-y-lunes-son-feriados\/#breadcrumb"},"inLanguage":"es","potentialAction":[{"@type":"ReadAction","target":["https:\/\/www.noticiasradioreflejos.com.ar\/2021\/fin-de-semana-largo-por-que-viernes-y-lunes-son-feriados\/"]}]},{"@type":"BreadcrumbList","@id":"https:\/\/www.noticiasradioreflejos.com.ar\/2021\/fin-de-semana-largo-por-que-viernes-y-lunes-son-feriados\/#breadcrumb","itemListElement":[{"@type":"ListItem","position":1,"name":"Portada","item":"https:\/\/www.noticiasradioreflejos.com.ar\/2021\/"},{"@type":"ListItem","position":2,"name":"Fin de semana largo: por qu\u00e9 viernes y lunes son feriados"}]},{"@type":"WebSite","@id":"https:\/\/www.noticiasradioreflejos.com.ar\/2021\/#website","url":"https:\/\/www.noticiasradioreflejos.com.ar\/2021\/","name":"Noticias Radio Reflejos","description":"Las noticias de mi comarca","potentialAction":[{"@type":"SearchAction","target":{"@type":"EntryPoint","urlTemplate":"https:\/\/www.noticiasradioreflejos.com.ar\/2021\/?s={search_term_string}"},"query-input":{"@type":"PropertyValueSpecification","valueRequired":true,"valueName":"search_term_string"}}],"inLanguage":"es"},{"@type":"Person","@id":"https:\/\/www.noticiasradioreflejos.com.ar\/2021\/#\/schema\/person\/ad82545263dcc5ec0996818884fd5fb1","name":"Arnaldo Botto","image":{"@type":"ImageObject","inLanguage":"es","@id":"https:\/\/www.noticiasradioreflejos.com.ar\/2021\/#\/schema\/person\/image\/","url":"https:\/\/secure.gravatar.com\/avatar\/55cb5e37c1efa326397366e6974cb338056df65cb50e7d64d1cf314e87504837?s=96&d=mm&r=g","contentUrl":"https:\/\/secure.gravatar.com\/avatar\/55cb5e37c1efa326397366e6974cb338056df65cb50e7d64d1cf314e87504837?s=96&d=mm&r=g","caption":"Arnaldo Botto"},"url":"https:\/\/www.noticiasradioreflejos.com.ar\/2021\/author\/arnaldo\/"}]}},"_links":{"self":[{"href":"https:\/\/www.noticiasradioreflejos.com.ar\/2021\/wp-json\/wp\/v2\/posts\/78559","targetHints":{"allow":["GET"]}}],"collection":[{"href":"https:\/\/www.noticiasradioreflejos.com.ar\/2021\/wp-json\/wp\/v2\/posts"}],"about":[{"href":"https:\/\/www.noticiasradioreflejos.com.ar\/2021\/wp-json\/wp\/v2\/types\/post"}],"author":[{"embeddable":true,"href":"https:\/\/www.noticiasradioreflejos.com.ar\/2021\/wp-json\/wp\/v2\/users\/3"}],"replies":[{"embeddable":true,"href":"https:\/\/www.noticiasradioreflejos.com.ar\/2021\/wp-json\/wp\/v2\/comments?post=78559"}],"version-history":[{"count":1,"href":"https:\/\/www.noticiasradioreflejos.com.ar\/2021\/wp-json\/wp\/v2\/posts\/78559\/revisions"}],"predecessor-version":[{"id":78561,"href":"https:\/\/www.noticiasradioreflejos.com.ar\/2021\/wp-json\/wp\/v2\/posts\/78559\/revisions\/78561"}],"wp:attachment":[{"href":"https:\/\/www.noticiasradioreflejos.com.ar\/2021\/wp-json\/wp\/v2\/media?parent=78559"}],"wp:term":[{"taxonomy":"category","embeddable":true,"href":"https:\/\/www.noticiasradioreflejos.com.ar\/2021\/wp-json\/wp\/v2\/categories?post=78559"},{"taxonomy":"post_tag","embeddable":true,"href":"https:\/\/www.noticiasradioreflejos.com.ar\/2021\/wp-json\/wp\/v2\/tags?post=78559"}],"curies":[{"name":"wp","href":"https:\/\/api.w.org\/{rel}","templated":true}]}}